{"id":7403,"date":"2022-12-07T14:13:10","date_gmt":"2022-12-07T13:13:10","guid":{"rendered":"https:\/\/www.ladiagonale.net\/?p=7403"},"modified":"2022-12-07T14:13:34","modified_gmt":"2022-12-07T13:13:34","slug":"monaco-rodez-programme-le-7-janvier","status":"publish","type":"post","link":"https:\/\/www.ladiagonale.net\/index.php\/2022\/12\/07\/monaco-rodez-programme-le-7-janvier\/","title":{"rendered":"Monaco-Rodez programm\u00e9 le 7 janvier"},"content":{"rendered":"\n\n\n<p>La FFF a d\u00e9voil\u00e9 la programmation des 32<sup>es<\/sup> de finale de la Coupe de France ce mercredi. Monaco, qui recevra Rodez, actuel 18e de Ligue 2, jouera le samedi 7 janvier \u00e0 18h au stade Louis-II et la rencontre sera retransmise sur BeIN Sports, qui vient de remporter les droits de diffusion aux c\u00f4t\u00e9s de France T\u00e9l\u00e9visions (<a href=\"https:\/\/www.ladiagonale.net\/index.php\/2022\/12\/05\/bein-sports-diffusera-la-coupe-de-france-avec-france-televisions\/\">voir par ailleurs<\/a>).<\/p>\n\n\n\n<p>Cette rencontre des 32es de finale se jouera apr\u00e8s la 17e journ\u00e9e de Ligue 1, qui verra l&rsquo;ASM recevoir Brest le 1er janvier. Juste apr\u00e8s, le club de la Principaut\u00e9 encha\u00eenera par un d\u00e9placement \u00e0 Lorient en milieu de semaine \u00e0 l&rsquo;occasion de la 18e journ\u00e9e.<\/p>\n","protected":false},"excerpt":{"rendered":"<p>La FFF a d\u00e9voil\u00e9 la programmation des 32es de finale de la Coupe de France ce mercredi. Monaco, qui recevra Rodez, actuel 18e de Ligue 2, jouera le samedi 7 janvier \u00e0 18h au stade Louis-II et la rencontre sera retransmise sur BeIN Sports, qui vient de remporter les droits de diffusion aux c\u00f4t\u00e9s de [&#8230;]\n","protected":false},"author":2,"featured_media":0,"comment_status":"open","ping_status":"open","sticky":false,"template":"","format":"standard","meta":[],"categories":[6],"tags":[86,232,339],"yoast_head":"<!-- This site is optimized with the Yoast SEO plugin v19.8 - https:\/\/yoast.com\/wordpress\/plugins\/seo\/ -->\n<title>Monaco-Rodez programm\u00e9 le 7 janvier - La Diagonale<\/title>\n<meta name=\"robots\" content=\"index, follow, max-snippet:-1, max-image-preview:large, max-video-preview:-1\" \/>\n<link rel=\"canonical\" href=\"https:\/\/www.ladiagonale.net\/index.php\/2022\/12\/07\/monaco-rodez-programme-le-7-janvier\/\" \/>\n<meta property=\"og:locale\" content=\"fr_FR\" \/>\n<meta property=\"og:type\" content=\"article\" \/>\n<meta property=\"og:title\" content=\"Monaco-Rodez programm\u00e9 le 7 janvier - La Diagonale\" \/>\n<meta property=\"og:description\" content=\"La FFF a d\u00e9voil\u00e9 la programmation des 32es de finale de la Coupe de France ce mercredi. Monaco, qui recevra Rodez, actuel 18e de Ligue 2, jouera le samedi 7 janvier \u00e0 18h au stade Louis-II et la rencontre sera retransmise sur BeIN Sports, qui vient de remporter les droits de diffusion aux c\u00f4t\u00e9s de [...]\" \/>\n<meta property=\"og:url\" content=\"https:\/\/www.ladiagonale.net\/index.php\/2022\/12\/07\/monaco-rodez-programme-le-7-janvier\/\" \/>\n<meta property=\"og:site_name\" content=\"La Diagonale\" \/>\n<meta property=\"article:published_time\" content=\"2022-12-07T13:13:10+00:00\" \/>\n<meta property=\"article:modified_time\" content=\"2022-12-07T13:13:34+00:00\" \/>\n<meta property=\"og:image\" content=\"https:\/\/www.ladiagonale.net\/wp-content\/uploads\/2022\/12\/coupe-de-france.png\" \/>\n\t<meta property=\"og:image:width\" content=\"1160\" \/>\n\t<meta property=\"og:image:height\" content=\"650\" \/>\n\t<meta property=\"og:image:type\" content=\"image\/png\" \/>\n<meta name=\"author\" content=\"Damien Dellerba\" \/>\n<meta name=\"twitter:card\" content=\"summary_large_image\" \/>\n<meta name=\"twitter:image\" content=\"https:\/\/www.ladiagonale.net\/wp-content\/uploads\/2022\/12\/coupe-de-france.png\" \/>\n<meta name=\"twitter:label1\" content=\"\u00c9crit par\" \/>\n\t<meta name=\"twitter:data1\" content=\"Damien Dellerba\" \/>\n\t<meta name=\"twitter:label2\" content=\"Dur\u00e9e de lecture estim\u00e9e\" \/>\n\t<meta name=\"twitter:data2\" content=\"1 minute\" \/>\n<script type=\"application\/ld+json\" class=\"yoast-schema-graph\">{\"@context\":\"https:\/\/schema.org\",\"@graph\":[{\"@type\":\"WebPage\",\"@id\":\"https:\/\/www.ladiagonale.net\/index.php\/2022\/12\/07\/monaco-rodez-programme-le-7-janvier\/\",\"url\":\"https:\/\/www.ladiagonale.net\/index.php\/2022\/12\/07\/monaco-rodez-programme-le-7-janvier\/\",\"name\":\"Monaco-Rodez programm\u00e9 le 7 janvier - La Diagonale\",\"isPartOf\":{\"@id\":\"https:\/\/www.ladiagonale.net\/#website\"},\"datePublished\":\"2022-12-07T13:13:10+00:00\",\"dateModified\":\"2022-12-07T13:13:34+00:00\",\"author\":{\"@id\":\"https:\/\/www.ladiagonale.net\/#\/schema\/person\/79ff1e7b0853ed01b2aa26e64ad300bf\"},\"breadcrumb\":{\"@id\":\"https:\/\/www.ladiagonale.net\/index.php\/2022\/12\/07\/monaco-rodez-programme-le-7-janvier\/#breadcrumb\"},\"inLanguage\":\"fr-FR\",\"potentialAction\":[{\"@type\":\"ReadAction\",\"target\":[\"https:\/\/www.ladiagonale.net\/index.php\/2022\/12\/07\/monaco-rodez-programme-le-7-janvier\/\"]}]},{\"@type\":\"BreadcrumbList\",\"@id\":\"https:\/\/www.ladiagonale.net\/index.php\/2022\/12\/07\/monaco-rodez-programme-le-7-janvier\/#breadcrumb\",\"itemListElement\":[{\"@type\":\"ListItem\",\"position\":1,\"name\":\"Accueil\",\"item\":\"https:\/\/www.ladiagonale.net\/\"},{\"@type\":\"ListItem\",\"position\":2,\"name\":\"Monaco-Rodez programm\u00e9 le 7 janvier\"}]},{\"@type\":\"WebSite\",\"@id\":\"https:\/\/www.ladiagonale.net\/#website\",\"url\":\"https:\/\/www.ladiagonale.net\/\",\"name\":\"La Diagonale\",\"description\":\"Le site des supporters de l&#039;AS Monaco FC\",\"potentialAction\":[{\"@type\":\"SearchAction\",\"target\":{\"@type\":\"EntryPoint\",\"urlTemplate\":\"https:\/\/www.ladiagonale.net\/?s={search_term_string}\"},\"query-input\":\"required name=search_term_string\"}],\"inLanguage\":\"fr-FR\"},{\"@type\":\"Person\",\"@id\":\"https:\/\/www.ladiagonale.net\/#\/schema\/person\/79ff1e7b0853ed01b2aa26e64ad300bf\",\"name\":\"Damien Dellerba\",\"image\":{\"@type\":\"ImageObject\",\"inLanguage\":\"fr-FR\",\"@id\":\"https:\/\/www.ladiagonale.net\/#\/schema\/person\/image\/\",\"url\":\"https:\/\/secure.gravatar.com\/avatar\/c7850e06d3ff63cdbaee88b7fc16e2f0?s=96&d=mm&r=g\",\"contentUrl\":\"https:\/\/secure.gravatar.com\/avatar\/c7850e06d3ff63cdbaee88b7fc16e2f0?s=96&d=mm&r=g\",\"caption\":\"Damien Dellerba\"},\"url\":\"https:\/\/www.ladiagonale.net\/index.php\/author\/damien\/\"}]}<\/script>\n<!-- \/ Yoast SEO plugin. -->","yoast_head_json":{"title":"Monaco-Rodez programm\u00e9 le 7 janvier - La Diagonale","robots":{"index":"index","follow":"follow","max-snippet":"max-snippet:-1","max-image-preview":"max-image-preview:large","max-video-preview":"max-video-preview:-1"},"canonical":"https:\/\/www.ladiagonale.net\/index.php\/2022\/12\/07\/monaco-rodez-programme-le-7-janvier\/","og_locale":"fr_FR","og_type":"article","og_title":"Monaco-Rodez programm\u00e9 le 7 janvier - La Diagonale","og_description":"La FFF a d\u00e9voil\u00e9 la programmation des 32es de finale de la Coupe de France ce mercredi. Monaco, qui recevra Rodez, actuel 18e de Ligue 2, jouera le samedi 7 janvier \u00e0 18h au stade Louis-II et la rencontre sera retransmise sur BeIN Sports, qui vient de remporter les droits de diffusion aux c\u00f4t\u00e9s de [...]","og_url":"https:\/\/www.ladiagonale.net\/index.php\/2022\/12\/07\/monaco-rodez-programme-le-7-janvier\/","og_site_name":"La Diagonale","article_published_time":"2022-12-07T13:13:10+00:00","article_modified_time":"2022-12-07T13:13:34+00:00","og_image":[{"width":1160,"height":650,"url":"https:\/\/www.ladiagonale.net\/wp-content\/uploads\/2022\/12\/coupe-de-france.png","type":"image\/png"}],"author":"Damien Dellerba","twitter_card":"summary_large_image","twitter_image":"https:\/\/www.ladiagonale.net\/wp-content\/uploads\/2022\/12\/coupe-de-france.png","twitter_misc":{"\u00c9crit par":"Damien Dellerba","Dur\u00e9e de lecture estim\u00e9e":"1 minute"},"schema":{"@context":"https:\/\/schema.org","@graph":[{"@type":"WebPage","@id":"https:\/\/www.ladiagonale.net\/index.php\/2022\/12\/07\/monaco-rodez-programme-le-7-janvier\/","url":"https:\/\/www.ladiagonale.net\/index.php\/2022\/12\/07\/monaco-rodez-programme-le-7-janvier\/","name":"Monaco-Rodez programm\u00e9 le 7 janvier - La Diagonale","isPartOf":{"@id":"https:\/\/www.ladiagonale.net\/#website"},"datePublished":"2022-12-07T13:13:10+00:00","dateModified":"2022-12-07T13:13:34+00:00","author":{"@id":"https:\/\/www.ladiagonale.net\/#\/schema\/person\/79ff1e7b0853ed01b2aa26e64ad300bf"},"breadcrumb":{"@id":"https:\/\/www.ladiagonale.net\/index.php\/2022\/12\/07\/monaco-rodez-programme-le-7-janvier\/#breadcrumb"},"inLanguage":"fr-FR","potentialAction":[{"@type":"ReadAction","target":["https:\/\/www.ladiagonale.net\/index.php\/2022\/12\/07\/monaco-rodez-programme-le-7-janvier\/"]}]},{"@type":"BreadcrumbList","@id":"https:\/\/www.ladiagonale.net\/index.php\/2022\/12\/07\/monaco-rodez-programme-le-7-janvier\/#breadcrumb","itemListElement":[{"@type":"ListItem","position":1,"name":"Accueil","item":"https:\/\/www.ladiagonale.net\/"},{"@type":"ListItem","position":2,"name":"Monaco-Rodez programm\u00e9 le 7 janvier"}]},{"@type":"WebSite","@id":"https:\/\/www.ladiagonale.net\/#website","url":"https:\/\/www.ladiagonale.net\/","name":"La Diagonale","description":"Le site des supporters de l&#039;AS Monaco FC","potentialAction":[{"@type":"SearchAction","target":{"@type":"EntryPoint","urlTemplate":"https:\/\/www.ladiagonale.net\/?s={search_term_string}"},"query-input":"required name=search_term_string"}],"inLanguage":"fr-FR"},{"@type":"Person","@id":"https:\/\/www.ladiagonale.net\/#\/schema\/person\/79ff1e7b0853ed01b2aa26e64ad300bf","name":"Damien Dellerba","image":{"@type":"ImageObject","inLanguage":"fr-FR","@id":"https:\/\/www.ladiagonale.net\/#\/schema\/person\/image\/","url":"https:\/\/secure.gravatar.com\/avatar\/c7850e06d3ff63cdbaee88b7fc16e2f0?s=96&d=mm&r=g","contentUrl":"https:\/\/secure.gravatar.com\/avatar\/c7850e06d3ff63cdbaee88b7fc16e2f0?s=96&d=mm&r=g","caption":"Damien Dellerba"},"url":"https:\/\/www.ladiagonale.net\/index.php\/author\/damien\/"}]}},"_links":{"self":[{"href":"https:\/\/www.ladiagonale.net\/index.php\/wp-json\/wp\/v2\/posts\/7403"}],"collection":[{"href":"https:\/\/www.ladiagonale.net\/index.php\/wp-json\/wp\/v2\/posts"}],"about":[{"href":"https:\/\/www.ladiagonale.net\/index.php\/wp-json\/wp\/v2\/types\/post"}],"author":[{"embeddable":true,"href":"https:\/\/www.ladiagonale.net\/index.php\/wp-json\/wp\/v2\/users\/2"}],"replies":[{"embeddable":true,"href":"https:\/\/www.ladiagonale.net\/index.php\/wp-json\/wp\/v2\/comments?post=7403"}],"version-history":[{"count":1,"href":"https:\/\/www.ladiagonale.net\/index.php\/wp-json\/wp\/v2\/posts\/7403\/revisions"}],"predecessor-version":[{"id":7404,"href":"https:\/\/www.ladiagonale.net\/index.php\/wp-json\/wp\/v2\/posts\/7403\/revisions\/7404"}],"wp:attachment":[{"href":"https:\/\/www.ladiagonale.net\/index.php\/wp-json\/wp\/v2\/media?parent=7403"}],"wp:term":[{"taxonomy":"category","embeddable":true,"href":"https:\/\/www.ladiagonale.net\/index.php\/wp-json\/wp\/v2\/categories?post=7403"},{"taxonomy":"post_tag","embeddable":true,"href":"https:\/\/www.ladiagonale.net\/index.php\/wp-json\/wp\/v2\/tags?post=7403"}],"curies":[{"name":"wp","href":"https:\/\/api.w.org\/{rel}","templated":true}]}}