{"id":7411,"date":"2022-12-10T12:55:24","date_gmt":"2022-12-10T11:55:24","guid":{"rendered":"https:\/\/www.ladiagonale.net\/?p=7411"},"modified":"2022-12-12T15:09:11","modified_gmt":"2022-12-12T14:09:11","slug":"top-30-des-monegasques-en-coupe-du-monde-30-a-21","status":"publish","type":"post","link":"https:\/\/www.ladiagonale.net\/index.php\/2022\/12\/10\/top-30-des-monegasques-en-coupe-du-monde-30-a-21\/","title":{"rendered":"Top 30 des Mon\u00e9gasques en Coupe du monde (30 \u00e0 21)"},"content":{"rendered":"\n\n\n<p><strong>Six joueurs de l&rsquo;AS Monaco ont \u00e9t\u00e9 appel\u00e9s pour prendre part \u00e0 la Coupe du monde au Qatar en 2022. Avant eux, ils sont 40 joueurs \u00e0 avoir disput\u00e9 la plus grande comp\u00e9tition internationale au moment de leur passage en Principaut\u00e9. Premi\u00e8re partie de ce Top 30, qui va d\u00e9croissant, de la 30<sup>e<\/sup> \u00e0 la 21<sup>e<\/sup> place.<\/strong><\/p>\n\n\n\n<h3>#30 Souleymane Camara (\ud83c\uddf8\ud83c\uddf3 &#8211; Coupe du monde 2002)<\/h3>\n\n\n\n<div class=\"wp-block-media-text alignwide is-stacked-on-mobile\" style=\"grid-template-columns:25% auto\"><figure class=\"wp-block-media-text__media\"><img loading=\"lazy\" width=\"310\" height=\"465\" src=\"https:\/\/www.ladiagonale.net\/wp-content\/uploads\/2022\/12\/Camara.png\" alt=\"\" class=\"wp-image-7450 size-full\"\/><\/figure><div class=\"wp-block-media-text__content\">\n<p style=\"font-size:16px\">Rempla\u00e7ant \u00e0 Monaco, Souleymane Camara n&rsquo;a pas eu un destin diff\u00e9rent avec le S\u00e9n\u00e9gal. En 2002, les <em>Lions de la Teranga<\/em> font sensation en battant la France, champion sortant, lors du match d&rsquo;ouverture et se hissent jusqu&rsquo;en quarts de finale. Une aventure \u00e0 laquelle Camara ne participera qu&rsquo;avec parcimonie. 38 minutes de jeu contre le Danemark lors du second match de poule. Entr\u00e9 \u00e0 la pause, il sera remplac\u00e9 \u00e0 la 83<sup>e<\/sup> minute. S\u00e9v\u00e8re.<\/p>\n\n\n\n<p style=\"font-size:16px\">Son bilan : 1 match<\/p>\n<\/div><\/div>\n\n\n\n<div style=\"height:30px\" aria-hidden=\"true\" class=\"wp-block-spacer\"><\/div>\n\n\n\n<h3>#29 et #28 Christian Dalger et Jean Petit (\ud83c\uddeb\ud83c\uddf7 &#8211; Coupe du monde 1978)<\/h3>\n\n\n\n<div class=\"wp-block-media-text alignwide is-stacked-on-mobile\" style=\"grid-template-columns:25% auto\"><figure class=\"wp-block-media-text__media\"><img loading=\"lazy\" width=\"310\" height=\"465\" src=\"https:\/\/www.ladiagonale.net\/wp-content\/uploads\/2022\/12\/Dalger.png\" alt=\"\" class=\"wp-image-7460 size-full\"\/><\/figure><div class=\"wp-block-media-text__content\">\n<p style=\"font-size:16px\">Christian Dalger aura le privil\u00e8ge de disputer la toute premi\u00e8re rencontre de l&rsquo;\u00e9quipe de France au mondial argentin de 1978. Face \u00e0 l&rsquo;Italie, les tricolores s&rsquo;inclinent (2-1), malgr\u00e9 un but de Bernard Lacombe \u00e0 la 1<sup>re<\/sup> minute. Dalger est tr\u00e8s discret dans cette rencontre, hormis une frappe qui s&rsquo;envole tr\u00e8s haut dans le ciel. On ne le verra plus dans ce tournoi o\u00f9 la France rentrera vite au pays. <\/p>\n\n\n\n<p style=\"font-size:16px\">Son bilan : 1 match<\/p>\n<\/div><\/div>\n\n\n\n<div style=\"height:30px\" aria-hidden=\"true\" class=\"wp-block-spacer\"><\/div>\n\n\n\n<div class=\"wp-block-media-text alignwide is-stacked-on-mobile\" style=\"grid-template-columns:25% auto\"><figure class=\"wp-block-media-text__media\"><img loading=\"lazy\" width=\"310\" height=\"465\" src=\"https:\/\/www.ladiagonale.net\/wp-content\/uploads\/2022\/12\/J.-Petit.png\" alt=\"\" class=\"wp-image-7451 size-full\"\/><\/figure><div class=\"wp-block-media-text__content\">\n<p style=\"font-size:16px\">Jean Petit va disputer son seul match de Coupe du monde dans un maillot incongru, pr\u00eat\u00e9 par le Club Atl\u00e9tico Kimberley, un club de p\u00eacheurs de Mar del Plata. Pour cette troisi\u00e8me rencontre de groupe, la France est d\u00e9j\u00e0 \u00e9limin\u00e9e, apr\u00e8s deux d\u00e9faites mais les Bleus sauveront l&rsquo;honneur avec une victoire contre la Hongrie (3-1). \u00ab\u00a0Jeannot\u00a0\u00bb s&rsquo;\u00e9tait vu confier une autre mission : convaincre son copain de chambr\u00e9e, Michel Platini, de rejoindre Monaco. Rat\u00e9, comme le Mondial des Bleus.<\/p>\n\n\n\n<p style=\"font-size:16px\">Son bilan : 1 match<\/p>\n<\/div><\/div>\n\n\n\n<div style=\"height:30px\" aria-hidden=\"true\" class=\"wp-block-spacer\"><\/div>\n\n\n\n<h3>#27 Marcel Artelesa (\ud83c\uddeb\ud83c\uddf7 &#8211; Coupe du monde 1966)<\/h3>\n\n\n\n<div class=\"wp-block-media-text alignwide is-stacked-on-mobile\" style=\"grid-template-columns:25% auto\"><figure class=\"wp-block-media-text__media\"><img loading=\"lazy\" width=\"310\" height=\"465\" src=\"https:\/\/www.ladiagonale.net\/wp-content\/uploads\/2022\/12\/Artelesa-1.png\" alt=\"\" class=\"wp-image-7454 size-full\"\/><\/figure><div class=\"wp-block-media-text__content\">\n<p style=\"font-size:16px\">C&rsquo;est en tant que capitaine de l&rsquo;\u00e9quipe de France que Marcel Artelesa va prendre part \u00e0 la Coupe du monde anglaise de 1966. Les Fran\u00e7ais, absents de l&rsquo;\u00e9dition pr\u00e9c\u00e9dente, esp\u00e8rent bien figurer mais vont vite se prendre les pieds dans le tapis. Apr\u00e8s un nul encourageant contre le Mexique (1-1) pour d\u00e9buter la comp\u00e9tition, o\u00f9 Artelesa sera l&rsquo;un des meilleurs, les Bleus, d\u00e9ficients sur le plan physique, encha\u00eeneront deux d\u00e9faites contre l&rsquo;Uruguay (2-1) et l&rsquo;Angleterre (2-0), futur vainqueur de la comp\u00e9tition. <\/p>\n\n\n\n<p style=\"font-size:16px\">Son bilan : 3 matchs<\/p>\n<\/div><\/div>\n\n\n\n<div style=\"height:30px\" aria-hidden=\"true\" class=\"wp-block-spacer\"><\/div>\n\n\n\n<h3>#26 John Collins (\ud83c\udff4\udb40\udc67\udb40\udc62\udb40\udc73\udb40\udc63\udb40\udc74\udb40\udc7f &#8211; Coupe du monde 1998) <\/h3>\n\n\n\n<div class=\"wp-block-media-text alignwide is-stacked-on-mobile\" style=\"grid-template-columns:25% auto\"><figure class=\"wp-block-media-text__media\"><img loading=\"lazy\" width=\"310\" height=\"465\" src=\"https:\/\/www.ladiagonale.net\/wp-content\/uploads\/2022\/12\/Collins.png\" alt=\"\" class=\"wp-image-7455 size-full\"\/><\/figure><div class=\"wp-block-media-text__content\">\n<p style=\"font-size:16px\">La Coupe du monde 1998 a d\u00e9but\u00e9 par un match Br\u00e9sil-\u00c9cosse. Face \u00e0 Ronaldo, Rivaldo, et autres monstres de l&rsquo;\u00e9poque, la nation britannique ne p\u00e8se pas bien lourd mais va montrer du caract\u00e8re dans la d\u00e9faite (2-1). Le but \u00e9cossais sera inscrit sur p\u00e9nalty par John Collins, le Mon\u00e9gasque. Collins et ses co\u00e9quipiers accrocheront un nul au match suivant contre la Norv\u00e8ge (1-1) avant de se faire corriger par le Maroc (3-0). Trois rencontres disput\u00e9es pleinement par le joueur As\u00e9miste.<\/p>\n\n\n\n<p style=\"font-size:16px\">Son bilan : 3 matchs, 1 but<\/p>\n<\/div><\/div>\n\n\n\n<div style=\"height:30px\" aria-hidden=\"true\" class=\"wp-block-spacer\"><\/div>\n\n\n\n<h3>#25 Joao Moutinho (\ud83c\uddf5\ud83c\uddf9 Coupes du monde 2014 et 2018)<\/h3>\n\n\n\n<div class=\"wp-block-media-text alignwide is-stacked-on-mobile\" style=\"grid-template-columns:25% auto\"><figure class=\"wp-block-media-text__media\"><img loading=\"lazy\" width=\"310\" height=\"465\" src=\"https:\/\/www.ladiagonale.net\/wp-content\/uploads\/2022\/12\/Moutinho.png\" alt=\"\" class=\"wp-image-7453 size-full\"\/><\/figure><div class=\"wp-block-media-text__content\">\n<p style=\"font-size:16px\">\u00c0 la surprise g\u00e9n\u00e9rale, Joao Moutinho n&rsquo;a pas \u00e9t\u00e9 convoqu\u00e9 par Fernando Santos pour se rendre au Qatar cette ann\u00e9e, ce qui fait qu&rsquo;il aura particip\u00e9 \u00e0 ses deux Coupes du monde en tant que joueur de l&rsquo;AS Monaco, en 2014 et 2018. Deux \u00e9ditions franchement rat\u00e9es pour les Portugais, qui sautent d\u00e8s les poules en 2014 et qui ne font pas mieux qu&rsquo;un huiti\u00e8me de finale quatre plus tard. Un match que Moutinho n&rsquo;a d&rsquo;ailleurs pas jou\u00e9, face \u00e0 l&rsquo;Uruguay (<em>d\u00e9faite 2-1<\/em>).<\/p>\n\n\n\n<p style=\"font-size:16px\">Son bilan : 5 matchs, 1 passe d\u00e9cisive<\/p>\n<\/div><\/div>\n\n\n\n<div style=\"height:30px\" aria-hidden=\"true\" class=\"wp-block-spacer\"><\/div>\n\n\n\n<h3>#24 Victor Ikpeba (\ud83c\uddf3\ud83c\uddec &#8211; Coupes du monde 1994 et 1998)<\/h3>\n\n\n\n<div class=\"wp-block-media-text alignwide is-stacked-on-mobile\" style=\"grid-template-columns:25% auto\"><figure class=\"wp-block-media-text__media\"><img loading=\"lazy\" width=\"310\" height=\"465\" src=\"https:\/\/www.ladiagonale.net\/wp-content\/uploads\/2022\/12\/Ikpeba.png\" alt=\"\" class=\"wp-image-7456 size-full\"\/><\/figure><div class=\"wp-block-media-text__content\">\n<p style=\"font-size:16px\">La Coupe du monde 1994 est \u00e0 oublier pour Victor Ikpeba puisqu&rsquo;il ne dispute aucun match et le Nigeria est \u00e9limin\u00e9 d\u00e8s la phase de poules. En revanche, il jouera celle de 1998 en tant que titulaire. La s\u00e9lection africaine surprendra l&rsquo;Espagne pour son premier match (3-2) et Ikpeba qualifiera son pays pour les huiti\u00e8mes en inscrivant le seul but du match contre la Bulgarie (1-0). Le Nigeria sort premier de son groupe et rencontre le Danemark en huiti\u00e8mes, avec une lourde d\u00e9faite \u00e0 la cl\u00e9 (1-4). <\/p>\n\n\n\n<p style=\"font-size:16px\">Son bilan : 3 matchs, 1 but<\/p>\n<\/div><\/div>\n\n\n\n<div style=\"height:30px\" aria-hidden=\"true\" class=\"wp-block-spacer\"><\/div>\n\n\n\n<h3>#23 Bernard Genghini (\ud83c\uddeb\ud83c\uddf7 &#8211; Coupe du monde 1986)<\/h3>\n\n\n\n<div class=\"wp-block-media-text alignwide is-stacked-on-mobile\" style=\"grid-template-columns:25% auto\"><figure class=\"wp-block-media-text__media\"><img loading=\"lazy\" width=\"310\" height=\"465\" src=\"https:\/\/www.ladiagonale.net\/wp-content\/uploads\/2022\/12\/Genghini.png\" alt=\"\" class=\"wp-image-7457 size-full\"\/><\/figure><div class=\"wp-block-media-text__content\">\n<p style=\"font-size:16px\">La Coupe du monde 1986 qui se d\u00e9roule au Mexique aura sans doute \u00e9t\u00e9 bien frustrante pour Bernard Genghini. Titulaire en 1982, il a perdu sa place au profit de Luis Fernandez quatre ans apr\u00e8s et regardera le parcours des Bleus jusqu&rsquo;en demi-finale depuis le banc. Il ne prendra part qu&rsquo;au tout dernier match, le petite finale, contre la Belgique. Un match qui lui permettra de montrer son talent, avec un but et une passe d\u00e9cisive. La France prendra la troisi\u00e8me place du mondial en s&rsquo;imposant en prolongation (4-2).<\/p>\n\n\n\n<p style=\"font-size:16px\">Son bilan : 1 match, 1 but, 1 passe d\u00e9cisive<\/p>\n<\/div><\/div>\n\n\n\n<div style=\"height:30px\" aria-hidden=\"true\" class=\"wp-block-spacer\"><\/div>\n\n\n\n<h3>#22 Chu-young Park (\ud83c\uddf0\ud83c\uddf7 &#8211; Coupe du monde 2010)<\/h3>\n\n\n\n<div class=\"wp-block-media-text alignwide is-stacked-on-mobile\" style=\"grid-template-columns:25% auto\"><figure class=\"wp-block-media-text__media\"><img loading=\"lazy\" width=\"310\" height=\"465\" src=\"https:\/\/www.ladiagonale.net\/wp-content\/uploads\/2022\/12\/Park.png\" alt=\"\" class=\"wp-image-7459 size-full\"\/><\/figure><div class=\"wp-block-media-text__content\">\n<p style=\"font-size:16px\">Chu-young Park dispute en 2010 sa deuxi\u00e8me Coupe du monde. Contrairement \u00e0 la pr\u00e9c\u00e9dente, la Cor\u00e9e du sud va sortir des poules et atteindre les huiti\u00e8mes de finale. Mais les Cor\u00e9ens ne vont remporter qu&rsquo;un seul match sur les quatre disput\u00e9s, contre la Gr\u00e8ce (2-0). Park sera titulaire \u00e0 chaque fois et inscrira un joli but sur coup franc direct contre le Nigeria (2-2). Les Sud-Cor\u00e9ens buteront ensuite sur l&rsquo;Uruguay en phase \u00e9liminatoire.<\/p>\n\n\n\n<p style=\"font-size:16px\">Son bilan : 4 matchs, 1 but<\/p>\n<\/div><\/div>\n\n\n\n<div style=\"height:30px\" aria-hidden=\"true\" class=\"wp-block-spacer\"><\/div>\n\n\n\n<h3>#21 Enzo Scifo (\ud83c\udde7\ud83c\uddea &#8211; Coupe du monde 1994)<\/h3>\n\n\n\n<div class=\"wp-block-media-text alignwide is-stacked-on-mobile\" style=\"grid-template-columns:25% auto\"><figure class=\"wp-block-media-text__media\"><img loading=\"lazy\" width=\"310\" height=\"465\" src=\"https:\/\/www.ladiagonale.net\/wp-content\/uploads\/2022\/12\/Scifo.png\" alt=\"\" class=\"wp-image-7458 size-full\"\/><\/figure><div class=\"wp-block-media-text__content\">\n<p style=\"font-size:16px\">Enzo Scifo a crois\u00e9 Bernard Genghini lors de la consolante de 1986 (cf. supra), alors qu&rsquo;il n&rsquo;avait que 20 ans. Mais c&rsquo;est bien la Coupe du monde 1994, aux USA, qu&rsquo;il disputera en tant que Mon\u00e9gasque. Il prendra part aux quatre rencontres de la Belgique en int\u00e9gralit\u00e9 et sera m\u00eame capitaine lors de la peu reluisante d\u00e9faite contre l&rsquo;Arabie saoudite en poules (0-1). Les Diables atteindront les huiti\u00e8mes de finale et se feront sortir par l&rsquo;Allemagne (3-2) contre qui Scifo d\u00e9livrera une passe d\u00e9cisive.<\/p>\n\n\n\n<p style=\"font-size:16px\">Son bilan : 4 matchs, 1 passe d\u00e9cisive<\/p>\n<\/div><\/div>\n\n\n\n<div style=\"height:30px\" aria-hidden=\"true\" class=\"wp-block-spacer\"><\/div>\n\n\n\n<h3>Bonus : les recal\u00e9s du Top 30<\/h3>\n\n\n\n<p>Si 40 joueurs (hors Coupe du monde 2022) ont \u00e9t\u00e9 recens\u00e9s pour faire ce top 30, alors dix d&rsquo;entre eux ne pouvaient en faire partie. Les voici :<\/p>\n\n\n\n<ul><li>Lazare Gianessi (\ud83c\uddeb\ud83c\uddf7 &#8211; Coupe du monde 1954) : 2 matchs, \u00e9limin\u00e9 en phase de groupes<\/li><li>Raymond Bellot (\ud83c\uddeb\ud83c\uddf7 &#8211; Coupe du monde 1958) : Aucun match, troisi\u00e8me<\/li><li>Abdallah Li\u00e9geon (\ud83c\udde9\ud83c\uddff &#8211; Coupe du monde 1986) : 2 matchs, \u00e9limin\u00e9 en phase de groupes<\/li><li>Marcello Gallardo (\ud83c\udde6\ud83c\uddf7 &#8211; Coupe du monde 2002) : Aucun match, \u00e9limin\u00e9 en phase de groupes<\/li><li>Pontus Farnerud (\ud83c\uddf8\ud83c\uddea &#8211; Coupe du monde 2002) : Aucun match, \u00e9limin\u00e9 en huiti\u00e8mes de finale<\/li><li>Jaroslav Plasil (\ud83c\udde8\ud83c\uddff &#8211; Coupe du monde 2006) : 3 matchs, \u00e9limin\u00e9 en phase de groupes<\/li><li>Ga\u00ebl Givet (\ud83c\uddeb\ud83c\uddf7 &#8211; Coupe du monde 2006) : Aucun match, finaliste<\/li><li>Nicolas Nkoulou (\ud83c\udde8\ud83c\uddf2 &#8211; Coupe du monde 2010) : 3 matchs, \u00e9limin\u00e9 en phase de groupes<\/li><li>Kamil Glik (\ud83c\uddf5\ud83c\uddf1 &#8211; Coupe du monde 2018) : 2 matchs, \u00e9limin\u00e9s en phase de groupes<\/li><li>Keita Bald\u00e9 (\ud83c\uddf8\ud83c\uddf3 &#8211; Coupe du monde 2018) : 1 match, \u00e9limin\u00e9 en phase de groupes<\/li><\/ul>\n","protected":false},"excerpt":{"rendered":"<p>Six joueurs de l&rsquo;AS Monaco ont \u00e9t\u00e9 appel\u00e9s pour prendre part \u00e0 la Coupe du monde au Qatar en 2022. Avant eux, ils sont 40 joueurs \u00e0 avoir disput\u00e9 la plus grande comp\u00e9tition internationale au moment de leur passage en Principaut\u00e9. Premi\u00e8re partie de ce Top 30, qui va d\u00e9croissant, de la 30e \u00e0 la [&#8230;]\n","protected":false},"author":2,"featured_media":7482,"comment_status":"open","ping_status":"open","sticky":false,"template":"","format":"standard","meta":[],"categories":[5,6],"tags":[255,86,173,247],"yoast_head":"<!-- This site is optimized with the Yoast SEO plugin v19.8 - https:\/\/yoast.com\/wordpress\/plugins\/seo\/ -->\n<title>Top 30 des Mon\u00e9gasques en Coupe du monde (30 \u00e0 21) - La Diagonale<\/title>\n<meta name=\"robots\" content=\"index, follow, max-snippet:-1, max-image-preview:large, max-video-preview:-1\" \/>\n<link rel=\"canonical\" href=\"https:\/\/www.ladiagonale.net\/index.php\/2022\/12\/10\/top-30-des-monegasques-en-coupe-du-monde-30-a-21\/\" \/>\n<meta property=\"og:locale\" content=\"fr_FR\" \/>\n<meta property=\"og:type\" content=\"article\" \/>\n<meta property=\"og:title\" content=\"Top 30 des Mon\u00e9gasques en Coupe du monde (30 \u00e0 21) - La Diagonale\" \/>\n<meta property=\"og:description\" content=\"Six joueurs de l&rsquo;AS Monaco ont \u00e9t\u00e9 appel\u00e9s pour prendre part \u00e0 la Coupe du monde au Qatar en 2022. Avant eux, ils sont 40 joueurs \u00e0 avoir disput\u00e9 la plus grande comp\u00e9tition internationale au moment de leur passage en Principaut\u00e9. Premi\u00e8re partie de ce Top 30, qui va d\u00e9croissant, de la 30e \u00e0 la [...]\" \/>\n<meta property=\"og:url\" content=\"https:\/\/www.ladiagonale.net\/index.php\/2022\/12\/10\/top-30-des-monegasques-en-coupe-du-monde-30-a-21\/\" \/>\n<meta property=\"og:site_name\" content=\"La Diagonale\" \/>\n<meta property=\"article:published_time\" content=\"2022-12-10T11:55:24+00:00\" \/>\n<meta property=\"article:modified_time\" content=\"2022-12-12T14:09:11+00:00\" \/>\n<meta property=\"og:image\" content=\"https:\/\/www.ladiagonale.net\/wp-content\/uploads\/2022\/12\/top-30-1.png\" \/>\n\t<meta property=\"og:image:width\" content=\"1160\" \/>\n\t<meta property=\"og:image:height\" content=\"650\" \/>\n\t<meta property=\"og:image:type\" content=\"image\/png\" \/>\n<meta name=\"author\" content=\"Damien Dellerba\" \/>\n<meta name=\"twitter:card\" content=\"summary_large_image\" \/>\n<meta name=\"twitter:label1\" content=\"\u00c9crit par\" \/>\n\t<meta name=\"twitter:data1\" content=\"Damien Dellerba\" \/>\n\t<meta name=\"twitter:label2\" content=\"Dur\u00e9e de lecture estim\u00e9e\" \/>\n\t<meta name=\"twitter:data2\" content=\"8 minutes\" \/>\n<script type=\"application\/ld+json\" class=\"yoast-schema-graph\">{\"@context\":\"https:\/\/schema.org\",\"@graph\":[{\"@type\":\"WebPage\",\"@id\":\"https:\/\/www.ladiagonale.net\/index.php\/2022\/12\/10\/top-30-des-monegasques-en-coupe-du-monde-30-a-21\/\",\"url\":\"https:\/\/www.ladiagonale.net\/index.php\/2022\/12\/10\/top-30-des-monegasques-en-coupe-du-monde-30-a-21\/\",\"name\":\"Top 30 des Mon\u00e9gasques en Coupe du monde (30 \u00e0 21) - La Diagonale\",\"isPartOf\":{\"@id\":\"https:\/\/www.ladiagonale.net\/#website\"},\"datePublished\":\"2022-12-10T11:55:24+00:00\",\"dateModified\":\"2022-12-12T14:09:11+00:00\",\"author\":{\"@id\":\"https:\/\/www.ladiagonale.net\/#\/schema\/person\/79ff1e7b0853ed01b2aa26e64ad300bf\"},\"breadcrumb\":{\"@id\":\"https:\/\/www.ladiagonale.net\/index.php\/2022\/12\/10\/top-30-des-monegasques-en-coupe-du-monde-30-a-21\/#breadcrumb\"},\"inLanguage\":\"fr-FR\",\"potentialAction\":[{\"@type\":\"ReadAction\",\"target\":[\"https:\/\/www.ladiagonale.net\/index.php\/2022\/12\/10\/top-30-des-monegasques-en-coupe-du-monde-30-a-21\/\"]}]},{\"@type\":\"BreadcrumbList\",\"@id\":\"https:\/\/www.ladiagonale.net\/index.php\/2022\/12\/10\/top-30-des-monegasques-en-coupe-du-monde-30-a-21\/#breadcrumb\",\"itemListElement\":[{\"@type\":\"ListItem\",\"position\":1,\"name\":\"Accueil\",\"item\":\"https:\/\/www.ladiagonale.net\/\"},{\"@type\":\"ListItem\",\"position\":2,\"name\":\"Top 30 des Mon\u00e9gasques en Coupe du monde (30 \u00e0 21)\"}]},{\"@type\":\"WebSite\",\"@id\":\"https:\/\/www.ladiagonale.net\/#website\",\"url\":\"https:\/\/www.ladiagonale.net\/\",\"name\":\"La Diagonale\",\"description\":\"Le site des supporters de l&#039;AS Monaco FC\",\"potentialAction\":[{\"@type\":\"SearchAction\",\"target\":{\"@type\":\"EntryPoint\",\"urlTemplate\":\"https:\/\/www.ladiagonale.net\/?s={search_term_string}\"},\"query-input\":\"required name=search_term_string\"}],\"inLanguage\":\"fr-FR\"},{\"@type\":\"Person\",\"@id\":\"https:\/\/www.ladiagonale.net\/#\/schema\/person\/79ff1e7b0853ed01b2aa26e64ad300bf\",\"name\":\"Damien Dellerba\",\"image\":{\"@type\":\"ImageObject\",\"inLanguage\":\"fr-FR\",\"@id\":\"https:\/\/www.ladiagonale.net\/#\/schema\/person\/image\/\",\"url\":\"https:\/\/secure.gravatar.com\/avatar\/c7850e06d3ff63cdbaee88b7fc16e2f0?s=96&d=mm&r=g\",\"contentUrl\":\"https:\/\/secure.gravatar.com\/avatar\/c7850e06d3ff63cdbaee88b7fc16e2f0?s=96&d=mm&r=g\",\"caption\":\"Damien Dellerba\"},\"url\":\"https:\/\/www.ladiagonale.net\/index.php\/author\/damien\/\"}]}<\/script>\n<!-- \/ Yoast SEO plugin. -->","yoast_head_json":{"title":"Top 30 des Mon\u00e9gasques en Coupe du monde (30 \u00e0 21) - La Diagonale","robots":{"index":"index","follow":"follow","max-snippet":"max-snippet:-1","max-image-preview":"max-image-preview:large","max-video-preview":"max-video-preview:-1"},"canonical":"https:\/\/www.ladiagonale.net\/index.php\/2022\/12\/10\/top-30-des-monegasques-en-coupe-du-monde-30-a-21\/","og_locale":"fr_FR","og_type":"article","og_title":"Top 30 des Mon\u00e9gasques en Coupe du monde (30 \u00e0 21) - La Diagonale","og_description":"Six joueurs de l&rsquo;AS Monaco ont \u00e9t\u00e9 appel\u00e9s pour prendre part \u00e0 la Coupe du monde au Qatar en 2022. Avant eux, ils sont 40 joueurs \u00e0 avoir disput\u00e9 la plus grande comp\u00e9tition internationale au moment de leur passage en Principaut\u00e9. Premi\u00e8re partie de ce Top 30, qui va d\u00e9croissant, de la 30e \u00e0 la [...]","og_url":"https:\/\/www.ladiagonale.net\/index.php\/2022\/12\/10\/top-30-des-monegasques-en-coupe-du-monde-30-a-21\/","og_site_name":"La Diagonale","article_published_time":"2022-12-10T11:55:24+00:00","article_modified_time":"2022-12-12T14:09:11+00:00","og_image":[{"width":1160,"height":650,"url":"https:\/\/www.ladiagonale.net\/wp-content\/uploads\/2022\/12\/top-30-1.png","type":"image\/png"}],"author":"Damien Dellerba","twitter_card":"summary_large_image","twitter_misc":{"\u00c9crit par":"Damien Dellerba","Dur\u00e9e de lecture estim\u00e9e":"8 minutes"},"schema":{"@context":"https:\/\/schema.org","@graph":[{"@type":"WebPage","@id":"https:\/\/www.ladiagonale.net\/index.php\/2022\/12\/10\/top-30-des-monegasques-en-coupe-du-monde-30-a-21\/","url":"https:\/\/www.ladiagonale.net\/index.php\/2022\/12\/10\/top-30-des-monegasques-en-coupe-du-monde-30-a-21\/","name":"Top 30 des Mon\u00e9gasques en Coupe du monde (30 \u00e0 21) - La Diagonale","isPartOf":{"@id":"https:\/\/www.ladiagonale.net\/#website"},"datePublished":"2022-12-10T11:55:24+00:00","dateModified":"2022-12-12T14:09:11+00:00","author":{"@id":"https:\/\/www.ladiagonale.net\/#\/schema\/person\/79ff1e7b0853ed01b2aa26e64ad300bf"},"breadcrumb":{"@id":"https:\/\/www.ladiagonale.net\/index.php\/2022\/12\/10\/top-30-des-monegasques-en-coupe-du-monde-30-a-21\/#breadcrumb"},"inLanguage":"fr-FR","potentialAction":[{"@type":"ReadAction","target":["https:\/\/www.ladiagonale.net\/index.php\/2022\/12\/10\/top-30-des-monegasques-en-coupe-du-monde-30-a-21\/"]}]},{"@type":"BreadcrumbList","@id":"https:\/\/www.ladiagonale.net\/index.php\/2022\/12\/10\/top-30-des-monegasques-en-coupe-du-monde-30-a-21\/#breadcrumb","itemListElement":[{"@type":"ListItem","position":1,"name":"Accueil","item":"https:\/\/www.ladiagonale.net\/"},{"@type":"ListItem","position":2,"name":"Top 30 des Mon\u00e9gasques en Coupe du monde (30 \u00e0 21)"}]},{"@type":"WebSite","@id":"https:\/\/www.ladiagonale.net\/#website","url":"https:\/\/www.ladiagonale.net\/","name":"La Diagonale","description":"Le site des supporters de l&#039;AS Monaco FC","potentialAction":[{"@type":"SearchAction","target":{"@type":"EntryPoint","urlTemplate":"https:\/\/www.ladiagonale.net\/?s={search_term_string}"},"query-input":"required name=search_term_string"}],"inLanguage":"fr-FR"},{"@type":"Person","@id":"https:\/\/www.ladiagonale.net\/#\/schema\/person\/79ff1e7b0853ed01b2aa26e64ad300bf","name":"Damien Dellerba","image":{"@type":"ImageObject","inLanguage":"fr-FR","@id":"https:\/\/www.ladiagonale.net\/#\/schema\/person\/image\/","url":"https:\/\/secure.gravatar.com\/avatar\/c7850e06d3ff63cdbaee88b7fc16e2f0?s=96&d=mm&r=g","contentUrl":"https:\/\/secure.gravatar.com\/avatar\/c7850e06d3ff63cdbaee88b7fc16e2f0?s=96&d=mm&r=g","caption":"Damien Dellerba"},"url":"https:\/\/www.ladiagonale.net\/index.php\/author\/damien\/"}]}},"_links":{"self":[{"href":"https:\/\/www.ladiagonale.net\/index.php\/wp-json\/wp\/v2\/posts\/7411"}],"collection":[{"href":"https:\/\/www.ladiagonale.net\/index.php\/wp-json\/wp\/v2\/posts"}],"about":[{"href":"https:\/\/www.ladiagonale.net\/index.php\/wp-json\/wp\/v2\/types\/post"}],"author":[{"embeddable":true,"href":"https:\/\/www.ladiagonale.net\/index.php\/wp-json\/wp\/v2\/users\/2"}],"replies":[{"embeddable":true,"href":"https:\/\/www.ladiagonale.net\/index.php\/wp-json\/wp\/v2\/comments?post=7411"}],"version-history":[{"count":17,"href":"https:\/\/www.ladiagonale.net\/index.php\/wp-json\/wp\/v2\/posts\/7411\/revisions"}],"predecessor-version":[{"id":7550,"href":"https:\/\/www.ladiagonale.net\/index.php\/wp-json\/wp\/v2\/posts\/7411\/revisions\/7550"}],"wp:featuredmedia":[{"embeddable":true,"href":"https:\/\/www.ladiagonale.net\/index.php\/wp-json\/wp\/v2\/media\/7482"}],"wp:attachment":[{"href":"https:\/\/www.ladiagonale.net\/index.php\/wp-json\/wp\/v2\/media?parent=7411"}],"wp:term":[{"taxonomy":"category","embeddable":true,"href":"https:\/\/www.ladiagonale.net\/index.php\/wp-json\/wp\/v2\/categories?post=7411"},{"taxonomy":"post_tag","embeddable":true,"href":"https:\/\/www.ladiagonale.net\/index.php\/wp-json\/wp\/v2\/tags?post=7411"}],"curies":[{"name":"wp","href":"https:\/\/api.w.org\/{rel}","templated":true}]}}