{"id":7446,"date":"2022-12-08T15:43:23","date_gmt":"2022-12-08T14:43:23","guid":{"rendered":"https:\/\/www.ladiagonale.net\/?p=7446"},"modified":"2022-12-08T15:45:25","modified_gmt":"2022-12-08T14:45:25","slug":"clement-impressionne-par-daland-veut-le-garder","status":"publish","type":"post","link":"https:\/\/www.ladiagonale.net\/index.php\/2022\/12\/08\/clement-impressionne-par-daland-veut-le-garder\/","title":{"rendered":"Clement, impressionn\u00e9 par Daland, veut le garder"},"content":{"rendered":"\n\n\n<p>Le d\u00e9fenseur du Cercle Bruges, Jesper Daland (22 ans), s&rsquo;est entra\u00een\u00e9 toute la semaine avec l&rsquo;AS Monaco lors du stage des Rouge et Blanc \u00e0 Benidorm, en Espagne, et si l&rsquo;on en croit Carlos Avina, le Directeur sportif du Cercle, dans des propos relay\u00e9s par le site belge <em>Nieuwsblad<\/em>, Philippe Clement a \u00e9t\u00e9 impressionn\u00e9 par l&rsquo;international Espoirs norv\u00e9gien et souhaiterait le voir rejoindre le Rocher la saison prochaine. <\/p>\n\n\n\n<p>\u00ab&nbsp;<em>Philippe Cl\u00e9ment et son staff ont pu avoir une meilleure image de lui. Le Cercle est synonyme de formation et nous y sommes ouverts si les joueurs peuvent s&rsquo;am\u00e9liorer et passer \u00e0 l&rsquo;\u00e9tape suivante de leur carri\u00e8re, <\/em>a expliqu\u00e9 Carlos Avina<em>. Jesper Daland est l&rsquo;une des ces personnes. Beaucoup de clubs le suivent, mais aussi Philippe Clement qui a \u00e9t\u00e9 impressionn\u00e9 par Jesper et le voudrait dans son \u00e9quipe.<\/em>&nbsp;\u00bb<\/p>\n\n\n\n<p>L&rsquo;entra\u00eeneur de l&rsquo;AS Monaco n&rsquo;a d&rsquo;ailleurs pas h\u00e9sit\u00e9 \u00e0 lancer le d\u00e9fenseur central lors de la seconde p\u00e9riode du match amical face \u00e0 S\u00e9ville ce mercredi, au c\u00f4t\u00e9 de Malang Sarr. Recrut\u00e9 au club norv\u00e9gien IK Start pour 1,2 millions d&rsquo;euros \u00e0 l&rsquo;\u00e9t\u00e9 2021, Daland s&rsquo;est rapidement impos\u00e9 dans l&rsquo;effectif brugeois. Cette saison, il a disput\u00e9 17 rencontres toutes comp\u00e9titions confondues avec le Cercle et inscrit un but. Son contrat avec le club satellite de l&rsquo;ASM court jusqu&rsquo;en juin 2025.<\/p>\n\n\n\n<p><\/p>\n","protected":false},"excerpt":{"rendered":"<p>Le d\u00e9fenseur du Cercle Bruges, Jesper Daland (22 ans), s&rsquo;est entra\u00een\u00e9 toute la semaine avec l&rsquo;AS Monaco lors du stage des Rouge et Blanc \u00e0 Benidorm, en Espagne, et si l&rsquo;on en croit Carlos Avina, le Directeur sportif du Cercle, dans des propos relay\u00e9s par le site belge Nieuwsblad, Philippe Clement a \u00e9t\u00e9 impressionn\u00e9 par [&#8230;]\n","protected":false},"author":2,"featured_media":0,"comment_status":"open","ping_status":"open","sticky":false,"template":"","format":"standard","meta":[],"categories":[6],"tags":[86,212,330,111,191],"yoast_head":"<!-- This site is optimized with the Yoast SEO plugin v19.8 - https:\/\/yoast.com\/wordpress\/plugins\/seo\/ -->\n<title>Clement, impressionn\u00e9 par Daland, veut le garder - La Diagonale<\/title>\n<meta name=\"robots\" content=\"index, follow, max-snippet:-1, max-image-preview:large, max-video-preview:-1\" \/>\n<link rel=\"canonical\" href=\"https:\/\/www.ladiagonale.net\/index.php\/2022\/12\/08\/clement-impressionne-par-daland-veut-le-garder\/\" \/>\n<meta property=\"og:locale\" content=\"fr_FR\" \/>\n<meta property=\"og:type\" content=\"article\" \/>\n<meta property=\"og:title\" content=\"Clement, impressionn\u00e9 par Daland, veut le garder - La Diagonale\" \/>\n<meta property=\"og:description\" content=\"Le d\u00e9fenseur du Cercle Bruges, Jesper Daland (22 ans), s&rsquo;est entra\u00een\u00e9 toute la semaine avec l&rsquo;AS Monaco lors du stage des Rouge et Blanc \u00e0 Benidorm, en Espagne, et si l&rsquo;on en croit Carlos Avina, le Directeur sportif du Cercle, dans des propos relay\u00e9s par le site belge Nieuwsblad, Philippe Clement a \u00e9t\u00e9 impressionn\u00e9 par [...]\" \/>\n<meta property=\"og:url\" content=\"https:\/\/www.ladiagonale.net\/index.php\/2022\/12\/08\/clement-impressionne-par-daland-veut-le-garder\/\" \/>\n<meta property=\"og:site_name\" content=\"La Diagonale\" \/>\n<meta property=\"article:published_time\" content=\"2022-12-08T14:43:23+00:00\" \/>\n<meta property=\"article:modified_time\" content=\"2022-12-08T14:45:25+00:00\" \/>\n<meta property=\"og:image\" content=\"https:\/\/www.ladiagonale.net\/wp-content\/uploads\/2022\/12\/daland2.png\" \/>\n\t<meta property=\"og:image:width\" content=\"1160\" \/>\n\t<meta property=\"og:image:height\" content=\"650\" \/>\n\t<meta property=\"og:image:type\" content=\"image\/png\" \/>\n<meta name=\"author\" content=\"Damien Dellerba\" \/>\n<meta name=\"twitter:card\" content=\"summary_large_image\" \/>\n<meta name=\"twitter:image\" content=\"https:\/\/www.ladiagonale.net\/wp-content\/uploads\/2022\/12\/daland2.png\" \/>\n<meta name=\"twitter:label1\" content=\"\u00c9crit par\" \/>\n\t<meta name=\"twitter:data1\" content=\"Damien Dellerba\" \/>\n\t<meta name=\"twitter:label2\" content=\"Dur\u00e9e de lecture estim\u00e9e\" \/>\n\t<meta name=\"twitter:data2\" content=\"2 minutes\" \/>\n<script type=\"application\/ld+json\" class=\"yoast-schema-graph\">{\"@context\":\"https:\/\/schema.org\",\"@graph\":[{\"@type\":\"WebPage\",\"@id\":\"https:\/\/www.ladiagonale.net\/index.php\/2022\/12\/08\/clement-impressionne-par-daland-veut-le-garder\/\",\"url\":\"https:\/\/www.ladiagonale.net\/index.php\/2022\/12\/08\/clement-impressionne-par-daland-veut-le-garder\/\",\"name\":\"Clement, impressionn\u00e9 par Daland, veut le garder - La Diagonale\",\"isPartOf\":{\"@id\":\"https:\/\/www.ladiagonale.net\/#website\"},\"datePublished\":\"2022-12-08T14:43:23+00:00\",\"dateModified\":\"2022-12-08T14:45:25+00:00\",\"author\":{\"@id\":\"https:\/\/www.ladiagonale.net\/#\/schema\/person\/79ff1e7b0853ed01b2aa26e64ad300bf\"},\"breadcrumb\":{\"@id\":\"https:\/\/www.ladiagonale.net\/index.php\/2022\/12\/08\/clement-impressionne-par-daland-veut-le-garder\/#breadcrumb\"},\"inLanguage\":\"fr-FR\",\"potentialAction\":[{\"@type\":\"ReadAction\",\"target\":[\"https:\/\/www.ladiagonale.net\/index.php\/2022\/12\/08\/clement-impressionne-par-daland-veut-le-garder\/\"]}]},{\"@type\":\"BreadcrumbList\",\"@id\":\"https:\/\/www.ladiagonale.net\/index.php\/2022\/12\/08\/clement-impressionne-par-daland-veut-le-garder\/#breadcrumb\",\"itemListElement\":[{\"@type\":\"ListItem\",\"position\":1,\"name\":\"Accueil\",\"item\":\"https:\/\/www.ladiagonale.net\/\"},{\"@type\":\"ListItem\",\"position\":2,\"name\":\"Clement, impressionn\u00e9 par Daland, veut le garder\"}]},{\"@type\":\"WebSite\",\"@id\":\"https:\/\/www.ladiagonale.net\/#website\",\"url\":\"https:\/\/www.ladiagonale.net\/\",\"name\":\"La Diagonale\",\"description\":\"Le site des supporters de l&#039;AS Monaco FC\",\"potentialAction\":[{\"@type\":\"SearchAction\",\"target\":{\"@type\":\"EntryPoint\",\"urlTemplate\":\"https:\/\/www.ladiagonale.net\/?s={search_term_string}\"},\"query-input\":\"required name=search_term_string\"}],\"inLanguage\":\"fr-FR\"},{\"@type\":\"Person\",\"@id\":\"https:\/\/www.ladiagonale.net\/#\/schema\/person\/79ff1e7b0853ed01b2aa26e64ad300bf\",\"name\":\"Damien Dellerba\",\"image\":{\"@type\":\"ImageObject\",\"inLanguage\":\"fr-FR\",\"@id\":\"https:\/\/www.ladiagonale.net\/#\/schema\/person\/image\/\",\"url\":\"https:\/\/secure.gravatar.com\/avatar\/c7850e06d3ff63cdbaee88b7fc16e2f0?s=96&d=mm&r=g\",\"contentUrl\":\"https:\/\/secure.gravatar.com\/avatar\/c7850e06d3ff63cdbaee88b7fc16e2f0?s=96&d=mm&r=g\",\"caption\":\"Damien Dellerba\"},\"url\":\"https:\/\/www.ladiagonale.net\/index.php\/author\/damien\/\"}]}<\/script>\n<!-- \/ Yoast SEO plugin. -->","yoast_head_json":{"title":"Clement, impressionn\u00e9 par Daland, veut le garder - La Diagonale","robots":{"index":"index","follow":"follow","max-snippet":"max-snippet:-1","max-image-preview":"max-image-preview:large","max-video-preview":"max-video-preview:-1"},"canonical":"https:\/\/www.ladiagonale.net\/index.php\/2022\/12\/08\/clement-impressionne-par-daland-veut-le-garder\/","og_locale":"fr_FR","og_type":"article","og_title":"Clement, impressionn\u00e9 par Daland, veut le garder - La Diagonale","og_description":"Le d\u00e9fenseur du Cercle Bruges, Jesper Daland (22 ans), s&rsquo;est entra\u00een\u00e9 toute la semaine avec l&rsquo;AS Monaco lors du stage des Rouge et Blanc \u00e0 Benidorm, en Espagne, et si l&rsquo;on en croit Carlos Avina, le Directeur sportif du Cercle, dans des propos relay\u00e9s par le site belge Nieuwsblad, Philippe Clement a \u00e9t\u00e9 impressionn\u00e9 par [...]","og_url":"https:\/\/www.ladiagonale.net\/index.php\/2022\/12\/08\/clement-impressionne-par-daland-veut-le-garder\/","og_site_name":"La Diagonale","article_published_time":"2022-12-08T14:43:23+00:00","article_modified_time":"2022-12-08T14:45:25+00:00","og_image":[{"width":1160,"height":650,"url":"https:\/\/www.ladiagonale.net\/wp-content\/uploads\/2022\/12\/daland2.png","type":"image\/png"}],"author":"Damien Dellerba","twitter_card":"summary_large_image","twitter_image":"https:\/\/www.ladiagonale.net\/wp-content\/uploads\/2022\/12\/daland2.png","twitter_misc":{"\u00c9crit par":"Damien Dellerba","Dur\u00e9e de lecture estim\u00e9e":"2 minutes"},"schema":{"@context":"https:\/\/schema.org","@graph":[{"@type":"WebPage","@id":"https:\/\/www.ladiagonale.net\/index.php\/2022\/12\/08\/clement-impressionne-par-daland-veut-le-garder\/","url":"https:\/\/www.ladiagonale.net\/index.php\/2022\/12\/08\/clement-impressionne-par-daland-veut-le-garder\/","name":"Clement, impressionn\u00e9 par Daland, veut le garder - La Diagonale","isPartOf":{"@id":"https:\/\/www.ladiagonale.net\/#website"},"datePublished":"2022-12-08T14:43:23+00:00","dateModified":"2022-12-08T14:45:25+00:00","author":{"@id":"https:\/\/www.ladiagonale.net\/#\/schema\/person\/79ff1e7b0853ed01b2aa26e64ad300bf"},"breadcrumb":{"@id":"https:\/\/www.ladiagonale.net\/index.php\/2022\/12\/08\/clement-impressionne-par-daland-veut-le-garder\/#breadcrumb"},"inLanguage":"fr-FR","potentialAction":[{"@type":"ReadAction","target":["https:\/\/www.ladiagonale.net\/index.php\/2022\/12\/08\/clement-impressionne-par-daland-veut-le-garder\/"]}]},{"@type":"BreadcrumbList","@id":"https:\/\/www.ladiagonale.net\/index.php\/2022\/12\/08\/clement-impressionne-par-daland-veut-le-garder\/#breadcrumb","itemListElement":[{"@type":"ListItem","position":1,"name":"Accueil","item":"https:\/\/www.ladiagonale.net\/"},{"@type":"ListItem","position":2,"name":"Clement, impressionn\u00e9 par Daland, veut le garder"}]},{"@type":"WebSite","@id":"https:\/\/www.ladiagonale.net\/#website","url":"https:\/\/www.ladiagonale.net\/","name":"La Diagonale","description":"Le site des supporters de l&#039;AS Monaco FC","potentialAction":[{"@type":"SearchAction","target":{"@type":"EntryPoint","urlTemplate":"https:\/\/www.ladiagonale.net\/?s={search_term_string}"},"query-input":"required name=search_term_string"}],"inLanguage":"fr-FR"},{"@type":"Person","@id":"https:\/\/www.ladiagonale.net\/#\/schema\/person\/79ff1e7b0853ed01b2aa26e64ad300bf","name":"Damien Dellerba","image":{"@type":"ImageObject","inLanguage":"fr-FR","@id":"https:\/\/www.ladiagonale.net\/#\/schema\/person\/image\/","url":"https:\/\/secure.gravatar.com\/avatar\/c7850e06d3ff63cdbaee88b7fc16e2f0?s=96&d=mm&r=g","contentUrl":"https:\/\/secure.gravatar.com\/avatar\/c7850e06d3ff63cdbaee88b7fc16e2f0?s=96&d=mm&r=g","caption":"Damien Dellerba"},"url":"https:\/\/www.ladiagonale.net\/index.php\/author\/damien\/"}]}},"_links":{"self":[{"href":"https:\/\/www.ladiagonale.net\/index.php\/wp-json\/wp\/v2\/posts\/7446"}],"collection":[{"href":"https:\/\/www.ladiagonale.net\/index.php\/wp-json\/wp\/v2\/posts"}],"about":[{"href":"https:\/\/www.ladiagonale.net\/index.php\/wp-json\/wp\/v2\/types\/post"}],"author":[{"embeddable":true,"href":"https:\/\/www.ladiagonale.net\/index.php\/wp-json\/wp\/v2\/users\/2"}],"replies":[{"embeddable":true,"href":"https:\/\/www.ladiagonale.net\/index.php\/wp-json\/wp\/v2\/comments?post=7446"}],"version-history":[{"count":2,"href":"https:\/\/www.ladiagonale.net\/index.php\/wp-json\/wp\/v2\/posts\/7446\/revisions"}],"predecessor-version":[{"id":7449,"href":"https:\/\/www.ladiagonale.net\/index.php\/wp-json\/wp\/v2\/posts\/7446\/revisions\/7449"}],"wp:attachment":[{"href":"https:\/\/www.ladiagonale.net\/index.php\/wp-json\/wp\/v2\/media?parent=7446"}],"wp:term":[{"taxonomy":"category","embeddable":true,"href":"https:\/\/www.ladiagonale.net\/index.php\/wp-json\/wp\/v2\/categories?post=7446"},{"taxonomy":"post_tag","embeddable":true,"href":"https:\/\/www.ladiagonale.net\/index.php\/wp-json\/wp\/v2\/tags?post=7446"}],"curies":[{"name":"wp","href":"https:\/\/api.w.org\/{rel}","templated":true}]}}