{"id":7467,"date":"2022-12-10T00:40:50","date_gmt":"2022-12-09T23:40:50","guid":{"rendered":"https:\/\/www.ladiagonale.net\/?p=7467"},"modified":"2022-12-10T00:40:54","modified_gmt":"2022-12-09T23:40:54","slug":"anciens-pasalic-et-la-croatie-dans-le-dernier-carre","status":"publish","type":"post","link":"https:\/\/www.ladiagonale.net\/index.php\/2022\/12\/10\/anciens-pasalic-et-la-croatie-dans-le-dernier-carre\/","title":{"rendered":"Anciens : Pasalic et la Croatie dans le dernier carr\u00e9"},"content":{"rendered":"\n\n\n<p>Il y aura un ancien mon\u00e9gasque en demi-finale de la Coupe du Monde. Apr\u00e8s avoir eu le scalp du Japon et de Takumi Minamino, la Croatie et Mario Pasalic se sont offerts le Br\u00e9sil de Neymar et de&#8230; Fabinho (1-1, 4-2 aux t.a.b.). Le champion de France 2017 a pass\u00e9 toute la rencontre sur le banc et quitte donc le mondial avec un seul petit match jou\u00e9, lors de la d\u00e9faite contre le Cameroun (1-0) o\u00f9 il avait pass\u00e9 90 minutes sur le terrain.<\/p>\n\n\n\n<p>Du c\u00f4t\u00e9 de la Croatie, Mario Pasalic est nettement plus utilis\u00e9 par son s\u00e9lectionneur et a m\u00eame connu sa premi\u00e8re titularisation dans la comp\u00e9tition, au poste d&rsquo;ailier droit. Il n&rsquo;a pas vraiment pu se mettre en \u00e9vidence, cependant, avec la tactique tr\u00e8s d\u00e9fensive utilis\u00e9e par la s\u00e9lection Vatreni. Il a ensuite \u00e9t\u00e9 remplac\u00e9 \u00e0 la 72e minute non sans avoir d\u00e9m\u00e9rit\u00e9. La Croatie affrontera l&rsquo;Argentine mardi 13 d\u00e9cembre (20h).<\/p>\n","protected":false},"excerpt":{"rendered":"<p>Il y aura un ancien mon\u00e9gasque en demi-finale de la Coupe du Monde. Apr\u00e8s avoir eu le scalp du Japon et de Takumi Minamino, la Croatie et Mario Pasalic se sont offerts le Br\u00e9sil de Neymar et de&#8230; Fabinho (1-1, 4-2 aux t.a.b.). Le champion de France 2017 a pass\u00e9 toute la rencontre sur le [&#8230;]\n","protected":false},"author":2,"featured_media":0,"comment_status":"open","ping_status":"open","sticky":false,"template":"","format":"standard","meta":[],"categories":[6],"tags":[86,173,322,318,116],"yoast_head":"<!-- This site is optimized with the Yoast SEO plugin v19.8 - https:\/\/yoast.com\/wordpress\/plugins\/seo\/ -->\n<title>Anciens : Pasalic et la Croatie dans le dernier carr\u00e9 - La Diagonale<\/title>\n<meta name=\"robots\" content=\"index, follow, max-snippet:-1, max-image-preview:large, max-video-preview:-1\" \/>\n<link rel=\"canonical\" href=\"https:\/\/www.ladiagonale.net\/index.php\/2022\/12\/10\/anciens-pasalic-et-la-croatie-dans-le-dernier-carre\/\" \/>\n<meta property=\"og:locale\" content=\"fr_FR\" \/>\n<meta property=\"og:type\" content=\"article\" \/>\n<meta property=\"og:title\" content=\"Anciens : Pasalic et la Croatie dans le dernier carr\u00e9 - La Diagonale\" \/>\n<meta property=\"og:description\" content=\"Il y aura un ancien mon\u00e9gasque en demi-finale de la Coupe du Monde. Apr\u00e8s avoir eu le scalp du Japon et de Takumi Minamino, la Croatie et Mario Pasalic se sont offerts le Br\u00e9sil de Neymar et de&#8230; Fabinho (1-1, 4-2 aux t.a.b.). Le champion de France 2017 a pass\u00e9 toute la rencontre sur le [...]\" \/>\n<meta property=\"og:url\" content=\"https:\/\/www.ladiagonale.net\/index.php\/2022\/12\/10\/anciens-pasalic-et-la-croatie-dans-le-dernier-carre\/\" \/>\n<meta property=\"og:site_name\" content=\"La Diagonale\" \/>\n<meta property=\"article:published_time\" content=\"2022-12-09T23:40:50+00:00\" \/>\n<meta property=\"article:modified_time\" content=\"2022-12-09T23:40:54+00:00\" \/>\n<meta name=\"author\" content=\"Damien Dellerba\" \/>\n<meta name=\"twitter:card\" content=\"summary_large_image\" \/>\n<meta name=\"twitter:label1\" content=\"\u00c9crit par\" \/>\n\t<meta name=\"twitter:data1\" content=\"Damien Dellerba\" \/>\n\t<meta name=\"twitter:label2\" content=\"Dur\u00e9e de lecture estim\u00e9e\" \/>\n\t<meta name=\"twitter:data2\" content=\"1 minute\" \/>\n<script type=\"application\/ld+json\" class=\"yoast-schema-graph\">{\"@context\":\"https:\/\/schema.org\",\"@graph\":[{\"@type\":\"WebPage\",\"@id\":\"https:\/\/www.ladiagonale.net\/index.php\/2022\/12\/10\/anciens-pasalic-et-la-croatie-dans-le-dernier-carre\/\",\"url\":\"https:\/\/www.ladiagonale.net\/index.php\/2022\/12\/10\/anciens-pasalic-et-la-croatie-dans-le-dernier-carre\/\",\"name\":\"Anciens : Pasalic et la Croatie dans le dernier carr\u00e9 - La Diagonale\",\"isPartOf\":{\"@id\":\"https:\/\/www.ladiagonale.net\/#website\"},\"datePublished\":\"2022-12-09T23:40:50+00:00\",\"dateModified\":\"2022-12-09T23:40:54+00:00\",\"author\":{\"@id\":\"https:\/\/www.ladiagonale.net\/#\/schema\/person\/79ff1e7b0853ed01b2aa26e64ad300bf\"},\"breadcrumb\":{\"@id\":\"https:\/\/www.ladiagonale.net\/index.php\/2022\/12\/10\/anciens-pasalic-et-la-croatie-dans-le-dernier-carre\/#breadcrumb\"},\"inLanguage\":\"fr-FR\",\"potentialAction\":[{\"@type\":\"ReadAction\",\"target\":[\"https:\/\/www.ladiagonale.net\/index.php\/2022\/12\/10\/anciens-pasalic-et-la-croatie-dans-le-dernier-carre\/\"]}]},{\"@type\":\"BreadcrumbList\",\"@id\":\"https:\/\/www.ladiagonale.net\/index.php\/2022\/12\/10\/anciens-pasalic-et-la-croatie-dans-le-dernier-carre\/#breadcrumb\",\"itemListElement\":[{\"@type\":\"ListItem\",\"position\":1,\"name\":\"Accueil\",\"item\":\"https:\/\/www.ladiagonale.net\/\"},{\"@type\":\"ListItem\",\"position\":2,\"name\":\"Anciens : Pasalic et la Croatie dans le dernier carr\u00e9\"}]},{\"@type\":\"WebSite\",\"@id\":\"https:\/\/www.ladiagonale.net\/#website\",\"url\":\"https:\/\/www.ladiagonale.net\/\",\"name\":\"La Diagonale\",\"description\":\"Le site des supporters de l&#039;AS Monaco FC\",\"potentialAction\":[{\"@type\":\"SearchAction\",\"target\":{\"@type\":\"EntryPoint\",\"urlTemplate\":\"https:\/\/www.ladiagonale.net\/?s={search_term_string}\"},\"query-input\":\"required name=search_term_string\"}],\"inLanguage\":\"fr-FR\"},{\"@type\":\"Person\",\"@id\":\"https:\/\/www.ladiagonale.net\/#\/schema\/person\/79ff1e7b0853ed01b2aa26e64ad300bf\",\"name\":\"Damien Dellerba\",\"image\":{\"@type\":\"ImageObject\",\"inLanguage\":\"fr-FR\",\"@id\":\"https:\/\/www.ladiagonale.net\/#\/schema\/person\/image\/\",\"url\":\"https:\/\/secure.gravatar.com\/avatar\/c7850e06d3ff63cdbaee88b7fc16e2f0?s=96&d=mm&r=g\",\"contentUrl\":\"https:\/\/secure.gravatar.com\/avatar\/c7850e06d3ff63cdbaee88b7fc16e2f0?s=96&d=mm&r=g\",\"caption\":\"Damien Dellerba\"},\"url\":\"https:\/\/www.ladiagonale.net\/index.php\/author\/damien\/\"}]}<\/script>\n<!-- \/ Yoast SEO plugin. -->","yoast_head_json":{"title":"Anciens : Pasalic et la Croatie dans le dernier carr\u00e9 - La Diagonale","robots":{"index":"index","follow":"follow","max-snippet":"max-snippet:-1","max-image-preview":"max-image-preview:large","max-video-preview":"max-video-preview:-1"},"canonical":"https:\/\/www.ladiagonale.net\/index.php\/2022\/12\/10\/anciens-pasalic-et-la-croatie-dans-le-dernier-carre\/","og_locale":"fr_FR","og_type":"article","og_title":"Anciens : Pasalic et la Croatie dans le dernier carr\u00e9 - La Diagonale","og_description":"Il y aura un ancien mon\u00e9gasque en demi-finale de la Coupe du Monde. Apr\u00e8s avoir eu le scalp du Japon et de Takumi Minamino, la Croatie et Mario Pasalic se sont offerts le Br\u00e9sil de Neymar et de&#8230; Fabinho (1-1, 4-2 aux t.a.b.). Le champion de France 2017 a pass\u00e9 toute la rencontre sur le [...]","og_url":"https:\/\/www.ladiagonale.net\/index.php\/2022\/12\/10\/anciens-pasalic-et-la-croatie-dans-le-dernier-carre\/","og_site_name":"La Diagonale","article_published_time":"2022-12-09T23:40:50+00:00","article_modified_time":"2022-12-09T23:40:54+00:00","author":"Damien Dellerba","twitter_card":"summary_large_image","twitter_misc":{"\u00c9crit par":"Damien Dellerba","Dur\u00e9e de lecture estim\u00e9e":"1 minute"},"schema":{"@context":"https:\/\/schema.org","@graph":[{"@type":"WebPage","@id":"https:\/\/www.ladiagonale.net\/index.php\/2022\/12\/10\/anciens-pasalic-et-la-croatie-dans-le-dernier-carre\/","url":"https:\/\/www.ladiagonale.net\/index.php\/2022\/12\/10\/anciens-pasalic-et-la-croatie-dans-le-dernier-carre\/","name":"Anciens : Pasalic et la Croatie dans le dernier carr\u00e9 - La Diagonale","isPartOf":{"@id":"https:\/\/www.ladiagonale.net\/#website"},"datePublished":"2022-12-09T23:40:50+00:00","dateModified":"2022-12-09T23:40:54+00:00","author":{"@id":"https:\/\/www.ladiagonale.net\/#\/schema\/person\/79ff1e7b0853ed01b2aa26e64ad300bf"},"breadcrumb":{"@id":"https:\/\/www.ladiagonale.net\/index.php\/2022\/12\/10\/anciens-pasalic-et-la-croatie-dans-le-dernier-carre\/#breadcrumb"},"inLanguage":"fr-FR","potentialAction":[{"@type":"ReadAction","target":["https:\/\/www.ladiagonale.net\/index.php\/2022\/12\/10\/anciens-pasalic-et-la-croatie-dans-le-dernier-carre\/"]}]},{"@type":"BreadcrumbList","@id":"https:\/\/www.ladiagonale.net\/index.php\/2022\/12\/10\/anciens-pasalic-et-la-croatie-dans-le-dernier-carre\/#breadcrumb","itemListElement":[{"@type":"ListItem","position":1,"name":"Accueil","item":"https:\/\/www.ladiagonale.net\/"},{"@type":"ListItem","position":2,"name":"Anciens : Pasalic et la Croatie dans le dernier carr\u00e9"}]},{"@type":"WebSite","@id":"https:\/\/www.ladiagonale.net\/#website","url":"https:\/\/www.ladiagonale.net\/","name":"La Diagonale","description":"Le site des supporters de l&#039;AS Monaco FC","potentialAction":[{"@type":"SearchAction","target":{"@type":"EntryPoint","urlTemplate":"https:\/\/www.ladiagonale.net\/?s={search_term_string}"},"query-input":"required name=search_term_string"}],"inLanguage":"fr-FR"},{"@type":"Person","@id":"https:\/\/www.ladiagonale.net\/#\/schema\/person\/79ff1e7b0853ed01b2aa26e64ad300bf","name":"Damien Dellerba","image":{"@type":"ImageObject","inLanguage":"fr-FR","@id":"https:\/\/www.ladiagonale.net\/#\/schema\/person\/image\/","url":"https:\/\/secure.gravatar.com\/avatar\/c7850e06d3ff63cdbaee88b7fc16e2f0?s=96&d=mm&r=g","contentUrl":"https:\/\/secure.gravatar.com\/avatar\/c7850e06d3ff63cdbaee88b7fc16e2f0?s=96&d=mm&r=g","caption":"Damien Dellerba"},"url":"https:\/\/www.ladiagonale.net\/index.php\/author\/damien\/"}]}},"_links":{"self":[{"href":"https:\/\/www.ladiagonale.net\/index.php\/wp-json\/wp\/v2\/posts\/7467"}],"collection":[{"href":"https:\/\/www.ladiagonale.net\/index.php\/wp-json\/wp\/v2\/posts"}],"about":[{"href":"https:\/\/www.ladiagonale.net\/index.php\/wp-json\/wp\/v2\/types\/post"}],"author":[{"embeddable":true,"href":"https:\/\/www.ladiagonale.net\/index.php\/wp-json\/wp\/v2\/users\/2"}],"replies":[{"embeddable":true,"href":"https:\/\/www.ladiagonale.net\/index.php\/wp-json\/wp\/v2\/comments?post=7467"}],"version-history":[{"count":1,"href":"https:\/\/www.ladiagonale.net\/index.php\/wp-json\/wp\/v2\/posts\/7467\/revisions"}],"predecessor-version":[{"id":7468,"href":"https:\/\/www.ladiagonale.net\/index.php\/wp-json\/wp\/v2\/posts\/7467\/revisions\/7468"}],"wp:attachment":[{"href":"https:\/\/www.ladiagonale.net\/index.php\/wp-json\/wp\/v2\/media?parent=7467"}],"wp:term":[{"taxonomy":"category","embeddable":true,"href":"https:\/\/www.ladiagonale.net\/index.php\/wp-json\/wp\/v2\/categories?post=7467"},{"taxonomy":"post_tag","embeddable":true,"href":"https:\/\/www.ladiagonale.net\/index.php\/wp-json\/wp\/v2\/tags?post=7467"}],"curies":[{"name":"wp","href":"https:\/\/api.w.org\/{rel}","templated":true}]}}