{"id":7610,"date":"2022-12-16T11:32:04","date_gmt":"2022-12-16T10:32:04","guid":{"rendered":"https:\/\/www.ladiagonale.net\/?p=7610"},"modified":"2022-12-16T14:51:24","modified_gmt":"2022-12-16T13:51:24","slug":"diop-avec-clement-on-netait-pas-sur-la-meme-longueur-donde","status":"publish","type":"post","link":"https:\/\/www.ladiagonale.net\/index.php\/2022\/12\/16\/diop-avec-clement-on-netait-pas-sur-la-meme-longueur-donde\/","title":{"rendered":"Diop : \u00ab\u00a0Avec Clement, on n\u2019\u00e9tait pas sur la m\u00eame longueur d\u2019onde\u00a0\u00bb"},"content":{"rendered":"\n\n\n<p>Sofiane Diop a accord\u00e9 une interview \u00e0 <em>Nice-Matin<\/em> et a notamment abord\u00e9 certains aspects de sa p\u00e9riode as\u00e9miste. Lanc\u00e9 par Leonardo Jardim, avant de conna\u00eetre une p\u00e9riode plus d\u00e9licate, celui qui \u00e9volue d\u00e9sormais \u00e0 l&rsquo;OGC Nice estime que cela lui a permis de progresser : \u00ab&nbsp;<em>C\u00f4toyer Jardim, Henry, aller en pr\u00eat \u00e0 Sochaux a \u00e9t\u00e9 tr\u00e8s b\u00e9n\u00e9fique pour moi. \u00c7a fait partie de mon apprentissage, j\u2019en suis tr\u00e8s heureux.<\/em>&nbsp;\u00bb Si Niko Kovac l&rsquo;a install\u00e9 dans son onze, Diop r\u00e9fute l&rsquo;id\u00e9e que le coach croate a \u00e9t\u00e9 un r\u00e9v\u00e9lateur pour lui : \u00ab <em>Je pense que la progression a \u00e9t\u00e9 constante depuis mes d\u00e9buts en pro \u00e0 18 ans.<\/em>&nbsp;<em>Il y a eu des hauts et des bas (avec Kovac).<\/em> \u00bb <\/p>\n\n\n\n<p>Puis d&rsquo;expliquer les raisons de son d\u00e9part lors du dernier mercato estival : \u00ab&nbsp;<em>\u00c7a se passait bien avec Clement aussi, puis les dix derniers matchs de la saison derni\u00e8re, j\u2019ai moins jou\u00e9 puisque l\u2019\u00e9quipe gagnait. Il attendait des choses que je pensais faire mais on n\u2019\u00e9tait pas sur la m\u00eame longueur d\u2019onde. Sans avoir de conflit pour autant. Mais je ne me voyais pas refaire une saison sur le banc. Je ne pensais pas \u00eatre jug\u00e9 \u00e0 ma vraie valeur.<\/em>&nbsp;\u00bb<\/p>\n\n\n\n<p>Si Sofiane Diop n&rsquo;est plus \u00e0 l&rsquo;ASM, son petit fr\u00e8re Edan (18 ans) y est toujours, et il est notamment apparu avec les professionnels lors de la rencontre amicale contre S\u00e9ville. Sofiane Diop remplit son r\u00f4le d&rsquo;a\u00een\u00e9 et dispense ses conseils aupr\u00e8s de son cadet : \u00ab\u00a0<em>Quand il me demande ce que je pense de ses matchs, j\u2019essaie de le conseiller sur les aspects techniques et tactiques, sur l\u2019importance de la qualit\u00e9 de la premi\u00e8re touche qui peut transformer une demi-occasion en action de but. Sur l\u2019attitude sur le terrain aussi, le langage corporel est tr\u00e8s important. Il est dans l\u2019apprentissage, je veux lui donner une maximum de cartes pour s\u2019imposer chez les pros.\u00a0<\/em>\u00bb<\/p>\n","protected":false},"excerpt":{"rendered":"<p>Sofiane Diop a accord\u00e9 une interview \u00e0 Nice-Matin et a notamment abord\u00e9 certains aspects de sa p\u00e9riode as\u00e9miste. Lanc\u00e9 par Leonardo Jardim, avant de conna\u00eetre une p\u00e9riode plus d\u00e9licate, celui qui \u00e9volue d\u00e9sormais \u00e0 l&rsquo;OGC Nice estime que cela lui a permis de progresser : \u00ab&nbsp;C\u00f4toyer Jardim, Henry, aller en pr\u00eat \u00e0 Sochaux a \u00e9t\u00e9 [&#8230;]\n","protected":false},"author":2,"featured_media":0,"comment_status":"open","ping_status":"open","sticky":false,"template":"","format":"standard","meta":[],"categories":[6],"tags":[255,86,80,201],"yoast_head":"<!-- This site is optimized with the Yoast SEO plugin v19.8 - https:\/\/yoast.com\/wordpress\/plugins\/seo\/ -->\n<title>Diop : \u00ab\u00a0Avec Clement, on n\u2019\u00e9tait pas sur la m\u00eame longueur d\u2019onde\u00a0\u00bb - La Diagonale<\/title>\n<meta name=\"robots\" content=\"index, follow, max-snippet:-1, max-image-preview:large, max-video-preview:-1\" \/>\n<link rel=\"canonical\" href=\"https:\/\/www.ladiagonale.net\/index.php\/2022\/12\/16\/diop-avec-clement-on-netait-pas-sur-la-meme-longueur-donde\/\" \/>\n<meta property=\"og:locale\" content=\"fr_FR\" \/>\n<meta property=\"og:type\" content=\"article\" \/>\n<meta property=\"og:title\" content=\"Diop : \u00ab\u00a0Avec Clement, on n\u2019\u00e9tait pas sur la m\u00eame longueur d\u2019onde\u00a0\u00bb - La Diagonale\" \/>\n<meta property=\"og:description\" content=\"Sofiane Diop a accord\u00e9 une interview \u00e0 Nice-Matin et a notamment abord\u00e9 certains aspects de sa p\u00e9riode as\u00e9miste. Lanc\u00e9 par Leonardo Jardim, avant de conna\u00eetre une p\u00e9riode plus d\u00e9licate, celui qui \u00e9volue d\u00e9sormais \u00e0 l&rsquo;OGC Nice estime que cela lui a permis de progresser : \u00ab&nbsp;C\u00f4toyer Jardim, Henry, aller en pr\u00eat \u00e0 Sochaux a \u00e9t\u00e9 [...]\" \/>\n<meta property=\"og:url\" content=\"https:\/\/www.ladiagonale.net\/index.php\/2022\/12\/16\/diop-avec-clement-on-netait-pas-sur-la-meme-longueur-donde\/\" \/>\n<meta property=\"og:site_name\" content=\"La Diagonale\" \/>\n<meta property=\"article:published_time\" content=\"2022-12-16T10:32:04+00:00\" \/>\n<meta property=\"article:modified_time\" content=\"2022-12-16T13:51:24+00:00\" \/>\n<meta property=\"og:image\" content=\"https:\/\/www.ladiagonale.net\/wp-content\/uploads\/2022\/12\/sdiop.png\" \/>\n\t<meta property=\"og:image:width\" content=\"1160\" \/>\n\t<meta property=\"og:image:height\" content=\"650\" \/>\n\t<meta property=\"og:image:type\" content=\"image\/png\" \/>\n<meta name=\"author\" content=\"Damien Dellerba\" \/>\n<meta name=\"twitter:card\" content=\"summary_large_image\" \/>\n<meta name=\"twitter:image\" content=\"https:\/\/www.ladiagonale.net\/wp-content\/uploads\/2022\/12\/sdiop.png\" \/>\n<meta name=\"twitter:label1\" content=\"\u00c9crit par\" \/>\n\t<meta name=\"twitter:data1\" content=\"Damien Dellerba\" \/>\n\t<meta name=\"twitter:label2\" content=\"Dur\u00e9e de lecture estim\u00e9e\" \/>\n\t<meta name=\"twitter:data2\" content=\"2 minutes\" \/>\n<script type=\"application\/ld+json\" class=\"yoast-schema-graph\">{\"@context\":\"https:\/\/schema.org\",\"@graph\":[{\"@type\":\"WebPage\",\"@id\":\"https:\/\/www.ladiagonale.net\/index.php\/2022\/12\/16\/diop-avec-clement-on-netait-pas-sur-la-meme-longueur-donde\/\",\"url\":\"https:\/\/www.ladiagonale.net\/index.php\/2022\/12\/16\/diop-avec-clement-on-netait-pas-sur-la-meme-longueur-donde\/\",\"name\":\"Diop : \u00ab\u00a0Avec Clement, on n\u2019\u00e9tait pas sur la m\u00eame longueur d\u2019onde\u00a0\u00bb - La Diagonale\",\"isPartOf\":{\"@id\":\"https:\/\/www.ladiagonale.net\/#website\"},\"datePublished\":\"2022-12-16T10:32:04+00:00\",\"dateModified\":\"2022-12-16T13:51:24+00:00\",\"author\":{\"@id\":\"https:\/\/www.ladiagonale.net\/#\/schema\/person\/79ff1e7b0853ed01b2aa26e64ad300bf\"},\"breadcrumb\":{\"@id\":\"https:\/\/www.ladiagonale.net\/index.php\/2022\/12\/16\/diop-avec-clement-on-netait-pas-sur-la-meme-longueur-donde\/#breadcrumb\"},\"inLanguage\":\"fr-FR\",\"potentialAction\":[{\"@type\":\"ReadAction\",\"target\":[\"https:\/\/www.ladiagonale.net\/index.php\/2022\/12\/16\/diop-avec-clement-on-netait-pas-sur-la-meme-longueur-donde\/\"]}]},{\"@type\":\"BreadcrumbList\",\"@id\":\"https:\/\/www.ladiagonale.net\/index.php\/2022\/12\/16\/diop-avec-clement-on-netait-pas-sur-la-meme-longueur-donde\/#breadcrumb\",\"itemListElement\":[{\"@type\":\"ListItem\",\"position\":1,\"name\":\"Accueil\",\"item\":\"https:\/\/www.ladiagonale.net\/\"},{\"@type\":\"ListItem\",\"position\":2,\"name\":\"Diop : \u00ab\u00a0Avec Clement, on n\u2019\u00e9tait pas sur la m\u00eame longueur d\u2019onde\u00a0\u00bb\"}]},{\"@type\":\"WebSite\",\"@id\":\"https:\/\/www.ladiagonale.net\/#website\",\"url\":\"https:\/\/www.ladiagonale.net\/\",\"name\":\"La Diagonale\",\"description\":\"Le site des supporters de l&#039;AS Monaco FC\",\"potentialAction\":[{\"@type\":\"SearchAction\",\"target\":{\"@type\":\"EntryPoint\",\"urlTemplate\":\"https:\/\/www.ladiagonale.net\/?s={search_term_string}\"},\"query-input\":\"required name=search_term_string\"}],\"inLanguage\":\"fr-FR\"},{\"@type\":\"Person\",\"@id\":\"https:\/\/www.ladiagonale.net\/#\/schema\/person\/79ff1e7b0853ed01b2aa26e64ad300bf\",\"name\":\"Damien Dellerba\",\"image\":{\"@type\":\"ImageObject\",\"inLanguage\":\"fr-FR\",\"@id\":\"https:\/\/www.ladiagonale.net\/#\/schema\/person\/image\/\",\"url\":\"https:\/\/secure.gravatar.com\/avatar\/c7850e06d3ff63cdbaee88b7fc16e2f0?s=96&d=mm&r=g\",\"contentUrl\":\"https:\/\/secure.gravatar.com\/avatar\/c7850e06d3ff63cdbaee88b7fc16e2f0?s=96&d=mm&r=g\",\"caption\":\"Damien Dellerba\"},\"url\":\"https:\/\/www.ladiagonale.net\/index.php\/author\/damien\/\"}]}<\/script>\n<!-- \/ Yoast SEO plugin. -->","yoast_head_json":{"title":"Diop : \u00ab\u00a0Avec Clement, on n\u2019\u00e9tait pas sur la m\u00eame longueur d\u2019onde\u00a0\u00bb - La Diagonale","robots":{"index":"index","follow":"follow","max-snippet":"max-snippet:-1","max-image-preview":"max-image-preview:large","max-video-preview":"max-video-preview:-1"},"canonical":"https:\/\/www.ladiagonale.net\/index.php\/2022\/12\/16\/diop-avec-clement-on-netait-pas-sur-la-meme-longueur-donde\/","og_locale":"fr_FR","og_type":"article","og_title":"Diop : \u00ab\u00a0Avec Clement, on n\u2019\u00e9tait pas sur la m\u00eame longueur d\u2019onde\u00a0\u00bb - La Diagonale","og_description":"Sofiane Diop a accord\u00e9 une interview \u00e0 Nice-Matin et a notamment abord\u00e9 certains aspects de sa p\u00e9riode as\u00e9miste. Lanc\u00e9 par Leonardo Jardim, avant de conna\u00eetre une p\u00e9riode plus d\u00e9licate, celui qui \u00e9volue d\u00e9sormais \u00e0 l&rsquo;OGC Nice estime que cela lui a permis de progresser : \u00ab&nbsp;C\u00f4toyer Jardim, Henry, aller en pr\u00eat \u00e0 Sochaux a \u00e9t\u00e9 [...]","og_url":"https:\/\/www.ladiagonale.net\/index.php\/2022\/12\/16\/diop-avec-clement-on-netait-pas-sur-la-meme-longueur-donde\/","og_site_name":"La Diagonale","article_published_time":"2022-12-16T10:32:04+00:00","article_modified_time":"2022-12-16T13:51:24+00:00","og_image":[{"width":1160,"height":650,"url":"https:\/\/www.ladiagonale.net\/wp-content\/uploads\/2022\/12\/sdiop.png","type":"image\/png"}],"author":"Damien Dellerba","twitter_card":"summary_large_image","twitter_image":"https:\/\/www.ladiagonale.net\/wp-content\/uploads\/2022\/12\/sdiop.png","twitter_misc":{"\u00c9crit par":"Damien Dellerba","Dur\u00e9e de lecture estim\u00e9e":"2 minutes"},"schema":{"@context":"https:\/\/schema.org","@graph":[{"@type":"WebPage","@id":"https:\/\/www.ladiagonale.net\/index.php\/2022\/12\/16\/diop-avec-clement-on-netait-pas-sur-la-meme-longueur-donde\/","url":"https:\/\/www.ladiagonale.net\/index.php\/2022\/12\/16\/diop-avec-clement-on-netait-pas-sur-la-meme-longueur-donde\/","name":"Diop : \u00ab\u00a0Avec Clement, on n\u2019\u00e9tait pas sur la m\u00eame longueur d\u2019onde\u00a0\u00bb - La Diagonale","isPartOf":{"@id":"https:\/\/www.ladiagonale.net\/#website"},"datePublished":"2022-12-16T10:32:04+00:00","dateModified":"2022-12-16T13:51:24+00:00","author":{"@id":"https:\/\/www.ladiagonale.net\/#\/schema\/person\/79ff1e7b0853ed01b2aa26e64ad300bf"},"breadcrumb":{"@id":"https:\/\/www.ladiagonale.net\/index.php\/2022\/12\/16\/diop-avec-clement-on-netait-pas-sur-la-meme-longueur-donde\/#breadcrumb"},"inLanguage":"fr-FR","potentialAction":[{"@type":"ReadAction","target":["https:\/\/www.ladiagonale.net\/index.php\/2022\/12\/16\/diop-avec-clement-on-netait-pas-sur-la-meme-longueur-donde\/"]}]},{"@type":"BreadcrumbList","@id":"https:\/\/www.ladiagonale.net\/index.php\/2022\/12\/16\/diop-avec-clement-on-netait-pas-sur-la-meme-longueur-donde\/#breadcrumb","itemListElement":[{"@type":"ListItem","position":1,"name":"Accueil","item":"https:\/\/www.ladiagonale.net\/"},{"@type":"ListItem","position":2,"name":"Diop : \u00ab\u00a0Avec Clement, on n\u2019\u00e9tait pas sur la m\u00eame longueur d\u2019onde\u00a0\u00bb"}]},{"@type":"WebSite","@id":"https:\/\/www.ladiagonale.net\/#website","url":"https:\/\/www.ladiagonale.net\/","name":"La Diagonale","description":"Le site des supporters de l&#039;AS Monaco FC","potentialAction":[{"@type":"SearchAction","target":{"@type":"EntryPoint","urlTemplate":"https:\/\/www.ladiagonale.net\/?s={search_term_string}"},"query-input":"required name=search_term_string"}],"inLanguage":"fr-FR"},{"@type":"Person","@id":"https:\/\/www.ladiagonale.net\/#\/schema\/person\/79ff1e7b0853ed01b2aa26e64ad300bf","name":"Damien Dellerba","image":{"@type":"ImageObject","inLanguage":"fr-FR","@id":"https:\/\/www.ladiagonale.net\/#\/schema\/person\/image\/","url":"https:\/\/secure.gravatar.com\/avatar\/c7850e06d3ff63cdbaee88b7fc16e2f0?s=96&d=mm&r=g","contentUrl":"https:\/\/secure.gravatar.com\/avatar\/c7850e06d3ff63cdbaee88b7fc16e2f0?s=96&d=mm&r=g","caption":"Damien Dellerba"},"url":"https:\/\/www.ladiagonale.net\/index.php\/author\/damien\/"}]}},"_links":{"self":[{"href":"https:\/\/www.ladiagonale.net\/index.php\/wp-json\/wp\/v2\/posts\/7610"}],"collection":[{"href":"https:\/\/www.ladiagonale.net\/index.php\/wp-json\/wp\/v2\/posts"}],"about":[{"href":"https:\/\/www.ladiagonale.net\/index.php\/wp-json\/wp\/v2\/types\/post"}],"author":[{"embeddable":true,"href":"https:\/\/www.ladiagonale.net\/index.php\/wp-json\/wp\/v2\/users\/2"}],"replies":[{"embeddable":true,"href":"https:\/\/www.ladiagonale.net\/index.php\/wp-json\/wp\/v2\/comments?post=7610"}],"version-history":[{"count":2,"href":"https:\/\/www.ladiagonale.net\/index.php\/wp-json\/wp\/v2\/posts\/7610\/revisions"}],"predecessor-version":[{"id":7617,"href":"https:\/\/www.ladiagonale.net\/index.php\/wp-json\/wp\/v2\/posts\/7610\/revisions\/7617"}],"wp:attachment":[{"href":"https:\/\/www.ladiagonale.net\/index.php\/wp-json\/wp\/v2\/media?parent=7610"}],"wp:term":[{"taxonomy":"category","embeddable":true,"href":"https:\/\/www.ladiagonale.net\/index.php\/wp-json\/wp\/v2\/categories?post=7610"},{"taxonomy":"post_tag","embeddable":true,"href":"https:\/\/www.ladiagonale.net\/index.php\/wp-json\/wp\/v2\/tags?post=7610"}],"curies":[{"name":"wp","href":"https:\/\/api.w.org\/{rel}","templated":true}]}}