{"id":7743,"date":"2022-12-23T11:27:17","date_gmt":"2022-12-23T10:27:17","guid":{"rendered":"https:\/\/www.ladiagonale.net\/?p=7743"},"modified":"2022-12-23T11:34:16","modified_gmt":"2022-12-23T10:34:16","slug":"en-depression-musaba-veut-quitter-metz","status":"publish","type":"post","link":"https:\/\/www.ladiagonale.net\/index.php\/2022\/12\/23\/en-depression-musaba-veut-quitter-metz\/","title":{"rendered":"\u00ab En d\u00e9pression \u00bb, Musaba veut quitter Metz"},"content":{"rendered":"\n\n\n<p>Pr\u00eat\u00e9 cette saison au FC Metz, Anthony Musaba a \u00e9mis le souhait de quitter le pensionnaire de Ligue 2, comme l&rsquo;a confi\u00e9 son p\u00e8re Leonard Musaba au journal <em>L&rsquo;\u00c9quipe<\/em>. Selon lui, l&rsquo;attaquant n\u00e9erlandais est en d\u00e9pression : <em>\u00ab&nbsp;Anthony a \u00e9t\u00e9 honn\u00eate. Il a dit \u00e0 son entra\u00eeneur (Laszlo B\u00f6l\u00f6ni) qu&rsquo;il ne se sentait plus capable de rester \u00e0 Metz car il \u00e9tait en d\u00e9pression. Il est stress\u00e9 tous les matins en allant \u00e0 l&rsquo;entra\u00eenement, il ne prend plus de plaisir \u00e0 jouer. Il est m\u00eame devenu parano et manque de confiance&nbsp;\u00bb.<\/em><\/p>\n\n\n\n<p>Depuis le mois d&rsquo;ao\u00fbt, Musaba a disput\u00e9 neuf rencontres pour un but et une passe d\u00e9cisive, et il avait notamment commenc\u00e9 \u00e0 encha\u00eener les matchs avant la tr\u00eave internationale (quatre titularisations). Insuffisant toutefois pour r\u00e9gler des probl\u00e8mes plus profonds : <em>\u00ab&nbsp;Anthony n&rsquo;a plus le c\u0153ur \u00e0 Metz, il aimerait rentrer aux Pays-Bas avec sa famille. Monsieur Dr\u00e9ossi (le directeur sportif) nous a expliqu\u00e9 que ce n&rsquo;\u00e9tait pas possible de laisser partir Anthony parce que c&rsquo;\u00e9tait un joueur talentueux et qu&rsquo;il avait d\u00e9pens\u00e9 beaucoup d&rsquo;argent dans ce pr\u00eat. Mais Anthony aussi a laiss\u00e9 une partie de son salaire \u00e0 Monaco.&nbsp;\u00bb<\/em><\/p>\n\n\n\n<p>Le p\u00e8re du joueur de l&rsquo;AS Monaco s&rsquo;est montr\u00e9 particuli\u00e8rement r\u00e9volt\u00e9 devant cette situation : <em>\u00ab\u00a0Je ne peux pas comprendre, en tant que p\u00e8re, qu&rsquo;un club puisse se comporter comme \u00e7a\u00a0\u00bb<\/em>, a-t-il expliqu\u00e9. Certaines choses ne semblent d&rsquo;ailleurs pas avoir \u00e9t\u00e9 dig\u00e9r\u00e9es par le p\u00e8re du joueur, qui a d\u00e9cid\u00e9 de demander publiquement le d\u00e9part de son fils : <em>\u00ab<\/em> <em>Ils l&rsquo;ont fait passer pour un joueur malade plusieurs fois cette saison, contre Bordeaux notamment, nous n&rsquo;avons pas aim\u00e9. C&rsquo;est un p\u00e8re qui cherche une solution pour son fils qui parle. Je suis malheureux pour lui, alors je demande publiquement au FC Metz\u00a0: laissez-le partir\u00a0\u00bb.<\/em><\/p>\n\n\n\n<p>Recrut\u00e9 par l&rsquo;ASM en juin 2020, Anthony Musaba ne s&rsquo;est jamais impos\u00e9 \u00e0 l&rsquo;AS Monaco. Il a encha\u00een\u00e9 des pr\u00eats au Cercle Bruges (2020-2021) et \u00e0 Heenreveen (2021-2022) sans parvenir \u00e0 convaincre. Son contrat avec le club de la Principaut\u00e9 court jusqu&rsquo;en juin 2025. <\/p>\n","protected":false},"excerpt":{"rendered":"<p>Pr\u00eat\u00e9 cette saison au FC Metz, Anthony Musaba a \u00e9mis le souhait de quitter le pensionnaire de Ligue 2, comme l&rsquo;a confi\u00e9 son p\u00e8re Leonard Musaba au journal L&rsquo;\u00c9quipe. Selon lui, l&rsquo;attaquant n\u00e9erlandais est en d\u00e9pression : \u00ab&nbsp;Anthony a \u00e9t\u00e9 honn\u00eate. Il a dit \u00e0 son entra\u00eeneur (Laszlo B\u00f6l\u00f6ni) qu&rsquo;il ne se sentait plus capable [&#8230;]\n","protected":false},"author":2,"featured_media":0,"comment_status":"open","ping_status":"open","sticky":false,"template":"","format":"standard","meta":[],"categories":[6],"tags":[312,86,219],"yoast_head":"<!-- This site is optimized with the Yoast SEO plugin v19.8 - https:\/\/yoast.com\/wordpress\/plugins\/seo\/ -->\n<title>\u00ab En d\u00e9pression \u00bb, Musaba veut quitter Metz - La Diagonale<\/title>\n<meta name=\"robots\" content=\"index, follow, max-snippet:-1, max-image-preview:large, max-video-preview:-1\" \/>\n<link rel=\"canonical\" href=\"https:\/\/www.ladiagonale.net\/index.php\/2022\/12\/23\/en-depression-musaba-veut-quitter-metz\/\" \/>\n<meta property=\"og:locale\" content=\"fr_FR\" \/>\n<meta property=\"og:type\" content=\"article\" \/>\n<meta property=\"og:title\" content=\"\u00ab En d\u00e9pression \u00bb, Musaba veut quitter Metz - La Diagonale\" \/>\n<meta property=\"og:description\" content=\"Pr\u00eat\u00e9 cette saison au FC Metz, Anthony Musaba a \u00e9mis le souhait de quitter le pensionnaire de Ligue 2, comme l&rsquo;a confi\u00e9 son p\u00e8re Leonard Musaba au journal L&rsquo;\u00c9quipe. Selon lui, l&rsquo;attaquant n\u00e9erlandais est en d\u00e9pression : \u00ab&nbsp;Anthony a \u00e9t\u00e9 honn\u00eate. Il a dit \u00e0 son entra\u00eeneur (Laszlo B\u00f6l\u00f6ni) qu&rsquo;il ne se sentait plus capable [...]\" \/>\n<meta property=\"og:url\" content=\"https:\/\/www.ladiagonale.net\/index.php\/2022\/12\/23\/en-depression-musaba-veut-quitter-metz\/\" \/>\n<meta property=\"og:site_name\" content=\"La Diagonale\" \/>\n<meta property=\"article:published_time\" content=\"2022-12-23T10:27:17+00:00\" \/>\n<meta property=\"article:modified_time\" content=\"2022-12-23T10:34:16+00:00\" \/>\n<meta property=\"og:image\" content=\"https:\/\/www.ladiagonale.net\/wp-content\/uploads\/2022\/11\/musaba-metz.png\" \/>\n\t<meta property=\"og:image:width\" content=\"1160\" \/>\n\t<meta property=\"og:image:height\" content=\"650\" \/>\n\t<meta property=\"og:image:type\" content=\"image\/png\" \/>\n<meta name=\"author\" content=\"Damien Dellerba\" \/>\n<meta name=\"twitter:card\" content=\"summary_large_image\" \/>\n<meta name=\"twitter:image\" content=\"https:\/\/www.ladiagonale.net\/wp-content\/uploads\/2022\/11\/musaba-metz.png\" \/>\n<meta name=\"twitter:label1\" content=\"\u00c9crit par\" \/>\n\t<meta name=\"twitter:data1\" content=\"Damien Dellerba\" \/>\n\t<meta name=\"twitter:label2\" content=\"Dur\u00e9e de lecture estim\u00e9e\" \/>\n\t<meta name=\"twitter:data2\" content=\"2 minutes\" \/>\n<script type=\"application\/ld+json\" class=\"yoast-schema-graph\">{\"@context\":\"https:\/\/schema.org\",\"@graph\":[{\"@type\":\"WebPage\",\"@id\":\"https:\/\/www.ladiagonale.net\/index.php\/2022\/12\/23\/en-depression-musaba-veut-quitter-metz\/\",\"url\":\"https:\/\/www.ladiagonale.net\/index.php\/2022\/12\/23\/en-depression-musaba-veut-quitter-metz\/\",\"name\":\"\u00ab En d\u00e9pression \u00bb, Musaba veut quitter Metz - La Diagonale\",\"isPartOf\":{\"@id\":\"https:\/\/www.ladiagonale.net\/#website\"},\"datePublished\":\"2022-12-23T10:27:17+00:00\",\"dateModified\":\"2022-12-23T10:34:16+00:00\",\"author\":{\"@id\":\"https:\/\/www.ladiagonale.net\/#\/schema\/person\/79ff1e7b0853ed01b2aa26e64ad300bf\"},\"breadcrumb\":{\"@id\":\"https:\/\/www.ladiagonale.net\/index.php\/2022\/12\/23\/en-depression-musaba-veut-quitter-metz\/#breadcrumb\"},\"inLanguage\":\"fr-FR\",\"potentialAction\":[{\"@type\":\"ReadAction\",\"target\":[\"https:\/\/www.ladiagonale.net\/index.php\/2022\/12\/23\/en-depression-musaba-veut-quitter-metz\/\"]}]},{\"@type\":\"BreadcrumbList\",\"@id\":\"https:\/\/www.ladiagonale.net\/index.php\/2022\/12\/23\/en-depression-musaba-veut-quitter-metz\/#breadcrumb\",\"itemListElement\":[{\"@type\":\"ListItem\",\"position\":1,\"name\":\"Accueil\",\"item\":\"https:\/\/www.ladiagonale.net\/\"},{\"@type\":\"ListItem\",\"position\":2,\"name\":\"\u00ab En d\u00e9pression \u00bb, Musaba veut quitter Metz\"}]},{\"@type\":\"WebSite\",\"@id\":\"https:\/\/www.ladiagonale.net\/#website\",\"url\":\"https:\/\/www.ladiagonale.net\/\",\"name\":\"La Diagonale\",\"description\":\"Le site des supporters de l&#039;AS Monaco FC\",\"potentialAction\":[{\"@type\":\"SearchAction\",\"target\":{\"@type\":\"EntryPoint\",\"urlTemplate\":\"https:\/\/www.ladiagonale.net\/?s={search_term_string}\"},\"query-input\":\"required name=search_term_string\"}],\"inLanguage\":\"fr-FR\"},{\"@type\":\"Person\",\"@id\":\"https:\/\/www.ladiagonale.net\/#\/schema\/person\/79ff1e7b0853ed01b2aa26e64ad300bf\",\"name\":\"Damien Dellerba\",\"image\":{\"@type\":\"ImageObject\",\"inLanguage\":\"fr-FR\",\"@id\":\"https:\/\/www.ladiagonale.net\/#\/schema\/person\/image\/\",\"url\":\"https:\/\/secure.gravatar.com\/avatar\/c7850e06d3ff63cdbaee88b7fc16e2f0?s=96&d=mm&r=g\",\"contentUrl\":\"https:\/\/secure.gravatar.com\/avatar\/c7850e06d3ff63cdbaee88b7fc16e2f0?s=96&d=mm&r=g\",\"caption\":\"Damien Dellerba\"},\"url\":\"https:\/\/www.ladiagonale.net\/index.php\/author\/damien\/\"}]}<\/script>\n<!-- \/ Yoast SEO plugin. -->","yoast_head_json":{"title":"\u00ab En d\u00e9pression \u00bb, Musaba veut quitter Metz - La Diagonale","robots":{"index":"index","follow":"follow","max-snippet":"max-snippet:-1","max-image-preview":"max-image-preview:large","max-video-preview":"max-video-preview:-1"},"canonical":"https:\/\/www.ladiagonale.net\/index.php\/2022\/12\/23\/en-depression-musaba-veut-quitter-metz\/","og_locale":"fr_FR","og_type":"article","og_title":"\u00ab En d\u00e9pression \u00bb, Musaba veut quitter Metz - La Diagonale","og_description":"Pr\u00eat\u00e9 cette saison au FC Metz, Anthony Musaba a \u00e9mis le souhait de quitter le pensionnaire de Ligue 2, comme l&rsquo;a confi\u00e9 son p\u00e8re Leonard Musaba au journal L&rsquo;\u00c9quipe. Selon lui, l&rsquo;attaquant n\u00e9erlandais est en d\u00e9pression : \u00ab&nbsp;Anthony a \u00e9t\u00e9 honn\u00eate. Il a dit \u00e0 son entra\u00eeneur (Laszlo B\u00f6l\u00f6ni) qu&rsquo;il ne se sentait plus capable [...]","og_url":"https:\/\/www.ladiagonale.net\/index.php\/2022\/12\/23\/en-depression-musaba-veut-quitter-metz\/","og_site_name":"La Diagonale","article_published_time":"2022-12-23T10:27:17+00:00","article_modified_time":"2022-12-23T10:34:16+00:00","og_image":[{"width":1160,"height":650,"url":"https:\/\/www.ladiagonale.net\/wp-content\/uploads\/2022\/11\/musaba-metz.png","type":"image\/png"}],"author":"Damien Dellerba","twitter_card":"summary_large_image","twitter_image":"https:\/\/www.ladiagonale.net\/wp-content\/uploads\/2022\/11\/musaba-metz.png","twitter_misc":{"\u00c9crit par":"Damien Dellerba","Dur\u00e9e de lecture estim\u00e9e":"2 minutes"},"schema":{"@context":"https:\/\/schema.org","@graph":[{"@type":"WebPage","@id":"https:\/\/www.ladiagonale.net\/index.php\/2022\/12\/23\/en-depression-musaba-veut-quitter-metz\/","url":"https:\/\/www.ladiagonale.net\/index.php\/2022\/12\/23\/en-depression-musaba-veut-quitter-metz\/","name":"\u00ab En d\u00e9pression \u00bb, Musaba veut quitter Metz - La Diagonale","isPartOf":{"@id":"https:\/\/www.ladiagonale.net\/#website"},"datePublished":"2022-12-23T10:27:17+00:00","dateModified":"2022-12-23T10:34:16+00:00","author":{"@id":"https:\/\/www.ladiagonale.net\/#\/schema\/person\/79ff1e7b0853ed01b2aa26e64ad300bf"},"breadcrumb":{"@id":"https:\/\/www.ladiagonale.net\/index.php\/2022\/12\/23\/en-depression-musaba-veut-quitter-metz\/#breadcrumb"},"inLanguage":"fr-FR","potentialAction":[{"@type":"ReadAction","target":["https:\/\/www.ladiagonale.net\/index.php\/2022\/12\/23\/en-depression-musaba-veut-quitter-metz\/"]}]},{"@type":"BreadcrumbList","@id":"https:\/\/www.ladiagonale.net\/index.php\/2022\/12\/23\/en-depression-musaba-veut-quitter-metz\/#breadcrumb","itemListElement":[{"@type":"ListItem","position":1,"name":"Accueil","item":"https:\/\/www.ladiagonale.net\/"},{"@type":"ListItem","position":2,"name":"\u00ab En d\u00e9pression \u00bb, Musaba veut quitter Metz"}]},{"@type":"WebSite","@id":"https:\/\/www.ladiagonale.net\/#website","url":"https:\/\/www.ladiagonale.net\/","name":"La Diagonale","description":"Le site des supporters de l&#039;AS Monaco FC","potentialAction":[{"@type":"SearchAction","target":{"@type":"EntryPoint","urlTemplate":"https:\/\/www.ladiagonale.net\/?s={search_term_string}"},"query-input":"required name=search_term_string"}],"inLanguage":"fr-FR"},{"@type":"Person","@id":"https:\/\/www.ladiagonale.net\/#\/schema\/person\/79ff1e7b0853ed01b2aa26e64ad300bf","name":"Damien Dellerba","image":{"@type":"ImageObject","inLanguage":"fr-FR","@id":"https:\/\/www.ladiagonale.net\/#\/schema\/person\/image\/","url":"https:\/\/secure.gravatar.com\/avatar\/c7850e06d3ff63cdbaee88b7fc16e2f0?s=96&d=mm&r=g","contentUrl":"https:\/\/secure.gravatar.com\/avatar\/c7850e06d3ff63cdbaee88b7fc16e2f0?s=96&d=mm&r=g","caption":"Damien Dellerba"},"url":"https:\/\/www.ladiagonale.net\/index.php\/author\/damien\/"}]}},"_links":{"self":[{"href":"https:\/\/www.ladiagonale.net\/index.php\/wp-json\/wp\/v2\/posts\/7743"}],"collection":[{"href":"https:\/\/www.ladiagonale.net\/index.php\/wp-json\/wp\/v2\/posts"}],"about":[{"href":"https:\/\/www.ladiagonale.net\/index.php\/wp-json\/wp\/v2\/types\/post"}],"author":[{"embeddable":true,"href":"https:\/\/www.ladiagonale.net\/index.php\/wp-json\/wp\/v2\/users\/2"}],"replies":[{"embeddable":true,"href":"https:\/\/www.ladiagonale.net\/index.php\/wp-json\/wp\/v2\/comments?post=7743"}],"version-history":[{"count":3,"href":"https:\/\/www.ladiagonale.net\/index.php\/wp-json\/wp\/v2\/posts\/7743\/revisions"}],"predecessor-version":[{"id":7747,"href":"https:\/\/www.ladiagonale.net\/index.php\/wp-json\/wp\/v2\/posts\/7743\/revisions\/7747"}],"wp:attachment":[{"href":"https:\/\/www.ladiagonale.net\/index.php\/wp-json\/wp\/v2\/media?parent=7743"}],"wp:term":[{"taxonomy":"category","embeddable":true,"href":"https:\/\/www.ladiagonale.net\/index.php\/wp-json\/wp\/v2\/categories?post=7743"},{"taxonomy":"post_tag","embeddable":true,"href":"https:\/\/www.ladiagonale.net\/index.php\/wp-json\/wp\/v2\/tags?post=7743"}],"curies":[{"name":"wp","href":"https:\/\/api.w.org\/{rel}","templated":true}]}}