{"id":7761,"date":"2022-12-24T16:42:26","date_gmt":"2022-12-24T15:42:26","guid":{"rendered":"https:\/\/www.ladiagonale.net\/?p=7761"},"modified":"2022-12-26T18:35:52","modified_gmt":"2022-12-26T17:35:52","slug":"clement-fait-le-point-sur-la-preparation","status":"publish","type":"post","link":"https:\/\/www.ladiagonale.net\/index.php\/2022\/12\/24\/clement-fait-le-point-sur-la-preparation\/","title":{"rendered":"Clement fait le point sur la pr\u00e9paration"},"content":{"rendered":"\n\n\n<p>La tr\u00eave internationale touche \u00e0 sa fin et Monaco va bient\u00f4t reprendre du service avec un d\u00e9placement \u00e0 Auxerre mercredi, pour le compte de la 16<sup>e<\/sup> journ\u00e9e de Ligue 1. Un agenda bien diff\u00e9rent de celui habituel d\u2019une saison et auquel il a fallu s\u2019adapter. Philippe Clement estime cependant que l\u2019ASM est pr\u00eate \u00e0 reprendre, comme il l\u2019a confi\u00e9 dans les colonnes de <em>Nice-Matin<\/em> : \u00ab\u00a0<em>La pr\u00e9paration a \u00e9t\u00e9 moins pouss\u00e9e que cet \u00e9t\u00e9 mais elle a \u00e9t\u00e9 bonne. Les joueurs ont eu dix jours de repos mais on n\u2019est pas repartis de z\u00e9ro. \u00c0 Leeds, nous avons bien r\u00e9pondu face \u00e0 l\u2019une des trois meilleures \u00e9quipes d\u2019Europe sur le plan physique.<\/em>\u00a0\u00bb<\/p>\n\n\n\n<p>Plusieurs jeunes joueurs comme Edan Diop, Jordan Semedo Varela ou encore Eliesse Ben Seghir ont eu leur chance \u00e0 l\u2019occasion lors des derni\u00e8res rencontres amicales et Clement est satisfait d\u2019eux : \u00ab&nbsp;<em>C\u2019\u00e9tait tr\u00e8s int\u00e9ressant. C\u2019\u00e9tait important de leur donner leur chance et de l\u2019exp\u00e9rience. Ils ont bien travaill\u00e9 et s\u2019int\u00e9greront plus vite si on a besoin d\u2019eux en championnat. La communication est pr\u00e9sente entre la cellule de performance et le Groupe \u00c9lite.<\/em>&nbsp;\u00bb Aussi, les donn\u00e9es individuelles des jeunes de l\u2019Academy vont dans le bon sens : \u00ab&nbsp;<em>J\u2019ai remarqu\u00e9 que la diff\u00e9rence est moins marqu\u00e9e avec le groupe pro par rapport \u00e0 l\u2019ann\u00e9e derni\u00e8re. Avec Damien Perrinelle, on a en plus les m\u00eames principes de jeu.<\/em>&nbsp;\u00bb<\/p>\n\n\n\n<p>Le Flamand ne sait pas encore s\u2019il pourra compter sur Fofana et Disasi mercredi, m\u00eame s\u2019il entend bien les emmener en Bourgogne. Les deux finalistes malheureux de la Coupe du monde prennent quelques jours de repos afin de revenir \u00ab\u00a0<em>frais mentalement et physiquement<\/em>\u00a0\u00bb. Il esp\u00e8re aussi qu\u2019ils \u00e9vacueront vite la d\u00e9ception de la d\u00e9faite : \u00ab\u00a0<em>La d\u00e9ception fait partie du foot. Messi est l\u2019un des plus grands joueurs de l\u2019histoire mais il n\u2019a gagn\u00e9 le mondial qu\u2019\u00e0 35 ans. Ce v\u00e9cu est tr\u00e8s important.<\/em>\u00a0\u00bb Clement a cependant reconnu que tous \u00e9taient \u00ab\u00a0<em>tr\u00e8s fiers de ce qu\u2019ils ont r\u00e9alis\u00e9<\/em>\u00a0\u00bb.<\/p>\n","protected":false},"excerpt":{"rendered":"<p>La tr\u00eave internationale touche \u00e0 sa fin et Monaco va bient\u00f4t reprendre du service avec un d\u00e9placement \u00e0 Auxerre mercredi, pour le compte de la 16e journ\u00e9e de Ligue 1. Un agenda bien diff\u00e9rent de celui habituel d\u2019une saison et auquel il a fallu s\u2019adapter. Philippe Clement estime cependant que l\u2019ASM est pr\u00eate \u00e0 reprendre, [&#8230;]\n","protected":false},"author":2,"featured_media":0,"comment_status":"open","ping_status":"open","sticky":false,"template":"","format":"standard","meta":[],"categories":[6],"tags":[86,191],"yoast_head":"<!-- This site is optimized with the Yoast SEO plugin v19.8 - https:\/\/yoast.com\/wordpress\/plugins\/seo\/ -->\n<title>Clement fait le point sur la pr\u00e9paration - La Diagonale<\/title>\n<meta name=\"robots\" content=\"index, follow, max-snippet:-1, max-image-preview:large, max-video-preview:-1\" \/>\n<link rel=\"canonical\" href=\"https:\/\/www.ladiagonale.net\/index.php\/2022\/12\/24\/clement-fait-le-point-sur-la-preparation\/\" \/>\n<meta property=\"og:locale\" content=\"fr_FR\" \/>\n<meta property=\"og:type\" content=\"article\" \/>\n<meta property=\"og:title\" content=\"Clement fait le point sur la pr\u00e9paration - La Diagonale\" \/>\n<meta property=\"og:description\" content=\"La tr\u00eave internationale touche \u00e0 sa fin et Monaco va bient\u00f4t reprendre du service avec un d\u00e9placement \u00e0 Auxerre mercredi, pour le compte de la 16e journ\u00e9e de Ligue 1. Un agenda bien diff\u00e9rent de celui habituel d\u2019une saison et auquel il a fallu s\u2019adapter. Philippe Clement estime cependant que l\u2019ASM est pr\u00eate \u00e0 reprendre, [...]\" \/>\n<meta property=\"og:url\" content=\"https:\/\/www.ladiagonale.net\/index.php\/2022\/12\/24\/clement-fait-le-point-sur-la-preparation\/\" \/>\n<meta property=\"og:site_name\" content=\"La Diagonale\" \/>\n<meta property=\"article:published_time\" content=\"2022-12-24T15:42:26+00:00\" \/>\n<meta property=\"article:modified_time\" content=\"2022-12-26T17:35:52+00:00\" \/>\n<meta property=\"og:image\" content=\"https:\/\/www.ladiagonale.net\/wp-content\/uploads\/2022\/11\/clement.png\" \/>\n\t<meta property=\"og:image:width\" content=\"1160\" \/>\n\t<meta property=\"og:image:height\" content=\"650\" \/>\n\t<meta property=\"og:image:type\" content=\"image\/png\" \/>\n<meta name=\"author\" content=\"Damien Dellerba\" \/>\n<meta name=\"twitter:card\" content=\"summary_large_image\" \/>\n<meta name=\"twitter:image\" content=\"https:\/\/www.ladiagonale.net\/wp-content\/uploads\/2022\/11\/clement.png\" \/>\n<meta name=\"twitter:label1\" content=\"\u00c9crit par\" \/>\n\t<meta name=\"twitter:data1\" content=\"Damien Dellerba\" \/>\n\t<meta name=\"twitter:label2\" content=\"Dur\u00e9e de lecture estim\u00e9e\" \/>\n\t<meta name=\"twitter:data2\" content=\"2 minutes\" \/>\n<script type=\"application\/ld+json\" class=\"yoast-schema-graph\">{\"@context\":\"https:\/\/schema.org\",\"@graph\":[{\"@type\":\"WebPage\",\"@id\":\"https:\/\/www.ladiagonale.net\/index.php\/2022\/12\/24\/clement-fait-le-point-sur-la-preparation\/\",\"url\":\"https:\/\/www.ladiagonale.net\/index.php\/2022\/12\/24\/clement-fait-le-point-sur-la-preparation\/\",\"name\":\"Clement fait le point sur la pr\u00e9paration - La Diagonale\",\"isPartOf\":{\"@id\":\"https:\/\/www.ladiagonale.net\/#website\"},\"datePublished\":\"2022-12-24T15:42:26+00:00\",\"dateModified\":\"2022-12-26T17:35:52+00:00\",\"author\":{\"@id\":\"https:\/\/www.ladiagonale.net\/#\/schema\/person\/79ff1e7b0853ed01b2aa26e64ad300bf\"},\"breadcrumb\":{\"@id\":\"https:\/\/www.ladiagonale.net\/index.php\/2022\/12\/24\/clement-fait-le-point-sur-la-preparation\/#breadcrumb\"},\"inLanguage\":\"fr-FR\",\"potentialAction\":[{\"@type\":\"ReadAction\",\"target\":[\"https:\/\/www.ladiagonale.net\/index.php\/2022\/12\/24\/clement-fait-le-point-sur-la-preparation\/\"]}]},{\"@type\":\"BreadcrumbList\",\"@id\":\"https:\/\/www.ladiagonale.net\/index.php\/2022\/12\/24\/clement-fait-le-point-sur-la-preparation\/#breadcrumb\",\"itemListElement\":[{\"@type\":\"ListItem\",\"position\":1,\"name\":\"Accueil\",\"item\":\"https:\/\/www.ladiagonale.net\/\"},{\"@type\":\"ListItem\",\"position\":2,\"name\":\"Clement fait le point sur la pr\u00e9paration\"}]},{\"@type\":\"WebSite\",\"@id\":\"https:\/\/www.ladiagonale.net\/#website\",\"url\":\"https:\/\/www.ladiagonale.net\/\",\"name\":\"La Diagonale\",\"description\":\"Le site des supporters de l&#039;AS Monaco FC\",\"potentialAction\":[{\"@type\":\"SearchAction\",\"target\":{\"@type\":\"EntryPoint\",\"urlTemplate\":\"https:\/\/www.ladiagonale.net\/?s={search_term_string}\"},\"query-input\":\"required name=search_term_string\"}],\"inLanguage\":\"fr-FR\"},{\"@type\":\"Person\",\"@id\":\"https:\/\/www.ladiagonale.net\/#\/schema\/person\/79ff1e7b0853ed01b2aa26e64ad300bf\",\"name\":\"Damien Dellerba\",\"image\":{\"@type\":\"ImageObject\",\"inLanguage\":\"fr-FR\",\"@id\":\"https:\/\/www.ladiagonale.net\/#\/schema\/person\/image\/\",\"url\":\"https:\/\/secure.gravatar.com\/avatar\/c7850e06d3ff63cdbaee88b7fc16e2f0?s=96&d=mm&r=g\",\"contentUrl\":\"https:\/\/secure.gravatar.com\/avatar\/c7850e06d3ff63cdbaee88b7fc16e2f0?s=96&d=mm&r=g\",\"caption\":\"Damien Dellerba\"},\"url\":\"https:\/\/www.ladiagonale.net\/index.php\/author\/damien\/\"}]}<\/script>\n<!-- \/ Yoast SEO plugin. -->","yoast_head_json":{"title":"Clement fait le point sur la pr\u00e9paration - La Diagonale","robots":{"index":"index","follow":"follow","max-snippet":"max-snippet:-1","max-image-preview":"max-image-preview:large","max-video-preview":"max-video-preview:-1"},"canonical":"https:\/\/www.ladiagonale.net\/index.php\/2022\/12\/24\/clement-fait-le-point-sur-la-preparation\/","og_locale":"fr_FR","og_type":"article","og_title":"Clement fait le point sur la pr\u00e9paration - La Diagonale","og_description":"La tr\u00eave internationale touche \u00e0 sa fin et Monaco va bient\u00f4t reprendre du service avec un d\u00e9placement \u00e0 Auxerre mercredi, pour le compte de la 16e journ\u00e9e de Ligue 1. Un agenda bien diff\u00e9rent de celui habituel d\u2019une saison et auquel il a fallu s\u2019adapter. Philippe Clement estime cependant que l\u2019ASM est pr\u00eate \u00e0 reprendre, [...]","og_url":"https:\/\/www.ladiagonale.net\/index.php\/2022\/12\/24\/clement-fait-le-point-sur-la-preparation\/","og_site_name":"La Diagonale","article_published_time":"2022-12-24T15:42:26+00:00","article_modified_time":"2022-12-26T17:35:52+00:00","og_image":[{"width":1160,"height":650,"url":"https:\/\/www.ladiagonale.net\/wp-content\/uploads\/2022\/11\/clement.png","type":"image\/png"}],"author":"Damien Dellerba","twitter_card":"summary_large_image","twitter_image":"https:\/\/www.ladiagonale.net\/wp-content\/uploads\/2022\/11\/clement.png","twitter_misc":{"\u00c9crit par":"Damien Dellerba","Dur\u00e9e de lecture estim\u00e9e":"2 minutes"},"schema":{"@context":"https:\/\/schema.org","@graph":[{"@type":"WebPage","@id":"https:\/\/www.ladiagonale.net\/index.php\/2022\/12\/24\/clement-fait-le-point-sur-la-preparation\/","url":"https:\/\/www.ladiagonale.net\/index.php\/2022\/12\/24\/clement-fait-le-point-sur-la-preparation\/","name":"Clement fait le point sur la pr\u00e9paration - La Diagonale","isPartOf":{"@id":"https:\/\/www.ladiagonale.net\/#website"},"datePublished":"2022-12-24T15:42:26+00:00","dateModified":"2022-12-26T17:35:52+00:00","author":{"@id":"https:\/\/www.ladiagonale.net\/#\/schema\/person\/79ff1e7b0853ed01b2aa26e64ad300bf"},"breadcrumb":{"@id":"https:\/\/www.ladiagonale.net\/index.php\/2022\/12\/24\/clement-fait-le-point-sur-la-preparation\/#breadcrumb"},"inLanguage":"fr-FR","potentialAction":[{"@type":"ReadAction","target":["https:\/\/www.ladiagonale.net\/index.php\/2022\/12\/24\/clement-fait-le-point-sur-la-preparation\/"]}]},{"@type":"BreadcrumbList","@id":"https:\/\/www.ladiagonale.net\/index.php\/2022\/12\/24\/clement-fait-le-point-sur-la-preparation\/#breadcrumb","itemListElement":[{"@type":"ListItem","position":1,"name":"Accueil","item":"https:\/\/www.ladiagonale.net\/"},{"@type":"ListItem","position":2,"name":"Clement fait le point sur la pr\u00e9paration"}]},{"@type":"WebSite","@id":"https:\/\/www.ladiagonale.net\/#website","url":"https:\/\/www.ladiagonale.net\/","name":"La Diagonale","description":"Le site des supporters de l&#039;AS Monaco FC","potentialAction":[{"@type":"SearchAction","target":{"@type":"EntryPoint","urlTemplate":"https:\/\/www.ladiagonale.net\/?s={search_term_string}"},"query-input":"required name=search_term_string"}],"inLanguage":"fr-FR"},{"@type":"Person","@id":"https:\/\/www.ladiagonale.net\/#\/schema\/person\/79ff1e7b0853ed01b2aa26e64ad300bf","name":"Damien Dellerba","image":{"@type":"ImageObject","inLanguage":"fr-FR","@id":"https:\/\/www.ladiagonale.net\/#\/schema\/person\/image\/","url":"https:\/\/secure.gravatar.com\/avatar\/c7850e06d3ff63cdbaee88b7fc16e2f0?s=96&d=mm&r=g","contentUrl":"https:\/\/secure.gravatar.com\/avatar\/c7850e06d3ff63cdbaee88b7fc16e2f0?s=96&d=mm&r=g","caption":"Damien Dellerba"},"url":"https:\/\/www.ladiagonale.net\/index.php\/author\/damien\/"}]}},"_links":{"self":[{"href":"https:\/\/www.ladiagonale.net\/index.php\/wp-json\/wp\/v2\/posts\/7761"}],"collection":[{"href":"https:\/\/www.ladiagonale.net\/index.php\/wp-json\/wp\/v2\/posts"}],"about":[{"href":"https:\/\/www.ladiagonale.net\/index.php\/wp-json\/wp\/v2\/types\/post"}],"author":[{"embeddable":true,"href":"https:\/\/www.ladiagonale.net\/index.php\/wp-json\/wp\/v2\/users\/2"}],"replies":[{"embeddable":true,"href":"https:\/\/www.ladiagonale.net\/index.php\/wp-json\/wp\/v2\/comments?post=7761"}],"version-history":[{"count":3,"href":"https:\/\/www.ladiagonale.net\/index.php\/wp-json\/wp\/v2\/posts\/7761\/revisions"}],"predecessor-version":[{"id":7820,"href":"https:\/\/www.ladiagonale.net\/index.php\/wp-json\/wp\/v2\/posts\/7761\/revisions\/7820"}],"wp:attachment":[{"href":"https:\/\/www.ladiagonale.net\/index.php\/wp-json\/wp\/v2\/media?parent=7761"}],"wp:term":[{"taxonomy":"category","embeddable":true,"href":"https:\/\/www.ladiagonale.net\/index.php\/wp-json\/wp\/v2\/categories?post=7761"},{"taxonomy":"post_tag","embeddable":true,"href":"https:\/\/www.ladiagonale.net\/index.php\/wp-json\/wp\/v2\/tags?post=7761"}],"curies":[{"name":"wp","href":"https:\/\/api.w.org\/{rel}","templated":true}]}}