{"id":7826,"date":"2022-12-26T21:12:37","date_gmt":"2022-12-26T20:12:37","guid":{"rendered":"https:\/\/www.ladiagonale.net\/?p=7826"},"modified":"2022-12-26T21:12:41","modified_gmt":"2022-12-26T20:12:41","slug":"clement-tres-envie-de-developper-les-jeunes-joueurs","status":"publish","type":"post","link":"https:\/\/www.ladiagonale.net\/index.php\/2022\/12\/26\/clement-tres-envie-de-developper-les-jeunes-joueurs\/","title":{"rendered":"Clement : \u00ab\u00a0Tr\u00e8s envie de d\u00e9velopper les jeunes joueurs\u00a0\u00bb"},"content":{"rendered":"\n\n\n<p>La tr\u00eave internationale et les rencontres amicales du mois de d\u00e9cembre ont aussi fait la part belle aux jeunes joueurs de l\u2019Academy, ce qui rentre tout \u00e0 fait dans le projet du club et qui plait \u00e0 Philippe Clement. Le technicien belge a laiss\u00e9 entendre que plusieurs d\u2019entre eux, comme F\u00e9lix Lemarechal, pourraient avoir leur chance dans les mois \u00e0 venir : \u00ab\u00a0<em>C\u2019est un projet avec des jeunes joueurs et j&rsquo;ai tr\u00e8s envie de les d\u00e9velopper avec le staff. Mais il n&rsquo;y a toujours que onze places et un groupe avec quasiment tout le monde. Les prochains mois il y aura quatre \u00e0 cinq jeunes joueurs qui pourront d\u00e9buter.<\/em>\u00a0\u00bb<\/p>\n\n\n\n<p>Mais le coach de l\u2019AS Monaco sait aussi qu\u2019il doit garder un certain \u00e9quilibre : \u00ab\u00a0<em>On ne peut pas lancer dix joueurs en pro par an, cela d\u00e9pend des circonstances. On cherche des d\u00e9fis pour le Groupe \u00c9lite. Ils jouent de bons matchs, difficiles, contre des \u00e9quipes plus exp\u00e9riment\u00e9es. On cherche des matchs pour bien d\u00e9velopper les joueurs. On verra qui nous accompagnera en deuxi\u00e8me partie de saison, cela d\u00e9pend de circonstances. Des joueurs de 17 ans peuvent \u00eatre mieux que des joueurs de 30 certaines fois, je ne regarde pas l\u2019\u00e2ge.<\/em>\u00a0\u00bb<\/p>\n\n\n\n<p>Edan Diop pourrait aussi \u00eatre l\u2019un d\u2019eux, lui qui a obtenu du temps de jeu en \u00e9tant positionn\u00e9 comme lat\u00e9ral droit, profitant de l\u2019absence de Vanderson, qui a rencontr\u00e9 un \u00ab\u00a0<em>petit souci<\/em>\u00a0\u00bb. Clement ne le voit cependant pas \u00e0 ce poste \u00e0 l\u2019avenir, m\u00eame s\u2019il s\u2019est illustr\u00e9 avec un but contre Empoli : \u00ab\u00a0<em>Edan n\u2019est pas un lat\u00e9ral droit, c\u2019est un milieu de terrain. Il a fait des bonnes choses au milieu avec le Groupe Elite, mais aussi avec nous. On a aussi jou\u00e9 contre la r\u00e9serve de Leeds avec les jeunes joueurs et aussi quelques joueurs du groupe pro, et Edan a fait un bon match. Il a jou\u00e9 \u00e0 droite \u00e0 cause des circonstances car Vanderson n\u2019\u00e9tait pas l\u00e0. On ne pouvait pas jouer tout le temps avec Ruben, donc c\u2019\u00e9tait une opportunit\u00e9. Ce n\u2019\u00e9tait pas un examen pour lui.<\/em>\u00a0\u00bb<\/p>\n\n\n\n<p>Il a n\u00e9anmoins pu b\u00e9n\u00e9ficier des conseils de Ruben Aguilar : \u00ab <em>C\u2019est un poste qu\u2019il d\u00e9couvrait et\u00a0Edan a bien fait le job. Il est venu me voir quelque fois pour me demander certaines choses. J&rsquo;ai essay\u00e9 de lui donner quelques conseils. Il a bien jou\u00e9, bien d\u00e9pann\u00e9 et montr\u00e9 ses qualit\u00e9s.\u00a0Ce n\u2019est pas vraiment son poste mais c\u2019est bien d\u2019enrichir sa palette, d\u2019\u00eatre polyvalent, m\u00eame si pour moi c\u2019est plus un milieu de terrain. Empoli jouait en losange et il avait plus de libert\u00e9s offensives. En tous cas, c\u2019\u00e9tait cool de pouvoir \u00e9changer avec lui.<\/em>\u00a0\u00bb<\/p>\n","protected":false},"excerpt":{"rendered":"<p>La tr\u00eave internationale et les rencontres amicales du mois de d\u00e9cembre ont aussi fait la part belle aux jeunes joueurs de l\u2019Academy, ce qui rentre tout \u00e0 fait dans le projet du club et qui plait \u00e0 Philippe Clement. Le technicien belge a laiss\u00e9 entendre que plusieurs d\u2019entre eux, comme F\u00e9lix Lemarechal, pourraient avoir leur [&#8230;]\n","protected":false},"author":2,"featured_media":0,"comment_status":"open","ping_status":"open","sticky":false,"template":"","format":"standard","meta":[],"categories":[6],"tags":[76,86,80],"yoast_head":"<!-- This site is optimized with the Yoast SEO plugin v19.8 - https:\/\/yoast.com\/wordpress\/plugins\/seo\/ -->\n<title>Clement : \u00ab\u00a0Tr\u00e8s envie de d\u00e9velopper les jeunes joueurs\u00a0\u00bb - La Diagonale<\/title>\n<meta name=\"robots\" content=\"index, follow, max-snippet:-1, max-image-preview:large, max-video-preview:-1\" \/>\n<link rel=\"canonical\" href=\"https:\/\/www.ladiagonale.net\/index.php\/2022\/12\/26\/clement-tres-envie-de-developper-les-jeunes-joueurs\/\" \/>\n<meta property=\"og:locale\" content=\"fr_FR\" \/>\n<meta property=\"og:type\" content=\"article\" \/>\n<meta property=\"og:title\" content=\"Clement : \u00ab\u00a0Tr\u00e8s envie de d\u00e9velopper les jeunes joueurs\u00a0\u00bb - La Diagonale\" \/>\n<meta property=\"og:description\" content=\"La tr\u00eave internationale et les rencontres amicales du mois de d\u00e9cembre ont aussi fait la part belle aux jeunes joueurs de l\u2019Academy, ce qui rentre tout \u00e0 fait dans le projet du club et qui plait \u00e0 Philippe Clement. Le technicien belge a laiss\u00e9 entendre que plusieurs d\u2019entre eux, comme F\u00e9lix Lemarechal, pourraient avoir leur [...]\" \/>\n<meta property=\"og:url\" content=\"https:\/\/www.ladiagonale.net\/index.php\/2022\/12\/26\/clement-tres-envie-de-developper-les-jeunes-joueurs\/\" \/>\n<meta property=\"og:site_name\" content=\"La Diagonale\" \/>\n<meta property=\"article:published_time\" content=\"2022-12-26T20:12:37+00:00\" \/>\n<meta property=\"article:modified_time\" content=\"2022-12-26T20:12:41+00:00\" \/>\n<meta property=\"og:image\" content=\"https:\/\/www.ladiagonale.net\/wp-content\/uploads\/2022\/12\/edan-diop.png\" \/>\n\t<meta property=\"og:image:width\" content=\"1160\" \/>\n\t<meta property=\"og:image:height\" content=\"650\" \/>\n\t<meta property=\"og:image:type\" content=\"image\/png\" \/>\n<meta name=\"author\" content=\"Damien Dellerba\" \/>\n<meta name=\"twitter:card\" content=\"summary_large_image\" \/>\n<meta name=\"twitter:image\" content=\"https:\/\/www.ladiagonale.net\/wp-content\/uploads\/2022\/12\/edan-diop.png\" \/>\n<meta name=\"twitter:label1\" content=\"\u00c9crit par\" \/>\n\t<meta name=\"twitter:data1\" content=\"Damien Dellerba\" \/>\n\t<meta name=\"twitter:label2\" content=\"Dur\u00e9e de lecture estim\u00e9e\" \/>\n\t<meta name=\"twitter:data2\" content=\"3 minutes\" \/>\n<script type=\"application\/ld+json\" class=\"yoast-schema-graph\">{\"@context\":\"https:\/\/schema.org\",\"@graph\":[{\"@type\":\"WebPage\",\"@id\":\"https:\/\/www.ladiagonale.net\/index.php\/2022\/12\/26\/clement-tres-envie-de-developper-les-jeunes-joueurs\/\",\"url\":\"https:\/\/www.ladiagonale.net\/index.php\/2022\/12\/26\/clement-tres-envie-de-developper-les-jeunes-joueurs\/\",\"name\":\"Clement : \u00ab\u00a0Tr\u00e8s envie de d\u00e9velopper les jeunes joueurs\u00a0\u00bb - La Diagonale\",\"isPartOf\":{\"@id\":\"https:\/\/www.ladiagonale.net\/#website\"},\"datePublished\":\"2022-12-26T20:12:37+00:00\",\"dateModified\":\"2022-12-26T20:12:41+00:00\",\"author\":{\"@id\":\"https:\/\/www.ladiagonale.net\/#\/schema\/person\/79ff1e7b0853ed01b2aa26e64ad300bf\"},\"breadcrumb\":{\"@id\":\"https:\/\/www.ladiagonale.net\/index.php\/2022\/12\/26\/clement-tres-envie-de-developper-les-jeunes-joueurs\/#breadcrumb\"},\"inLanguage\":\"fr-FR\",\"potentialAction\":[{\"@type\":\"ReadAction\",\"target\":[\"https:\/\/www.ladiagonale.net\/index.php\/2022\/12\/26\/clement-tres-envie-de-developper-les-jeunes-joueurs\/\"]}]},{\"@type\":\"BreadcrumbList\",\"@id\":\"https:\/\/www.ladiagonale.net\/index.php\/2022\/12\/26\/clement-tres-envie-de-developper-les-jeunes-joueurs\/#breadcrumb\",\"itemListElement\":[{\"@type\":\"ListItem\",\"position\":1,\"name\":\"Accueil\",\"item\":\"https:\/\/www.ladiagonale.net\/\"},{\"@type\":\"ListItem\",\"position\":2,\"name\":\"Clement : \u00ab\u00a0Tr\u00e8s envie de d\u00e9velopper les jeunes joueurs\u00a0\u00bb\"}]},{\"@type\":\"WebSite\",\"@id\":\"https:\/\/www.ladiagonale.net\/#website\",\"url\":\"https:\/\/www.ladiagonale.net\/\",\"name\":\"La Diagonale\",\"description\":\"Le site des supporters de l&#039;AS Monaco FC\",\"potentialAction\":[{\"@type\":\"SearchAction\",\"target\":{\"@type\":\"EntryPoint\",\"urlTemplate\":\"https:\/\/www.ladiagonale.net\/?s={search_term_string}\"},\"query-input\":\"required name=search_term_string\"}],\"inLanguage\":\"fr-FR\"},{\"@type\":\"Person\",\"@id\":\"https:\/\/www.ladiagonale.net\/#\/schema\/person\/79ff1e7b0853ed01b2aa26e64ad300bf\",\"name\":\"Damien Dellerba\",\"image\":{\"@type\":\"ImageObject\",\"inLanguage\":\"fr-FR\",\"@id\":\"https:\/\/www.ladiagonale.net\/#\/schema\/person\/image\/\",\"url\":\"https:\/\/secure.gravatar.com\/avatar\/c7850e06d3ff63cdbaee88b7fc16e2f0?s=96&d=mm&r=g\",\"contentUrl\":\"https:\/\/secure.gravatar.com\/avatar\/c7850e06d3ff63cdbaee88b7fc16e2f0?s=96&d=mm&r=g\",\"caption\":\"Damien Dellerba\"},\"url\":\"https:\/\/www.ladiagonale.net\/index.php\/author\/damien\/\"}]}<\/script>\n<!-- \/ Yoast SEO plugin. -->","yoast_head_json":{"title":"Clement : \u00ab\u00a0Tr\u00e8s envie de d\u00e9velopper les jeunes joueurs\u00a0\u00bb - La Diagonale","robots":{"index":"index","follow":"follow","max-snippet":"max-snippet:-1","max-image-preview":"max-image-preview:large","max-video-preview":"max-video-preview:-1"},"canonical":"https:\/\/www.ladiagonale.net\/index.php\/2022\/12\/26\/clement-tres-envie-de-developper-les-jeunes-joueurs\/","og_locale":"fr_FR","og_type":"article","og_title":"Clement : \u00ab\u00a0Tr\u00e8s envie de d\u00e9velopper les jeunes joueurs\u00a0\u00bb - La Diagonale","og_description":"La tr\u00eave internationale et les rencontres amicales du mois de d\u00e9cembre ont aussi fait la part belle aux jeunes joueurs de l\u2019Academy, ce qui rentre tout \u00e0 fait dans le projet du club et qui plait \u00e0 Philippe Clement. Le technicien belge a laiss\u00e9 entendre que plusieurs d\u2019entre eux, comme F\u00e9lix Lemarechal, pourraient avoir leur [...]","og_url":"https:\/\/www.ladiagonale.net\/index.php\/2022\/12\/26\/clement-tres-envie-de-developper-les-jeunes-joueurs\/","og_site_name":"La Diagonale","article_published_time":"2022-12-26T20:12:37+00:00","article_modified_time":"2022-12-26T20:12:41+00:00","og_image":[{"width":1160,"height":650,"url":"https:\/\/www.ladiagonale.net\/wp-content\/uploads\/2022\/12\/edan-diop.png","type":"image\/png"}],"author":"Damien Dellerba","twitter_card":"summary_large_image","twitter_image":"https:\/\/www.ladiagonale.net\/wp-content\/uploads\/2022\/12\/edan-diop.png","twitter_misc":{"\u00c9crit par":"Damien Dellerba","Dur\u00e9e de lecture estim\u00e9e":"3 minutes"},"schema":{"@context":"https:\/\/schema.org","@graph":[{"@type":"WebPage","@id":"https:\/\/www.ladiagonale.net\/index.php\/2022\/12\/26\/clement-tres-envie-de-developper-les-jeunes-joueurs\/","url":"https:\/\/www.ladiagonale.net\/index.php\/2022\/12\/26\/clement-tres-envie-de-developper-les-jeunes-joueurs\/","name":"Clement : \u00ab\u00a0Tr\u00e8s envie de d\u00e9velopper les jeunes joueurs\u00a0\u00bb - La Diagonale","isPartOf":{"@id":"https:\/\/www.ladiagonale.net\/#website"},"datePublished":"2022-12-26T20:12:37+00:00","dateModified":"2022-12-26T20:12:41+00:00","author":{"@id":"https:\/\/www.ladiagonale.net\/#\/schema\/person\/79ff1e7b0853ed01b2aa26e64ad300bf"},"breadcrumb":{"@id":"https:\/\/www.ladiagonale.net\/index.php\/2022\/12\/26\/clement-tres-envie-de-developper-les-jeunes-joueurs\/#breadcrumb"},"inLanguage":"fr-FR","potentialAction":[{"@type":"ReadAction","target":["https:\/\/www.ladiagonale.net\/index.php\/2022\/12\/26\/clement-tres-envie-de-developper-les-jeunes-joueurs\/"]}]},{"@type":"BreadcrumbList","@id":"https:\/\/www.ladiagonale.net\/index.php\/2022\/12\/26\/clement-tres-envie-de-developper-les-jeunes-joueurs\/#breadcrumb","itemListElement":[{"@type":"ListItem","position":1,"name":"Accueil","item":"https:\/\/www.ladiagonale.net\/"},{"@type":"ListItem","position":2,"name":"Clement : \u00ab\u00a0Tr\u00e8s envie de d\u00e9velopper les jeunes joueurs\u00a0\u00bb"}]},{"@type":"WebSite","@id":"https:\/\/www.ladiagonale.net\/#website","url":"https:\/\/www.ladiagonale.net\/","name":"La Diagonale","description":"Le site des supporters de l&#039;AS Monaco FC","potentialAction":[{"@type":"SearchAction","target":{"@type":"EntryPoint","urlTemplate":"https:\/\/www.ladiagonale.net\/?s={search_term_string}"},"query-input":"required name=search_term_string"}],"inLanguage":"fr-FR"},{"@type":"Person","@id":"https:\/\/www.ladiagonale.net\/#\/schema\/person\/79ff1e7b0853ed01b2aa26e64ad300bf","name":"Damien Dellerba","image":{"@type":"ImageObject","inLanguage":"fr-FR","@id":"https:\/\/www.ladiagonale.net\/#\/schema\/person\/image\/","url":"https:\/\/secure.gravatar.com\/avatar\/c7850e06d3ff63cdbaee88b7fc16e2f0?s=96&d=mm&r=g","contentUrl":"https:\/\/secure.gravatar.com\/avatar\/c7850e06d3ff63cdbaee88b7fc16e2f0?s=96&d=mm&r=g","caption":"Damien Dellerba"},"url":"https:\/\/www.ladiagonale.net\/index.php\/author\/damien\/"}]}},"_links":{"self":[{"href":"https:\/\/www.ladiagonale.net\/index.php\/wp-json\/wp\/v2\/posts\/7826"}],"collection":[{"href":"https:\/\/www.ladiagonale.net\/index.php\/wp-json\/wp\/v2\/posts"}],"about":[{"href":"https:\/\/www.ladiagonale.net\/index.php\/wp-json\/wp\/v2\/types\/post"}],"author":[{"embeddable":true,"href":"https:\/\/www.ladiagonale.net\/index.php\/wp-json\/wp\/v2\/users\/2"}],"replies":[{"embeddable":true,"href":"https:\/\/www.ladiagonale.net\/index.php\/wp-json\/wp\/v2\/comments?post=7826"}],"version-history":[{"count":1,"href":"https:\/\/www.ladiagonale.net\/index.php\/wp-json\/wp\/v2\/posts\/7826\/revisions"}],"predecessor-version":[{"id":7827,"href":"https:\/\/www.ladiagonale.net\/index.php\/wp-json\/wp\/v2\/posts\/7826\/revisions\/7827"}],"wp:attachment":[{"href":"https:\/\/www.ladiagonale.net\/index.php\/wp-json\/wp\/v2\/media?parent=7826"}],"wp:term":[{"taxonomy":"category","embeddable":true,"href":"https:\/\/www.ladiagonale.net\/index.php\/wp-json\/wp\/v2\/categories?post=7826"},{"taxonomy":"post_tag","embeddable":true,"href":"https:\/\/www.ladiagonale.net\/index.php\/wp-json\/wp\/v2\/tags?post=7826"}],"curies":[{"name":"wp","href":"https:\/\/api.w.org\/{rel}","templated":true}]}}