{"id":7828,"date":"2022-12-26T21:54:31","date_gmt":"2022-12-26T20:54:31","guid":{"rendered":"https:\/\/www.ladiagonale.net\/?p=7828"},"modified":"2022-12-26T21:54:35","modified_gmt":"2022-12-26T20:54:35","slug":"badiashile-serait-en-discussions-avancees-avec-chelsea","status":"publish","type":"post","link":"https:\/\/www.ladiagonale.net\/index.php\/2022\/12\/26\/badiashile-serait-en-discussions-avancees-avec-chelsea\/","title":{"rendered":"Badiashile serait en discussions avanc\u00e9es avec Chelsea"},"content":{"rendered":"\n\n\n<p>L&rsquo;avenir de Beno\u00eet Badiashile semble devoir s&rsquo;inscrire en pointill\u00e9s sur le Rocher. Alors qu&rsquo;un transfert semblait plus probable pour l&rsquo;\u00e9t\u00e9 prochain, Chelsea pousserait fort pour enr\u00f4ler l&rsquo;international fran\u00e7ais et ce d\u00e8s le mercato hivernal, qui doit ouvrir ses portes le 1<sup>er<\/sup> janvier 2023, \u00e0 minuit. D&rsquo;apr\u00e8s <em>Foot Mercato<\/em>, une <a href=\"https:\/\/www.ladiagonale.net\/index.php\/2022\/12\/24\/une-offre-de-40-millions-pour-badiashile-actualise\/\">premi\u00e8re offre de 40 millions aurait \u00e9t\u00e9 transmise<\/a> \u00e0 l&rsquo;ASM.<\/p>\n\n\n\n<p>Mais selon le journaliste italien Fabrizio Romano, le club londonien serait aussi en discussions avanc\u00e9es avec le d\u00e9fenseur central et celles-ci porteraient sur un contrat longue-dur\u00e9e. \u00c2g\u00e9 de 21 ans, Badiashile ne serait pas contre rejoindre l&rsquo;Angleterre d\u00e8s le mois de janvier, alors qu&rsquo;il ne lui reste plus qu&rsquo;un an et demi de contrat avec le club de la Principaut\u00e9.<\/p>\n\n\n\n<figure class=\"wp-block-embed is-type-rich is-provider-twitter wp-block-embed-twitter\"><div class=\"wp-block-embed__wrapper\">\n<blockquote class=\"twitter-tweet\" data-width=\"550\" data-dnt=\"true\"><p lang=\"en\" dir=\"ltr\">More on Beno\u00eet Badiashile deal. Talks are well advanced also on player side as French centre back is open to join Chelsea in January, long term deal has been discussed. \ud83d\udea8\ud83d\udd35 <a href=\"https:\/\/twitter.com\/hashtag\/CFC?src=hash&amp;ref_src=twsrc%5Etfw\">#CFC<\/a><br><br>Chelsea are working to get deal sealed with AS Monaco as soon as possible. <a href=\"https:\/\/t.co\/zH5MmEgiEn\">pic.twitter.com\/zH5MmEgiEn<\/a><\/p>&mdash; Fabrizio Romano (@FabrizioRomano) <a href=\"https:\/\/twitter.com\/FabrizioRomano\/status\/1607427272658518016?ref_src=twsrc%5Etfw\">December 26, 2022<\/a><\/blockquote><script async src=\"https:\/\/platform.twitter.com\/widgets.js\" charset=\"utf-8\"><\/script>\n<\/div><\/figure>\n","protected":false},"excerpt":{"rendered":"<p>L&rsquo;avenir de Beno\u00eet Badiashile semble devoir s&rsquo;inscrire en pointill\u00e9s sur le Rocher. Alors qu&rsquo;un transfert semblait plus probable pour l&rsquo;\u00e9t\u00e9 prochain, Chelsea pousserait fort pour enr\u00f4ler l&rsquo;international fran\u00e7ais et ce d\u00e8s le mercato hivernal, qui doit ouvrir ses portes le 1er janvier 2023, \u00e0 minuit. D&rsquo;apr\u00e8s Foot Mercato, une premi\u00e8re offre de 40 millions aurait [&#8230;]\n","protected":false},"author":2,"featured_media":0,"comment_status":"open","ping_status":"open","sticky":false,"template":"","format":"standard","meta":[],"categories":[6],"tags":[86,177,111,110],"yoast_head":"<!-- This site is optimized with the Yoast SEO plugin v19.8 - https:\/\/yoast.com\/wordpress\/plugins\/seo\/ -->\n<title>Badiashile serait en discussions avanc\u00e9es avec Chelsea - La Diagonale<\/title>\n<meta name=\"robots\" content=\"index, follow, max-snippet:-1, max-image-preview:large, max-video-preview:-1\" \/>\n<link rel=\"canonical\" href=\"https:\/\/www.ladiagonale.net\/index.php\/2022\/12\/26\/badiashile-serait-en-discussions-avancees-avec-chelsea\/\" \/>\n<meta property=\"og:locale\" content=\"fr_FR\" \/>\n<meta property=\"og:type\" content=\"article\" \/>\n<meta property=\"og:title\" content=\"Badiashile serait en discussions avanc\u00e9es avec Chelsea - La Diagonale\" \/>\n<meta property=\"og:description\" content=\"L&rsquo;avenir de Beno\u00eet Badiashile semble devoir s&rsquo;inscrire en pointill\u00e9s sur le Rocher. Alors qu&rsquo;un transfert semblait plus probable pour l&rsquo;\u00e9t\u00e9 prochain, Chelsea pousserait fort pour enr\u00f4ler l&rsquo;international fran\u00e7ais et ce d\u00e8s le mercato hivernal, qui doit ouvrir ses portes le 1er janvier 2023, \u00e0 minuit. D&rsquo;apr\u00e8s Foot Mercato, une premi\u00e8re offre de 40 millions aurait [...]\" \/>\n<meta property=\"og:url\" content=\"https:\/\/www.ladiagonale.net\/index.php\/2022\/12\/26\/badiashile-serait-en-discussions-avancees-avec-chelsea\/\" \/>\n<meta property=\"og:site_name\" content=\"La Diagonale\" \/>\n<meta property=\"article:published_time\" content=\"2022-12-26T20:54:31+00:00\" \/>\n<meta property=\"article:modified_time\" content=\"2022-12-26T20:54:35+00:00\" \/>\n<meta property=\"og:image\" content=\"https:\/\/www.ladiagonale.net\/wp-content\/uploads\/2022\/10\/62cdaefa576be.jpg\" \/>\n\t<meta property=\"og:image:width\" content=\"800\" \/>\n\t<meta property=\"og:image:height\" content=\"448\" \/>\n\t<meta property=\"og:image:type\" content=\"image\/jpeg\" \/>\n<meta name=\"author\" content=\"Damien Dellerba\" \/>\n<meta name=\"twitter:card\" content=\"summary_large_image\" \/>\n<meta name=\"twitter:image\" content=\"https:\/\/www.ladiagonale.net\/wp-content\/uploads\/2022\/10\/62cdaefa576be.jpg\" \/>\n<meta name=\"twitter:label1\" content=\"\u00c9crit par\" \/>\n\t<meta name=\"twitter:data1\" content=\"Damien Dellerba\" \/>\n\t<meta name=\"twitter:label2\" content=\"Dur\u00e9e de lecture estim\u00e9e\" \/>\n\t<meta name=\"twitter:data2\" content=\"1 minute\" \/>\n<script type=\"application\/ld+json\" class=\"yoast-schema-graph\">{\"@context\":\"https:\/\/schema.org\",\"@graph\":[{\"@type\":\"WebPage\",\"@id\":\"https:\/\/www.ladiagonale.net\/index.php\/2022\/12\/26\/badiashile-serait-en-discussions-avancees-avec-chelsea\/\",\"url\":\"https:\/\/www.ladiagonale.net\/index.php\/2022\/12\/26\/badiashile-serait-en-discussions-avancees-avec-chelsea\/\",\"name\":\"Badiashile serait en discussions avanc\u00e9es avec Chelsea - La Diagonale\",\"isPartOf\":{\"@id\":\"https:\/\/www.ladiagonale.net\/#website\"},\"datePublished\":\"2022-12-26T20:54:31+00:00\",\"dateModified\":\"2022-12-26T20:54:35+00:00\",\"author\":{\"@id\":\"https:\/\/www.ladiagonale.net\/#\/schema\/person\/79ff1e7b0853ed01b2aa26e64ad300bf\"},\"breadcrumb\":{\"@id\":\"https:\/\/www.ladiagonale.net\/index.php\/2022\/12\/26\/badiashile-serait-en-discussions-avancees-avec-chelsea\/#breadcrumb\"},\"inLanguage\":\"fr-FR\",\"potentialAction\":[{\"@type\":\"ReadAction\",\"target\":[\"https:\/\/www.ladiagonale.net\/index.php\/2022\/12\/26\/badiashile-serait-en-discussions-avancees-avec-chelsea\/\"]}]},{\"@type\":\"BreadcrumbList\",\"@id\":\"https:\/\/www.ladiagonale.net\/index.php\/2022\/12\/26\/badiashile-serait-en-discussions-avancees-avec-chelsea\/#breadcrumb\",\"itemListElement\":[{\"@type\":\"ListItem\",\"position\":1,\"name\":\"Accueil\",\"item\":\"https:\/\/www.ladiagonale.net\/\"},{\"@type\":\"ListItem\",\"position\":2,\"name\":\"Badiashile serait en discussions avanc\u00e9es avec Chelsea\"}]},{\"@type\":\"WebSite\",\"@id\":\"https:\/\/www.ladiagonale.net\/#website\",\"url\":\"https:\/\/www.ladiagonale.net\/\",\"name\":\"La Diagonale\",\"description\":\"Le site des supporters de l&#039;AS Monaco FC\",\"potentialAction\":[{\"@type\":\"SearchAction\",\"target\":{\"@type\":\"EntryPoint\",\"urlTemplate\":\"https:\/\/www.ladiagonale.net\/?s={search_term_string}\"},\"query-input\":\"required name=search_term_string\"}],\"inLanguage\":\"fr-FR\"},{\"@type\":\"Person\",\"@id\":\"https:\/\/www.ladiagonale.net\/#\/schema\/person\/79ff1e7b0853ed01b2aa26e64ad300bf\",\"name\":\"Damien Dellerba\",\"image\":{\"@type\":\"ImageObject\",\"inLanguage\":\"fr-FR\",\"@id\":\"https:\/\/www.ladiagonale.net\/#\/schema\/person\/image\/\",\"url\":\"https:\/\/secure.gravatar.com\/avatar\/c7850e06d3ff63cdbaee88b7fc16e2f0?s=96&d=mm&r=g\",\"contentUrl\":\"https:\/\/secure.gravatar.com\/avatar\/c7850e06d3ff63cdbaee88b7fc16e2f0?s=96&d=mm&r=g\",\"caption\":\"Damien Dellerba\"},\"url\":\"https:\/\/www.ladiagonale.net\/index.php\/author\/damien\/\"}]}<\/script>\n<!-- \/ Yoast SEO plugin. -->","yoast_head_json":{"title":"Badiashile serait en discussions avanc\u00e9es avec Chelsea - La Diagonale","robots":{"index":"index","follow":"follow","max-snippet":"max-snippet:-1","max-image-preview":"max-image-preview:large","max-video-preview":"max-video-preview:-1"},"canonical":"https:\/\/www.ladiagonale.net\/index.php\/2022\/12\/26\/badiashile-serait-en-discussions-avancees-avec-chelsea\/","og_locale":"fr_FR","og_type":"article","og_title":"Badiashile serait en discussions avanc\u00e9es avec Chelsea - La Diagonale","og_description":"L&rsquo;avenir de Beno\u00eet Badiashile semble devoir s&rsquo;inscrire en pointill\u00e9s sur le Rocher. Alors qu&rsquo;un transfert semblait plus probable pour l&rsquo;\u00e9t\u00e9 prochain, Chelsea pousserait fort pour enr\u00f4ler l&rsquo;international fran\u00e7ais et ce d\u00e8s le mercato hivernal, qui doit ouvrir ses portes le 1er janvier 2023, \u00e0 minuit. D&rsquo;apr\u00e8s Foot Mercato, une premi\u00e8re offre de 40 millions aurait [...]","og_url":"https:\/\/www.ladiagonale.net\/index.php\/2022\/12\/26\/badiashile-serait-en-discussions-avancees-avec-chelsea\/","og_site_name":"La Diagonale","article_published_time":"2022-12-26T20:54:31+00:00","article_modified_time":"2022-12-26T20:54:35+00:00","og_image":[{"width":800,"height":448,"url":"https:\/\/www.ladiagonale.net\/wp-content\/uploads\/2022\/10\/62cdaefa576be.jpg","type":"image\/jpeg"}],"author":"Damien Dellerba","twitter_card":"summary_large_image","twitter_image":"https:\/\/www.ladiagonale.net\/wp-content\/uploads\/2022\/10\/62cdaefa576be.jpg","twitter_misc":{"\u00c9crit par":"Damien Dellerba","Dur\u00e9e de lecture estim\u00e9e":"1 minute"},"schema":{"@context":"https:\/\/schema.org","@graph":[{"@type":"WebPage","@id":"https:\/\/www.ladiagonale.net\/index.php\/2022\/12\/26\/badiashile-serait-en-discussions-avancees-avec-chelsea\/","url":"https:\/\/www.ladiagonale.net\/index.php\/2022\/12\/26\/badiashile-serait-en-discussions-avancees-avec-chelsea\/","name":"Badiashile serait en discussions avanc\u00e9es avec Chelsea - La Diagonale","isPartOf":{"@id":"https:\/\/www.ladiagonale.net\/#website"},"datePublished":"2022-12-26T20:54:31+00:00","dateModified":"2022-12-26T20:54:35+00:00","author":{"@id":"https:\/\/www.ladiagonale.net\/#\/schema\/person\/79ff1e7b0853ed01b2aa26e64ad300bf"},"breadcrumb":{"@id":"https:\/\/www.ladiagonale.net\/index.php\/2022\/12\/26\/badiashile-serait-en-discussions-avancees-avec-chelsea\/#breadcrumb"},"inLanguage":"fr-FR","potentialAction":[{"@type":"ReadAction","target":["https:\/\/www.ladiagonale.net\/index.php\/2022\/12\/26\/badiashile-serait-en-discussions-avancees-avec-chelsea\/"]}]},{"@type":"BreadcrumbList","@id":"https:\/\/www.ladiagonale.net\/index.php\/2022\/12\/26\/badiashile-serait-en-discussions-avancees-avec-chelsea\/#breadcrumb","itemListElement":[{"@type":"ListItem","position":1,"name":"Accueil","item":"https:\/\/www.ladiagonale.net\/"},{"@type":"ListItem","position":2,"name":"Badiashile serait en discussions avanc\u00e9es avec Chelsea"}]},{"@type":"WebSite","@id":"https:\/\/www.ladiagonale.net\/#website","url":"https:\/\/www.ladiagonale.net\/","name":"La Diagonale","description":"Le site des supporters de l&#039;AS Monaco FC","potentialAction":[{"@type":"SearchAction","target":{"@type":"EntryPoint","urlTemplate":"https:\/\/www.ladiagonale.net\/?s={search_term_string}"},"query-input":"required name=search_term_string"}],"inLanguage":"fr-FR"},{"@type":"Person","@id":"https:\/\/www.ladiagonale.net\/#\/schema\/person\/79ff1e7b0853ed01b2aa26e64ad300bf","name":"Damien Dellerba","image":{"@type":"ImageObject","inLanguage":"fr-FR","@id":"https:\/\/www.ladiagonale.net\/#\/schema\/person\/image\/","url":"https:\/\/secure.gravatar.com\/avatar\/c7850e06d3ff63cdbaee88b7fc16e2f0?s=96&d=mm&r=g","contentUrl":"https:\/\/secure.gravatar.com\/avatar\/c7850e06d3ff63cdbaee88b7fc16e2f0?s=96&d=mm&r=g","caption":"Damien Dellerba"},"url":"https:\/\/www.ladiagonale.net\/index.php\/author\/damien\/"}]}},"_links":{"self":[{"href":"https:\/\/www.ladiagonale.net\/index.php\/wp-json\/wp\/v2\/posts\/7828"}],"collection":[{"href":"https:\/\/www.ladiagonale.net\/index.php\/wp-json\/wp\/v2\/posts"}],"about":[{"href":"https:\/\/www.ladiagonale.net\/index.php\/wp-json\/wp\/v2\/types\/post"}],"author":[{"embeddable":true,"href":"https:\/\/www.ladiagonale.net\/index.php\/wp-json\/wp\/v2\/users\/2"}],"replies":[{"embeddable":true,"href":"https:\/\/www.ladiagonale.net\/index.php\/wp-json\/wp\/v2\/comments?post=7828"}],"version-history":[{"count":1,"href":"https:\/\/www.ladiagonale.net\/index.php\/wp-json\/wp\/v2\/posts\/7828\/revisions"}],"predecessor-version":[{"id":7829,"href":"https:\/\/www.ladiagonale.net\/index.php\/wp-json\/wp\/v2\/posts\/7828\/revisions\/7829"}],"wp:attachment":[{"href":"https:\/\/www.ladiagonale.net\/index.php\/wp-json\/wp\/v2\/media?parent=7828"}],"wp:term":[{"taxonomy":"category","embeddable":true,"href":"https:\/\/www.ladiagonale.net\/index.php\/wp-json\/wp\/v2\/categories?post=7828"},{"taxonomy":"post_tag","embeddable":true,"href":"https:\/\/www.ladiagonale.net\/index.php\/wp-json\/wp\/v2\/tags?post=7828"}],"curies":[{"name":"wp","href":"https:\/\/api.w.org\/{rel}","templated":true}]}}