{"id":7927,"date":"2022-12-28T22:55:54","date_gmt":"2022-12-28T21:55:54","guid":{"rendered":"https:\/\/www.ladiagonale.net\/?p=7927"},"modified":"2022-12-29T00:51:17","modified_gmt":"2022-12-28T23:51:17","slug":"clement-des-choix-dictes-par-le-scenario","status":"publish","type":"post","link":"https:\/\/www.ladiagonale.net\/index.php\/2022\/12\/28\/clement-des-choix-dictes-par-le-scenario\/","title":{"rendered":"Clement : \u00ab\u00a0Des choix dict\u00e9s par le sc\u00e9nario\u00a0\u00bb"},"content":{"rendered":"\n\n\n<p>Philippe Clement est satisfait de reprendre le championnat par un succ\u00e8s, m\u00eame si certaines choses ne lui ont pas plu, \u00e0 commencer par les 45 premi\u00e8res minutes :\u00a0\u00ab\u00a0<em>Mes choix \u00e0 la mi-temps ont \u00e9t\u00e9 dict\u00e9s par le sc\u00e9nario, car je n\u2019\u00e9tais pas content de notre premi\u00e8re p\u00e9riode. Notre force est d\u2019avoir une unit\u00e9 dans ce groupe, et de la qualit\u00e9 partout, y compris sur le banc. Il n\u2019y avait pas assez de mouvements sans ballon \u00e0 mon go\u00fbt, nous \u00e9tions trop statiques. Nous \u00e9tions aussi en minorit\u00e9 au milieu de terrain, donc j\u2019ai d\u00e9cid\u00e9 d\u2019effectuer des changements.<\/em>\u00a0\u00bb<\/p>\n\n\n\n<p>Le Belge a trouv\u00e9 l\u2019adversit\u00e9 relev\u00e9e : \u00ab\u00a0<em>C\u2019est important de gagner aujourd\u2019hui, surtout qu\u2019on voit qu\u2019il y a une nouvelle dynamique ici \u00e0 Auxerre. Apr\u00e8s la venue du nouveau coach, ils ont eu quatre semaines pour pr\u00e9parer ce match \u00e0 domicile, dans un stade plein. J\u2019ai trouv\u00e9 qu\u2019il y avait beaucoup d\u2019\u00e9nergie et d\u2019engagement dans cette \u00e9quipe, qui peut faire mal, notamment avec certaines individualit\u00e9s.\u00a0(\u2026) J\u2019ai appr\u00e9ci\u00e9 comment Auxerre a jou\u00e9 aujourd\u2019hui, et nous sommes d\u2019autant plus contents de gagner \u00e0 l\u2019arriv\u00e9e.<\/em>\u00a0\u00bb<\/p>\n\n\n\n<blockquote class=\"wp-block-quote\"><p>Eliesse a seulement 17 ans, mais quand tu prouves autant durant les s\u00e9ances, peu importe l\u2019\u00e2ge !<\/p><cite>Philippe Clement<\/cite><\/blockquote>\n\n\n\n<p>Les choix de Clement ont \u00e9t\u00e9 payants et la r\u00e9action de son \u00e9quipe a permis de gagner la rencontre : \u00ab\u00a0<em>Tous les joueurs qui sont rentr\u00e9s ont donn\u00e9 beaucoup d\u2019\u00e9nergie pour l\u2019\u00e9quipe, ils se sont battus, et c\u2019est notre force ! \u00c7a doit le rester pour les prochains mois, car nous avons beaucoup de matchs devant nous, et surtout de l\u2019ambition. Je suis tr\u00e8s content que l\u2019on gagne ensemble.<\/em>\u00a0\u00bb Des joueurs comme Gelson Martins ou Malang Sarr ont eu leur chance : \u00ab\u00a0<em>Ce sont les joueurs qui font l\u2019\u00e9quipe, pas le staff et moi<\/em>\u00a0\u00bb, a-t-il dit, en pr\u00e9cisant que les deux joueurs avaient gagn\u00e9 leur place \u00e0 l\u2019entra\u00eenement et lors des matchs amicaux.<\/p>\n\n\n\n<p>Tout comme celui qui a crev\u00e9 l\u2019\u00e9cran, Eliesse Ben Seghir, avec un doubl\u00e9 pour lui : \u00ab\u00a0<em>Ce n\u2019est pas une surprise pour moi, car il montre de tr\u00e8s belles choses \u00e0 l\u2019entra\u00eenement avec nous. (\u2026) Eliesse a seulement 17 ans, mais quand tu prouves autant durant les s\u00e9ances, peu importe l\u2019\u00e2ge ! Il a m\u00e9rit\u00e9 d\u2019avoir sa chance aujourd\u2019hui, car il a fait une bonne pr\u00e9paration ces derni\u00e8res semaines avec nous, et lors des matchs amicaux. Nous sommes contents de ce qu\u2019il a fait ce soir, m\u00eame s\u2019il a naturellement une grosse marge de progression. (\u2026) C\u2019est quelqu\u2019un qui peut apporter \u00e0 l\u2019\u00e9quipe, par son dynamisme, son \u00e9nergie. C\u2019\u00e9tait important dans ce match d\u2019avoir un joueur comme \u00e7a.<\/em>\u00a0\u00bb<\/p>\n\n\n\n<p>Source : <em>AS Monaco<\/em><\/p>\n","protected":false},"excerpt":{"rendered":"<p>Philippe Clement est satisfait de reprendre le championnat par un succ\u00e8s, m\u00eame si certaines choses ne lui ont pas plu, \u00e0 commencer par les 45 premi\u00e8res minutes :\u00a0\u00ab\u00a0Mes choix \u00e0 la mi-temps ont \u00e9t\u00e9 dict\u00e9s par le sc\u00e9nario, car je n\u2019\u00e9tais pas content de notre premi\u00e8re p\u00e9riode. Notre force est d\u2019avoir une unit\u00e9 dans ce [&#8230;]\n","protected":false},"author":2,"featured_media":0,"comment_status":"open","ping_status":"open","sticky":false,"template":"","format":"standard","meta":[],"categories":[6],"tags":[86,353,94,191],"yoast_head":"<!-- This site is optimized with the Yoast SEO plugin v19.8 - https:\/\/yoast.com\/wordpress\/plugins\/seo\/ -->\n<title>Clement : \u00ab\u00a0Des choix dict\u00e9s par le sc\u00e9nario\u00a0\u00bb - La Diagonale<\/title>\n<meta name=\"robots\" content=\"index, follow, max-snippet:-1, max-image-preview:large, max-video-preview:-1\" \/>\n<link rel=\"canonical\" href=\"https:\/\/www.ladiagonale.net\/index.php\/2022\/12\/28\/clement-des-choix-dictes-par-le-scenario\/\" \/>\n<meta property=\"og:locale\" content=\"fr_FR\" \/>\n<meta property=\"og:type\" content=\"article\" \/>\n<meta property=\"og:title\" content=\"Clement : \u00ab\u00a0Des choix dict\u00e9s par le sc\u00e9nario\u00a0\u00bb - La Diagonale\" \/>\n<meta property=\"og:description\" content=\"Philippe Clement est satisfait de reprendre le championnat par un succ\u00e8s, m\u00eame si certaines choses ne lui ont pas plu, \u00e0 commencer par les 45 premi\u00e8res minutes :\u00a0\u00ab\u00a0Mes choix \u00e0 la mi-temps ont \u00e9t\u00e9 dict\u00e9s par le sc\u00e9nario, car je n\u2019\u00e9tais pas content de notre premi\u00e8re p\u00e9riode. Notre force est d\u2019avoir une unit\u00e9 dans ce [...]\" \/>\n<meta property=\"og:url\" content=\"https:\/\/www.ladiagonale.net\/index.php\/2022\/12\/28\/clement-des-choix-dictes-par-le-scenario\/\" \/>\n<meta property=\"og:site_name\" content=\"La Diagonale\" \/>\n<meta property=\"article:published_time\" content=\"2022-12-28T21:55:54+00:00\" \/>\n<meta property=\"article:modified_time\" content=\"2022-12-28T23:51:17+00:00\" \/>\n<meta property=\"og:image\" content=\"https:\/\/www.ladiagonale.net\/wp-content\/uploads\/2022\/10\/clement.png\" \/>\n\t<meta property=\"og:image:width\" content=\"1160\" \/>\n\t<meta property=\"og:image:height\" content=\"650\" \/>\n\t<meta property=\"og:image:type\" content=\"image\/png\" \/>\n<meta name=\"author\" content=\"Damien Dellerba\" \/>\n<meta name=\"twitter:card\" content=\"summary_large_image\" \/>\n<meta name=\"twitter:image\" content=\"https:\/\/www.ladiagonale.net\/wp-content\/uploads\/2022\/10\/clement.png\" \/>\n<meta name=\"twitter:label1\" content=\"\u00c9crit par\" \/>\n\t<meta name=\"twitter:data1\" content=\"Damien Dellerba\" \/>\n\t<meta name=\"twitter:label2\" content=\"Dur\u00e9e de lecture estim\u00e9e\" \/>\n\t<meta name=\"twitter:data2\" content=\"3 minutes\" \/>\n<script type=\"application\/ld+json\" class=\"yoast-schema-graph\">{\"@context\":\"https:\/\/schema.org\",\"@graph\":[{\"@type\":\"WebPage\",\"@id\":\"https:\/\/www.ladiagonale.net\/index.php\/2022\/12\/28\/clement-des-choix-dictes-par-le-scenario\/\",\"url\":\"https:\/\/www.ladiagonale.net\/index.php\/2022\/12\/28\/clement-des-choix-dictes-par-le-scenario\/\",\"name\":\"Clement : \u00ab\u00a0Des choix dict\u00e9s par le sc\u00e9nario\u00a0\u00bb - La Diagonale\",\"isPartOf\":{\"@id\":\"https:\/\/www.ladiagonale.net\/#website\"},\"datePublished\":\"2022-12-28T21:55:54+00:00\",\"dateModified\":\"2022-12-28T23:51:17+00:00\",\"author\":{\"@id\":\"https:\/\/www.ladiagonale.net\/#\/schema\/person\/79ff1e7b0853ed01b2aa26e64ad300bf\"},\"breadcrumb\":{\"@id\":\"https:\/\/www.ladiagonale.net\/index.php\/2022\/12\/28\/clement-des-choix-dictes-par-le-scenario\/#breadcrumb\"},\"inLanguage\":\"fr-FR\",\"potentialAction\":[{\"@type\":\"ReadAction\",\"target\":[\"https:\/\/www.ladiagonale.net\/index.php\/2022\/12\/28\/clement-des-choix-dictes-par-le-scenario\/\"]}]},{\"@type\":\"BreadcrumbList\",\"@id\":\"https:\/\/www.ladiagonale.net\/index.php\/2022\/12\/28\/clement-des-choix-dictes-par-le-scenario\/#breadcrumb\",\"itemListElement\":[{\"@type\":\"ListItem\",\"position\":1,\"name\":\"Accueil\",\"item\":\"https:\/\/www.ladiagonale.net\/\"},{\"@type\":\"ListItem\",\"position\":2,\"name\":\"Clement : \u00ab\u00a0Des choix dict\u00e9s par le sc\u00e9nario\u00a0\u00bb\"}]},{\"@type\":\"WebSite\",\"@id\":\"https:\/\/www.ladiagonale.net\/#website\",\"url\":\"https:\/\/www.ladiagonale.net\/\",\"name\":\"La Diagonale\",\"description\":\"Le site des supporters de l&#039;AS Monaco FC\",\"potentialAction\":[{\"@type\":\"SearchAction\",\"target\":{\"@type\":\"EntryPoint\",\"urlTemplate\":\"https:\/\/www.ladiagonale.net\/?s={search_term_string}\"},\"query-input\":\"required name=search_term_string\"}],\"inLanguage\":\"fr-FR\"},{\"@type\":\"Person\",\"@id\":\"https:\/\/www.ladiagonale.net\/#\/schema\/person\/79ff1e7b0853ed01b2aa26e64ad300bf\",\"name\":\"Damien Dellerba\",\"image\":{\"@type\":\"ImageObject\",\"inLanguage\":\"fr-FR\",\"@id\":\"https:\/\/www.ladiagonale.net\/#\/schema\/person\/image\/\",\"url\":\"https:\/\/secure.gravatar.com\/avatar\/c7850e06d3ff63cdbaee88b7fc16e2f0?s=96&d=mm&r=g\",\"contentUrl\":\"https:\/\/secure.gravatar.com\/avatar\/c7850e06d3ff63cdbaee88b7fc16e2f0?s=96&d=mm&r=g\",\"caption\":\"Damien Dellerba\"},\"url\":\"https:\/\/www.ladiagonale.net\/index.php\/author\/damien\/\"}]}<\/script>\n<!-- \/ Yoast SEO plugin. -->","yoast_head_json":{"title":"Clement : \u00ab\u00a0Des choix dict\u00e9s par le sc\u00e9nario\u00a0\u00bb - La Diagonale","robots":{"index":"index","follow":"follow","max-snippet":"max-snippet:-1","max-image-preview":"max-image-preview:large","max-video-preview":"max-video-preview:-1"},"canonical":"https:\/\/www.ladiagonale.net\/index.php\/2022\/12\/28\/clement-des-choix-dictes-par-le-scenario\/","og_locale":"fr_FR","og_type":"article","og_title":"Clement : \u00ab\u00a0Des choix dict\u00e9s par le sc\u00e9nario\u00a0\u00bb - La Diagonale","og_description":"Philippe Clement est satisfait de reprendre le championnat par un succ\u00e8s, m\u00eame si certaines choses ne lui ont pas plu, \u00e0 commencer par les 45 premi\u00e8res minutes :\u00a0\u00ab\u00a0Mes choix \u00e0 la mi-temps ont \u00e9t\u00e9 dict\u00e9s par le sc\u00e9nario, car je n\u2019\u00e9tais pas content de notre premi\u00e8re p\u00e9riode. Notre force est d\u2019avoir une unit\u00e9 dans ce [...]","og_url":"https:\/\/www.ladiagonale.net\/index.php\/2022\/12\/28\/clement-des-choix-dictes-par-le-scenario\/","og_site_name":"La Diagonale","article_published_time":"2022-12-28T21:55:54+00:00","article_modified_time":"2022-12-28T23:51:17+00:00","og_image":[{"width":1160,"height":650,"url":"https:\/\/www.ladiagonale.net\/wp-content\/uploads\/2022\/10\/clement.png","type":"image\/png"}],"author":"Damien Dellerba","twitter_card":"summary_large_image","twitter_image":"https:\/\/www.ladiagonale.net\/wp-content\/uploads\/2022\/10\/clement.png","twitter_misc":{"\u00c9crit par":"Damien Dellerba","Dur\u00e9e de lecture estim\u00e9e":"3 minutes"},"schema":{"@context":"https:\/\/schema.org","@graph":[{"@type":"WebPage","@id":"https:\/\/www.ladiagonale.net\/index.php\/2022\/12\/28\/clement-des-choix-dictes-par-le-scenario\/","url":"https:\/\/www.ladiagonale.net\/index.php\/2022\/12\/28\/clement-des-choix-dictes-par-le-scenario\/","name":"Clement : \u00ab\u00a0Des choix dict\u00e9s par le sc\u00e9nario\u00a0\u00bb - La Diagonale","isPartOf":{"@id":"https:\/\/www.ladiagonale.net\/#website"},"datePublished":"2022-12-28T21:55:54+00:00","dateModified":"2022-12-28T23:51:17+00:00","author":{"@id":"https:\/\/www.ladiagonale.net\/#\/schema\/person\/79ff1e7b0853ed01b2aa26e64ad300bf"},"breadcrumb":{"@id":"https:\/\/www.ladiagonale.net\/index.php\/2022\/12\/28\/clement-des-choix-dictes-par-le-scenario\/#breadcrumb"},"inLanguage":"fr-FR","potentialAction":[{"@type":"ReadAction","target":["https:\/\/www.ladiagonale.net\/index.php\/2022\/12\/28\/clement-des-choix-dictes-par-le-scenario\/"]}]},{"@type":"BreadcrumbList","@id":"https:\/\/www.ladiagonale.net\/index.php\/2022\/12\/28\/clement-des-choix-dictes-par-le-scenario\/#breadcrumb","itemListElement":[{"@type":"ListItem","position":1,"name":"Accueil","item":"https:\/\/www.ladiagonale.net\/"},{"@type":"ListItem","position":2,"name":"Clement : \u00ab\u00a0Des choix dict\u00e9s par le sc\u00e9nario\u00a0\u00bb"}]},{"@type":"WebSite","@id":"https:\/\/www.ladiagonale.net\/#website","url":"https:\/\/www.ladiagonale.net\/","name":"La Diagonale","description":"Le site des supporters de l&#039;AS Monaco FC","potentialAction":[{"@type":"SearchAction","target":{"@type":"EntryPoint","urlTemplate":"https:\/\/www.ladiagonale.net\/?s={search_term_string}"},"query-input":"required name=search_term_string"}],"inLanguage":"fr-FR"},{"@type":"Person","@id":"https:\/\/www.ladiagonale.net\/#\/schema\/person\/79ff1e7b0853ed01b2aa26e64ad300bf","name":"Damien Dellerba","image":{"@type":"ImageObject","inLanguage":"fr-FR","@id":"https:\/\/www.ladiagonale.net\/#\/schema\/person\/image\/","url":"https:\/\/secure.gravatar.com\/avatar\/c7850e06d3ff63cdbaee88b7fc16e2f0?s=96&d=mm&r=g","contentUrl":"https:\/\/secure.gravatar.com\/avatar\/c7850e06d3ff63cdbaee88b7fc16e2f0?s=96&d=mm&r=g","caption":"Damien Dellerba"},"url":"https:\/\/www.ladiagonale.net\/index.php\/author\/damien\/"}]}},"_links":{"self":[{"href":"https:\/\/www.ladiagonale.net\/index.php\/wp-json\/wp\/v2\/posts\/7927"}],"collection":[{"href":"https:\/\/www.ladiagonale.net\/index.php\/wp-json\/wp\/v2\/posts"}],"about":[{"href":"https:\/\/www.ladiagonale.net\/index.php\/wp-json\/wp\/v2\/types\/post"}],"author":[{"embeddable":true,"href":"https:\/\/www.ladiagonale.net\/index.php\/wp-json\/wp\/v2\/users\/2"}],"replies":[{"embeddable":true,"href":"https:\/\/www.ladiagonale.net\/index.php\/wp-json\/wp\/v2\/comments?post=7927"}],"version-history":[{"count":3,"href":"https:\/\/www.ladiagonale.net\/index.php\/wp-json\/wp\/v2\/posts\/7927\/revisions"}],"predecessor-version":[{"id":7930,"href":"https:\/\/www.ladiagonale.net\/index.php\/wp-json\/wp\/v2\/posts\/7927\/revisions\/7930"}],"wp:attachment":[{"href":"https:\/\/www.ladiagonale.net\/index.php\/wp-json\/wp\/v2\/media?parent=7927"}],"wp:term":[{"taxonomy":"category","embeddable":true,"href":"https:\/\/www.ladiagonale.net\/index.php\/wp-json\/wp\/v2\/categories?post=7927"},{"taxonomy":"post_tag","embeddable":true,"href":"https:\/\/www.ladiagonale.net\/index.php\/wp-json\/wp\/v2\/tags?post=7927"}],"curies":[{"name":"wp","href":"https:\/\/api.w.org\/{rel}","templated":true}]}}