{"id":793,"date":"2022-03-16T03:41:23","date_gmt":"2022-03-16T02:41:23","guid":{"rendered":"https:\/\/www.ladiagonale.net\/index.php\/2022\/03\/16\/paul-mitchell-vole-au-secours-de-philippe-clement\/"},"modified":"2024-10-25T10:52:27","modified_gmt":"2024-10-25T08:52:27","slug":"paul-mitchell-vole-au-secours-de-philippe-clement","status":"publish","type":"post","link":"https:\/\/www.ladiagonale.net\/index.php\/2022\/03\/16\/paul-mitchell-vole-au-secours-de-philippe-clement\/","title":{"rendered":"Paul Mitchell vole au secours de Philippe Clement"},"content":{"rendered":"\n\n\n<p>Paul Mitchell s\u2019est confi\u00e9 au cours d\u2019une interview commune entre <em>Nice-Matin<\/em> et <em>L\u2019\u00c9quipe<\/em> dans l\u2019id\u00e9e d\u2019\u00e9teindre un peu l\u2019incendie et la crise qui commence \u00e0 couver au sein du club. Le directeur sportif de l\u2019AS Monaco affirme qu\u2019il ne regrette pas du tout le remplacement de Niko Kovac par Philippe Clement en d\u00e9but d\u2019ann\u00e9e : \u00ab&nbsp;<em>On avait fait une analyse tr\u00e8s pouss\u00e9e de la situation. On a cherch\u00e9 un profil comme celui de Philippe (Clement), celui d\u2019un gagnant, mais plus important encore, celui d\u2019un entra\u00eeneur qui fait progresser ses joueurs, pour tirer le maximum d\u2019eux pour cette saison mais aussi pour la suivante et celle d\u2019apr\u00e8s<\/em>&nbsp;\u00bb, a-t-il d\u00e9clar\u00e9.<\/p>\n\n\n\n<p>Mitchell a soulign\u00e9 l\u2019assiduit\u00e9 du Belge et sa conscience professionnelle : \u00ab&nbsp;<em>C\u2019est un entra\u00eeneur extr\u00eamement studieux et travailleur. \u00c0 son poste, vous devez \u00eatre l\u00e0 t\u00f4t, vous devez repartir tard, vous devez \u00eatre minutieux, vous devez \u00eatre attentifs \u00e0 tous les d\u00e9tails.<\/em>&nbsp;\u00bb <a href=\"https:\/\/www.ladiagonale.net\/news-610-kovac-serait-menace\">Lorsque <em>L\u2019\u00c9quipe<\/em> avait d\u00e9voil\u00e9 en premier lieu<\/a> la d\u00e9cision de l\u2019AS Monaco de se s\u00e9parer de Kovac, la pr\u00e9sence moindre du Croate au Centre de Performance de La Turbie \u00e9tait justement un des griefs \u00e9voqu\u00e9s. Aussi, Mitchell pense que Clement a toutes les qualit\u00e9s pour transmettre son message au groupe : \u00ab&nbsp;<em>Il est tr\u00e8s bon sur le terrain, c\u2019est un tr\u00e8s bon communicant, il peut passer d\u2019une langue \u00e0 une autre, ce qui est tr\u00e8s important dans notre vestiaire.<\/em>&nbsp;\u00bb<\/p>\n\n\n\n<p>Pour son entra\u00eeneur, Paul Mitchell demande de la patience : \u00ab\u00a0<em>On doit \u00eatre patient. Le dernier entra\u00eeneur avait eu seize mois. Philippe (Clement) a besoin du m\u00eame soutien. On regarde \u00e0 long terme : il sera un grand investissement pour le club pour les prochaines saisons.<\/em>\u00a0\u00bb L\u2019Anglais assure que l\u2019avenir de Clement n\u2019est pas menac\u00e9 et il est m\u00eame persuad\u00e9 que l\u2019ASM trouvera la cl\u00e9 pour se qualifier en Ligue Europa : \u00ab\u00a0<em>J\u2019ai une grande confiance en lui<\/em>, a-t-il admis. <em>L\u2019\u00e9quipe a montr\u00e9 avec Philippe (Clement) qu\u2019elle \u00e9tait vraiment bien lors des gros matchs, \u00e0 l\u2019oppos\u00e9 de ce qu\u2019elle faisait lors de la premi\u00e8re moiti\u00e9 de saison. On l\u2019a vu face \u00e0 Lyon et face \u00e0 Marseille. \u00c0 Braga, on a prouv\u00e9 qu\u2019on pouvait se cr\u00e9er de grosses occasions. On est plus que capables de leur marquer deux ou trois buts<\/em>\u00a0\u00bb, a-t-il assur\u00e9.<\/p>\n","protected":false},"excerpt":{"rendered":"<p>Paul Mitchell s\u2019est confi\u00e9 au cours d\u2019une interview commune entre Nice-Matin et L\u2019\u00c9quipe dans l\u2019id\u00e9e d\u2019\u00e9teindre un peu l\u2019incendie et la crise qui commence \u00e0 couver au sein du club. Le directeur sportif de l\u2019AS Monaco affirme qu\u2019il ne regrette pas du tout le remplacement de Niko Kovac par Philippe Clement en d\u00e9but d\u2019ann\u00e9e : [&#8230;]\n","protected":false},"author":2,"featured_media":0,"comment_status":"open","ping_status":"open","sticky":false,"template":"","format":"standard","meta":[],"categories":[6],"tags":[86,192,191],"yoast_head":"<!-- This site is optimized with the Yoast SEO plugin v19.8 - https:\/\/yoast.com\/wordpress\/plugins\/seo\/ -->\n<title>Paul Mitchell vole au secours de Philippe Clement - La Diagonale<\/title>\n<meta name=\"robots\" content=\"index, follow, max-snippet:-1, max-image-preview:large, max-video-preview:-1\" \/>\n<link rel=\"canonical\" href=\"https:\/\/www.ladiagonale.net\/index.php\/2022\/03\/16\/paul-mitchell-vole-au-secours-de-philippe-clement\/\" \/>\n<meta property=\"og:locale\" content=\"fr_FR\" \/>\n<meta property=\"og:type\" content=\"article\" \/>\n<meta property=\"og:title\" content=\"Paul Mitchell vole au secours de Philippe Clement - La Diagonale\" \/>\n<meta property=\"og:description\" content=\"Paul Mitchell s\u2019est confi\u00e9 au cours d\u2019une interview commune entre Nice-Matin et L\u2019\u00c9quipe dans l\u2019id\u00e9e d\u2019\u00e9teindre un peu l\u2019incendie et la crise qui commence \u00e0 couver au sein du club. Le directeur sportif de l\u2019AS Monaco affirme qu\u2019il ne regrette pas du tout le remplacement de Niko Kovac par Philippe Clement en d\u00e9but d\u2019ann\u00e9e : [...]\" \/>\n<meta property=\"og:url\" content=\"https:\/\/www.ladiagonale.net\/index.php\/2022\/03\/16\/paul-mitchell-vole-au-secours-de-philippe-clement\/\" \/>\n<meta property=\"og:site_name\" content=\"La Diagonale\" \/>\n<meta property=\"article:published_time\" content=\"2022-03-16T02:41:23+00:00\" \/>\n<meta property=\"article:modified_time\" content=\"2024-10-25T08:52:27+00:00\" \/>\n<meta name=\"author\" content=\"Damien Dellerba\" \/>\n<meta name=\"twitter:card\" content=\"summary_large_image\" \/>\n<meta name=\"twitter:label1\" content=\"\u00c9crit par\" \/>\n\t<meta name=\"twitter:data1\" content=\"Damien Dellerba\" \/>\n\t<meta name=\"twitter:label2\" content=\"Dur\u00e9e de lecture estim\u00e9e\" \/>\n\t<meta name=\"twitter:data2\" content=\"2 minutes\" \/>\n<script type=\"application\/ld+json\" class=\"yoast-schema-graph\">{\"@context\":\"https:\/\/schema.org\",\"@graph\":[{\"@type\":\"WebPage\",\"@id\":\"https:\/\/www.ladiagonale.net\/index.php\/2022\/03\/16\/paul-mitchell-vole-au-secours-de-philippe-clement\/\",\"url\":\"https:\/\/www.ladiagonale.net\/index.php\/2022\/03\/16\/paul-mitchell-vole-au-secours-de-philippe-clement\/\",\"name\":\"Paul Mitchell vole au secours de Philippe Clement - La Diagonale\",\"isPartOf\":{\"@id\":\"https:\/\/www.ladiagonale.net\/#website\"},\"datePublished\":\"2022-03-16T02:41:23+00:00\",\"dateModified\":\"2024-10-25T08:52:27+00:00\",\"author\":{\"@id\":\"https:\/\/www.ladiagonale.net\/#\/schema\/person\/79ff1e7b0853ed01b2aa26e64ad300bf\"},\"breadcrumb\":{\"@id\":\"https:\/\/www.ladiagonale.net\/index.php\/2022\/03\/16\/paul-mitchell-vole-au-secours-de-philippe-clement\/#breadcrumb\"},\"inLanguage\":\"fr-FR\",\"potentialAction\":[{\"@type\":\"ReadAction\",\"target\":[\"https:\/\/www.ladiagonale.net\/index.php\/2022\/03\/16\/paul-mitchell-vole-au-secours-de-philippe-clement\/\"]}]},{\"@type\":\"BreadcrumbList\",\"@id\":\"https:\/\/www.ladiagonale.net\/index.php\/2022\/03\/16\/paul-mitchell-vole-au-secours-de-philippe-clement\/#breadcrumb\",\"itemListElement\":[{\"@type\":\"ListItem\",\"position\":1,\"name\":\"Accueil\",\"item\":\"https:\/\/www.ladiagonale.net\/\"},{\"@type\":\"ListItem\",\"position\":2,\"name\":\"Paul Mitchell vole au secours de Philippe Clement\"}]},{\"@type\":\"WebSite\",\"@id\":\"https:\/\/www.ladiagonale.net\/#website\",\"url\":\"https:\/\/www.ladiagonale.net\/\",\"name\":\"La Diagonale\",\"description\":\"Le site des supporters de l&#039;AS Monaco FC\",\"potentialAction\":[{\"@type\":\"SearchAction\",\"target\":{\"@type\":\"EntryPoint\",\"urlTemplate\":\"https:\/\/www.ladiagonale.net\/?s={search_term_string}\"},\"query-input\":\"required name=search_term_string\"}],\"inLanguage\":\"fr-FR\"},{\"@type\":\"Person\",\"@id\":\"https:\/\/www.ladiagonale.net\/#\/schema\/person\/79ff1e7b0853ed01b2aa26e64ad300bf\",\"name\":\"Damien Dellerba\",\"image\":{\"@type\":\"ImageObject\",\"inLanguage\":\"fr-FR\",\"@id\":\"https:\/\/www.ladiagonale.net\/#\/schema\/person\/image\/\",\"url\":\"https:\/\/secure.gravatar.com\/avatar\/c7850e06d3ff63cdbaee88b7fc16e2f0?s=96&d=mm&r=g\",\"contentUrl\":\"https:\/\/secure.gravatar.com\/avatar\/c7850e06d3ff63cdbaee88b7fc16e2f0?s=96&d=mm&r=g\",\"caption\":\"Damien Dellerba\"},\"url\":\"https:\/\/www.ladiagonale.net\/index.php\/author\/damien\/\"}]}<\/script>\n<!-- \/ Yoast SEO plugin. -->","yoast_head_json":{"title":"Paul Mitchell vole au secours de Philippe Clement - La Diagonale","robots":{"index":"index","follow":"follow","max-snippet":"max-snippet:-1","max-image-preview":"max-image-preview:large","max-video-preview":"max-video-preview:-1"},"canonical":"https:\/\/www.ladiagonale.net\/index.php\/2022\/03\/16\/paul-mitchell-vole-au-secours-de-philippe-clement\/","og_locale":"fr_FR","og_type":"article","og_title":"Paul Mitchell vole au secours de Philippe Clement - La Diagonale","og_description":"Paul Mitchell s\u2019est confi\u00e9 au cours d\u2019une interview commune entre Nice-Matin et L\u2019\u00c9quipe dans l\u2019id\u00e9e d\u2019\u00e9teindre un peu l\u2019incendie et la crise qui commence \u00e0 couver au sein du club. Le directeur sportif de l\u2019AS Monaco affirme qu\u2019il ne regrette pas du tout le remplacement de Niko Kovac par Philippe Clement en d\u00e9but d\u2019ann\u00e9e : [...]","og_url":"https:\/\/www.ladiagonale.net\/index.php\/2022\/03\/16\/paul-mitchell-vole-au-secours-de-philippe-clement\/","og_site_name":"La Diagonale","article_published_time":"2022-03-16T02:41:23+00:00","article_modified_time":"2024-10-25T08:52:27+00:00","author":"Damien Dellerba","twitter_card":"summary_large_image","twitter_misc":{"\u00c9crit par":"Damien Dellerba","Dur\u00e9e de lecture estim\u00e9e":"2 minutes"},"schema":{"@context":"https:\/\/schema.org","@graph":[{"@type":"WebPage","@id":"https:\/\/www.ladiagonale.net\/index.php\/2022\/03\/16\/paul-mitchell-vole-au-secours-de-philippe-clement\/","url":"https:\/\/www.ladiagonale.net\/index.php\/2022\/03\/16\/paul-mitchell-vole-au-secours-de-philippe-clement\/","name":"Paul Mitchell vole au secours de Philippe Clement - La Diagonale","isPartOf":{"@id":"https:\/\/www.ladiagonale.net\/#website"},"datePublished":"2022-03-16T02:41:23+00:00","dateModified":"2024-10-25T08:52:27+00:00","author":{"@id":"https:\/\/www.ladiagonale.net\/#\/schema\/person\/79ff1e7b0853ed01b2aa26e64ad300bf"},"breadcrumb":{"@id":"https:\/\/www.ladiagonale.net\/index.php\/2022\/03\/16\/paul-mitchell-vole-au-secours-de-philippe-clement\/#breadcrumb"},"inLanguage":"fr-FR","potentialAction":[{"@type":"ReadAction","target":["https:\/\/www.ladiagonale.net\/index.php\/2022\/03\/16\/paul-mitchell-vole-au-secours-de-philippe-clement\/"]}]},{"@type":"BreadcrumbList","@id":"https:\/\/www.ladiagonale.net\/index.php\/2022\/03\/16\/paul-mitchell-vole-au-secours-de-philippe-clement\/#breadcrumb","itemListElement":[{"@type":"ListItem","position":1,"name":"Accueil","item":"https:\/\/www.ladiagonale.net\/"},{"@type":"ListItem","position":2,"name":"Paul Mitchell vole au secours de Philippe Clement"}]},{"@type":"WebSite","@id":"https:\/\/www.ladiagonale.net\/#website","url":"https:\/\/www.ladiagonale.net\/","name":"La Diagonale","description":"Le site des supporters de l&#039;AS Monaco FC","potentialAction":[{"@type":"SearchAction","target":{"@type":"EntryPoint","urlTemplate":"https:\/\/www.ladiagonale.net\/?s={search_term_string}"},"query-input":"required name=search_term_string"}],"inLanguage":"fr-FR"},{"@type":"Person","@id":"https:\/\/www.ladiagonale.net\/#\/schema\/person\/79ff1e7b0853ed01b2aa26e64ad300bf","name":"Damien Dellerba","image":{"@type":"ImageObject","inLanguage":"fr-FR","@id":"https:\/\/www.ladiagonale.net\/#\/schema\/person\/image\/","url":"https:\/\/secure.gravatar.com\/avatar\/c7850e06d3ff63cdbaee88b7fc16e2f0?s=96&d=mm&r=g","contentUrl":"https:\/\/secure.gravatar.com\/avatar\/c7850e06d3ff63cdbaee88b7fc16e2f0?s=96&d=mm&r=g","caption":"Damien Dellerba"},"url":"https:\/\/www.ladiagonale.net\/index.php\/author\/damien\/"}]}},"_links":{"self":[{"href":"https:\/\/www.ladiagonale.net\/index.php\/wp-json\/wp\/v2\/posts\/793"}],"collection":[{"href":"https:\/\/www.ladiagonale.net\/index.php\/wp-json\/wp\/v2\/posts"}],"about":[{"href":"https:\/\/www.ladiagonale.net\/index.php\/wp-json\/wp\/v2\/types\/post"}],"author":[{"embeddable":true,"href":"https:\/\/www.ladiagonale.net\/index.php\/wp-json\/wp\/v2\/users\/2"}],"replies":[{"embeddable":true,"href":"https:\/\/www.ladiagonale.net\/index.php\/wp-json\/wp\/v2\/comments?post=793"}],"version-history":[{"count":2,"href":"https:\/\/www.ladiagonale.net\/index.php\/wp-json\/wp\/v2\/posts\/793\/revisions"}],"predecessor-version":[{"id":26924,"href":"https:\/\/www.ladiagonale.net\/index.php\/wp-json\/wp\/v2\/posts\/793\/revisions\/26924"}],"wp:attachment":[{"href":"https:\/\/www.ladiagonale.net\/index.php\/wp-json\/wp\/v2\/media?parent=793"}],"wp:term":[{"taxonomy":"category","embeddable":true,"href":"https:\/\/www.ladiagonale.net\/index.php\/wp-json\/wp\/v2\/categories?post=793"},{"taxonomy":"post_tag","embeddable":true,"href":"https:\/\/www.ladiagonale.net\/index.php\/wp-json\/wp\/v2\/tags?post=793"}],"curies":[{"name":"wp","href":"https:\/\/api.w.org\/{rel}","templated":true}]}}