{"id":7931,"date":"2022-12-29T01:31:06","date_gmt":"2022-12-29T00:31:06","guid":{"rendered":"https:\/\/www.ladiagonale.net\/?p=7931"},"modified":"2022-12-29T01:31:09","modified_gmt":"2022-12-29T00:31:09","slug":"aguilar-ben-seghir-pue-le-football","status":"publish","type":"post","link":"https:\/\/www.ladiagonale.net\/index.php\/2022\/12\/29\/aguilar-ben-seghir-pue-le-football\/","title":{"rendered":"Aguilar : \u00ab\u00a0Ben Seghir pue le football\u00a0\u00bb"},"content":{"rendered":"\n\n\n<p>Ruben Aguilar a retrouv\u00e9 le stade de ses d\u00e9buts, \u00e0 Auxerre, et a empoch\u00e9 les trois points lors de cette 16e journ\u00e9e de Ligue 1. Une victoire qui doit beaucoup \u00e0 Eliesse Ben Seghir : \u00ab&nbsp;<em>C\u2019est surtout positif parce que la victoire est au bout. Nous avons r\u00e9ussi \u00e0 renverser la situation. \u00c7a fait du bien de repartir d\u2019ici avec les trois points. Surtout que c\u2019est un gamin qui nous offre la victoire. Il pue le football et nous sommes vraiment contents pour lui. Nous allons tout faire pour qu\u2019il continue \u00e0 jouer son meilleur football. C\u2019est aussi la preuve que l\u2019AS Monaco poss\u00e8de de belles ressources.<\/em>&nbsp;\u00bb<\/p>\n\n\n\n<p>\u00c0 titre personnel, Aguilar \u00e9tait heureux d\u2019avoir pu rejouer en match officiel apr\u00e8s avoir \u00e9t\u00e9 longuement bless\u00e9 \u00e0 un pied : \u00ab&nbsp;<em>Personnellement, je me sens bien. Cela faisait trois mois que je n\u2019avais pas jou\u00e9, donc je retrouve des sensations. J\u2019ai jou\u00e9 70 minutes, et j\u2019ai eu l\u2019occasion de reprendre le rythme durant la pr\u00e9paration mais je retrouve de bonnes sensations.<\/em>&nbsp;\u00bb<\/p>\n\n\n\n<blockquote class=\"wp-block-quote\"><p><br>\u00ab J\u2019esp\u00e8re qu\u2019il va profiter de sa soir\u00e9e parce que c\u2019est son soir \u00bb<\/p><cite>Malang Sarr, \u00e0 propos de Ben Seghir<\/cite><\/blockquote>\n\n\n\n<p>Malang Sarr, qui a \u00e9t\u00e9 pr\u00e9f\u00e9r\u00e9 \u00e0 Beno\u00eet Badiashile, en d\u00e9fense central, a jug\u00e9 l\u2019\u00e9quipe en bonne forme sur cette rencontre : \u00ab&nbsp;<em>J\u2019ai vraiment senti l\u2019\u00e9quipe bien, m\u00eame si durant la premi\u00e8re demi heure Auxerre nous a pos\u00e9 beaucoup de probl\u00e8mes. Et il faut les f\u00e9liciter pour \u00e7a. Nous sommes bien physiquement et tactiquement. Nous montons en puissance et j\u2019esp\u00e8re que nous allons faire de belles choses lors de cette deuxi\u00e8me partie de saison.<\/em>&nbsp;\u00bb<\/p>\n\n\n\n<p>Le joueur pr\u00eat\u00e9 par Chelsea esp\u00e8re \u00e9videmment gagner du temps de jeu avec le club de la Principaut\u00e9 en 2023 : \u00ab&nbsp;<em>Je travaille dur et je vais continuer \u00e0 travailler dur pour \u00eatre align\u00e9 par le coach. Je suis heureux d\u2019\u00eatre sur le terrain, dans la continuit\u00e9 de ma pr\u00e9paration durant laquelle j\u2019ai pu avoir du temps de jeu, retrouver du rythme.<\/em>&nbsp;\u00bb<\/p>\n\n\n\n<p>Il ne s\u2019est pas dit surpris par ce qu\u2019a accompli Ben Seghir contre Auxerre : \u00ab\u00a0<em>Je ne suis absolument pas surpris. C\u2019est un joueur qui n\u2019a pas peur d\u2019essayer et qui prend ses responsabilit\u00e9s. \u00c0 cet \u00e2ge-l\u00e0, c\u2019est quand m\u00eame fort ! Nous sommes tr\u00e8s heureux d\u2019avoir un jeune comme \u00e7a parce qu\u2019avec le talent qu\u2019il a, il peut nous sortir de situations difficiles comme ce soir. J\u2019esp\u00e8re qu\u2019il va profiter de sa soir\u00e9e parce que c\u2019est son soir. Nous sommes contents pour lui. C\u2019est une forme de continuit\u00e9 pour lui, je suis tr\u00e8s heureux.<\/em>\u00a0\u00bb<\/p>\n","protected":false},"excerpt":{"rendered":"<p>Ruben Aguilar a retrouv\u00e9 le stade de ses d\u00e9buts, \u00e0 Auxerre, et a empoch\u00e9 les trois points lors de cette 16e journ\u00e9e de Ligue 1. Une victoire qui doit beaucoup \u00e0 Eliesse Ben Seghir : \u00ab&nbsp;C\u2019est surtout positif parce que la victoire est au bout. Nous avons r\u00e9ussi \u00e0 renverser la situation. \u00c7a fait du [&#8230;]\n","protected":false},"author":2,"featured_media":0,"comment_status":"open","ping_status":"open","sticky":false,"template":"","format":"standard","meta":[],"categories":[6],"tags":[86,353,286,94,194,180],"yoast_head":"<!-- This site is optimized with the Yoast SEO plugin v19.8 - https:\/\/yoast.com\/wordpress\/plugins\/seo\/ -->\n<title>Aguilar : \u00ab\u00a0Ben Seghir pue le football\u00a0\u00bb - La Diagonale<\/title>\n<meta name=\"robots\" content=\"index, follow, max-snippet:-1, max-image-preview:large, max-video-preview:-1\" \/>\n<link rel=\"canonical\" href=\"https:\/\/www.ladiagonale.net\/index.php\/2022\/12\/29\/aguilar-ben-seghir-pue-le-football\/\" \/>\n<meta property=\"og:locale\" content=\"fr_FR\" \/>\n<meta property=\"og:type\" content=\"article\" \/>\n<meta property=\"og:title\" content=\"Aguilar : \u00ab\u00a0Ben Seghir pue le football\u00a0\u00bb - La Diagonale\" \/>\n<meta property=\"og:description\" content=\"Ruben Aguilar a retrouv\u00e9 le stade de ses d\u00e9buts, \u00e0 Auxerre, et a empoch\u00e9 les trois points lors de cette 16e journ\u00e9e de Ligue 1. Une victoire qui doit beaucoup \u00e0 Eliesse Ben Seghir : \u00ab&nbsp;C\u2019est surtout positif parce que la victoire est au bout. Nous avons r\u00e9ussi \u00e0 renverser la situation. \u00c7a fait du [...]\" \/>\n<meta property=\"og:url\" content=\"https:\/\/www.ladiagonale.net\/index.php\/2022\/12\/29\/aguilar-ben-seghir-pue-le-football\/\" \/>\n<meta property=\"og:site_name\" content=\"La Diagonale\" \/>\n<meta property=\"article:published_time\" content=\"2022-12-29T00:31:06+00:00\" \/>\n<meta property=\"article:modified_time\" content=\"2022-12-29T00:31:09+00:00\" \/>\n<meta property=\"og:image\" content=\"https:\/\/www.ladiagonale.net\/wp-content\/uploads\/2022\/11\/aguilar.png\" \/>\n\t<meta property=\"og:image:width\" content=\"1160\" \/>\n\t<meta property=\"og:image:height\" content=\"650\" \/>\n\t<meta property=\"og:image:type\" content=\"image\/png\" \/>\n<meta name=\"author\" content=\"Damien Dellerba\" \/>\n<meta name=\"twitter:card\" content=\"summary_large_image\" \/>\n<meta name=\"twitter:image\" content=\"https:\/\/www.ladiagonale.net\/wp-content\/uploads\/2022\/11\/aguilar.png\" \/>\n<meta name=\"twitter:label1\" content=\"\u00c9crit par\" \/>\n\t<meta name=\"twitter:data1\" content=\"Damien Dellerba\" \/>\n\t<meta name=\"twitter:label2\" content=\"Dur\u00e9e de lecture estim\u00e9e\" \/>\n\t<meta name=\"twitter:data2\" content=\"3 minutes\" \/>\n<script type=\"application\/ld+json\" class=\"yoast-schema-graph\">{\"@context\":\"https:\/\/schema.org\",\"@graph\":[{\"@type\":\"WebPage\",\"@id\":\"https:\/\/www.ladiagonale.net\/index.php\/2022\/12\/29\/aguilar-ben-seghir-pue-le-football\/\",\"url\":\"https:\/\/www.ladiagonale.net\/index.php\/2022\/12\/29\/aguilar-ben-seghir-pue-le-football\/\",\"name\":\"Aguilar : \u00ab\u00a0Ben Seghir pue le football\u00a0\u00bb - La Diagonale\",\"isPartOf\":{\"@id\":\"https:\/\/www.ladiagonale.net\/#website\"},\"datePublished\":\"2022-12-29T00:31:06+00:00\",\"dateModified\":\"2022-12-29T00:31:09+00:00\",\"author\":{\"@id\":\"https:\/\/www.ladiagonale.net\/#\/schema\/person\/79ff1e7b0853ed01b2aa26e64ad300bf\"},\"breadcrumb\":{\"@id\":\"https:\/\/www.ladiagonale.net\/index.php\/2022\/12\/29\/aguilar-ben-seghir-pue-le-football\/#breadcrumb\"},\"inLanguage\":\"fr-FR\",\"potentialAction\":[{\"@type\":\"ReadAction\",\"target\":[\"https:\/\/www.ladiagonale.net\/index.php\/2022\/12\/29\/aguilar-ben-seghir-pue-le-football\/\"]}]},{\"@type\":\"BreadcrumbList\",\"@id\":\"https:\/\/www.ladiagonale.net\/index.php\/2022\/12\/29\/aguilar-ben-seghir-pue-le-football\/#breadcrumb\",\"itemListElement\":[{\"@type\":\"ListItem\",\"position\":1,\"name\":\"Accueil\",\"item\":\"https:\/\/www.ladiagonale.net\/\"},{\"@type\":\"ListItem\",\"position\":2,\"name\":\"Aguilar : \u00ab\u00a0Ben Seghir pue le football\u00a0\u00bb\"}]},{\"@type\":\"WebSite\",\"@id\":\"https:\/\/www.ladiagonale.net\/#website\",\"url\":\"https:\/\/www.ladiagonale.net\/\",\"name\":\"La Diagonale\",\"description\":\"Le site des supporters de l&#039;AS Monaco FC\",\"potentialAction\":[{\"@type\":\"SearchAction\",\"target\":{\"@type\":\"EntryPoint\",\"urlTemplate\":\"https:\/\/www.ladiagonale.net\/?s={search_term_string}\"},\"query-input\":\"required name=search_term_string\"}],\"inLanguage\":\"fr-FR\"},{\"@type\":\"Person\",\"@id\":\"https:\/\/www.ladiagonale.net\/#\/schema\/person\/79ff1e7b0853ed01b2aa26e64ad300bf\",\"name\":\"Damien Dellerba\",\"image\":{\"@type\":\"ImageObject\",\"inLanguage\":\"fr-FR\",\"@id\":\"https:\/\/www.ladiagonale.net\/#\/schema\/person\/image\/\",\"url\":\"https:\/\/secure.gravatar.com\/avatar\/c7850e06d3ff63cdbaee88b7fc16e2f0?s=96&d=mm&r=g\",\"contentUrl\":\"https:\/\/secure.gravatar.com\/avatar\/c7850e06d3ff63cdbaee88b7fc16e2f0?s=96&d=mm&r=g\",\"caption\":\"Damien Dellerba\"},\"url\":\"https:\/\/www.ladiagonale.net\/index.php\/author\/damien\/\"}]}<\/script>\n<!-- \/ Yoast SEO plugin. -->","yoast_head_json":{"title":"Aguilar : \u00ab\u00a0Ben Seghir pue le football\u00a0\u00bb - La Diagonale","robots":{"index":"index","follow":"follow","max-snippet":"max-snippet:-1","max-image-preview":"max-image-preview:large","max-video-preview":"max-video-preview:-1"},"canonical":"https:\/\/www.ladiagonale.net\/index.php\/2022\/12\/29\/aguilar-ben-seghir-pue-le-football\/","og_locale":"fr_FR","og_type":"article","og_title":"Aguilar : \u00ab\u00a0Ben Seghir pue le football\u00a0\u00bb - La Diagonale","og_description":"Ruben Aguilar a retrouv\u00e9 le stade de ses d\u00e9buts, \u00e0 Auxerre, et a empoch\u00e9 les trois points lors de cette 16e journ\u00e9e de Ligue 1. Une victoire qui doit beaucoup \u00e0 Eliesse Ben Seghir : \u00ab&nbsp;C\u2019est surtout positif parce que la victoire est au bout. Nous avons r\u00e9ussi \u00e0 renverser la situation. \u00c7a fait du [...]","og_url":"https:\/\/www.ladiagonale.net\/index.php\/2022\/12\/29\/aguilar-ben-seghir-pue-le-football\/","og_site_name":"La Diagonale","article_published_time":"2022-12-29T00:31:06+00:00","article_modified_time":"2022-12-29T00:31:09+00:00","og_image":[{"width":1160,"height":650,"url":"https:\/\/www.ladiagonale.net\/wp-content\/uploads\/2022\/11\/aguilar.png","type":"image\/png"}],"author":"Damien Dellerba","twitter_card":"summary_large_image","twitter_image":"https:\/\/www.ladiagonale.net\/wp-content\/uploads\/2022\/11\/aguilar.png","twitter_misc":{"\u00c9crit par":"Damien Dellerba","Dur\u00e9e de lecture estim\u00e9e":"3 minutes"},"schema":{"@context":"https:\/\/schema.org","@graph":[{"@type":"WebPage","@id":"https:\/\/www.ladiagonale.net\/index.php\/2022\/12\/29\/aguilar-ben-seghir-pue-le-football\/","url":"https:\/\/www.ladiagonale.net\/index.php\/2022\/12\/29\/aguilar-ben-seghir-pue-le-football\/","name":"Aguilar : \u00ab\u00a0Ben Seghir pue le football\u00a0\u00bb - La Diagonale","isPartOf":{"@id":"https:\/\/www.ladiagonale.net\/#website"},"datePublished":"2022-12-29T00:31:06+00:00","dateModified":"2022-12-29T00:31:09+00:00","author":{"@id":"https:\/\/www.ladiagonale.net\/#\/schema\/person\/79ff1e7b0853ed01b2aa26e64ad300bf"},"breadcrumb":{"@id":"https:\/\/www.ladiagonale.net\/index.php\/2022\/12\/29\/aguilar-ben-seghir-pue-le-football\/#breadcrumb"},"inLanguage":"fr-FR","potentialAction":[{"@type":"ReadAction","target":["https:\/\/www.ladiagonale.net\/index.php\/2022\/12\/29\/aguilar-ben-seghir-pue-le-football\/"]}]},{"@type":"BreadcrumbList","@id":"https:\/\/www.ladiagonale.net\/index.php\/2022\/12\/29\/aguilar-ben-seghir-pue-le-football\/#breadcrumb","itemListElement":[{"@type":"ListItem","position":1,"name":"Accueil","item":"https:\/\/www.ladiagonale.net\/"},{"@type":"ListItem","position":2,"name":"Aguilar : \u00ab\u00a0Ben Seghir pue le football\u00a0\u00bb"}]},{"@type":"WebSite","@id":"https:\/\/www.ladiagonale.net\/#website","url":"https:\/\/www.ladiagonale.net\/","name":"La Diagonale","description":"Le site des supporters de l&#039;AS Monaco FC","potentialAction":[{"@type":"SearchAction","target":{"@type":"EntryPoint","urlTemplate":"https:\/\/www.ladiagonale.net\/?s={search_term_string}"},"query-input":"required name=search_term_string"}],"inLanguage":"fr-FR"},{"@type":"Person","@id":"https:\/\/www.ladiagonale.net\/#\/schema\/person\/79ff1e7b0853ed01b2aa26e64ad300bf","name":"Damien Dellerba","image":{"@type":"ImageObject","inLanguage":"fr-FR","@id":"https:\/\/www.ladiagonale.net\/#\/schema\/person\/image\/","url":"https:\/\/secure.gravatar.com\/avatar\/c7850e06d3ff63cdbaee88b7fc16e2f0?s=96&d=mm&r=g","contentUrl":"https:\/\/secure.gravatar.com\/avatar\/c7850e06d3ff63cdbaee88b7fc16e2f0?s=96&d=mm&r=g","caption":"Damien Dellerba"},"url":"https:\/\/www.ladiagonale.net\/index.php\/author\/damien\/"}]}},"_links":{"self":[{"href":"https:\/\/www.ladiagonale.net\/index.php\/wp-json\/wp\/v2\/posts\/7931"}],"collection":[{"href":"https:\/\/www.ladiagonale.net\/index.php\/wp-json\/wp\/v2\/posts"}],"about":[{"href":"https:\/\/www.ladiagonale.net\/index.php\/wp-json\/wp\/v2\/types\/post"}],"author":[{"embeddable":true,"href":"https:\/\/www.ladiagonale.net\/index.php\/wp-json\/wp\/v2\/users\/2"}],"replies":[{"embeddable":true,"href":"https:\/\/www.ladiagonale.net\/index.php\/wp-json\/wp\/v2\/comments?post=7931"}],"version-history":[{"count":3,"href":"https:\/\/www.ladiagonale.net\/index.php\/wp-json\/wp\/v2\/posts\/7931\/revisions"}],"predecessor-version":[{"id":7935,"href":"https:\/\/www.ladiagonale.net\/index.php\/wp-json\/wp\/v2\/posts\/7931\/revisions\/7935"}],"wp:attachment":[{"href":"https:\/\/www.ladiagonale.net\/index.php\/wp-json\/wp\/v2\/media?parent=7931"}],"wp:term":[{"taxonomy":"category","embeddable":true,"href":"https:\/\/www.ladiagonale.net\/index.php\/wp-json\/wp\/v2\/categories?post=7931"},{"taxonomy":"post_tag","embeddable":true,"href":"https:\/\/www.ladiagonale.net\/index.php\/wp-json\/wp\/v2\/tags?post=7931"}],"curies":[{"name":"wp","href":"https:\/\/api.w.org\/{rel}","templated":true}]}}