{"id":7936,"date":"2022-12-29T01:36:18","date_gmt":"2022-12-29T00:36:18","guid":{"rendered":"https:\/\/www.ladiagonale.net\/?p=7936"},"modified":"2022-12-29T01:36:39","modified_gmt":"2022-12-29T00:36:39","slug":"pelissier-on-a-perturbe-monaco","status":"publish","type":"post","link":"https:\/\/www.ladiagonale.net\/index.php\/2022\/12\/29\/pelissier-on-a-perturbe-monaco\/","title":{"rendered":"Pelissier : \u00ab\u00a0On a perturb\u00e9 Monaco\u00a0\u00bb"},"content":{"rendered":"\n\n\n<p>Malgr\u00e9 la d\u00e9faite, Christophe Pelissier, l\u2019entra\u00eeneur d\u2019Auxerre, \u00e9tait satisfait du contenu propos\u00e9 par son \u00e9quipe face \u00e0 Monaco : \u00ab\u00a0<em>Tout d&rsquo;abord, je retiens le positif. On a perturb\u00e9 Monaco. On les a jou\u00e9s avec beaucoup de cran et notamment au cours d&rsquo;une bonne premi\u00e8re mi-temps o\u00f9 on a mis le pied sur le ballon, o\u00f9 on a fait des d\u00e9calages qui les ont mis en difficult\u00e9, pour bien les contr\u00f4ler. Dommage qu&rsquo;il y ait eu ce penalty pour l&rsquo;\u00e9galisation juste avant la pause. Ils ne nous avaient pas mis en difficult\u00e9 sur des attaques plac\u00e9es, et m\u00eame sur l&rsquo;ensemble du match, ils cadrent moins que nous.<\/em> \u00bb<\/p>\n\n\n\n<p>L\u2019entra\u00eeneur des Bourguignons a bien conscience que c\u2019est la seconde p\u00e9riode et les changements op\u00e9r\u00e9s par son homologue qui ont \u00e9t\u00e9 fatals : \u00ab\u00a0<em>On a eu plus de difficult\u00e9s pour repartir apr\u00e8s la pause. On perd ainsi un ballon devant notre surface, puis sur le but de la victoire o\u00f9 on a un coup franc pour nous et on se fait contrer. On a vu que les erreurs se payent cash en Ligue 1. Et au bout, on ne prend pas de points, m\u00eame si on fait un bon match dans l&rsquo;ensemble. Sur la deuxi\u00e8me mi-temps, on a vu qu&rsquo;il faut qu&rsquo;on s&rsquo;am\u00e9liore encore.<\/em>\u00a0\u00bb<\/p>\n","protected":false},"excerpt":{"rendered":"<p>Malgr\u00e9 la d\u00e9faite, Christophe Pelissier, l\u2019entra\u00eeneur d\u2019Auxerre, \u00e9tait satisfait du contenu propos\u00e9 par son \u00e9quipe face \u00e0 Monaco : \u00ab\u00a0Tout d&rsquo;abord, je retiens le positif. On a perturb\u00e9 Monaco. On les a jou\u00e9s avec beaucoup de cran et notamment au cours d&rsquo;une bonne premi\u00e8re mi-temps o\u00f9 on a mis le pied sur le ballon, o\u00f9 [&#8230;]\n","protected":false},"author":2,"featured_media":0,"comment_status":"open","ping_status":"open","sticky":false,"template":"","format":"standard","meta":[],"categories":[6],"tags":[86,353,354,94],"yoast_head":"<!-- This site is optimized with the Yoast SEO plugin v19.8 - https:\/\/yoast.com\/wordpress\/plugins\/seo\/ -->\n<title>Pelissier : \u00ab\u00a0On a perturb\u00e9 Monaco\u00a0\u00bb - La Diagonale<\/title>\n<meta name=\"robots\" content=\"index, follow, max-snippet:-1, max-image-preview:large, max-video-preview:-1\" \/>\n<link rel=\"canonical\" href=\"https:\/\/www.ladiagonale.net\/index.php\/2022\/12\/29\/pelissier-on-a-perturbe-monaco\/\" \/>\n<meta property=\"og:locale\" content=\"fr_FR\" \/>\n<meta property=\"og:type\" content=\"article\" \/>\n<meta property=\"og:title\" content=\"Pelissier : \u00ab\u00a0On a perturb\u00e9 Monaco\u00a0\u00bb - La Diagonale\" \/>\n<meta property=\"og:description\" content=\"Malgr\u00e9 la d\u00e9faite, Christophe Pelissier, l\u2019entra\u00eeneur d\u2019Auxerre, \u00e9tait satisfait du contenu propos\u00e9 par son \u00e9quipe face \u00e0 Monaco : \u00ab\u00a0Tout d&rsquo;abord, je retiens le positif. On a perturb\u00e9 Monaco. On les a jou\u00e9s avec beaucoup de cran et notamment au cours d&rsquo;une bonne premi\u00e8re mi-temps o\u00f9 on a mis le pied sur le ballon, o\u00f9 [...]\" \/>\n<meta property=\"og:url\" content=\"https:\/\/www.ladiagonale.net\/index.php\/2022\/12\/29\/pelissier-on-a-perturbe-monaco\/\" \/>\n<meta property=\"og:site_name\" content=\"La Diagonale\" \/>\n<meta property=\"article:published_time\" content=\"2022-12-29T00:36:18+00:00\" \/>\n<meta property=\"article:modified_time\" content=\"2022-12-29T00:36:39+00:00\" \/>\n<meta property=\"og:image\" content=\"https:\/\/www.ladiagonale.net\/wp-content\/uploads\/2022\/12\/pelissier.png\" \/>\n\t<meta property=\"og:image:width\" content=\"1160\" \/>\n\t<meta property=\"og:image:height\" content=\"650\" \/>\n\t<meta property=\"og:image:type\" content=\"image\/png\" \/>\n<meta name=\"author\" content=\"Damien Dellerba\" \/>\n<meta name=\"twitter:card\" content=\"summary_large_image\" \/>\n<meta name=\"twitter:image\" content=\"https:\/\/www.ladiagonale.net\/wp-content\/uploads\/2022\/12\/pelissier.png\" \/>\n<meta name=\"twitter:label1\" content=\"\u00c9crit par\" \/>\n\t<meta name=\"twitter:data1\" content=\"Damien Dellerba\" \/>\n\t<meta name=\"twitter:label2\" content=\"Dur\u00e9e de lecture estim\u00e9e\" \/>\n\t<meta name=\"twitter:data2\" content=\"2 minutes\" \/>\n<script type=\"application\/ld+json\" class=\"yoast-schema-graph\">{\"@context\":\"https:\/\/schema.org\",\"@graph\":[{\"@type\":\"WebPage\",\"@id\":\"https:\/\/www.ladiagonale.net\/index.php\/2022\/12\/29\/pelissier-on-a-perturbe-monaco\/\",\"url\":\"https:\/\/www.ladiagonale.net\/index.php\/2022\/12\/29\/pelissier-on-a-perturbe-monaco\/\",\"name\":\"Pelissier : \u00ab\u00a0On a perturb\u00e9 Monaco\u00a0\u00bb - La Diagonale\",\"isPartOf\":{\"@id\":\"https:\/\/www.ladiagonale.net\/#website\"},\"datePublished\":\"2022-12-29T00:36:18+00:00\",\"dateModified\":\"2022-12-29T00:36:39+00:00\",\"author\":{\"@id\":\"https:\/\/www.ladiagonale.net\/#\/schema\/person\/79ff1e7b0853ed01b2aa26e64ad300bf\"},\"breadcrumb\":{\"@id\":\"https:\/\/www.ladiagonale.net\/index.php\/2022\/12\/29\/pelissier-on-a-perturbe-monaco\/#breadcrumb\"},\"inLanguage\":\"fr-FR\",\"potentialAction\":[{\"@type\":\"ReadAction\",\"target\":[\"https:\/\/www.ladiagonale.net\/index.php\/2022\/12\/29\/pelissier-on-a-perturbe-monaco\/\"]}]},{\"@type\":\"BreadcrumbList\",\"@id\":\"https:\/\/www.ladiagonale.net\/index.php\/2022\/12\/29\/pelissier-on-a-perturbe-monaco\/#breadcrumb\",\"itemListElement\":[{\"@type\":\"ListItem\",\"position\":1,\"name\":\"Accueil\",\"item\":\"https:\/\/www.ladiagonale.net\/\"},{\"@type\":\"ListItem\",\"position\":2,\"name\":\"Pelissier : \u00ab\u00a0On a perturb\u00e9 Monaco\u00a0\u00bb\"}]},{\"@type\":\"WebSite\",\"@id\":\"https:\/\/www.ladiagonale.net\/#website\",\"url\":\"https:\/\/www.ladiagonale.net\/\",\"name\":\"La Diagonale\",\"description\":\"Le site des supporters de l&#039;AS Monaco FC\",\"potentialAction\":[{\"@type\":\"SearchAction\",\"target\":{\"@type\":\"EntryPoint\",\"urlTemplate\":\"https:\/\/www.ladiagonale.net\/?s={search_term_string}\"},\"query-input\":\"required name=search_term_string\"}],\"inLanguage\":\"fr-FR\"},{\"@type\":\"Person\",\"@id\":\"https:\/\/www.ladiagonale.net\/#\/schema\/person\/79ff1e7b0853ed01b2aa26e64ad300bf\",\"name\":\"Damien Dellerba\",\"image\":{\"@type\":\"ImageObject\",\"inLanguage\":\"fr-FR\",\"@id\":\"https:\/\/www.ladiagonale.net\/#\/schema\/person\/image\/\",\"url\":\"https:\/\/secure.gravatar.com\/avatar\/c7850e06d3ff63cdbaee88b7fc16e2f0?s=96&d=mm&r=g\",\"contentUrl\":\"https:\/\/secure.gravatar.com\/avatar\/c7850e06d3ff63cdbaee88b7fc16e2f0?s=96&d=mm&r=g\",\"caption\":\"Damien Dellerba\"},\"url\":\"https:\/\/www.ladiagonale.net\/index.php\/author\/damien\/\"}]}<\/script>\n<!-- \/ Yoast SEO plugin. -->","yoast_head_json":{"title":"Pelissier : \u00ab\u00a0On a perturb\u00e9 Monaco\u00a0\u00bb - La Diagonale","robots":{"index":"index","follow":"follow","max-snippet":"max-snippet:-1","max-image-preview":"max-image-preview:large","max-video-preview":"max-video-preview:-1"},"canonical":"https:\/\/www.ladiagonale.net\/index.php\/2022\/12\/29\/pelissier-on-a-perturbe-monaco\/","og_locale":"fr_FR","og_type":"article","og_title":"Pelissier : \u00ab\u00a0On a perturb\u00e9 Monaco\u00a0\u00bb - La Diagonale","og_description":"Malgr\u00e9 la d\u00e9faite, Christophe Pelissier, l\u2019entra\u00eeneur d\u2019Auxerre, \u00e9tait satisfait du contenu propos\u00e9 par son \u00e9quipe face \u00e0 Monaco : \u00ab\u00a0Tout d&rsquo;abord, je retiens le positif. On a perturb\u00e9 Monaco. On les a jou\u00e9s avec beaucoup de cran et notamment au cours d&rsquo;une bonne premi\u00e8re mi-temps o\u00f9 on a mis le pied sur le ballon, o\u00f9 [...]","og_url":"https:\/\/www.ladiagonale.net\/index.php\/2022\/12\/29\/pelissier-on-a-perturbe-monaco\/","og_site_name":"La Diagonale","article_published_time":"2022-12-29T00:36:18+00:00","article_modified_time":"2022-12-29T00:36:39+00:00","og_image":[{"width":1160,"height":650,"url":"https:\/\/www.ladiagonale.net\/wp-content\/uploads\/2022\/12\/pelissier.png","type":"image\/png"}],"author":"Damien Dellerba","twitter_card":"summary_large_image","twitter_image":"https:\/\/www.ladiagonale.net\/wp-content\/uploads\/2022\/12\/pelissier.png","twitter_misc":{"\u00c9crit par":"Damien Dellerba","Dur\u00e9e de lecture estim\u00e9e":"2 minutes"},"schema":{"@context":"https:\/\/schema.org","@graph":[{"@type":"WebPage","@id":"https:\/\/www.ladiagonale.net\/index.php\/2022\/12\/29\/pelissier-on-a-perturbe-monaco\/","url":"https:\/\/www.ladiagonale.net\/index.php\/2022\/12\/29\/pelissier-on-a-perturbe-monaco\/","name":"Pelissier : \u00ab\u00a0On a perturb\u00e9 Monaco\u00a0\u00bb - La Diagonale","isPartOf":{"@id":"https:\/\/www.ladiagonale.net\/#website"},"datePublished":"2022-12-29T00:36:18+00:00","dateModified":"2022-12-29T00:36:39+00:00","author":{"@id":"https:\/\/www.ladiagonale.net\/#\/schema\/person\/79ff1e7b0853ed01b2aa26e64ad300bf"},"breadcrumb":{"@id":"https:\/\/www.ladiagonale.net\/index.php\/2022\/12\/29\/pelissier-on-a-perturbe-monaco\/#breadcrumb"},"inLanguage":"fr-FR","potentialAction":[{"@type":"ReadAction","target":["https:\/\/www.ladiagonale.net\/index.php\/2022\/12\/29\/pelissier-on-a-perturbe-monaco\/"]}]},{"@type":"BreadcrumbList","@id":"https:\/\/www.ladiagonale.net\/index.php\/2022\/12\/29\/pelissier-on-a-perturbe-monaco\/#breadcrumb","itemListElement":[{"@type":"ListItem","position":1,"name":"Accueil","item":"https:\/\/www.ladiagonale.net\/"},{"@type":"ListItem","position":2,"name":"Pelissier : \u00ab\u00a0On a perturb\u00e9 Monaco\u00a0\u00bb"}]},{"@type":"WebSite","@id":"https:\/\/www.ladiagonale.net\/#website","url":"https:\/\/www.ladiagonale.net\/","name":"La Diagonale","description":"Le site des supporters de l&#039;AS Monaco FC","potentialAction":[{"@type":"SearchAction","target":{"@type":"EntryPoint","urlTemplate":"https:\/\/www.ladiagonale.net\/?s={search_term_string}"},"query-input":"required name=search_term_string"}],"inLanguage":"fr-FR"},{"@type":"Person","@id":"https:\/\/www.ladiagonale.net\/#\/schema\/person\/79ff1e7b0853ed01b2aa26e64ad300bf","name":"Damien Dellerba","image":{"@type":"ImageObject","inLanguage":"fr-FR","@id":"https:\/\/www.ladiagonale.net\/#\/schema\/person\/image\/","url":"https:\/\/secure.gravatar.com\/avatar\/c7850e06d3ff63cdbaee88b7fc16e2f0?s=96&d=mm&r=g","contentUrl":"https:\/\/secure.gravatar.com\/avatar\/c7850e06d3ff63cdbaee88b7fc16e2f0?s=96&d=mm&r=g","caption":"Damien Dellerba"},"url":"https:\/\/www.ladiagonale.net\/index.php\/author\/damien\/"}]}},"_links":{"self":[{"href":"https:\/\/www.ladiagonale.net\/index.php\/wp-json\/wp\/v2\/posts\/7936"}],"collection":[{"href":"https:\/\/www.ladiagonale.net\/index.php\/wp-json\/wp\/v2\/posts"}],"about":[{"href":"https:\/\/www.ladiagonale.net\/index.php\/wp-json\/wp\/v2\/types\/post"}],"author":[{"embeddable":true,"href":"https:\/\/www.ladiagonale.net\/index.php\/wp-json\/wp\/v2\/users\/2"}],"replies":[{"embeddable":true,"href":"https:\/\/www.ladiagonale.net\/index.php\/wp-json\/wp\/v2\/comments?post=7936"}],"version-history":[{"count":1,"href":"https:\/\/www.ladiagonale.net\/index.php\/wp-json\/wp\/v2\/posts\/7936\/revisions"}],"predecessor-version":[{"id":7937,"href":"https:\/\/www.ladiagonale.net\/index.php\/wp-json\/wp\/v2\/posts\/7936\/revisions\/7937"}],"wp:attachment":[{"href":"https:\/\/www.ladiagonale.net\/index.php\/wp-json\/wp\/v2\/media?parent=7936"}],"wp:term":[{"taxonomy":"category","embeddable":true,"href":"https:\/\/www.ladiagonale.net\/index.php\/wp-json\/wp\/v2\/categories?post=7936"},{"taxonomy":"post_tag","embeddable":true,"href":"https:\/\/www.ladiagonale.net\/index.php\/wp-json\/wp\/v2\/tags?post=7936"}],"curies":[{"name":"wp","href":"https:\/\/api.w.org\/{rel}","templated":true}]}}