{"id":7964,"date":"2022-12-31T16:30:14","date_gmt":"2022-12-31T15:30:14","guid":{"rendered":"https:\/\/www.ladiagonale.net\/?p=7964"},"modified":"2022-12-31T16:30:18","modified_gmt":"2022-12-31T15:30:18","slug":"bunce-une-plus-grande-attention-sur-ceux-qui-ont-moins-joue-au-mondial","status":"publish","type":"post","link":"https:\/\/www.ladiagonale.net\/index.php\/2022\/12\/31\/bunce-une-plus-grande-attention-sur-ceux-qui-ont-moins-joue-au-mondial\/","title":{"rendered":"Bunce : \u00ab Une plus grande attention sur ceux qui ont moins jou\u00e9 au Mondial \u00bb"},"content":{"rendered":"\n\n\n<p>Dans une interview donn\u00e9e au journal <em>Le Monde<\/em>, James Bunce, le directeur de la performance de l&rsquo;AS Monaco, a d\u00e9taill\u00e9 la gestion des joueurs partis au Mondial entre novembre et d\u00e9cembre : \u00ab\u00a0<em>C\u2019est une situation nouvelle pour les clubs\u00a0: g\u00e9rer les cons\u00e9quences d\u2019une Coupe du monde en hiver. L\u2019avantage pour notre staff est que les joueurs ont l\u2019habitude de jouer tous les trois jours \u00e0 cette p\u00e9riode de l\u2019ann\u00e9e. Participer \u00e0 un Mondial ne leur a donc pas caus\u00e9 d\u2019\u00e9normes probl\u00e8mes physiques. \u00bb<\/em> <\/p>\n\n\n\n<p>Le staff mon\u00e9gasque a eu des informations et des donn\u00e9es en temps r\u00e9el ou presque concernant ses joueurs : \u00ab <em>Nous entretenons de bonnes relations avec les \u00e9quipes nationales, ce qui nous a permis de partager toutes sortes d\u2019informations li\u00e9es \u00e0 leur sant\u00e9 afin de pr\u00e9venir les blessures musculaires. Nous sommes tr\u00e8s satisfaits de l\u2019\u00e9tat de forme dans lequel ils sont rentr\u00e9s.<\/em>\u00a0<em>Pendant la Coupe du monde, la F\u00e9d\u00e9ration internationale communiquait les informations li\u00e9es aux performances individuelles\u00a0des footballeurs.<\/em> \u00bb<\/p>\n\n\n\n<p>La question de la r\u00e9cup\u00e9ration est des blessures se pose \u00e9galement et James Bunce veille surtout au bon reconditionnement physique de ceux qui ont peu jou\u00e9 : \u00ab <em>Les joueurs \u00e9tant en bonne condition physique, notre pr\u00e9occupation \u00e9tait de les exposer progressivement \u00e0 l\u2019intensit\u00e9 d\u2019un entra\u00eenement et d\u2019un match. Le danger est qu\u2019ils rejouent trop rapidement. Si le corps subit un choc soudain, la probabilit\u00e9 qu\u2019il se blesse augmente. Paradoxalement, les internationaux qui ont beaucoup jou\u00e9 pendant la Coupe du monde ne devraient pas avoir de probl\u00e8mes. La plus grosse \u00ab\u00a0alerte\u00a0\u00bb concerne ceux qui ont moins jou\u00e9 pendant ce mois de comp\u00e9tition. C\u2019est principalement sur eux que porte notre attention.<\/em>\u00a0\u00bb<\/p>\n\n\n\n<h4 class=\"has-vivid-red-color has-text-color\" style=\"font-style:normal;font-weight:400;text-transform:uppercase\">Prendre la sant\u00e9 mentale au s\u00e9rieux<\/h4>\n\n\n\n<p>S&rsquo;il faut prendre soin des corps qui sont soumis au rythme effr\u00e9n\u00e9 du calendrier, il faut aussi g\u00e9rer la sant\u00e9 mentale des joueurs. Les mondialistes sont toutefois revenus de la Coupe du monde avec un \u00e9tat d&rsquo;esprit positif : \u00ab\u00a0<em>Sur le terrain, ils sont comme des enfants dans une cour de r\u00e9cr\u00e9ation. Avoir des jours de repos leur a permis d\u2019oublier la d\u00e9ception de l\u2019\u00e9limination au Mondial et d\u2019\u00eatre pr\u00eats \u00e0 relever les d\u00e9fis de la seconde partie de saison. L\u2019exp\u00e9rience que nos joueurs ont v\u00e9cue est vraiment positive. Ils ont aim\u00e9 repr\u00e9senter leur \u00e9quipe nationale, et je suis s\u00fbr que c\u2019est l\u2019un des moments dont ils seront le plus fiers. Ils sont tous revenus avec de l\u2019\u00e9nergie.<\/em>\u00a0\u00bb<\/p>\n\n\n\n<p>Bunce rappelle que l&rsquo;AS Monaco s&rsquo;est renforc\u00e9 dans ce domaine, avec notamment <a href=\"https:\/\/www.ladiagonale.net\/index.php\/2022\/09\/29\/deux-nouvelles-psychologues-dans-le-staff\/\">l&rsquo;arriv\u00e9e de deux psychologues du sport<\/a> dans le staff, Emilie Thienot et Sophie Huguet, pour accompagner les joueurs dans cet aspect : \u00ab\u00a0<em>Nous prenons la sant\u00e9 mentale tr\u00e8s au s\u00e9rieux. Ces six derniers mois, nous avons investi dans ce secteur afin de nous assurer que les joueurs b\u00e9n\u00e9ficiaient d\u2019un accompagnement avant et apr\u00e8s un \u00e9v\u00e9nement tel que la Coupe du monde. Cela les aide \u00e0 endurer tout ce qu\u2019ils doivent affronter en tant que sportifs de haut niveau.<\/em>\u00a0\u00bb<\/p>\n","protected":false},"excerpt":{"rendered":"<p>Dans une interview donn\u00e9e au journal Le Monde, James Bunce, le directeur de la performance de l&rsquo;AS Monaco, a d\u00e9taill\u00e9 la gestion des joueurs partis au Mondial entre novembre et d\u00e9cembre : \u00ab\u00a0C\u2019est une situation nouvelle pour les clubs\u00a0: g\u00e9rer les cons\u00e9quences d\u2019une Coupe du monde en hiver. L\u2019avantage pour notre staff est que les [&#8230;]\n","protected":false},"author":2,"featured_media":0,"comment_status":"open","ping_status":"open","sticky":false,"template":"","format":"standard","meta":[],"categories":[6],"tags":[86,138,94],"yoast_head":"<!-- This site is optimized with the Yoast SEO plugin v19.8 - https:\/\/yoast.com\/wordpress\/plugins\/seo\/ -->\n<title>Bunce : \u00ab Une plus grande attention sur ceux qui ont moins jou\u00e9 au Mondial \u00bb - La Diagonale<\/title>\n<meta name=\"robots\" content=\"index, follow, max-snippet:-1, max-image-preview:large, max-video-preview:-1\" \/>\n<link rel=\"canonical\" href=\"https:\/\/www.ladiagonale.net\/index.php\/2022\/12\/31\/bunce-une-plus-grande-attention-sur-ceux-qui-ont-moins-joue-au-mondial\/\" \/>\n<meta property=\"og:locale\" content=\"fr_FR\" \/>\n<meta property=\"og:type\" content=\"article\" \/>\n<meta property=\"og:title\" content=\"Bunce : \u00ab Une plus grande attention sur ceux qui ont moins jou\u00e9 au Mondial \u00bb - La Diagonale\" \/>\n<meta property=\"og:description\" content=\"Dans une interview donn\u00e9e au journal Le Monde, James Bunce, le directeur de la performance de l&rsquo;AS Monaco, a d\u00e9taill\u00e9 la gestion des joueurs partis au Mondial entre novembre et d\u00e9cembre : \u00ab\u00a0C\u2019est une situation nouvelle pour les clubs\u00a0: g\u00e9rer les cons\u00e9quences d\u2019une Coupe du monde en hiver. L\u2019avantage pour notre staff est que les [...]\" \/>\n<meta property=\"og:url\" content=\"https:\/\/www.ladiagonale.net\/index.php\/2022\/12\/31\/bunce-une-plus-grande-attention-sur-ceux-qui-ont-moins-joue-au-mondial\/\" \/>\n<meta property=\"og:site_name\" content=\"La Diagonale\" \/>\n<meta property=\"article:published_time\" content=\"2022-12-31T15:30:14+00:00\" \/>\n<meta property=\"article:modified_time\" content=\"2022-12-31T15:30:18+00:00\" \/>\n<meta property=\"og:image\" content=\"https:\/\/www.ladiagonale.net\/wp-content\/uploads\/2022\/11\/bunce.png\" \/>\n\t<meta property=\"og:image:width\" content=\"1160\" \/>\n\t<meta property=\"og:image:height\" content=\"650\" \/>\n\t<meta property=\"og:image:type\" content=\"image\/png\" \/>\n<meta name=\"author\" content=\"Damien Dellerba\" \/>\n<meta name=\"twitter:card\" content=\"summary_large_image\" \/>\n<meta name=\"twitter:image\" content=\"https:\/\/www.ladiagonale.net\/wp-content\/uploads\/2022\/11\/bunce.png\" \/>\n<meta name=\"twitter:label1\" content=\"\u00c9crit par\" \/>\n\t<meta name=\"twitter:data1\" content=\"Damien Dellerba\" \/>\n\t<meta name=\"twitter:label2\" content=\"Dur\u00e9e de lecture estim\u00e9e\" \/>\n\t<meta name=\"twitter:data2\" content=\"3 minutes\" \/>\n<script type=\"application\/ld+json\" class=\"yoast-schema-graph\">{\"@context\":\"https:\/\/schema.org\",\"@graph\":[{\"@type\":\"WebPage\",\"@id\":\"https:\/\/www.ladiagonale.net\/index.php\/2022\/12\/31\/bunce-une-plus-grande-attention-sur-ceux-qui-ont-moins-joue-au-mondial\/\",\"url\":\"https:\/\/www.ladiagonale.net\/index.php\/2022\/12\/31\/bunce-une-plus-grande-attention-sur-ceux-qui-ont-moins-joue-au-mondial\/\",\"name\":\"Bunce : \u00ab Une plus grande attention sur ceux qui ont moins jou\u00e9 au Mondial \u00bb - La Diagonale\",\"isPartOf\":{\"@id\":\"https:\/\/www.ladiagonale.net\/#website\"},\"datePublished\":\"2022-12-31T15:30:14+00:00\",\"dateModified\":\"2022-12-31T15:30:18+00:00\",\"author\":{\"@id\":\"https:\/\/www.ladiagonale.net\/#\/schema\/person\/79ff1e7b0853ed01b2aa26e64ad300bf\"},\"breadcrumb\":{\"@id\":\"https:\/\/www.ladiagonale.net\/index.php\/2022\/12\/31\/bunce-une-plus-grande-attention-sur-ceux-qui-ont-moins-joue-au-mondial\/#breadcrumb\"},\"inLanguage\":\"fr-FR\",\"potentialAction\":[{\"@type\":\"ReadAction\",\"target\":[\"https:\/\/www.ladiagonale.net\/index.php\/2022\/12\/31\/bunce-une-plus-grande-attention-sur-ceux-qui-ont-moins-joue-au-mondial\/\"]}]},{\"@type\":\"BreadcrumbList\",\"@id\":\"https:\/\/www.ladiagonale.net\/index.php\/2022\/12\/31\/bunce-une-plus-grande-attention-sur-ceux-qui-ont-moins-joue-au-mondial\/#breadcrumb\",\"itemListElement\":[{\"@type\":\"ListItem\",\"position\":1,\"name\":\"Accueil\",\"item\":\"https:\/\/www.ladiagonale.net\/\"},{\"@type\":\"ListItem\",\"position\":2,\"name\":\"Bunce : \u00ab Une plus grande attention sur ceux qui ont moins jou\u00e9 au Mondial \u00bb\"}]},{\"@type\":\"WebSite\",\"@id\":\"https:\/\/www.ladiagonale.net\/#website\",\"url\":\"https:\/\/www.ladiagonale.net\/\",\"name\":\"La Diagonale\",\"description\":\"Le site des supporters de l&#039;AS Monaco FC\",\"potentialAction\":[{\"@type\":\"SearchAction\",\"target\":{\"@type\":\"EntryPoint\",\"urlTemplate\":\"https:\/\/www.ladiagonale.net\/?s={search_term_string}\"},\"query-input\":\"required name=search_term_string\"}],\"inLanguage\":\"fr-FR\"},{\"@type\":\"Person\",\"@id\":\"https:\/\/www.ladiagonale.net\/#\/schema\/person\/79ff1e7b0853ed01b2aa26e64ad300bf\",\"name\":\"Damien Dellerba\",\"image\":{\"@type\":\"ImageObject\",\"inLanguage\":\"fr-FR\",\"@id\":\"https:\/\/www.ladiagonale.net\/#\/schema\/person\/image\/\",\"url\":\"https:\/\/secure.gravatar.com\/avatar\/c7850e06d3ff63cdbaee88b7fc16e2f0?s=96&d=mm&r=g\",\"contentUrl\":\"https:\/\/secure.gravatar.com\/avatar\/c7850e06d3ff63cdbaee88b7fc16e2f0?s=96&d=mm&r=g\",\"caption\":\"Damien Dellerba\"},\"url\":\"https:\/\/www.ladiagonale.net\/index.php\/author\/damien\/\"}]}<\/script>\n<!-- \/ Yoast SEO plugin. -->","yoast_head_json":{"title":"Bunce : \u00ab Une plus grande attention sur ceux qui ont moins jou\u00e9 au Mondial \u00bb - La Diagonale","robots":{"index":"index","follow":"follow","max-snippet":"max-snippet:-1","max-image-preview":"max-image-preview:large","max-video-preview":"max-video-preview:-1"},"canonical":"https:\/\/www.ladiagonale.net\/index.php\/2022\/12\/31\/bunce-une-plus-grande-attention-sur-ceux-qui-ont-moins-joue-au-mondial\/","og_locale":"fr_FR","og_type":"article","og_title":"Bunce : \u00ab Une plus grande attention sur ceux qui ont moins jou\u00e9 au Mondial \u00bb - La Diagonale","og_description":"Dans une interview donn\u00e9e au journal Le Monde, James Bunce, le directeur de la performance de l&rsquo;AS Monaco, a d\u00e9taill\u00e9 la gestion des joueurs partis au Mondial entre novembre et d\u00e9cembre : \u00ab\u00a0C\u2019est une situation nouvelle pour les clubs\u00a0: g\u00e9rer les cons\u00e9quences d\u2019une Coupe du monde en hiver. L\u2019avantage pour notre staff est que les [...]","og_url":"https:\/\/www.ladiagonale.net\/index.php\/2022\/12\/31\/bunce-une-plus-grande-attention-sur-ceux-qui-ont-moins-joue-au-mondial\/","og_site_name":"La Diagonale","article_published_time":"2022-12-31T15:30:14+00:00","article_modified_time":"2022-12-31T15:30:18+00:00","og_image":[{"width":1160,"height":650,"url":"https:\/\/www.ladiagonale.net\/wp-content\/uploads\/2022\/11\/bunce.png","type":"image\/png"}],"author":"Damien Dellerba","twitter_card":"summary_large_image","twitter_image":"https:\/\/www.ladiagonale.net\/wp-content\/uploads\/2022\/11\/bunce.png","twitter_misc":{"\u00c9crit par":"Damien Dellerba","Dur\u00e9e de lecture estim\u00e9e":"3 minutes"},"schema":{"@context":"https:\/\/schema.org","@graph":[{"@type":"WebPage","@id":"https:\/\/www.ladiagonale.net\/index.php\/2022\/12\/31\/bunce-une-plus-grande-attention-sur-ceux-qui-ont-moins-joue-au-mondial\/","url":"https:\/\/www.ladiagonale.net\/index.php\/2022\/12\/31\/bunce-une-plus-grande-attention-sur-ceux-qui-ont-moins-joue-au-mondial\/","name":"Bunce : \u00ab Une plus grande attention sur ceux qui ont moins jou\u00e9 au Mondial \u00bb - La Diagonale","isPartOf":{"@id":"https:\/\/www.ladiagonale.net\/#website"},"datePublished":"2022-12-31T15:30:14+00:00","dateModified":"2022-12-31T15:30:18+00:00","author":{"@id":"https:\/\/www.ladiagonale.net\/#\/schema\/person\/79ff1e7b0853ed01b2aa26e64ad300bf"},"breadcrumb":{"@id":"https:\/\/www.ladiagonale.net\/index.php\/2022\/12\/31\/bunce-une-plus-grande-attention-sur-ceux-qui-ont-moins-joue-au-mondial\/#breadcrumb"},"inLanguage":"fr-FR","potentialAction":[{"@type":"ReadAction","target":["https:\/\/www.ladiagonale.net\/index.php\/2022\/12\/31\/bunce-une-plus-grande-attention-sur-ceux-qui-ont-moins-joue-au-mondial\/"]}]},{"@type":"BreadcrumbList","@id":"https:\/\/www.ladiagonale.net\/index.php\/2022\/12\/31\/bunce-une-plus-grande-attention-sur-ceux-qui-ont-moins-joue-au-mondial\/#breadcrumb","itemListElement":[{"@type":"ListItem","position":1,"name":"Accueil","item":"https:\/\/www.ladiagonale.net\/"},{"@type":"ListItem","position":2,"name":"Bunce : \u00ab Une plus grande attention sur ceux qui ont moins jou\u00e9 au Mondial \u00bb"}]},{"@type":"WebSite","@id":"https:\/\/www.ladiagonale.net\/#website","url":"https:\/\/www.ladiagonale.net\/","name":"La Diagonale","description":"Le site des supporters de l&#039;AS Monaco FC","potentialAction":[{"@type":"SearchAction","target":{"@type":"EntryPoint","urlTemplate":"https:\/\/www.ladiagonale.net\/?s={search_term_string}"},"query-input":"required name=search_term_string"}],"inLanguage":"fr-FR"},{"@type":"Person","@id":"https:\/\/www.ladiagonale.net\/#\/schema\/person\/79ff1e7b0853ed01b2aa26e64ad300bf","name":"Damien Dellerba","image":{"@type":"ImageObject","inLanguage":"fr-FR","@id":"https:\/\/www.ladiagonale.net\/#\/schema\/person\/image\/","url":"https:\/\/secure.gravatar.com\/avatar\/c7850e06d3ff63cdbaee88b7fc16e2f0?s=96&d=mm&r=g","contentUrl":"https:\/\/secure.gravatar.com\/avatar\/c7850e06d3ff63cdbaee88b7fc16e2f0?s=96&d=mm&r=g","caption":"Damien Dellerba"},"url":"https:\/\/www.ladiagonale.net\/index.php\/author\/damien\/"}]}},"_links":{"self":[{"href":"https:\/\/www.ladiagonale.net\/index.php\/wp-json\/wp\/v2\/posts\/7964"}],"collection":[{"href":"https:\/\/www.ladiagonale.net\/index.php\/wp-json\/wp\/v2\/posts"}],"about":[{"href":"https:\/\/www.ladiagonale.net\/index.php\/wp-json\/wp\/v2\/types\/post"}],"author":[{"embeddable":true,"href":"https:\/\/www.ladiagonale.net\/index.php\/wp-json\/wp\/v2\/users\/2"}],"replies":[{"embeddable":true,"href":"https:\/\/www.ladiagonale.net\/index.php\/wp-json\/wp\/v2\/comments?post=7964"}],"version-history":[{"count":2,"href":"https:\/\/www.ladiagonale.net\/index.php\/wp-json\/wp\/v2\/posts\/7964\/revisions"}],"predecessor-version":[{"id":8005,"href":"https:\/\/www.ladiagonale.net\/index.php\/wp-json\/wp\/v2\/posts\/7964\/revisions\/8005"}],"wp:attachment":[{"href":"https:\/\/www.ladiagonale.net\/index.php\/wp-json\/wp\/v2\/media?parent=7964"}],"wp:term":[{"taxonomy":"category","embeddable":true,"href":"https:\/\/www.ladiagonale.net\/index.php\/wp-json\/wp\/v2\/categories?post=7964"},{"taxonomy":"post_tag","embeddable":true,"href":"https:\/\/www.ladiagonale.net\/index.php\/wp-json\/wp\/v2\/tags?post=7964"}],"curies":[{"name":"wp","href":"https:\/\/api.w.org\/{rel}","templated":true}]}}