{"id":7981,"date":"2022-12-30T17:21:50","date_gmt":"2022-12-30T16:21:50","guid":{"rendered":"https:\/\/www.ladiagonale.net\/?p=7981"},"modified":"2022-12-30T21:53:46","modified_gmt":"2022-12-30T20:53:46","slug":"clement-on-ne-peut-pas-se-relacher-en-ligue-1","status":"publish","type":"post","link":"https:\/\/www.ladiagonale.net\/index.php\/2022\/12\/30\/clement-on-ne-peut-pas-se-relacher-en-ligue-1\/","title":{"rendered":"Clement : \u00ab On ne peut pas se rel\u00e2cher en Ligue 1 \u00bb"},"content":{"rendered":"\n<p>Dimanche (15h), l&rsquo;AS Monaco affronte Brest, une autre \u00e9quipe en difficult\u00e9, apr\u00e8s Auxerre. Philippe Clement ne veut pas que ses troupes se montrent trop d\u00e9sinvoltes, car chaque \u00e9quipe de Ligue 1 peut faire mal, selon lui : \u00ab <em>Contre Lyon, ils ont encaiss\u00e9 quatre buts mais c&rsquo;\u00e9tait \u00e9quilibr\u00e9 en nombre de tirs. C&rsquo;est une \u00e9quipe avec des qualit\u00e9s offensives, tr\u00e8s forte sur les centres avec des attaquants bons dans ce domaine et des ailiers qui am\u00e8nent beaucoup de vitesse dans les transitions. Chaque \u00e9quipe en France a quelque chose de sp\u00e9cifique qui la rend dangereuse. On ne peut jamais se rel\u00e2cher, on l&rsquo;a encore vu avec Reims qui gagne contre Rennes.<\/em> \u00bb<\/p>\n\n\n\n<p>L&rsquo;entra\u00eeneur de l&rsquo;AS Monaco a aussi fait un petit bilan de l&rsquo;ann\u00e9e \u00e9coul\u00e9e sur le banc de touche mais pour cette saison, il pr\u00e9f\u00e8re attendre la fin de la phase aller pour faire un vrai bilan : <em>\u00ab<\/em> <em>Je veux faire un bilan apr\u00e8s 19 matchs et apr\u00e8s avoir jou\u00e9 contre tout le monde. On m&rsquo;a dit qu&rsquo;apr\u00e8s 19 matchs, Monaco avait 29 points la saison derni\u00e8re. L\u00e0, nous en avons 30 apr\u00e8s 16 matchs. C&rsquo;est mieux que l&rsquo;ann\u00e9e pass\u00e9e, mais il est clair que l&rsquo;on veut faire encore mieux. \u00bb <\/em>Et Clement de citer une autre statistique : <em>\u00ab<\/em> <em>Cela fait 26 matchs d&rsquo;affil\u00e9e avec au moins un but inscrit. Notre intention est toujours de gagner et de marquer.<\/em> \u00bb<\/p>\n\n\n\n<p>Mais il faudra aussi g\u00e9rer l&rsquo;\u00e9tat de forme des joueurs, tout particuli\u00e8rement des mondialistes, car il semble que les niveaux physiques sont quelque peu disparates : \u00ab <em>Il y a des diff\u00e9rences entre les joueurs. Mentalement, ils sont tous bien revenus. Ceux qui sont rentr\u00e9s contre Auxerre \u00e9taient bien physiquement, on verra si je leur donne du repos suppl\u00e9mentaire dans les prochains mois. Physiquement, il y a des diff\u00e9rences car les pr\u00e9parations au sein des s\u00e9lections ne sont pas identiques. Avec certains, il faudra reprendre des choses alors que d&rsquo;autres sont revenus en pleine forme. Maintenant, c&rsquo;est \u00e0 nous de g\u00e9rer \u00e7a.<\/em> \u00bb<\/p>\n","protected":false},"excerpt":{"rendered":"<p>Dimanche (15h), l&rsquo;AS Monaco affronte Brest, une autre \u00e9quipe en difficult\u00e9, apr\u00e8s Auxerre. Philippe Clement ne veut pas que ses troupes se montrent trop d\u00e9sinvoltes, car chaque \u00e9quipe de Ligue 1 peut faire mal, selon lui : \u00ab Contre Lyon, ils ont encaiss\u00e9 quatre buts mais c&rsquo;\u00e9tait \u00e9quilibr\u00e9 en nombre de tirs. C&rsquo;est une \u00e9quipe [&#8230;]\n","protected":false},"author":2,"featured_media":0,"comment_status":"open","ping_status":"open","sticky":false,"template":"","format":"standard","meta":[],"categories":[6],"tags":[86,94,348,191],"yoast_head":"<!-- This site is optimized with the Yoast SEO plugin v19.8 - https:\/\/yoast.com\/wordpress\/plugins\/seo\/ -->\n<title>Clement : \u00ab On ne peut pas se rel\u00e2cher en Ligue 1 \u00bb - La Diagonale<\/title>\n<meta name=\"robots\" content=\"index, follow, max-snippet:-1, max-image-preview:large, max-video-preview:-1\" \/>\n<link rel=\"canonical\" href=\"https:\/\/www.ladiagonale.net\/index.php\/2022\/12\/30\/clement-on-ne-peut-pas-se-relacher-en-ligue-1\/\" \/>\n<meta property=\"og:locale\" content=\"fr_FR\" \/>\n<meta property=\"og:type\" content=\"article\" \/>\n<meta property=\"og:title\" content=\"Clement : \u00ab On ne peut pas se rel\u00e2cher en Ligue 1 \u00bb - La Diagonale\" \/>\n<meta property=\"og:description\" content=\"Dimanche (15h), l&rsquo;AS Monaco affronte Brest, une autre \u00e9quipe en difficult\u00e9, apr\u00e8s Auxerre. Philippe Clement ne veut pas que ses troupes se montrent trop d\u00e9sinvoltes, car chaque \u00e9quipe de Ligue 1 peut faire mal, selon lui : \u00ab Contre Lyon, ils ont encaiss\u00e9 quatre buts mais c&rsquo;\u00e9tait \u00e9quilibr\u00e9 en nombre de tirs. C&rsquo;est une \u00e9quipe [...]\" \/>\n<meta property=\"og:url\" content=\"https:\/\/www.ladiagonale.net\/index.php\/2022\/12\/30\/clement-on-ne-peut-pas-se-relacher-en-ligue-1\/\" \/>\n<meta property=\"og:site_name\" content=\"La Diagonale\" \/>\n<meta property=\"article:published_time\" content=\"2022-12-30T16:21:50+00:00\" \/>\n<meta property=\"article:modified_time\" content=\"2022-12-30T20:53:46+00:00\" \/>\n<meta property=\"og:image\" content=\"https:\/\/www.ladiagonale.net\/wp-content\/uploads\/2022\/11\/clement.png\" \/>\n\t<meta property=\"og:image:width\" content=\"1160\" \/>\n\t<meta property=\"og:image:height\" content=\"650\" \/>\n\t<meta property=\"og:image:type\" content=\"image\/png\" \/>\n<meta name=\"author\" content=\"Damien Dellerba\" \/>\n<meta name=\"twitter:card\" content=\"summary_large_image\" \/>\n<meta name=\"twitter:image\" content=\"https:\/\/www.ladiagonale.net\/wp-content\/uploads\/2022\/11\/clement.png\" \/>\n<meta name=\"twitter:label1\" content=\"\u00c9crit par\" \/>\n\t<meta name=\"twitter:data1\" content=\"Damien Dellerba\" \/>\n\t<meta name=\"twitter:label2\" content=\"Dur\u00e9e de lecture estim\u00e9e\" \/>\n\t<meta name=\"twitter:data2\" content=\"2 minutes\" \/>\n<script type=\"application\/ld+json\" class=\"yoast-schema-graph\">{\"@context\":\"https:\/\/schema.org\",\"@graph\":[{\"@type\":\"WebPage\",\"@id\":\"https:\/\/www.ladiagonale.net\/index.php\/2022\/12\/30\/clement-on-ne-peut-pas-se-relacher-en-ligue-1\/\",\"url\":\"https:\/\/www.ladiagonale.net\/index.php\/2022\/12\/30\/clement-on-ne-peut-pas-se-relacher-en-ligue-1\/\",\"name\":\"Clement : \u00ab On ne peut pas se rel\u00e2cher en Ligue 1 \u00bb - La Diagonale\",\"isPartOf\":{\"@id\":\"https:\/\/www.ladiagonale.net\/#website\"},\"datePublished\":\"2022-12-30T16:21:50+00:00\",\"dateModified\":\"2022-12-30T20:53:46+00:00\",\"author\":{\"@id\":\"https:\/\/www.ladiagonale.net\/#\/schema\/person\/79ff1e7b0853ed01b2aa26e64ad300bf\"},\"breadcrumb\":{\"@id\":\"https:\/\/www.ladiagonale.net\/index.php\/2022\/12\/30\/clement-on-ne-peut-pas-se-relacher-en-ligue-1\/#breadcrumb\"},\"inLanguage\":\"fr-FR\",\"potentialAction\":[{\"@type\":\"ReadAction\",\"target\":[\"https:\/\/www.ladiagonale.net\/index.php\/2022\/12\/30\/clement-on-ne-peut-pas-se-relacher-en-ligue-1\/\"]}]},{\"@type\":\"BreadcrumbList\",\"@id\":\"https:\/\/www.ladiagonale.net\/index.php\/2022\/12\/30\/clement-on-ne-peut-pas-se-relacher-en-ligue-1\/#breadcrumb\",\"itemListElement\":[{\"@type\":\"ListItem\",\"position\":1,\"name\":\"Accueil\",\"item\":\"https:\/\/www.ladiagonale.net\/\"},{\"@type\":\"ListItem\",\"position\":2,\"name\":\"Clement : \u00ab On ne peut pas se rel\u00e2cher en Ligue 1 \u00bb\"}]},{\"@type\":\"WebSite\",\"@id\":\"https:\/\/www.ladiagonale.net\/#website\",\"url\":\"https:\/\/www.ladiagonale.net\/\",\"name\":\"La Diagonale\",\"description\":\"Le site des supporters de l&#039;AS Monaco FC\",\"potentialAction\":[{\"@type\":\"SearchAction\",\"target\":{\"@type\":\"EntryPoint\",\"urlTemplate\":\"https:\/\/www.ladiagonale.net\/?s={search_term_string}\"},\"query-input\":\"required name=search_term_string\"}],\"inLanguage\":\"fr-FR\"},{\"@type\":\"Person\",\"@id\":\"https:\/\/www.ladiagonale.net\/#\/schema\/person\/79ff1e7b0853ed01b2aa26e64ad300bf\",\"name\":\"Damien Dellerba\",\"image\":{\"@type\":\"ImageObject\",\"inLanguage\":\"fr-FR\",\"@id\":\"https:\/\/www.ladiagonale.net\/#\/schema\/person\/image\/\",\"url\":\"https:\/\/secure.gravatar.com\/avatar\/c7850e06d3ff63cdbaee88b7fc16e2f0?s=96&d=mm&r=g\",\"contentUrl\":\"https:\/\/secure.gravatar.com\/avatar\/c7850e06d3ff63cdbaee88b7fc16e2f0?s=96&d=mm&r=g\",\"caption\":\"Damien Dellerba\"},\"url\":\"https:\/\/www.ladiagonale.net\/index.php\/author\/damien\/\"}]}<\/script>\n<!-- \/ Yoast SEO plugin. -->","yoast_head_json":{"title":"Clement : \u00ab On ne peut pas se rel\u00e2cher en Ligue 1 \u00bb - La Diagonale","robots":{"index":"index","follow":"follow","max-snippet":"max-snippet:-1","max-image-preview":"max-image-preview:large","max-video-preview":"max-video-preview:-1"},"canonical":"https:\/\/www.ladiagonale.net\/index.php\/2022\/12\/30\/clement-on-ne-peut-pas-se-relacher-en-ligue-1\/","og_locale":"fr_FR","og_type":"article","og_title":"Clement : \u00ab On ne peut pas se rel\u00e2cher en Ligue 1 \u00bb - La Diagonale","og_description":"Dimanche (15h), l&rsquo;AS Monaco affronte Brest, une autre \u00e9quipe en difficult\u00e9, apr\u00e8s Auxerre. Philippe Clement ne veut pas que ses troupes se montrent trop d\u00e9sinvoltes, car chaque \u00e9quipe de Ligue 1 peut faire mal, selon lui : \u00ab Contre Lyon, ils ont encaiss\u00e9 quatre buts mais c&rsquo;\u00e9tait \u00e9quilibr\u00e9 en nombre de tirs. C&rsquo;est une \u00e9quipe [...]","og_url":"https:\/\/www.ladiagonale.net\/index.php\/2022\/12\/30\/clement-on-ne-peut-pas-se-relacher-en-ligue-1\/","og_site_name":"La Diagonale","article_published_time":"2022-12-30T16:21:50+00:00","article_modified_time":"2022-12-30T20:53:46+00:00","og_image":[{"width":1160,"height":650,"url":"https:\/\/www.ladiagonale.net\/wp-content\/uploads\/2022\/11\/clement.png","type":"image\/png"}],"author":"Damien Dellerba","twitter_card":"summary_large_image","twitter_image":"https:\/\/www.ladiagonale.net\/wp-content\/uploads\/2022\/11\/clement.png","twitter_misc":{"\u00c9crit par":"Damien Dellerba","Dur\u00e9e de lecture estim\u00e9e":"2 minutes"},"schema":{"@context":"https:\/\/schema.org","@graph":[{"@type":"WebPage","@id":"https:\/\/www.ladiagonale.net\/index.php\/2022\/12\/30\/clement-on-ne-peut-pas-se-relacher-en-ligue-1\/","url":"https:\/\/www.ladiagonale.net\/index.php\/2022\/12\/30\/clement-on-ne-peut-pas-se-relacher-en-ligue-1\/","name":"Clement : \u00ab On ne peut pas se rel\u00e2cher en Ligue 1 \u00bb - La Diagonale","isPartOf":{"@id":"https:\/\/www.ladiagonale.net\/#website"},"datePublished":"2022-12-30T16:21:50+00:00","dateModified":"2022-12-30T20:53:46+00:00","author":{"@id":"https:\/\/www.ladiagonale.net\/#\/schema\/person\/79ff1e7b0853ed01b2aa26e64ad300bf"},"breadcrumb":{"@id":"https:\/\/www.ladiagonale.net\/index.php\/2022\/12\/30\/clement-on-ne-peut-pas-se-relacher-en-ligue-1\/#breadcrumb"},"inLanguage":"fr-FR","potentialAction":[{"@type":"ReadAction","target":["https:\/\/www.ladiagonale.net\/index.php\/2022\/12\/30\/clement-on-ne-peut-pas-se-relacher-en-ligue-1\/"]}]},{"@type":"BreadcrumbList","@id":"https:\/\/www.ladiagonale.net\/index.php\/2022\/12\/30\/clement-on-ne-peut-pas-se-relacher-en-ligue-1\/#breadcrumb","itemListElement":[{"@type":"ListItem","position":1,"name":"Accueil","item":"https:\/\/www.ladiagonale.net\/"},{"@type":"ListItem","position":2,"name":"Clement : \u00ab On ne peut pas se rel\u00e2cher en Ligue 1 \u00bb"}]},{"@type":"WebSite","@id":"https:\/\/www.ladiagonale.net\/#website","url":"https:\/\/www.ladiagonale.net\/","name":"La Diagonale","description":"Le site des supporters de l&#039;AS Monaco FC","potentialAction":[{"@type":"SearchAction","target":{"@type":"EntryPoint","urlTemplate":"https:\/\/www.ladiagonale.net\/?s={search_term_string}"},"query-input":"required name=search_term_string"}],"inLanguage":"fr-FR"},{"@type":"Person","@id":"https:\/\/www.ladiagonale.net\/#\/schema\/person\/79ff1e7b0853ed01b2aa26e64ad300bf","name":"Damien Dellerba","image":{"@type":"ImageObject","inLanguage":"fr-FR","@id":"https:\/\/www.ladiagonale.net\/#\/schema\/person\/image\/","url":"https:\/\/secure.gravatar.com\/avatar\/c7850e06d3ff63cdbaee88b7fc16e2f0?s=96&d=mm&r=g","contentUrl":"https:\/\/secure.gravatar.com\/avatar\/c7850e06d3ff63cdbaee88b7fc16e2f0?s=96&d=mm&r=g","caption":"Damien Dellerba"},"url":"https:\/\/www.ladiagonale.net\/index.php\/author\/damien\/"}]}},"_links":{"self":[{"href":"https:\/\/www.ladiagonale.net\/index.php\/wp-json\/wp\/v2\/posts\/7981"}],"collection":[{"href":"https:\/\/www.ladiagonale.net\/index.php\/wp-json\/wp\/v2\/posts"}],"about":[{"href":"https:\/\/www.ladiagonale.net\/index.php\/wp-json\/wp\/v2\/types\/post"}],"author":[{"embeddable":true,"href":"https:\/\/www.ladiagonale.net\/index.php\/wp-json\/wp\/v2\/users\/2"}],"replies":[{"embeddable":true,"href":"https:\/\/www.ladiagonale.net\/index.php\/wp-json\/wp\/v2\/comments?post=7981"}],"version-history":[{"count":4,"href":"https:\/\/www.ladiagonale.net\/index.php\/wp-json\/wp\/v2\/posts\/7981\/revisions"}],"predecessor-version":[{"id":7988,"href":"https:\/\/www.ladiagonale.net\/index.php\/wp-json\/wp\/v2\/posts\/7981\/revisions\/7988"}],"wp:attachment":[{"href":"https:\/\/www.ladiagonale.net\/index.php\/wp-json\/wp\/v2\/media?parent=7981"}],"wp:term":[{"taxonomy":"category","embeddable":true,"href":"https:\/\/www.ladiagonale.net\/index.php\/wp-json\/wp\/v2\/categories?post=7981"},{"taxonomy":"post_tag","embeddable":true,"href":"https:\/\/www.ladiagonale.net\/index.php\/wp-json\/wp\/v2\/tags?post=7981"}],"curies":[{"name":"wp","href":"https:\/\/api.w.org\/{rel}","templated":true}]}}