{"id":7998,"date":"2022-12-31T00:14:18","date_gmt":"2022-12-30T23:14:18","guid":{"rendered":"https:\/\/www.ladiagonale.net\/?p=7998"},"modified":"2022-12-31T00:14:21","modified_gmt":"2022-12-30T23:14:21","slug":"clement-veut-mieux-integrer-sarr","status":"publish","type":"post","link":"https:\/\/www.ladiagonale.net\/index.php\/2022\/12\/31\/clement-veut-mieux-integrer-sarr\/","title":{"rendered":"Clement veut mieux int\u00e9grer Sarr"},"content":{"rendered":"\n\n\n<p>Cela ressemblerait presque \u00e0 des aveux. Alors que Beno\u00eet Badiashile semble de plus en plus proche d\u2019un d\u00e9part, Philippe Clement a d\u00fb r\u00e9pondre sur le cas de l\u2019international fran\u00e7ais en conf\u00e9rence de presse et justifier la titularisation de Malang Sarr contre Auxerre : \u00ab\u00a0<em>Je dois aussi regarder le futur et c\u2019\u00e9tait normal de faire jouer Malang pour qu\u2019il puisse prouver sur le terrain et mieux l\u2019int\u00e9grer.<\/em>\u00a0\u00bb<\/p>\n\n\n\n<p>L\u2019ancien Ni\u00e7ois est actuellement pr\u00eat\u00e9 par Chelsea, qui convoite Badiashile, mais l\u2019entra\u00eeneur de l\u2019AS Monaco assure qu\u2019il ne prend pas ses d\u00e9cisions en fonction des contrats des joueurs : \u00ab\u00a0<em>Cela n\u2019a pas d\u2019importance pour moi. Je vois les joueurs qui sont ici et je ne pense pas \u00e0 leur situation contractuelle ou \u00e0 leur \u00e2ge.\u00a0<\/em>\u00bb\u00a0<\/p>\n\n\n\n<p>Clement a n\u00e9anmoins confirm\u00e9 les n\u00e9gociations pour Badiashile :\u00ab\u00a0<em>C\u2019est toujours une op\u00e9ration entre trois parties. Tout le monde doit \u00eatre align\u00e9 pour avoir un accord et ce n\u2019est pas le cas pour le moment. Pour moi, le plus important reste l\u2019AS Monaco et les joueurs. Beno\u00eet fait toutes les s\u00e9ances. Il fait bien les choses, donne des conseils \u00e0 ses co\u00e9quipiers et a f\u00eat\u00e9 la victoire contre Auxerre.<\/em>\u00a0\u00bb<\/p>\n","protected":false},"excerpt":{"rendered":"<p>Cela ressemblerait presque \u00e0 des aveux. Alors que Beno\u00eet Badiashile semble de plus en plus proche d\u2019un d\u00e9part, Philippe Clement a d\u00fb r\u00e9pondre sur le cas de l\u2019international fran\u00e7ais en conf\u00e9rence de presse et justifier la titularisation de Malang Sarr contre Auxerre : \u00ab\u00a0Je dois aussi regarder le futur et c\u2019\u00e9tait normal de faire jouer [&#8230;]\n","protected":false},"author":2,"featured_media":0,"comment_status":"open","ping_status":"open","sticky":false,"template":"","format":"standard","meta":[],"categories":[6],"tags":[86,177,94,194,348,191],"yoast_head":"<!-- This site is optimized with the Yoast SEO plugin v19.8 - https:\/\/yoast.com\/wordpress\/plugins\/seo\/ -->\n<title>Clement veut mieux int\u00e9grer Sarr - La Diagonale<\/title>\n<meta name=\"robots\" content=\"index, follow, max-snippet:-1, max-image-preview:large, max-video-preview:-1\" \/>\n<link rel=\"canonical\" href=\"https:\/\/www.ladiagonale.net\/index.php\/2022\/12\/31\/clement-veut-mieux-integrer-sarr\/\" \/>\n<meta property=\"og:locale\" content=\"fr_FR\" \/>\n<meta property=\"og:type\" content=\"article\" \/>\n<meta property=\"og:title\" content=\"Clement veut mieux int\u00e9grer Sarr - La Diagonale\" \/>\n<meta property=\"og:description\" content=\"Cela ressemblerait presque \u00e0 des aveux. Alors que Beno\u00eet Badiashile semble de plus en plus proche d\u2019un d\u00e9part, Philippe Clement a d\u00fb r\u00e9pondre sur le cas de l\u2019international fran\u00e7ais en conf\u00e9rence de presse et justifier la titularisation de Malang Sarr contre Auxerre : \u00ab\u00a0Je dois aussi regarder le futur et c\u2019\u00e9tait normal de faire jouer [...]\" \/>\n<meta property=\"og:url\" content=\"https:\/\/www.ladiagonale.net\/index.php\/2022\/12\/31\/clement-veut-mieux-integrer-sarr\/\" \/>\n<meta property=\"og:site_name\" content=\"La Diagonale\" \/>\n<meta property=\"article:published_time\" content=\"2022-12-30T23:14:18+00:00\" \/>\n<meta property=\"article:modified_time\" content=\"2022-12-30T23:14:21+00:00\" \/>\n<meta property=\"og:image\" content=\"https:\/\/www.ladiagonale.net\/wp-content\/uploads\/2022\/12\/sarr.png\" \/>\n\t<meta property=\"og:image:width\" content=\"1160\" \/>\n\t<meta property=\"og:image:height\" content=\"650\" \/>\n\t<meta property=\"og:image:type\" content=\"image\/png\" \/>\n<meta name=\"author\" content=\"Damien Dellerba\" \/>\n<meta name=\"twitter:card\" content=\"summary_large_image\" \/>\n<meta name=\"twitter:image\" content=\"https:\/\/www.ladiagonale.net\/wp-content\/uploads\/2022\/12\/sarr.png\" \/>\n<meta name=\"twitter:label1\" content=\"\u00c9crit par\" \/>\n\t<meta name=\"twitter:data1\" content=\"Damien Dellerba\" \/>\n\t<meta name=\"twitter:label2\" content=\"Dur\u00e9e de lecture estim\u00e9e\" \/>\n\t<meta name=\"twitter:data2\" content=\"1 minute\" \/>\n<script type=\"application\/ld+json\" class=\"yoast-schema-graph\">{\"@context\":\"https:\/\/schema.org\",\"@graph\":[{\"@type\":\"WebPage\",\"@id\":\"https:\/\/www.ladiagonale.net\/index.php\/2022\/12\/31\/clement-veut-mieux-integrer-sarr\/\",\"url\":\"https:\/\/www.ladiagonale.net\/index.php\/2022\/12\/31\/clement-veut-mieux-integrer-sarr\/\",\"name\":\"Clement veut mieux int\u00e9grer Sarr - La Diagonale\",\"isPartOf\":{\"@id\":\"https:\/\/www.ladiagonale.net\/#website\"},\"datePublished\":\"2022-12-30T23:14:18+00:00\",\"dateModified\":\"2022-12-30T23:14:21+00:00\",\"author\":{\"@id\":\"https:\/\/www.ladiagonale.net\/#\/schema\/person\/79ff1e7b0853ed01b2aa26e64ad300bf\"},\"breadcrumb\":{\"@id\":\"https:\/\/www.ladiagonale.net\/index.php\/2022\/12\/31\/clement-veut-mieux-integrer-sarr\/#breadcrumb\"},\"inLanguage\":\"fr-FR\",\"potentialAction\":[{\"@type\":\"ReadAction\",\"target\":[\"https:\/\/www.ladiagonale.net\/index.php\/2022\/12\/31\/clement-veut-mieux-integrer-sarr\/\"]}]},{\"@type\":\"BreadcrumbList\",\"@id\":\"https:\/\/www.ladiagonale.net\/index.php\/2022\/12\/31\/clement-veut-mieux-integrer-sarr\/#breadcrumb\",\"itemListElement\":[{\"@type\":\"ListItem\",\"position\":1,\"name\":\"Accueil\",\"item\":\"https:\/\/www.ladiagonale.net\/\"},{\"@type\":\"ListItem\",\"position\":2,\"name\":\"Clement veut mieux int\u00e9grer Sarr\"}]},{\"@type\":\"WebSite\",\"@id\":\"https:\/\/www.ladiagonale.net\/#website\",\"url\":\"https:\/\/www.ladiagonale.net\/\",\"name\":\"La Diagonale\",\"description\":\"Le site des supporters de l&#039;AS Monaco FC\",\"potentialAction\":[{\"@type\":\"SearchAction\",\"target\":{\"@type\":\"EntryPoint\",\"urlTemplate\":\"https:\/\/www.ladiagonale.net\/?s={search_term_string}\"},\"query-input\":\"required name=search_term_string\"}],\"inLanguage\":\"fr-FR\"},{\"@type\":\"Person\",\"@id\":\"https:\/\/www.ladiagonale.net\/#\/schema\/person\/79ff1e7b0853ed01b2aa26e64ad300bf\",\"name\":\"Damien Dellerba\",\"image\":{\"@type\":\"ImageObject\",\"inLanguage\":\"fr-FR\",\"@id\":\"https:\/\/www.ladiagonale.net\/#\/schema\/person\/image\/\",\"url\":\"https:\/\/secure.gravatar.com\/avatar\/c7850e06d3ff63cdbaee88b7fc16e2f0?s=96&d=mm&r=g\",\"contentUrl\":\"https:\/\/secure.gravatar.com\/avatar\/c7850e06d3ff63cdbaee88b7fc16e2f0?s=96&d=mm&r=g\",\"caption\":\"Damien Dellerba\"},\"url\":\"https:\/\/www.ladiagonale.net\/index.php\/author\/damien\/\"}]}<\/script>\n<!-- \/ Yoast SEO plugin. -->","yoast_head_json":{"title":"Clement veut mieux int\u00e9grer Sarr - La Diagonale","robots":{"index":"index","follow":"follow","max-snippet":"max-snippet:-1","max-image-preview":"max-image-preview:large","max-video-preview":"max-video-preview:-1"},"canonical":"https:\/\/www.ladiagonale.net\/index.php\/2022\/12\/31\/clement-veut-mieux-integrer-sarr\/","og_locale":"fr_FR","og_type":"article","og_title":"Clement veut mieux int\u00e9grer Sarr - La Diagonale","og_description":"Cela ressemblerait presque \u00e0 des aveux. Alors que Beno\u00eet Badiashile semble de plus en plus proche d\u2019un d\u00e9part, Philippe Clement a d\u00fb r\u00e9pondre sur le cas de l\u2019international fran\u00e7ais en conf\u00e9rence de presse et justifier la titularisation de Malang Sarr contre Auxerre : \u00ab\u00a0Je dois aussi regarder le futur et c\u2019\u00e9tait normal de faire jouer [...]","og_url":"https:\/\/www.ladiagonale.net\/index.php\/2022\/12\/31\/clement-veut-mieux-integrer-sarr\/","og_site_name":"La Diagonale","article_published_time":"2022-12-30T23:14:18+00:00","article_modified_time":"2022-12-30T23:14:21+00:00","og_image":[{"width":1160,"height":650,"url":"https:\/\/www.ladiagonale.net\/wp-content\/uploads\/2022\/12\/sarr.png","type":"image\/png"}],"author":"Damien Dellerba","twitter_card":"summary_large_image","twitter_image":"https:\/\/www.ladiagonale.net\/wp-content\/uploads\/2022\/12\/sarr.png","twitter_misc":{"\u00c9crit par":"Damien Dellerba","Dur\u00e9e de lecture estim\u00e9e":"1 minute"},"schema":{"@context":"https:\/\/schema.org","@graph":[{"@type":"WebPage","@id":"https:\/\/www.ladiagonale.net\/index.php\/2022\/12\/31\/clement-veut-mieux-integrer-sarr\/","url":"https:\/\/www.ladiagonale.net\/index.php\/2022\/12\/31\/clement-veut-mieux-integrer-sarr\/","name":"Clement veut mieux int\u00e9grer Sarr - La Diagonale","isPartOf":{"@id":"https:\/\/www.ladiagonale.net\/#website"},"datePublished":"2022-12-30T23:14:18+00:00","dateModified":"2022-12-30T23:14:21+00:00","author":{"@id":"https:\/\/www.ladiagonale.net\/#\/schema\/person\/79ff1e7b0853ed01b2aa26e64ad300bf"},"breadcrumb":{"@id":"https:\/\/www.ladiagonale.net\/index.php\/2022\/12\/31\/clement-veut-mieux-integrer-sarr\/#breadcrumb"},"inLanguage":"fr-FR","potentialAction":[{"@type":"ReadAction","target":["https:\/\/www.ladiagonale.net\/index.php\/2022\/12\/31\/clement-veut-mieux-integrer-sarr\/"]}]},{"@type":"BreadcrumbList","@id":"https:\/\/www.ladiagonale.net\/index.php\/2022\/12\/31\/clement-veut-mieux-integrer-sarr\/#breadcrumb","itemListElement":[{"@type":"ListItem","position":1,"name":"Accueil","item":"https:\/\/www.ladiagonale.net\/"},{"@type":"ListItem","position":2,"name":"Clement veut mieux int\u00e9grer Sarr"}]},{"@type":"WebSite","@id":"https:\/\/www.ladiagonale.net\/#website","url":"https:\/\/www.ladiagonale.net\/","name":"La Diagonale","description":"Le site des supporters de l&#039;AS Monaco FC","potentialAction":[{"@type":"SearchAction","target":{"@type":"EntryPoint","urlTemplate":"https:\/\/www.ladiagonale.net\/?s={search_term_string}"},"query-input":"required name=search_term_string"}],"inLanguage":"fr-FR"},{"@type":"Person","@id":"https:\/\/www.ladiagonale.net\/#\/schema\/person\/79ff1e7b0853ed01b2aa26e64ad300bf","name":"Damien Dellerba","image":{"@type":"ImageObject","inLanguage":"fr-FR","@id":"https:\/\/www.ladiagonale.net\/#\/schema\/person\/image\/","url":"https:\/\/secure.gravatar.com\/avatar\/c7850e06d3ff63cdbaee88b7fc16e2f0?s=96&d=mm&r=g","contentUrl":"https:\/\/secure.gravatar.com\/avatar\/c7850e06d3ff63cdbaee88b7fc16e2f0?s=96&d=mm&r=g","caption":"Damien Dellerba"},"url":"https:\/\/www.ladiagonale.net\/index.php\/author\/damien\/"}]}},"_links":{"self":[{"href":"https:\/\/www.ladiagonale.net\/index.php\/wp-json\/wp\/v2\/posts\/7998"}],"collection":[{"href":"https:\/\/www.ladiagonale.net\/index.php\/wp-json\/wp\/v2\/posts"}],"about":[{"href":"https:\/\/www.ladiagonale.net\/index.php\/wp-json\/wp\/v2\/types\/post"}],"author":[{"embeddable":true,"href":"https:\/\/www.ladiagonale.net\/index.php\/wp-json\/wp\/v2\/users\/2"}],"replies":[{"embeddable":true,"href":"https:\/\/www.ladiagonale.net\/index.php\/wp-json\/wp\/v2\/comments?post=7998"}],"version-history":[{"count":1,"href":"https:\/\/www.ladiagonale.net\/index.php\/wp-json\/wp\/v2\/posts\/7998\/revisions"}],"predecessor-version":[{"id":7999,"href":"https:\/\/www.ladiagonale.net\/index.php\/wp-json\/wp\/v2\/posts\/7998\/revisions\/7999"}],"wp:attachment":[{"href":"https:\/\/www.ladiagonale.net\/index.php\/wp-json\/wp\/v2\/media?parent=7998"}],"wp:term":[{"taxonomy":"category","embeddable":true,"href":"https:\/\/www.ladiagonale.net\/index.php\/wp-json\/wp\/v2\/categories?post=7998"},{"taxonomy":"post_tag","embeddable":true,"href":"https:\/\/www.ladiagonale.net\/index.php\/wp-json\/wp\/v2\/tags?post=7998"}],"curies":[{"name":"wp","href":"https:\/\/api.w.org\/{rel}","templated":true}]}}