{"id":8000,"date":"2022-12-31T13:28:24","date_gmt":"2022-12-31T12:28:24","guid":{"rendered":"https:\/\/www.ladiagonale.net\/?p=8000"},"modified":"2022-12-31T13:29:14","modified_gmt":"2022-12-31T12:29:14","slug":"brest-prend-leau","status":"publish","type":"post","link":"https:\/\/www.ladiagonale.net\/index.php\/2022\/12\/31\/brest-prend-leau\/","title":{"rendered":"Brest prend l\u2019eau"},"content":{"rendered":"\n\n\n<p>Comme Auxerre, c\u2019est une \u00e9quipe \u00e0 la d\u00e9rive au classement qui affrontera l\u2019AS Monaco ce dimanche (15h). Les Brestois occupent actuellement le 17<sup>e<\/sup> rang en Ligue 1 avec 13 points, ce qui fait d\u2019eux les premiers rel\u00e9gables. L&rsquo;espoir reste n\u00e9anmoins permis pour les Bretons puisque Nantes n\u2019a qu\u2019un point d\u2019avance et Ajaccio et Troyes deux. La s\u00e9rie en cours des Brestois n\u2019\u00e9tait d\u2019ailleurs pas si mauvaise, avec deux victoires et un nul sur les cinq derniers matchs. Mais le club finist\u00e9rien continue de naviguer en eaux troubles avec le renvoi de son entra\u00eeneur Michel Der Zakarian le 11 octobre.<\/p>\n\n\n\n<p>Depuis, c\u2019est un triumvirat d\u2019entra\u00eeneurs (int\u00e9rimaires) compos\u00e9 de Julien Lachuer, Bruno Rougi et Yvan Bourgis qui pr\u00e9side \u00e0 la destin\u00e9e du Stade Brestois. Et leur bilan de sept points en cinq matchs est honorable. Ils ont cependant chut\u00e9 contre Lyon (2-4) et la d\u00e9fense a pris l&rsquo;eau, comme c&rsquo;est fr\u00e9quemment le cas depuis le d\u00e9but de la saison. Brest a encaiss\u00e9 32 buts apr\u00e8s 16 matchs, \u00e9galant son pire total \u00e0 ce stade de la saison lors de la saison 1979-1980, o\u00f9 il avait termin\u00e9 dernier. \u00ab\u00a0<em>Notre ligne de quatre d\u00e9fenseurs doit monter le curseur individuel<\/em>\u00a0\u00bb, a rappel\u00e9 Julien Lachuer en conf\u00e9rence de presse, car c&rsquo;est bien l\u00e0 o\u00f9 le bat blesse.<\/p>\n\n\n\n<h4 class=\"has-vivid-red-color has-text-color\" style=\"font-style:normal;font-weight:300;text-transform:uppercase\">Le joueur \u00e0 surveiller<\/h4>\n\n\n\n<p><strong>Romain Del Castillo &#8211; 26 ans &#8211; Ailier<\/strong><\/p>\n\n\n\n<p>C&rsquo;est un joueur qui devrait faire beaucoup de bien aux Brestois dans cette deuxi\u00e8me partie de saison. Il a longtemps \u00e9t\u00e9 absent en raison d&rsquo;une blessure aux ischios et n&rsquo;a \u00e9t\u00e9 titularis\u00e9 qu&rsquo;\u00e0 sept reprise cette saison, pour dix rencontres disput\u00e9es au total. Mais le retour de l&rsquo;ancien Rennais a chang\u00e9 beaucoup de choses pour l&rsquo;\u00e9quipe finist\u00e9rienne, avec quatre buts et trois passes d\u00e9cisives. C&rsquo;\u00e9tait \u00e9galement le cas contre Lyon, o\u00f9 il a \u00e9t\u00e9 passeur d\u00e9cisif sur le deuxi\u00e8me but brestois. Sa mont\u00e9e en puissance pourrait bien causer quelques soucis \u00e0 la d\u00e9fense mon\u00e9gasque. <\/p>\n","protected":false},"excerpt":{"rendered":"<p>Comme Auxerre, c\u2019est une \u00e9quipe \u00e0 la d\u00e9rive au classement qui affrontera l\u2019AS Monaco ce dimanche (15h). Les Brestois occupent actuellement le 17e rang en Ligue 1 avec 13 points, ce qui fait d\u2019eux les premiers rel\u00e9gables. L&rsquo;espoir reste n\u00e9anmoins permis pour les Bretons puisque Nantes n\u2019a qu\u2019un point d\u2019avance et Ajaccio et Troyes deux. [&#8230;]\n","protected":false},"author":2,"featured_media":0,"comment_status":"open","ping_status":"open","sticky":false,"template":"","format":"standard","meta":[],"categories":[6],"tags":[86,94,348],"yoast_head":"<!-- This site is optimized with the Yoast SEO plugin v19.8 - https:\/\/yoast.com\/wordpress\/plugins\/seo\/ -->\n<title>Brest prend l\u2019eau - La Diagonale<\/title>\n<meta name=\"robots\" content=\"index, follow, max-snippet:-1, max-image-preview:large, max-video-preview:-1\" \/>\n<link rel=\"canonical\" href=\"https:\/\/www.ladiagonale.net\/index.php\/2022\/12\/31\/brest-prend-leau\/\" \/>\n<meta property=\"og:locale\" content=\"fr_FR\" \/>\n<meta property=\"og:type\" content=\"article\" \/>\n<meta property=\"og:title\" content=\"Brest prend l\u2019eau - La Diagonale\" \/>\n<meta property=\"og:description\" content=\"Comme Auxerre, c\u2019est une \u00e9quipe \u00e0 la d\u00e9rive au classement qui affrontera l\u2019AS Monaco ce dimanche (15h). Les Brestois occupent actuellement le 17e rang en Ligue 1 avec 13 points, ce qui fait d\u2019eux les premiers rel\u00e9gables. L&rsquo;espoir reste n\u00e9anmoins permis pour les Bretons puisque Nantes n\u2019a qu\u2019un point d\u2019avance et Ajaccio et Troyes deux. [...]\" \/>\n<meta property=\"og:url\" content=\"https:\/\/www.ladiagonale.net\/index.php\/2022\/12\/31\/brest-prend-leau\/\" \/>\n<meta property=\"og:site_name\" content=\"La Diagonale\" \/>\n<meta property=\"article:published_time\" content=\"2022-12-31T12:28:24+00:00\" \/>\n<meta property=\"article:modified_time\" content=\"2022-12-31T12:29:14+00:00\" \/>\n<meta property=\"og:image\" content=\"https:\/\/www.ladiagonale.net\/wp-content\/uploads\/2022\/12\/del-castillo.png\" \/>\n\t<meta property=\"og:image:width\" content=\"1160\" \/>\n\t<meta property=\"og:image:height\" content=\"650\" \/>\n\t<meta property=\"og:image:type\" content=\"image\/png\" \/>\n<meta name=\"author\" content=\"Damien Dellerba\" \/>\n<meta name=\"twitter:card\" content=\"summary_large_image\" \/>\n<meta name=\"twitter:image\" content=\"https:\/\/www.ladiagonale.net\/wp-content\/uploads\/2022\/12\/del-castillo.png\" \/>\n<meta name=\"twitter:label1\" content=\"\u00c9crit par\" \/>\n\t<meta name=\"twitter:data1\" content=\"Damien Dellerba\" \/>\n\t<meta name=\"twitter:label2\" content=\"Dur\u00e9e de lecture estim\u00e9e\" \/>\n\t<meta name=\"twitter:data2\" content=\"2 minutes\" \/>\n<script type=\"application\/ld+json\" class=\"yoast-schema-graph\">{\"@context\":\"https:\/\/schema.org\",\"@graph\":[{\"@type\":\"WebPage\",\"@id\":\"https:\/\/www.ladiagonale.net\/index.php\/2022\/12\/31\/brest-prend-leau\/\",\"url\":\"https:\/\/www.ladiagonale.net\/index.php\/2022\/12\/31\/brest-prend-leau\/\",\"name\":\"Brest prend l\u2019eau - La Diagonale\",\"isPartOf\":{\"@id\":\"https:\/\/www.ladiagonale.net\/#website\"},\"datePublished\":\"2022-12-31T12:28:24+00:00\",\"dateModified\":\"2022-12-31T12:29:14+00:00\",\"author\":{\"@id\":\"https:\/\/www.ladiagonale.net\/#\/schema\/person\/79ff1e7b0853ed01b2aa26e64ad300bf\"},\"breadcrumb\":{\"@id\":\"https:\/\/www.ladiagonale.net\/index.php\/2022\/12\/31\/brest-prend-leau\/#breadcrumb\"},\"inLanguage\":\"fr-FR\",\"potentialAction\":[{\"@type\":\"ReadAction\",\"target\":[\"https:\/\/www.ladiagonale.net\/index.php\/2022\/12\/31\/brest-prend-leau\/\"]}]},{\"@type\":\"BreadcrumbList\",\"@id\":\"https:\/\/www.ladiagonale.net\/index.php\/2022\/12\/31\/brest-prend-leau\/#breadcrumb\",\"itemListElement\":[{\"@type\":\"ListItem\",\"position\":1,\"name\":\"Accueil\",\"item\":\"https:\/\/www.ladiagonale.net\/\"},{\"@type\":\"ListItem\",\"position\":2,\"name\":\"Brest prend l\u2019eau\"}]},{\"@type\":\"WebSite\",\"@id\":\"https:\/\/www.ladiagonale.net\/#website\",\"url\":\"https:\/\/www.ladiagonale.net\/\",\"name\":\"La Diagonale\",\"description\":\"Le site des supporters de l&#039;AS Monaco FC\",\"potentialAction\":[{\"@type\":\"SearchAction\",\"target\":{\"@type\":\"EntryPoint\",\"urlTemplate\":\"https:\/\/www.ladiagonale.net\/?s={search_term_string}\"},\"query-input\":\"required name=search_term_string\"}],\"inLanguage\":\"fr-FR\"},{\"@type\":\"Person\",\"@id\":\"https:\/\/www.ladiagonale.net\/#\/schema\/person\/79ff1e7b0853ed01b2aa26e64ad300bf\",\"name\":\"Damien Dellerba\",\"image\":{\"@type\":\"ImageObject\",\"inLanguage\":\"fr-FR\",\"@id\":\"https:\/\/www.ladiagonale.net\/#\/schema\/person\/image\/\",\"url\":\"https:\/\/secure.gravatar.com\/avatar\/c7850e06d3ff63cdbaee88b7fc16e2f0?s=96&d=mm&r=g\",\"contentUrl\":\"https:\/\/secure.gravatar.com\/avatar\/c7850e06d3ff63cdbaee88b7fc16e2f0?s=96&d=mm&r=g\",\"caption\":\"Damien Dellerba\"},\"url\":\"https:\/\/www.ladiagonale.net\/index.php\/author\/damien\/\"}]}<\/script>\n<!-- \/ Yoast SEO plugin. -->","yoast_head_json":{"title":"Brest prend l\u2019eau - La Diagonale","robots":{"index":"index","follow":"follow","max-snippet":"max-snippet:-1","max-image-preview":"max-image-preview:large","max-video-preview":"max-video-preview:-1"},"canonical":"https:\/\/www.ladiagonale.net\/index.php\/2022\/12\/31\/brest-prend-leau\/","og_locale":"fr_FR","og_type":"article","og_title":"Brest prend l\u2019eau - La Diagonale","og_description":"Comme Auxerre, c\u2019est une \u00e9quipe \u00e0 la d\u00e9rive au classement qui affrontera l\u2019AS Monaco ce dimanche (15h). Les Brestois occupent actuellement le 17e rang en Ligue 1 avec 13 points, ce qui fait d\u2019eux les premiers rel\u00e9gables. L&rsquo;espoir reste n\u00e9anmoins permis pour les Bretons puisque Nantes n\u2019a qu\u2019un point d\u2019avance et Ajaccio et Troyes deux. [...]","og_url":"https:\/\/www.ladiagonale.net\/index.php\/2022\/12\/31\/brest-prend-leau\/","og_site_name":"La Diagonale","article_published_time":"2022-12-31T12:28:24+00:00","article_modified_time":"2022-12-31T12:29:14+00:00","og_image":[{"width":1160,"height":650,"url":"https:\/\/www.ladiagonale.net\/wp-content\/uploads\/2022\/12\/del-castillo.png","type":"image\/png"}],"author":"Damien Dellerba","twitter_card":"summary_large_image","twitter_image":"https:\/\/www.ladiagonale.net\/wp-content\/uploads\/2022\/12\/del-castillo.png","twitter_misc":{"\u00c9crit par":"Damien Dellerba","Dur\u00e9e de lecture estim\u00e9e":"2 minutes"},"schema":{"@context":"https:\/\/schema.org","@graph":[{"@type":"WebPage","@id":"https:\/\/www.ladiagonale.net\/index.php\/2022\/12\/31\/brest-prend-leau\/","url":"https:\/\/www.ladiagonale.net\/index.php\/2022\/12\/31\/brest-prend-leau\/","name":"Brest prend l\u2019eau - La Diagonale","isPartOf":{"@id":"https:\/\/www.ladiagonale.net\/#website"},"datePublished":"2022-12-31T12:28:24+00:00","dateModified":"2022-12-31T12:29:14+00:00","author":{"@id":"https:\/\/www.ladiagonale.net\/#\/schema\/person\/79ff1e7b0853ed01b2aa26e64ad300bf"},"breadcrumb":{"@id":"https:\/\/www.ladiagonale.net\/index.php\/2022\/12\/31\/brest-prend-leau\/#breadcrumb"},"inLanguage":"fr-FR","potentialAction":[{"@type":"ReadAction","target":["https:\/\/www.ladiagonale.net\/index.php\/2022\/12\/31\/brest-prend-leau\/"]}]},{"@type":"BreadcrumbList","@id":"https:\/\/www.ladiagonale.net\/index.php\/2022\/12\/31\/brest-prend-leau\/#breadcrumb","itemListElement":[{"@type":"ListItem","position":1,"name":"Accueil","item":"https:\/\/www.ladiagonale.net\/"},{"@type":"ListItem","position":2,"name":"Brest prend l\u2019eau"}]},{"@type":"WebSite","@id":"https:\/\/www.ladiagonale.net\/#website","url":"https:\/\/www.ladiagonale.net\/","name":"La Diagonale","description":"Le site des supporters de l&#039;AS Monaco FC","potentialAction":[{"@type":"SearchAction","target":{"@type":"EntryPoint","urlTemplate":"https:\/\/www.ladiagonale.net\/?s={search_term_string}"},"query-input":"required name=search_term_string"}],"inLanguage":"fr-FR"},{"@type":"Person","@id":"https:\/\/www.ladiagonale.net\/#\/schema\/person\/79ff1e7b0853ed01b2aa26e64ad300bf","name":"Damien Dellerba","image":{"@type":"ImageObject","inLanguage":"fr-FR","@id":"https:\/\/www.ladiagonale.net\/#\/schema\/person\/image\/","url":"https:\/\/secure.gravatar.com\/avatar\/c7850e06d3ff63cdbaee88b7fc16e2f0?s=96&d=mm&r=g","contentUrl":"https:\/\/secure.gravatar.com\/avatar\/c7850e06d3ff63cdbaee88b7fc16e2f0?s=96&d=mm&r=g","caption":"Damien Dellerba"},"url":"https:\/\/www.ladiagonale.net\/index.php\/author\/damien\/"}]}},"_links":{"self":[{"href":"https:\/\/www.ladiagonale.net\/index.php\/wp-json\/wp\/v2\/posts\/8000"}],"collection":[{"href":"https:\/\/www.ladiagonale.net\/index.php\/wp-json\/wp\/v2\/posts"}],"about":[{"href":"https:\/\/www.ladiagonale.net\/index.php\/wp-json\/wp\/v2\/types\/post"}],"author":[{"embeddable":true,"href":"https:\/\/www.ladiagonale.net\/index.php\/wp-json\/wp\/v2\/users\/2"}],"replies":[{"embeddable":true,"href":"https:\/\/www.ladiagonale.net\/index.php\/wp-json\/wp\/v2\/comments?post=8000"}],"version-history":[{"count":2,"href":"https:\/\/www.ladiagonale.net\/index.php\/wp-json\/wp\/v2\/posts\/8000\/revisions"}],"predecessor-version":[{"id":8004,"href":"https:\/\/www.ladiagonale.net\/index.php\/wp-json\/wp\/v2\/posts\/8000\/revisions\/8004"}],"wp:attachment":[{"href":"https:\/\/www.ladiagonale.net\/index.php\/wp-json\/wp\/v2\/media?parent=8000"}],"wp:term":[{"taxonomy":"category","embeddable":true,"href":"https:\/\/www.ladiagonale.net\/index.php\/wp-json\/wp\/v2\/categories?post=8000"},{"taxonomy":"post_tag","embeddable":true,"href":"https:\/\/www.ladiagonale.net\/index.php\/wp-json\/wp\/v2\/tags?post=8000"}],"curies":[{"name":"wp","href":"https:\/\/api.w.org\/{rel}","templated":true}]}}