{"id":8025,"date":"2023-01-01T12:09:18","date_gmt":"2023-01-01T11:09:18","guid":{"rendered":"https:\/\/www.ladiagonale.net\/?p=8025"},"modified":"2023-01-01T12:50:56","modified_gmt":"2023-01-01T11:50:56","slug":"monaco-et-chelsea-auraient-trouve-un-accord-pour-badiashile","status":"publish","type":"post","link":"https:\/\/www.ladiagonale.net\/index.php\/2023\/01\/01\/monaco-et-chelsea-auraient-trouve-un-accord-pour-badiashile\/","title":{"rendered":"Monaco et Chelsea auraient trouv\u00e9 un accord pour Badiashile"},"content":{"rendered":"\n<p>Le d\u00e9part de Beno\u00eet Badiashile semble se dessiner plus pr\u00e9cis\u00e9ment. L&rsquo;AS Monaco et Chelsea auraient trouv\u00e9 un accord pour le transfert du d\u00e9fenseur central de 21 ans, selon <em>The Athletic. <\/em>Le montant est estim\u00e9 entre 37 et 38 millions d&rsquo;euros et <em>RMC Sport<\/em> pr\u00e9cise que des bonus seraient inclus afin d&rsquo;atteindre les 40 millions d&rsquo;euros esp\u00e9r\u00e9s par l&rsquo;ASM. <\/p>\n\n\n\n<p>S&rsquo;il a \u00e9t\u00e9 retenu dans le groupe par Philippe Clement pour affronter Auxerre ce dimanche, Beno\u00eet Badiashile ne devrait pas prendre part \u00e0 cette rencontre et sa visite m\u00e9dicale serait d\u00e9j\u00e0 programm\u00e9e, alors que le joueur a d\u00e9j\u00e0 trouv\u00e9 un accord avec les <em>Blues<\/em>. Devenu international fran\u00e7ais en septembre dernier, Beno\u00eet Badiashile compte encore un an et demi de contrat avec l&rsquo;AS Monaco. <\/p>\n","protected":false},"excerpt":{"rendered":"<p>Le d\u00e9part de Beno\u00eet Badiashile semble se dessiner plus pr\u00e9cis\u00e9ment. L&rsquo;AS Monaco et Chelsea auraient trouv\u00e9 un accord pour le transfert du d\u00e9fenseur central de 21 ans, selon The Athletic. Le montant est estim\u00e9 entre 37 et 38 millions d&rsquo;euros et RMC Sport pr\u00e9cise que des bonus seraient inclus afin d&rsquo;atteindre les 40 millions d&rsquo;euros [&#8230;]\n","protected":false},"author":2,"featured_media":0,"comment_status":"open","ping_status":"open","sticky":false,"template":"","format":"standard","meta":[],"categories":[4,6],"tags":[86,177,111,110],"yoast_head":"<!-- This site is optimized with the Yoast SEO plugin v19.8 - https:\/\/yoast.com\/wordpress\/plugins\/seo\/ -->\n<title>Monaco et Chelsea auraient trouv\u00e9 un accord pour Badiashile - La Diagonale<\/title>\n<meta name=\"robots\" content=\"index, follow, max-snippet:-1, max-image-preview:large, max-video-preview:-1\" \/>\n<link rel=\"canonical\" href=\"https:\/\/www.ladiagonale.net\/index.php\/2023\/01\/01\/monaco-et-chelsea-auraient-trouve-un-accord-pour-badiashile\/\" \/>\n<meta property=\"og:locale\" content=\"fr_FR\" \/>\n<meta property=\"og:type\" content=\"article\" \/>\n<meta property=\"og:title\" content=\"Monaco et Chelsea auraient trouv\u00e9 un accord pour Badiashile - La Diagonale\" \/>\n<meta property=\"og:description\" content=\"Le d\u00e9part de Beno\u00eet Badiashile semble se dessiner plus pr\u00e9cis\u00e9ment. L&rsquo;AS Monaco et Chelsea auraient trouv\u00e9 un accord pour le transfert du d\u00e9fenseur central de 21 ans, selon The Athletic. Le montant est estim\u00e9 entre 37 et 38 millions d&rsquo;euros et RMC Sport pr\u00e9cise que des bonus seraient inclus afin d&rsquo;atteindre les 40 millions d&rsquo;euros [...]\" \/>\n<meta property=\"og:url\" content=\"https:\/\/www.ladiagonale.net\/index.php\/2023\/01\/01\/monaco-et-chelsea-auraient-trouve-un-accord-pour-badiashile\/\" \/>\n<meta property=\"og:site_name\" content=\"La Diagonale\" \/>\n<meta property=\"article:published_time\" content=\"2023-01-01T11:09:18+00:00\" \/>\n<meta property=\"article:modified_time\" content=\"2023-01-01T11:50:56+00:00\" \/>\n<meta property=\"og:image\" content=\"https:\/\/www.ladiagonale.net\/wp-content\/uploads\/2022\/10\/62cdaefa576be.jpg\" \/>\n\t<meta property=\"og:image:width\" content=\"800\" \/>\n\t<meta property=\"og:image:height\" content=\"448\" \/>\n\t<meta property=\"og:image:type\" content=\"image\/jpeg\" \/>\n<meta name=\"author\" content=\"Damien Dellerba\" \/>\n<meta name=\"twitter:card\" content=\"summary_large_image\" \/>\n<meta name=\"twitter:image\" content=\"https:\/\/www.ladiagonale.net\/wp-content\/uploads\/2022\/10\/62cdaefa576be.jpg\" \/>\n<meta name=\"twitter:label1\" content=\"\u00c9crit par\" \/>\n\t<meta name=\"twitter:data1\" content=\"Damien Dellerba\" \/>\n\t<meta name=\"twitter:label2\" content=\"Dur\u00e9e de lecture estim\u00e9e\" \/>\n\t<meta name=\"twitter:data2\" content=\"1 minute\" \/>\n<script type=\"application\/ld+json\" class=\"yoast-schema-graph\">{\"@context\":\"https:\/\/schema.org\",\"@graph\":[{\"@type\":\"WebPage\",\"@id\":\"https:\/\/www.ladiagonale.net\/index.php\/2023\/01\/01\/monaco-et-chelsea-auraient-trouve-un-accord-pour-badiashile\/\",\"url\":\"https:\/\/www.ladiagonale.net\/index.php\/2023\/01\/01\/monaco-et-chelsea-auraient-trouve-un-accord-pour-badiashile\/\",\"name\":\"Monaco et Chelsea auraient trouv\u00e9 un accord pour Badiashile - La Diagonale\",\"isPartOf\":{\"@id\":\"https:\/\/www.ladiagonale.net\/#website\"},\"datePublished\":\"2023-01-01T11:09:18+00:00\",\"dateModified\":\"2023-01-01T11:50:56+00:00\",\"author\":{\"@id\":\"https:\/\/www.ladiagonale.net\/#\/schema\/person\/79ff1e7b0853ed01b2aa26e64ad300bf\"},\"breadcrumb\":{\"@id\":\"https:\/\/www.ladiagonale.net\/index.php\/2023\/01\/01\/monaco-et-chelsea-auraient-trouve-un-accord-pour-badiashile\/#breadcrumb\"},\"inLanguage\":\"fr-FR\",\"potentialAction\":[{\"@type\":\"ReadAction\",\"target\":[\"https:\/\/www.ladiagonale.net\/index.php\/2023\/01\/01\/monaco-et-chelsea-auraient-trouve-un-accord-pour-badiashile\/\"]}]},{\"@type\":\"BreadcrumbList\",\"@id\":\"https:\/\/www.ladiagonale.net\/index.php\/2023\/01\/01\/monaco-et-chelsea-auraient-trouve-un-accord-pour-badiashile\/#breadcrumb\",\"itemListElement\":[{\"@type\":\"ListItem\",\"position\":1,\"name\":\"Accueil\",\"item\":\"https:\/\/www.ladiagonale.net\/\"},{\"@type\":\"ListItem\",\"position\":2,\"name\":\"Monaco et Chelsea auraient trouv\u00e9 un accord pour Badiashile\"}]},{\"@type\":\"WebSite\",\"@id\":\"https:\/\/www.ladiagonale.net\/#website\",\"url\":\"https:\/\/www.ladiagonale.net\/\",\"name\":\"La Diagonale\",\"description\":\"Le site des supporters de l&#039;AS Monaco FC\",\"potentialAction\":[{\"@type\":\"SearchAction\",\"target\":{\"@type\":\"EntryPoint\",\"urlTemplate\":\"https:\/\/www.ladiagonale.net\/?s={search_term_string}\"},\"query-input\":\"required name=search_term_string\"}],\"inLanguage\":\"fr-FR\"},{\"@type\":\"Person\",\"@id\":\"https:\/\/www.ladiagonale.net\/#\/schema\/person\/79ff1e7b0853ed01b2aa26e64ad300bf\",\"name\":\"Damien Dellerba\",\"image\":{\"@type\":\"ImageObject\",\"inLanguage\":\"fr-FR\",\"@id\":\"https:\/\/www.ladiagonale.net\/#\/schema\/person\/image\/\",\"url\":\"https:\/\/secure.gravatar.com\/avatar\/c7850e06d3ff63cdbaee88b7fc16e2f0?s=96&d=mm&r=g\",\"contentUrl\":\"https:\/\/secure.gravatar.com\/avatar\/c7850e06d3ff63cdbaee88b7fc16e2f0?s=96&d=mm&r=g\",\"caption\":\"Damien Dellerba\"},\"url\":\"https:\/\/www.ladiagonale.net\/index.php\/author\/damien\/\"}]}<\/script>\n<!-- \/ Yoast SEO plugin. -->","yoast_head_json":{"title":"Monaco et Chelsea auraient trouv\u00e9 un accord pour Badiashile - La Diagonale","robots":{"index":"index","follow":"follow","max-snippet":"max-snippet:-1","max-image-preview":"max-image-preview:large","max-video-preview":"max-video-preview:-1"},"canonical":"https:\/\/www.ladiagonale.net\/index.php\/2023\/01\/01\/monaco-et-chelsea-auraient-trouve-un-accord-pour-badiashile\/","og_locale":"fr_FR","og_type":"article","og_title":"Monaco et Chelsea auraient trouv\u00e9 un accord pour Badiashile - La Diagonale","og_description":"Le d\u00e9part de Beno\u00eet Badiashile semble se dessiner plus pr\u00e9cis\u00e9ment. L&rsquo;AS Monaco et Chelsea auraient trouv\u00e9 un accord pour le transfert du d\u00e9fenseur central de 21 ans, selon The Athletic. Le montant est estim\u00e9 entre 37 et 38 millions d&rsquo;euros et RMC Sport pr\u00e9cise que des bonus seraient inclus afin d&rsquo;atteindre les 40 millions d&rsquo;euros [...]","og_url":"https:\/\/www.ladiagonale.net\/index.php\/2023\/01\/01\/monaco-et-chelsea-auraient-trouve-un-accord-pour-badiashile\/","og_site_name":"La Diagonale","article_published_time":"2023-01-01T11:09:18+00:00","article_modified_time":"2023-01-01T11:50:56+00:00","og_image":[{"width":800,"height":448,"url":"https:\/\/www.ladiagonale.net\/wp-content\/uploads\/2022\/10\/62cdaefa576be.jpg","type":"image\/jpeg"}],"author":"Damien Dellerba","twitter_card":"summary_large_image","twitter_image":"https:\/\/www.ladiagonale.net\/wp-content\/uploads\/2022\/10\/62cdaefa576be.jpg","twitter_misc":{"\u00c9crit par":"Damien Dellerba","Dur\u00e9e de lecture estim\u00e9e":"1 minute"},"schema":{"@context":"https:\/\/schema.org","@graph":[{"@type":"WebPage","@id":"https:\/\/www.ladiagonale.net\/index.php\/2023\/01\/01\/monaco-et-chelsea-auraient-trouve-un-accord-pour-badiashile\/","url":"https:\/\/www.ladiagonale.net\/index.php\/2023\/01\/01\/monaco-et-chelsea-auraient-trouve-un-accord-pour-badiashile\/","name":"Monaco et Chelsea auraient trouv\u00e9 un accord pour Badiashile - La Diagonale","isPartOf":{"@id":"https:\/\/www.ladiagonale.net\/#website"},"datePublished":"2023-01-01T11:09:18+00:00","dateModified":"2023-01-01T11:50:56+00:00","author":{"@id":"https:\/\/www.ladiagonale.net\/#\/schema\/person\/79ff1e7b0853ed01b2aa26e64ad300bf"},"breadcrumb":{"@id":"https:\/\/www.ladiagonale.net\/index.php\/2023\/01\/01\/monaco-et-chelsea-auraient-trouve-un-accord-pour-badiashile\/#breadcrumb"},"inLanguage":"fr-FR","potentialAction":[{"@type":"ReadAction","target":["https:\/\/www.ladiagonale.net\/index.php\/2023\/01\/01\/monaco-et-chelsea-auraient-trouve-un-accord-pour-badiashile\/"]}]},{"@type":"BreadcrumbList","@id":"https:\/\/www.ladiagonale.net\/index.php\/2023\/01\/01\/monaco-et-chelsea-auraient-trouve-un-accord-pour-badiashile\/#breadcrumb","itemListElement":[{"@type":"ListItem","position":1,"name":"Accueil","item":"https:\/\/www.ladiagonale.net\/"},{"@type":"ListItem","position":2,"name":"Monaco et Chelsea auraient trouv\u00e9 un accord pour Badiashile"}]},{"@type":"WebSite","@id":"https:\/\/www.ladiagonale.net\/#website","url":"https:\/\/www.ladiagonale.net\/","name":"La Diagonale","description":"Le site des supporters de l&#039;AS Monaco FC","potentialAction":[{"@type":"SearchAction","target":{"@type":"EntryPoint","urlTemplate":"https:\/\/www.ladiagonale.net\/?s={search_term_string}"},"query-input":"required name=search_term_string"}],"inLanguage":"fr-FR"},{"@type":"Person","@id":"https:\/\/www.ladiagonale.net\/#\/schema\/person\/79ff1e7b0853ed01b2aa26e64ad300bf","name":"Damien Dellerba","image":{"@type":"ImageObject","inLanguage":"fr-FR","@id":"https:\/\/www.ladiagonale.net\/#\/schema\/person\/image\/","url":"https:\/\/secure.gravatar.com\/avatar\/c7850e06d3ff63cdbaee88b7fc16e2f0?s=96&d=mm&r=g","contentUrl":"https:\/\/secure.gravatar.com\/avatar\/c7850e06d3ff63cdbaee88b7fc16e2f0?s=96&d=mm&r=g","caption":"Damien Dellerba"},"url":"https:\/\/www.ladiagonale.net\/index.php\/author\/damien\/"}]}},"_links":{"self":[{"href":"https:\/\/www.ladiagonale.net\/index.php\/wp-json\/wp\/v2\/posts\/8025"}],"collection":[{"href":"https:\/\/www.ladiagonale.net\/index.php\/wp-json\/wp\/v2\/posts"}],"about":[{"href":"https:\/\/www.ladiagonale.net\/index.php\/wp-json\/wp\/v2\/types\/post"}],"author":[{"embeddable":true,"href":"https:\/\/www.ladiagonale.net\/index.php\/wp-json\/wp\/v2\/users\/2"}],"replies":[{"embeddable":true,"href":"https:\/\/www.ladiagonale.net\/index.php\/wp-json\/wp\/v2\/comments?post=8025"}],"version-history":[{"count":2,"href":"https:\/\/www.ladiagonale.net\/index.php\/wp-json\/wp\/v2\/posts\/8025\/revisions"}],"predecessor-version":[{"id":8027,"href":"https:\/\/www.ladiagonale.net\/index.php\/wp-json\/wp\/v2\/posts\/8025\/revisions\/8027"}],"wp:attachment":[{"href":"https:\/\/www.ladiagonale.net\/index.php\/wp-json\/wp\/v2\/media?parent=8025"}],"wp:term":[{"taxonomy":"category","embeddable":true,"href":"https:\/\/www.ladiagonale.net\/index.php\/wp-json\/wp\/v2\/categories?post=8025"},{"taxonomy":"post_tag","embeddable":true,"href":"https:\/\/www.ladiagonale.net\/index.php\/wp-json\/wp\/v2\/tags?post=8025"}],"curies":[{"name":"wp","href":"https:\/\/api.w.org\/{rel}","templated":true}]}}