{"id":8028,"date":"2023-01-04T13:24:00","date_gmt":"2023-01-04T12:24:00","guid":{"rendered":"https:\/\/www.ladiagonale.net\/?p=8028"},"modified":"2023-01-04T15:10:50","modified_gmt":"2023-01-04T14:10:50","slug":"ben-seghir-un-joyau-a-polir","status":"publish","type":"post","link":"https:\/\/www.ladiagonale.net\/index.php\/2023\/01\/04\/ben-seghir-un-joyau-a-polir\/","title":{"rendered":"Ben Seghir, un joyau \u00e0 polir"},"content":{"rendered":"\n\n\n<p>\u00ab&nbsp;<em>Lui, c\u2019est un futur grand<\/em>&nbsp;\u00bb, Lui, c\u2019est Eliesse Ben Seghir, et la confession nous est venue de Fr\u00e9d\u00e9ric M\u00e9nini, l\u2019entra\u00eeneur de l\u2019\u00e9quipe R1 de l\u2019AS Monaco quelques jours avant No\u00ebl. M\u00eame s\u2019il est encore trop t\u00f4t pour pr\u00e9dire ce que sera la carri\u00e8re du natif de Saint-Tropez, force est de constater qu\u2019il semble d\u00e9cid\u00e9 \u00e0 entrer dans la danse de mani\u00e8re pr\u00e9coce. Mercredi, contre Auxerre, Eliesse Ben Seghir est devenu le plus jeune auteur d\u2019un doubl\u00e9 pour ses d\u00e9buts en Ligue 1 sur les 75 derni\u00e8res saisons, \u00e0 17 ans et 10 mois et le deuxi\u00e8me plus jeune \u00e0 marquer un doubl\u00e9 pour Monaco dans l\u2019\u00e9lite derri\u00e8re Thierry Henry (17 ans et 8 mois). Ce qui a permis au club de la Principaut\u00e9 de venir \u00e0 bout de son adversaire, ni plus ni moins.<\/p>\n\n\n\n<p>Pour qui suit les \u00e9quipes de jeunes et notamment les U19 de Fr\u00e9d\u00e9ric Barilaro la saison pass\u00e9e, la talent de Ben Seghir ne surprendra personne. Port\u00e9e par une g\u00e9n\u00e9ration pleine de promesses, l\u2019\u00e9quipe de Fr\u00e9d\u00e9ric Barilaro avait atteint la saison derni\u00e8re la finale du Championnat national U19, en \u00e9cartant notamment le PSG (4-2). Les Mon\u00e9gasques s\u2019\u00e9taient cependant inclin\u00e9s contre Nantes (3-2), r\u00e9duits \u00e0 dix apr\u00e8s seulement cinq minutes de jeu et l\u2019exclusion du d\u00e9fenseur central Enzo Couto. Ceux qui voulaient voir Ben Seghir en action n&rsquo;en auront pas l\u2019occasion. L\u2019ailier gauche est sacrifi\u00e9 au bout de dix minutes afin de faire entrer un d\u00e9fenseur.<\/p>\n\n\n\n<p>Une grosse perte pour le collectif as\u00e9miste, qui ne pouvait plus compter sur le c\u00f4t\u00e9 impr\u00e9visible de Ben Seghir&nbsp;: \u00ab&nbsp;<em>C\u2019est un cr\u00e9atif. Il sait marquer des buts, faire la derni\u00e8re passe<\/em>, confiait son formateur Fr\u00e9d\u00e9ric Barilaro \u00e0 <em>Nice-Matin<\/em> avant cette finale contre Nantes en juin dernier. <em>Il a de la spontan\u00e9it\u00e9 dans son jeu, fait des diff\u00e9rences. Avec Edan Diop, ce sont des gar\u00e7ons \u00e0 maturit\u00e9 tardive, qui ont grandi vite d\u2019un coup.&nbsp;<\/em>\u00bb Pass\u00e9 par le SC Cogolinois et l\u2019\u00c9toile Fr\u00e9jus-Saint-Rapha\u00ebl, il a int\u00e9gr\u00e9 l\u2019Academy de l\u2019ASM \u00e0 l\u2019\u00e9t\u00e9 2020. Avec la s\u00e9lection nationale, il a \u00e9t\u00e9 rep\u00e9r\u00e9 un peu sur le tard. Il ne compte que deux capes en U17 mais commence \u00e0 s\u2019installer avec la s\u00e9lection U18, pour laquelle il a d\u00e9j\u00e0 disput\u00e9 cinq rencontres.<\/p>\n\n\n\n<h4 class=\"has-vivid-red-color has-text-color\" style=\"font-style:normal;font-weight:400;text-transform:uppercase\">Ben Seghir n\u2019a surpris personne<\/h4>\n\n\n\n<p>Cette saison, le programme d\u2019Eliesse Ben Seghir est devenu un peu particulier&nbsp;: un bout de pr\u00e9paration avec les professionnels pendant l\u2019\u00e9t\u00e9 et deux rencontres face au FC Porto, deux matchs en U19, des matchs amicaux ou de Premier League International Cup, notamment lors de la victoire \u00e0 Old Trafford contre Manchester United (1-2) avec le Groupe \u00c9lite. Mais surtout, quelques minutes en Ligue Europa contre l\u2019\u00c9toile Rouge Belgrade le 3 novembre, ses premi\u00e8res en tant que professionnel. On a \u00e9galement pu le revoir \u00e0 l\u2019occasion des quatre matchs amicaux organis\u00e9s en d\u00e9cembre, o\u00f9 il semble avoir convaincu Philippe Clement de le prendre dans le groupe de fa\u00e7on r\u00e9guli\u00e8re.<\/p>\n\n\n\n<p>S\u2019il s\u2019entra\u00eene avec le groupe pro depuis de nombreuses semaines, sa performance contre Auxerre ne semble avoir \u00e9tonn\u00e9 personne, \u00e0 commencer par son entra\u00eeneur&nbsp;: \u00ab&nbsp;<em>Ce n\u2019est pas<\/em><em> <\/em><em>une surprise pour moi.<\/em><em> <\/em><em>Je n&rsquo;avais pas de boule de cristal mais j&rsquo;ai vu qu&rsquo;il pouvait aider l&rsquo;\u00e9quipe avec ses qualit\u00e9s.<\/em>&nbsp;\u00bb Malang Sarr n\u2019\u00e9tait pas non plus \u00e9tonn\u00e9, pour le c\u00f4toyer \u00e0 l\u2019entra\u00eenement&nbsp;: \u00ab&nbsp;<em>Je ne suis absolument pas surpris. C\u2019est un joueur qui n\u2019a pas peur d\u2019essayer et qui prend ses responsabilit\u00e9s. \u00c0 cet \u00e2ge-l\u00e0, c\u2019est quand m\u00eame fort ! Nous sommes tr\u00e8s heureux d\u2019avoir un jeune comme \u00e7a parce qu\u2019avec le talent qu\u2019il a, il peut nous sortir de situations difficiles comme ce soir. <\/em>\u00bb<\/p>\n\n\n\n<p>En 45 minutes contre Auxerre, Ben Seghir a touch\u00e9 34 ballons et n\u2019en a perdu que deux. Mais il a fait plus que simplement attendre d\u2019avoir le ballon dans les pieds, avec quatre duels remport\u00e9s et quatre tacles tent\u00e9s. Il a aussi eu une grosse occasion avant d\u2019\u00eatre bien repris par un d\u00e9fenseur Auxerrois. Mais il a surtout (avec Golovin), apport\u00e9 de la fluidit\u00e9 dans le jeu et dans l\u2019animation qui en manquait cruellement en premi\u00e8re p\u00e9riode avec un Ben Yedder en dedans et un Minamino au ralenti, tout en \u00e9tant capable de se glisser entre les lignes et jouer dans les petits espaces&nbsp;:&nbsp;\u00ab&nbsp;<em>Il pue le football et nous sommes vraiment contents pour lui, <\/em>disait Ruben Aguilar apr\u00e8s le match<em>. Nous allons tout faire pour qu\u2019il continue \u00e0 jouer son meilleur football.&nbsp;\u00bb<\/em><\/p>\n\n\n\n<h4 class=\"has-vivid-red-color has-text-color\" style=\"font-style:normal;font-weight:400;text-transform:uppercase\">Clement veut le prot\u00e9ger<\/h4>\n\n\n\n<p>C\u2019est d\u00e9sormais \u00e0 cela que l\u2019AS Monaco doit s\u2019employer, et notamment son entra\u00eeneur Philippe Clement. Ben Seghir est devenu la nouvelle attraction du club de la Principaut\u00e9 mais il n\u2019a que 17 ans. Il sera n\u00e9cessaire de le prot\u00e9ger plus que de le g\u00e9rer&nbsp;: \u00ab&nbsp;<em>Bien s\u00fbr qu&rsquo;on doit y r\u00e9fl\u00e9chir. C&rsquo;est encore un jeune joueur. Son gabarit montre qu&rsquo;il n&rsquo;est pas \u00e0 100&nbsp;%. On doit regarder \u00e7a, regarder ce qu&rsquo;il peut faire ou non<\/em>&nbsp;\u00bb, disait Clement en conf\u00e9rence de presse avant Brest. Si l\u2019aspect physique est essentiel \u00e0 un si jeune \u00e2ge, il ne faudrait pas non plus n\u00e9gliger la gestion \u00e9motionnelle d\u2019une telle performance si t\u00f4t, m\u00eame si l\u2019insouciance de la jeunesse peut faire passer bien des choses.<\/p>\n\n\n\n<p>Le poids et l\u2019attention m\u00e9diatiques risquent d\u2019augmenter au fil des semaines et l\u2019ASM a d\u00e9j\u00e0 choisi de lui \u00e9pargner les contraintes autant que possible&nbsp;: \u00ab&nbsp;<em>Nous avons parl\u00e9 ces derni\u00e8res semaines et je vais le prot\u00e9ger. C&rsquo;est n\u00e9cessaire. Ce n&rsquo;est pas la premi\u00e8re fois que je donne sa chance \u00e0 de jeunes joueurs et qu\u2019il faut g\u00e9rer. Tu re\u00e7ois beaucoup plus d&rsquo;attention notamment des m\u00e9dias, et il ne donnera pas d\u2019interviews dans les prochaines semaines car je veux qu&rsquo;il se concentre sur le foot et qu\u2019il confirme.<\/em>&nbsp;\u00bb<\/p>\n\n\n\n<p>Mais l\u2019entourage, les nouvelles sollicitations et les gens int\u00e9ress\u00e9s gravitent massivement autour du football. Contre cela, il est plus difficile de dresser une ligne de d\u00e9fense&nbsp;: \u00ab <em>On le sait, il y a des agents, des nouveaux amis, des nouvelles copines. Toutes ces choses on en a parl\u00e9<\/em>, poursuivait Philippe Clement. <em>Eliesse a une tr\u00e8s grande envie de r\u00e9ussir, c&rsquo;est un gagnant. Il y a des obstacles sur la route pour devenir un grand joueur et il le comprend bien. C&rsquo;est aussi mon r\u00f4le en tant qu&rsquo;entra\u00eeneur, mais aussi comme un deuxi\u00e8me p\u00e8re pour les joueurs. Et dire ce qui est bien et ce qui ne l\u2019est pas. On veut pr\u00e9parer les joueurs sur ces choses.<\/em>&nbsp;\u00bb<\/p>\n\n\n\n<h4 class=\"has-vivid-red-color has-text-color\" style=\"font-style:normal;font-weight:400;text-transform:uppercase\">La r\u00e9ussite d\u2019un nouveau mod\u00e8le&nbsp;?<\/h4>\n\n\n\n<p>Pour expliquer le d\u00e9but d\u2019\u00e9closion du jeune Ben Seghir, l\u2019ASM d\u00e9fend notamment son mod\u00e8le de formation bien particulier et qui a \u00e9t\u00e9 chamboul\u00e9 cet \u00e9t\u00e9 avec la cr\u00e9ation du Groupe \u00c9lite, entra\u00een\u00e9 par Damien Perrinelle. Un groupe en bout de cha\u00eene qui permet de faire la passerelle entre les \u00e9quipes jeunes et le groupe pro, comme l\u2019exemple de Ben Seghir l\u2019illustre parfaitement&nbsp;: \u00ab&nbsp;<em>On s\u2019est demand\u00e9 comment optimiser la derni\u00e8re \u00e9tape avant l\u2019int\u00e9gration dans le monde pro<\/em>&nbsp;\u00bb, a expliqu\u00e9 Pascal de Maesschalck, le directeur du d\u00e9veloppement des jeunes joueurs au quotidien <em>L\u2019\u00c9quipe<\/em>, jugeant d\u00e9sormais superflu l\u2019apport des championnats de N2 et de N3 pour leurs joueurs.<\/p>\n\n\n\n<p>Il a donc fallu sortir l\u2019\u00e9quipe r\u00e9serve des championnats f\u00e9d\u00e9raux pour pouvoir cr\u00e9er ce Groupe \u00c9lite&nbsp;: \u00ab&nbsp;<em>Je tiens \u00e0 pr\u00e9ciser que l\u2019ASM n\u2019est pas contre les championnats en France, c\u2019est ce que nous avons dit \u00e0 la F\u00e9d\u00e9ration<\/em>, a commenc\u00e9 par dire Philippe Clement cette semaine. <em>Jouer en N2, ce n\u2019\u00e9tait pas trop bon pour la formation des jeunes, car cela manque de vari\u00e9t\u00e9. Tu joues contre des \u00e9quipes tr\u00e8s organis\u00e9es, moins techniques mais plus costaudes et plus exp\u00e9riment\u00e9es. Et surtout avec un calendrier qui est impos\u00e9.<\/em>&nbsp;\u00bb<\/p>\n\n\n\n<p>On comprend donc que sortir du quotidien d\u2019un championnat amateur \u00e9tait vital pour g\u00e9rer de fa\u00e7on totalement autonome la derni\u00e8re \u00e9tape de la formation des jeunes joueurs. Pouvoir choisir ses adversaires, son agenda, m\u00e9nager des p\u00e9riodes plus intenses et plus rel\u00e2ch\u00e9es et surtout se donner le temps&nbsp;: \u00ab&nbsp;<em>Nous avons plus de temps pour travailler certaines choses avec eux,<\/em> a poursuivi le coach Flamand. <em>Ils jouent le m\u00eame total de matchs mais de temps en temps, ils sont concentr\u00e9s sur une m\u00eame p\u00e9riode et parfois il y a plus de temps pour s\u2019entra\u00eener et travailler les choses autour des matchs comme le travail mental, la scolarit\u00e9, etc\u2026&nbsp;\u00bb<\/em><\/p>\n\n\n\n<p>Et d\u2019insister aussi sur la richesse des exp\u00e9riences, avec la confrontation d\u2019autres cultures&nbsp;: \u00ab&nbsp;<em>Tout est beaucoup plus individualis\u00e9. On peut donner des exp\u00e9riences vari\u00e9es. Ils ont jou\u00e9 des matchs contre des grandes \u00e9quipes de leur \u00e2ge, d&rsquo;autres plus \u00e2g\u00e9es qui jouent en amateurs, avec moi contre des \u00e9quipes comme Empoli, Leeds, S\u00e9ville, etc&#8230; Ce sont des exp\u00e9riences qu&rsquo;on peut donner maintenant, et qu\u2019on ne pouvait pas leur donner quand ils \u00e9taient dans un championnat.<\/em>&nbsp;\u00bb \u00c0 l\u2019ASM donc de montrer qu\u2019elle a fait le bon choix.<\/p>\n\n\n\n<p>Photo : <em>AS Monaco<\/em><\/p>\n","protected":false},"excerpt":{"rendered":"<p>\u00ab&nbsp;Lui, c\u2019est un futur grand&nbsp;\u00bb, Lui, c\u2019est Eliesse Ben Seghir, et la confession nous est venue de Fr\u00e9d\u00e9ric M\u00e9nini, l\u2019entra\u00eeneur de l\u2019\u00e9quipe R1 de l\u2019AS Monaco quelques jours avant No\u00ebl. M\u00eame s\u2019il est encore trop t\u00f4t pour pr\u00e9dire ce que sera la carri\u00e8re du natif de Saint-Tropez, force est de constater qu\u2019il semble d\u00e9cid\u00e9 \u00e0 [&#8230;]\n","protected":false},"author":2,"featured_media":8029,"comment_status":"open","ping_status":"open","sticky":false,"template":"","format":"standard","meta":[],"categories":[5,6],"tags":[76,86,286,228,94],"yoast_head":"<!-- This site is optimized with the Yoast SEO plugin v19.8 - https:\/\/yoast.com\/wordpress\/plugins\/seo\/ -->\n<title>Ben Seghir, un joyau \u00e0 polir - La Diagonale<\/title>\n<meta name=\"robots\" content=\"index, follow, max-snippet:-1, max-image-preview:large, max-video-preview:-1\" \/>\n<link rel=\"canonical\" href=\"https:\/\/www.ladiagonale.net\/index.php\/2023\/01\/04\/ben-seghir-un-joyau-a-polir\/\" \/>\n<meta property=\"og:locale\" content=\"fr_FR\" \/>\n<meta property=\"og:type\" content=\"article\" \/>\n<meta property=\"og:title\" content=\"Ben Seghir, un joyau \u00e0 polir - La Diagonale\" \/>\n<meta property=\"og:description\" content=\"\u00ab&nbsp;Lui, c\u2019est un futur grand&nbsp;\u00bb, Lui, c\u2019est Eliesse Ben Seghir, et la confession nous est venue de Fr\u00e9d\u00e9ric M\u00e9nini, l\u2019entra\u00eeneur de l\u2019\u00e9quipe R1 de l\u2019AS Monaco quelques jours avant No\u00ebl. M\u00eame s\u2019il est encore trop t\u00f4t pour pr\u00e9dire ce que sera la carri\u00e8re du natif de Saint-Tropez, force est de constater qu\u2019il semble d\u00e9cid\u00e9 \u00e0 [...]\" \/>\n<meta property=\"og:url\" content=\"https:\/\/www.ladiagonale.net\/index.php\/2023\/01\/04\/ben-seghir-un-joyau-a-polir\/\" \/>\n<meta property=\"og:site_name\" content=\"La Diagonale\" \/>\n<meta property=\"article:published_time\" content=\"2023-01-04T12:24:00+00:00\" \/>\n<meta property=\"article:modified_time\" content=\"2023-01-04T14:10:50+00:00\" \/>\n<meta property=\"og:image\" content=\"https:\/\/www.ladiagonale.net\/wp-content\/uploads\/2023\/01\/ben-seghir3.png\" \/>\n\t<meta property=\"og:image:width\" content=\"1160\" \/>\n\t<meta property=\"og:image:height\" content=\"650\" \/>\n\t<meta property=\"og:image:type\" content=\"image\/png\" \/>\n<meta name=\"author\" content=\"Damien Dellerba\" \/>\n<meta name=\"twitter:card\" content=\"summary_large_image\" \/>\n<meta name=\"twitter:label1\" content=\"\u00c9crit par\" \/>\n\t<meta name=\"twitter:data1\" content=\"Damien Dellerba\" \/>\n\t<meta name=\"twitter:label2\" content=\"Dur\u00e9e de lecture estim\u00e9e\" \/>\n\t<meta name=\"twitter:data2\" content=\"8 minutes\" \/>\n<script type=\"application\/ld+json\" class=\"yoast-schema-graph\">{\"@context\":\"https:\/\/schema.org\",\"@graph\":[{\"@type\":\"WebPage\",\"@id\":\"https:\/\/www.ladiagonale.net\/index.php\/2023\/01\/04\/ben-seghir-un-joyau-a-polir\/\",\"url\":\"https:\/\/www.ladiagonale.net\/index.php\/2023\/01\/04\/ben-seghir-un-joyau-a-polir\/\",\"name\":\"Ben Seghir, un joyau \u00e0 polir - La Diagonale\",\"isPartOf\":{\"@id\":\"https:\/\/www.ladiagonale.net\/#website\"},\"datePublished\":\"2023-01-04T12:24:00+00:00\",\"dateModified\":\"2023-01-04T14:10:50+00:00\",\"author\":{\"@id\":\"https:\/\/www.ladiagonale.net\/#\/schema\/person\/79ff1e7b0853ed01b2aa26e64ad300bf\"},\"breadcrumb\":{\"@id\":\"https:\/\/www.ladiagonale.net\/index.php\/2023\/01\/04\/ben-seghir-un-joyau-a-polir\/#breadcrumb\"},\"inLanguage\":\"fr-FR\",\"potentialAction\":[{\"@type\":\"ReadAction\",\"target\":[\"https:\/\/www.ladiagonale.net\/index.php\/2023\/01\/04\/ben-seghir-un-joyau-a-polir\/\"]}]},{\"@type\":\"BreadcrumbList\",\"@id\":\"https:\/\/www.ladiagonale.net\/index.php\/2023\/01\/04\/ben-seghir-un-joyau-a-polir\/#breadcrumb\",\"itemListElement\":[{\"@type\":\"ListItem\",\"position\":1,\"name\":\"Accueil\",\"item\":\"https:\/\/www.ladiagonale.net\/\"},{\"@type\":\"ListItem\",\"position\":2,\"name\":\"Ben Seghir, un joyau \u00e0 polir\"}]},{\"@type\":\"WebSite\",\"@id\":\"https:\/\/www.ladiagonale.net\/#website\",\"url\":\"https:\/\/www.ladiagonale.net\/\",\"name\":\"La Diagonale\",\"description\":\"Le site des supporters de l&#039;AS Monaco FC\",\"potentialAction\":[{\"@type\":\"SearchAction\",\"target\":{\"@type\":\"EntryPoint\",\"urlTemplate\":\"https:\/\/www.ladiagonale.net\/?s={search_term_string}\"},\"query-input\":\"required name=search_term_string\"}],\"inLanguage\":\"fr-FR\"},{\"@type\":\"Person\",\"@id\":\"https:\/\/www.ladiagonale.net\/#\/schema\/person\/79ff1e7b0853ed01b2aa26e64ad300bf\",\"name\":\"Damien Dellerba\",\"image\":{\"@type\":\"ImageObject\",\"inLanguage\":\"fr-FR\",\"@id\":\"https:\/\/www.ladiagonale.net\/#\/schema\/person\/image\/\",\"url\":\"https:\/\/secure.gravatar.com\/avatar\/c7850e06d3ff63cdbaee88b7fc16e2f0?s=96&d=mm&r=g\",\"contentUrl\":\"https:\/\/secure.gravatar.com\/avatar\/c7850e06d3ff63cdbaee88b7fc16e2f0?s=96&d=mm&r=g\",\"caption\":\"Damien Dellerba\"},\"url\":\"https:\/\/www.ladiagonale.net\/index.php\/author\/damien\/\"}]}<\/script>\n<!-- \/ Yoast SEO plugin. -->","yoast_head_json":{"title":"Ben Seghir, un joyau \u00e0 polir - La Diagonale","robots":{"index":"index","follow":"follow","max-snippet":"max-snippet:-1","max-image-preview":"max-image-preview:large","max-video-preview":"max-video-preview:-1"},"canonical":"https:\/\/www.ladiagonale.net\/index.php\/2023\/01\/04\/ben-seghir-un-joyau-a-polir\/","og_locale":"fr_FR","og_type":"article","og_title":"Ben Seghir, un joyau \u00e0 polir - La Diagonale","og_description":"\u00ab&nbsp;Lui, c\u2019est un futur grand&nbsp;\u00bb, Lui, c\u2019est Eliesse Ben Seghir, et la confession nous est venue de Fr\u00e9d\u00e9ric M\u00e9nini, l\u2019entra\u00eeneur de l\u2019\u00e9quipe R1 de l\u2019AS Monaco quelques jours avant No\u00ebl. M\u00eame s\u2019il est encore trop t\u00f4t pour pr\u00e9dire ce que sera la carri\u00e8re du natif de Saint-Tropez, force est de constater qu\u2019il semble d\u00e9cid\u00e9 \u00e0 [...]","og_url":"https:\/\/www.ladiagonale.net\/index.php\/2023\/01\/04\/ben-seghir-un-joyau-a-polir\/","og_site_name":"La Diagonale","article_published_time":"2023-01-04T12:24:00+00:00","article_modified_time":"2023-01-04T14:10:50+00:00","og_image":[{"width":1160,"height":650,"url":"https:\/\/www.ladiagonale.net\/wp-content\/uploads\/2023\/01\/ben-seghir3.png","type":"image\/png"}],"author":"Damien Dellerba","twitter_card":"summary_large_image","twitter_misc":{"\u00c9crit par":"Damien Dellerba","Dur\u00e9e de lecture estim\u00e9e":"8 minutes"},"schema":{"@context":"https:\/\/schema.org","@graph":[{"@type":"WebPage","@id":"https:\/\/www.ladiagonale.net\/index.php\/2023\/01\/04\/ben-seghir-un-joyau-a-polir\/","url":"https:\/\/www.ladiagonale.net\/index.php\/2023\/01\/04\/ben-seghir-un-joyau-a-polir\/","name":"Ben Seghir, un joyau \u00e0 polir - La Diagonale","isPartOf":{"@id":"https:\/\/www.ladiagonale.net\/#website"},"datePublished":"2023-01-04T12:24:00+00:00","dateModified":"2023-01-04T14:10:50+00:00","author":{"@id":"https:\/\/www.ladiagonale.net\/#\/schema\/person\/79ff1e7b0853ed01b2aa26e64ad300bf"},"breadcrumb":{"@id":"https:\/\/www.ladiagonale.net\/index.php\/2023\/01\/04\/ben-seghir-un-joyau-a-polir\/#breadcrumb"},"inLanguage":"fr-FR","potentialAction":[{"@type":"ReadAction","target":["https:\/\/www.ladiagonale.net\/index.php\/2023\/01\/04\/ben-seghir-un-joyau-a-polir\/"]}]},{"@type":"BreadcrumbList","@id":"https:\/\/www.ladiagonale.net\/index.php\/2023\/01\/04\/ben-seghir-un-joyau-a-polir\/#breadcrumb","itemListElement":[{"@type":"ListItem","position":1,"name":"Accueil","item":"https:\/\/www.ladiagonale.net\/"},{"@type":"ListItem","position":2,"name":"Ben Seghir, un joyau \u00e0 polir"}]},{"@type":"WebSite","@id":"https:\/\/www.ladiagonale.net\/#website","url":"https:\/\/www.ladiagonale.net\/","name":"La Diagonale","description":"Le site des supporters de l&#039;AS Monaco FC","potentialAction":[{"@type":"SearchAction","target":{"@type":"EntryPoint","urlTemplate":"https:\/\/www.ladiagonale.net\/?s={search_term_string}"},"query-input":"required name=search_term_string"}],"inLanguage":"fr-FR"},{"@type":"Person","@id":"https:\/\/www.ladiagonale.net\/#\/schema\/person\/79ff1e7b0853ed01b2aa26e64ad300bf","name":"Damien Dellerba","image":{"@type":"ImageObject","inLanguage":"fr-FR","@id":"https:\/\/www.ladiagonale.net\/#\/schema\/person\/image\/","url":"https:\/\/secure.gravatar.com\/avatar\/c7850e06d3ff63cdbaee88b7fc16e2f0?s=96&d=mm&r=g","contentUrl":"https:\/\/secure.gravatar.com\/avatar\/c7850e06d3ff63cdbaee88b7fc16e2f0?s=96&d=mm&r=g","caption":"Damien Dellerba"},"url":"https:\/\/www.ladiagonale.net\/index.php\/author\/damien\/"}]}},"_links":{"self":[{"href":"https:\/\/www.ladiagonale.net\/index.php\/wp-json\/wp\/v2\/posts\/8028"}],"collection":[{"href":"https:\/\/www.ladiagonale.net\/index.php\/wp-json\/wp\/v2\/posts"}],"about":[{"href":"https:\/\/www.ladiagonale.net\/index.php\/wp-json\/wp\/v2\/types\/post"}],"author":[{"embeddable":true,"href":"https:\/\/www.ladiagonale.net\/index.php\/wp-json\/wp\/v2\/users\/2"}],"replies":[{"embeddable":true,"href":"https:\/\/www.ladiagonale.net\/index.php\/wp-json\/wp\/v2\/comments?post=8028"}],"version-history":[{"count":4,"href":"https:\/\/www.ladiagonale.net\/index.php\/wp-json\/wp\/v2\/posts\/8028\/revisions"}],"predecessor-version":[{"id":8129,"href":"https:\/\/www.ladiagonale.net\/index.php\/wp-json\/wp\/v2\/posts\/8028\/revisions\/8129"}],"wp:featuredmedia":[{"embeddable":true,"href":"https:\/\/www.ladiagonale.net\/index.php\/wp-json\/wp\/v2\/media\/8029"}],"wp:attachment":[{"href":"https:\/\/www.ladiagonale.net\/index.php\/wp-json\/wp\/v2\/media?parent=8028"}],"wp:term":[{"taxonomy":"category","embeddable":true,"href":"https:\/\/www.ladiagonale.net\/index.php\/wp-json\/wp\/v2\/categories?post=8028"},{"taxonomy":"post_tag","embeddable":true,"href":"https:\/\/www.ladiagonale.net\/index.php\/wp-json\/wp\/v2\/tags?post=8028"}],"curies":[{"name":"wp","href":"https:\/\/api.w.org\/{rel}","templated":true}]}}