{"id":8130,"date":"2023-01-04T15:52:33","date_gmt":"2023-01-04T14:52:33","guid":{"rendered":"https:\/\/www.ladiagonale.net\/?p=8130"},"modified":"2023-01-04T22:42:55","modified_gmt":"2023-01-04T21:42:55","slug":"hakim-ben-el-hadj-au-sifflet","status":"publish","type":"post","link":"https:\/\/www.ladiagonale.net\/index.php\/2023\/01\/04\/hakim-ben-el-hadj-au-sifflet\/","title":{"rendered":"Hakim Ben El Hadj au sifflet pour Monaco-Rodez"},"content":{"rendered":"\n\n\n<p>Le corps arbitral qui officiera lors de la rencontre qui opposera Monaco \u00e0 Rodez samedi (18h), dans le cadre des 32es de finale de la Coupe de France, est connu. Hakim Ben El Hadj sera l&rsquo;arbitre principal et il sera assist\u00e9 par Huseyin Ocak et Julien Pacelli. Le quatri\u00e8me arbitre sera Robin Chapapria. \u00c0 noter qu&rsquo;il n&rsquo;y aura pas d&rsquo;arbitres assistants \u00e0 la vid\u00e9o puisque celle-ci n&rsquo;entre en vigueur qu&rsquo;\u00e0 partir des quarts de finale.<\/p>\n\n\n\n<p>Cette saison, Hakim Ben El Hadj n&rsquo;a encore jamais arbitr\u00e9 l&rsquo;AS Monaco. Cela \u00e9tait arriv\u00e9 \u00e0 deux reprises la saison derni\u00e8re en Ligue 1. Contre Lorient (<em>d\u00e9faite 1-0<\/em>) \u00e0 l&rsquo;occasion de la 2<sup>e<\/sup> journ\u00e9e et contre Angers (<em>victoire 2-0<\/em>) pour le compte de la 35<sup>e<\/sup> journ\u00e9e. Idem pour Rodez, qu&rsquo;il avait arbitr\u00e9 en Ligue 2 contre Dunkerque l&rsquo;an pass\u00e9 (<em>d\u00e9faite 2-0<\/em>).<\/p>\n","protected":false},"excerpt":{"rendered":"<p>Le corps arbitral qui officiera lors de la rencontre qui opposera Monaco \u00e0 Rodez samedi (18h), dans le cadre des 32es de finale de la Coupe de France, est connu. Hakim Ben El Hadj sera l&rsquo;arbitre principal et il sera assist\u00e9 par Huseyin Ocak et Julien Pacelli. Le quatri\u00e8me arbitre sera Robin Chapapria. \u00c0 noter [&#8230;]\n","protected":false},"author":2,"featured_media":0,"comment_status":"open","ping_status":"open","sticky":false,"template":"","format":"standard","meta":[],"categories":[6],"tags":[86,232,359,339],"yoast_head":"<!-- This site is optimized with the Yoast SEO plugin v19.8 - https:\/\/yoast.com\/wordpress\/plugins\/seo\/ -->\n<title>Hakim Ben El Hadj au sifflet pour Monaco-Rodez - La Diagonale<\/title>\n<meta name=\"robots\" content=\"index, follow, max-snippet:-1, max-image-preview:large, max-video-preview:-1\" \/>\n<link rel=\"canonical\" href=\"https:\/\/www.ladiagonale.net\/index.php\/2023\/01\/04\/hakim-ben-el-hadj-au-sifflet\/\" \/>\n<meta property=\"og:locale\" content=\"fr_FR\" \/>\n<meta property=\"og:type\" content=\"article\" \/>\n<meta property=\"og:title\" content=\"Hakim Ben El Hadj au sifflet pour Monaco-Rodez - La Diagonale\" \/>\n<meta property=\"og:description\" content=\"Le corps arbitral qui officiera lors de la rencontre qui opposera Monaco \u00e0 Rodez samedi (18h), dans le cadre des 32es de finale de la Coupe de France, est connu. Hakim Ben El Hadj sera l&rsquo;arbitre principal et il sera assist\u00e9 par Huseyin Ocak et Julien Pacelli. Le quatri\u00e8me arbitre sera Robin Chapapria. \u00c0 noter [...]\" \/>\n<meta property=\"og:url\" content=\"https:\/\/www.ladiagonale.net\/index.php\/2023\/01\/04\/hakim-ben-el-hadj-au-sifflet\/\" \/>\n<meta property=\"og:site_name\" content=\"La Diagonale\" \/>\n<meta property=\"article:published_time\" content=\"2023-01-04T14:52:33+00:00\" \/>\n<meta property=\"article:modified_time\" content=\"2023-01-04T21:42:55+00:00\" \/>\n<meta property=\"og:image\" content=\"https:\/\/www.ladiagonale.net\/wp-content\/uploads\/2023\/01\/ben-el-hadj.png\" \/>\n\t<meta property=\"og:image:width\" content=\"1160\" \/>\n\t<meta property=\"og:image:height\" content=\"650\" \/>\n\t<meta property=\"og:image:type\" content=\"image\/png\" \/>\n<meta name=\"author\" content=\"Damien Dellerba\" \/>\n<meta name=\"twitter:card\" content=\"summary_large_image\" \/>\n<meta name=\"twitter:image\" content=\"https:\/\/www.ladiagonale.net\/wp-content\/uploads\/2023\/01\/ben-el-hadj.png\" \/>\n<meta name=\"twitter:label1\" content=\"\u00c9crit par\" \/>\n\t<meta name=\"twitter:data1\" content=\"Damien Dellerba\" \/>\n\t<meta name=\"twitter:label2\" content=\"Dur\u00e9e de lecture estim\u00e9e\" \/>\n\t<meta name=\"twitter:data2\" content=\"1 minute\" \/>\n<script type=\"application\/ld+json\" class=\"yoast-schema-graph\">{\"@context\":\"https:\/\/schema.org\",\"@graph\":[{\"@type\":\"WebPage\",\"@id\":\"https:\/\/www.ladiagonale.net\/index.php\/2023\/01\/04\/hakim-ben-el-hadj-au-sifflet\/\",\"url\":\"https:\/\/www.ladiagonale.net\/index.php\/2023\/01\/04\/hakim-ben-el-hadj-au-sifflet\/\",\"name\":\"Hakim Ben El Hadj au sifflet pour Monaco-Rodez - La Diagonale\",\"isPartOf\":{\"@id\":\"https:\/\/www.ladiagonale.net\/#website\"},\"datePublished\":\"2023-01-04T14:52:33+00:00\",\"dateModified\":\"2023-01-04T21:42:55+00:00\",\"author\":{\"@id\":\"https:\/\/www.ladiagonale.net\/#\/schema\/person\/79ff1e7b0853ed01b2aa26e64ad300bf\"},\"breadcrumb\":{\"@id\":\"https:\/\/www.ladiagonale.net\/index.php\/2023\/01\/04\/hakim-ben-el-hadj-au-sifflet\/#breadcrumb\"},\"inLanguage\":\"fr-FR\",\"potentialAction\":[{\"@type\":\"ReadAction\",\"target\":[\"https:\/\/www.ladiagonale.net\/index.php\/2023\/01\/04\/hakim-ben-el-hadj-au-sifflet\/\"]}]},{\"@type\":\"BreadcrumbList\",\"@id\":\"https:\/\/www.ladiagonale.net\/index.php\/2023\/01\/04\/hakim-ben-el-hadj-au-sifflet\/#breadcrumb\",\"itemListElement\":[{\"@type\":\"ListItem\",\"position\":1,\"name\":\"Accueil\",\"item\":\"https:\/\/www.ladiagonale.net\/\"},{\"@type\":\"ListItem\",\"position\":2,\"name\":\"Hakim Ben El Hadj au sifflet pour Monaco-Rodez\"}]},{\"@type\":\"WebSite\",\"@id\":\"https:\/\/www.ladiagonale.net\/#website\",\"url\":\"https:\/\/www.ladiagonale.net\/\",\"name\":\"La Diagonale\",\"description\":\"Le site des supporters de l&#039;AS Monaco FC\",\"potentialAction\":[{\"@type\":\"SearchAction\",\"target\":{\"@type\":\"EntryPoint\",\"urlTemplate\":\"https:\/\/www.ladiagonale.net\/?s={search_term_string}\"},\"query-input\":\"required name=search_term_string\"}],\"inLanguage\":\"fr-FR\"},{\"@type\":\"Person\",\"@id\":\"https:\/\/www.ladiagonale.net\/#\/schema\/person\/79ff1e7b0853ed01b2aa26e64ad300bf\",\"name\":\"Damien Dellerba\",\"image\":{\"@type\":\"ImageObject\",\"inLanguage\":\"fr-FR\",\"@id\":\"https:\/\/www.ladiagonale.net\/#\/schema\/person\/image\/\",\"url\":\"https:\/\/secure.gravatar.com\/avatar\/c7850e06d3ff63cdbaee88b7fc16e2f0?s=96&d=mm&r=g\",\"contentUrl\":\"https:\/\/secure.gravatar.com\/avatar\/c7850e06d3ff63cdbaee88b7fc16e2f0?s=96&d=mm&r=g\",\"caption\":\"Damien Dellerba\"},\"url\":\"https:\/\/www.ladiagonale.net\/index.php\/author\/damien\/\"}]}<\/script>\n<!-- \/ Yoast SEO plugin. -->","yoast_head_json":{"title":"Hakim Ben El Hadj au sifflet pour Monaco-Rodez - La Diagonale","robots":{"index":"index","follow":"follow","max-snippet":"max-snippet:-1","max-image-preview":"max-image-preview:large","max-video-preview":"max-video-preview:-1"},"canonical":"https:\/\/www.ladiagonale.net\/index.php\/2023\/01\/04\/hakim-ben-el-hadj-au-sifflet\/","og_locale":"fr_FR","og_type":"article","og_title":"Hakim Ben El Hadj au sifflet pour Monaco-Rodez - La Diagonale","og_description":"Le corps arbitral qui officiera lors de la rencontre qui opposera Monaco \u00e0 Rodez samedi (18h), dans le cadre des 32es de finale de la Coupe de France, est connu. Hakim Ben El Hadj sera l&rsquo;arbitre principal et il sera assist\u00e9 par Huseyin Ocak et Julien Pacelli. Le quatri\u00e8me arbitre sera Robin Chapapria. \u00c0 noter [...]","og_url":"https:\/\/www.ladiagonale.net\/index.php\/2023\/01\/04\/hakim-ben-el-hadj-au-sifflet\/","og_site_name":"La Diagonale","article_published_time":"2023-01-04T14:52:33+00:00","article_modified_time":"2023-01-04T21:42:55+00:00","og_image":[{"width":1160,"height":650,"url":"https:\/\/www.ladiagonale.net\/wp-content\/uploads\/2023\/01\/ben-el-hadj.png","type":"image\/png"}],"author":"Damien Dellerba","twitter_card":"summary_large_image","twitter_image":"https:\/\/www.ladiagonale.net\/wp-content\/uploads\/2023\/01\/ben-el-hadj.png","twitter_misc":{"\u00c9crit par":"Damien Dellerba","Dur\u00e9e de lecture estim\u00e9e":"1 minute"},"schema":{"@context":"https:\/\/schema.org","@graph":[{"@type":"WebPage","@id":"https:\/\/www.ladiagonale.net\/index.php\/2023\/01\/04\/hakim-ben-el-hadj-au-sifflet\/","url":"https:\/\/www.ladiagonale.net\/index.php\/2023\/01\/04\/hakim-ben-el-hadj-au-sifflet\/","name":"Hakim Ben El Hadj au sifflet pour Monaco-Rodez - La Diagonale","isPartOf":{"@id":"https:\/\/www.ladiagonale.net\/#website"},"datePublished":"2023-01-04T14:52:33+00:00","dateModified":"2023-01-04T21:42:55+00:00","author":{"@id":"https:\/\/www.ladiagonale.net\/#\/schema\/person\/79ff1e7b0853ed01b2aa26e64ad300bf"},"breadcrumb":{"@id":"https:\/\/www.ladiagonale.net\/index.php\/2023\/01\/04\/hakim-ben-el-hadj-au-sifflet\/#breadcrumb"},"inLanguage":"fr-FR","potentialAction":[{"@type":"ReadAction","target":["https:\/\/www.ladiagonale.net\/index.php\/2023\/01\/04\/hakim-ben-el-hadj-au-sifflet\/"]}]},{"@type":"BreadcrumbList","@id":"https:\/\/www.ladiagonale.net\/index.php\/2023\/01\/04\/hakim-ben-el-hadj-au-sifflet\/#breadcrumb","itemListElement":[{"@type":"ListItem","position":1,"name":"Accueil","item":"https:\/\/www.ladiagonale.net\/"},{"@type":"ListItem","position":2,"name":"Hakim Ben El Hadj au sifflet pour Monaco-Rodez"}]},{"@type":"WebSite","@id":"https:\/\/www.ladiagonale.net\/#website","url":"https:\/\/www.ladiagonale.net\/","name":"La Diagonale","description":"Le site des supporters de l&#039;AS Monaco FC","potentialAction":[{"@type":"SearchAction","target":{"@type":"EntryPoint","urlTemplate":"https:\/\/www.ladiagonale.net\/?s={search_term_string}"},"query-input":"required name=search_term_string"}],"inLanguage":"fr-FR"},{"@type":"Person","@id":"https:\/\/www.ladiagonale.net\/#\/schema\/person\/79ff1e7b0853ed01b2aa26e64ad300bf","name":"Damien Dellerba","image":{"@type":"ImageObject","inLanguage":"fr-FR","@id":"https:\/\/www.ladiagonale.net\/#\/schema\/person\/image\/","url":"https:\/\/secure.gravatar.com\/avatar\/c7850e06d3ff63cdbaee88b7fc16e2f0?s=96&d=mm&r=g","contentUrl":"https:\/\/secure.gravatar.com\/avatar\/c7850e06d3ff63cdbaee88b7fc16e2f0?s=96&d=mm&r=g","caption":"Damien Dellerba"},"url":"https:\/\/www.ladiagonale.net\/index.php\/author\/damien\/"}]}},"_links":{"self":[{"href":"https:\/\/www.ladiagonale.net\/index.php\/wp-json\/wp\/v2\/posts\/8130"}],"collection":[{"href":"https:\/\/www.ladiagonale.net\/index.php\/wp-json\/wp\/v2\/posts"}],"about":[{"href":"https:\/\/www.ladiagonale.net\/index.php\/wp-json\/wp\/v2\/types\/post"}],"author":[{"embeddable":true,"href":"https:\/\/www.ladiagonale.net\/index.php\/wp-json\/wp\/v2\/users\/2"}],"replies":[{"embeddable":true,"href":"https:\/\/www.ladiagonale.net\/index.php\/wp-json\/wp\/v2\/comments?post=8130"}],"version-history":[{"count":2,"href":"https:\/\/www.ladiagonale.net\/index.php\/wp-json\/wp\/v2\/posts\/8130\/revisions"}],"predecessor-version":[{"id":8140,"href":"https:\/\/www.ladiagonale.net\/index.php\/wp-json\/wp\/v2\/posts\/8130\/revisions\/8140"}],"wp:attachment":[{"href":"https:\/\/www.ladiagonale.net\/index.php\/wp-json\/wp\/v2\/media?parent=8130"}],"wp:term":[{"taxonomy":"category","embeddable":true,"href":"https:\/\/www.ladiagonale.net\/index.php\/wp-json\/wp\/v2\/categories?post=8130"},{"taxonomy":"post_tag","embeddable":true,"href":"https:\/\/www.ladiagonale.net\/index.php\/wp-json\/wp\/v2\/tags?post=8130"}],"curies":[{"name":"wp","href":"https:\/\/api.w.org\/{rel}","templated":true}]}}