{"id":8133,"date":"2023-01-04T19:38:36","date_gmt":"2023-01-04T18:38:36","guid":{"rendered":"https:\/\/www.ladiagonale.net\/?p=8133"},"modified":"2023-01-04T19:42:34","modified_gmt":"2023-01-04T18:42:34","slug":"officiel-musaba-quitte-metz-et-part-en-pret-a-nimegue","status":"publish","type":"post","link":"https:\/\/www.ladiagonale.net\/index.php\/2023\/01\/04\/officiel-musaba-quitte-metz-et-part-en-pret-a-nimegue\/","title":{"rendered":"Officiel : Musaba quitte Metz et part en pr\u00eat \u00e0 Nim\u00e8gue"},"content":{"rendered":"\n\n\n<p>Anthony Musaba ne terminera pas la saison au FC Metz. Le N\u00e9erlandais de 21 ans a \u00e9t\u00e9 entendu quant \u00e0 son souhait d&rsquo;\u00e9courter l\u2019aventure en Moselle afin de rejoindre les Pays-Bas et son club formateur du NEC Nim\u00e8gue par le biais d&rsquo;un nouveau pr\u00eat. \u00ab <em>Un accord a \u00e9t\u00e9 trouv\u00e9 avec le club lorrain afin de rompre de mani\u00e8re anticip\u00e9e ce contrat<\/em> \u00bb, peut-on lire sur le communiqu\u00e9 de l&rsquo;AS Monaco. Peu utilis\u00e9 en d\u00e9but de saison, Musaba avait commenc\u00e9 \u00e0 encha\u00eener les rencontres avant la tr\u00eave internationale. Toutes comp\u00e9titions confondues, il a jou\u00e9 neuf matchs pour un but et une passe d\u00e9cisive.<\/p>\n\n\n\n<p>Mais il y a quelques semaines, le p\u00e8re d&rsquo;Anthony Musaba avait implor\u00e9 les dirigeants messins de lib\u00e9rer son fils, \u00e9voquant notamment <a href=\"https:\/\/www.ladiagonale.net\/index.php\/2022\/12\/23\/en-depression-musaba-veut-quitter-metz\/\">un cas de d\u00e9pression<\/a>, et a obtenu gain de cause, comme le confirme le communiqu\u00e9 du club messin : \u00ab&nbsp;<em>L\u2019ailier n\u00e9erlandais ayant exprim\u00e9 sa volont\u00e9 de quitter la Moselle pour des raisons personnelles, le FC Metz et Anthony Musaba se sont entendus pour mettre un terme anticip\u00e9 au pr\u00eat afin que le joueur puisse, comme il le souhaitait, retrouver son ancien club aux Pays-Bas, le NEC Nim\u00e8gue.<\/em>&nbsp;\u00bb<\/p>\n\n\n\n<p>Arriv\u00e9 en Principaut\u00e9 \u00e0 l&rsquo;\u00e9t\u00e9 2020, Anthony Musaba va donc conna\u00eetre son quatri\u00e8me pr\u00eat cons\u00e9cutif apr\u00e8s une exp\u00e9rience au Cercles Bruges (2020-2021), au SC Heerenveen (2021-2022) et six mois au FC Metz (ao\u00fbt 2022-janvier 2023). Son contrat avec l&rsquo;AS Monaco arrivera \u00e0 son terme en juin 2025.<\/p>\n\n\n\n<p><\/p>\n","protected":false},"excerpt":{"rendered":"<p>Anthony Musaba ne terminera pas la saison au FC Metz. Le N\u00e9erlandais de 21 ans a \u00e9t\u00e9 entendu quant \u00e0 son souhait d&rsquo;\u00e9courter l\u2019aventure en Moselle afin de rejoindre les Pays-Bas et son club formateur du NEC Nim\u00e8gue par le biais d&rsquo;un nouveau pr\u00eat. \u00ab Un accord a \u00e9t\u00e9 trouv\u00e9 avec le club lorrain afin [&#8230;]\n","protected":false},"author":2,"featured_media":0,"comment_status":"open","ping_status":"open","sticky":false,"template":"","format":"standard","meta":[],"categories":[4,6],"tags":[312,86,219],"yoast_head":"<!-- This site is optimized with the Yoast SEO plugin v19.8 - https:\/\/yoast.com\/wordpress\/plugins\/seo\/ -->\n<title>Officiel : Musaba quitte Metz et part en pr\u00eat \u00e0 Nim\u00e8gue - La Diagonale<\/title>\n<meta name=\"robots\" content=\"index, follow, max-snippet:-1, max-image-preview:large, max-video-preview:-1\" \/>\n<link rel=\"canonical\" href=\"https:\/\/www.ladiagonale.net\/index.php\/2023\/01\/04\/officiel-musaba-quitte-metz-et-part-en-pret-a-nimegue\/\" \/>\n<meta property=\"og:locale\" content=\"fr_FR\" \/>\n<meta property=\"og:type\" content=\"article\" \/>\n<meta property=\"og:title\" content=\"Officiel : Musaba quitte Metz et part en pr\u00eat \u00e0 Nim\u00e8gue - La Diagonale\" \/>\n<meta property=\"og:description\" content=\"Anthony Musaba ne terminera pas la saison au FC Metz. Le N\u00e9erlandais de 21 ans a \u00e9t\u00e9 entendu quant \u00e0 son souhait d&rsquo;\u00e9courter l\u2019aventure en Moselle afin de rejoindre les Pays-Bas et son club formateur du NEC Nim\u00e8gue par le biais d&rsquo;un nouveau pr\u00eat. \u00ab Un accord a \u00e9t\u00e9 trouv\u00e9 avec le club lorrain afin [...]\" \/>\n<meta property=\"og:url\" content=\"https:\/\/www.ladiagonale.net\/index.php\/2023\/01\/04\/officiel-musaba-quitte-metz-et-part-en-pret-a-nimegue\/\" \/>\n<meta property=\"og:site_name\" content=\"La Diagonale\" \/>\n<meta property=\"article:published_time\" content=\"2023-01-04T18:38:36+00:00\" \/>\n<meta property=\"article:modified_time\" content=\"2023-01-04T18:42:34+00:00\" \/>\n<meta property=\"og:image\" content=\"https:\/\/www.ladiagonale.net\/wp-content\/uploads\/2022\/11\/musaba-metz.png\" \/>\n\t<meta property=\"og:image:width\" content=\"1160\" \/>\n\t<meta property=\"og:image:height\" content=\"650\" \/>\n\t<meta property=\"og:image:type\" content=\"image\/png\" \/>\n<meta name=\"author\" content=\"Damien Dellerba\" \/>\n<meta name=\"twitter:card\" content=\"summary_large_image\" \/>\n<meta name=\"twitter:image\" content=\"https:\/\/www.ladiagonale.net\/wp-content\/uploads\/2022\/11\/musaba-metz.png\" \/>\n<meta name=\"twitter:label1\" content=\"\u00c9crit par\" \/>\n\t<meta name=\"twitter:data1\" content=\"Damien Dellerba\" \/>\n\t<meta name=\"twitter:label2\" content=\"Dur\u00e9e de lecture estim\u00e9e\" \/>\n\t<meta name=\"twitter:data2\" content=\"2 minutes\" \/>\n<script type=\"application\/ld+json\" class=\"yoast-schema-graph\">{\"@context\":\"https:\/\/schema.org\",\"@graph\":[{\"@type\":\"WebPage\",\"@id\":\"https:\/\/www.ladiagonale.net\/index.php\/2023\/01\/04\/officiel-musaba-quitte-metz-et-part-en-pret-a-nimegue\/\",\"url\":\"https:\/\/www.ladiagonale.net\/index.php\/2023\/01\/04\/officiel-musaba-quitte-metz-et-part-en-pret-a-nimegue\/\",\"name\":\"Officiel : Musaba quitte Metz et part en pr\u00eat \u00e0 Nim\u00e8gue - La Diagonale\",\"isPartOf\":{\"@id\":\"https:\/\/www.ladiagonale.net\/#website\"},\"datePublished\":\"2023-01-04T18:38:36+00:00\",\"dateModified\":\"2023-01-04T18:42:34+00:00\",\"author\":{\"@id\":\"https:\/\/www.ladiagonale.net\/#\/schema\/person\/79ff1e7b0853ed01b2aa26e64ad300bf\"},\"breadcrumb\":{\"@id\":\"https:\/\/www.ladiagonale.net\/index.php\/2023\/01\/04\/officiel-musaba-quitte-metz-et-part-en-pret-a-nimegue\/#breadcrumb\"},\"inLanguage\":\"fr-FR\",\"potentialAction\":[{\"@type\":\"ReadAction\",\"target\":[\"https:\/\/www.ladiagonale.net\/index.php\/2023\/01\/04\/officiel-musaba-quitte-metz-et-part-en-pret-a-nimegue\/\"]}]},{\"@type\":\"BreadcrumbList\",\"@id\":\"https:\/\/www.ladiagonale.net\/index.php\/2023\/01\/04\/officiel-musaba-quitte-metz-et-part-en-pret-a-nimegue\/#breadcrumb\",\"itemListElement\":[{\"@type\":\"ListItem\",\"position\":1,\"name\":\"Accueil\",\"item\":\"https:\/\/www.ladiagonale.net\/\"},{\"@type\":\"ListItem\",\"position\":2,\"name\":\"Officiel : Musaba quitte Metz et part en pr\u00eat \u00e0 Nim\u00e8gue\"}]},{\"@type\":\"WebSite\",\"@id\":\"https:\/\/www.ladiagonale.net\/#website\",\"url\":\"https:\/\/www.ladiagonale.net\/\",\"name\":\"La Diagonale\",\"description\":\"Le site des supporters de l&#039;AS Monaco FC\",\"potentialAction\":[{\"@type\":\"SearchAction\",\"target\":{\"@type\":\"EntryPoint\",\"urlTemplate\":\"https:\/\/www.ladiagonale.net\/?s={search_term_string}\"},\"query-input\":\"required name=search_term_string\"}],\"inLanguage\":\"fr-FR\"},{\"@type\":\"Person\",\"@id\":\"https:\/\/www.ladiagonale.net\/#\/schema\/person\/79ff1e7b0853ed01b2aa26e64ad300bf\",\"name\":\"Damien Dellerba\",\"image\":{\"@type\":\"ImageObject\",\"inLanguage\":\"fr-FR\",\"@id\":\"https:\/\/www.ladiagonale.net\/#\/schema\/person\/image\/\",\"url\":\"https:\/\/secure.gravatar.com\/avatar\/c7850e06d3ff63cdbaee88b7fc16e2f0?s=96&d=mm&r=g\",\"contentUrl\":\"https:\/\/secure.gravatar.com\/avatar\/c7850e06d3ff63cdbaee88b7fc16e2f0?s=96&d=mm&r=g\",\"caption\":\"Damien Dellerba\"},\"url\":\"https:\/\/www.ladiagonale.net\/index.php\/author\/damien\/\"}]}<\/script>\n<!-- \/ Yoast SEO plugin. -->","yoast_head_json":{"title":"Officiel : Musaba quitte Metz et part en pr\u00eat \u00e0 Nim\u00e8gue - La Diagonale","robots":{"index":"index","follow":"follow","max-snippet":"max-snippet:-1","max-image-preview":"max-image-preview:large","max-video-preview":"max-video-preview:-1"},"canonical":"https:\/\/www.ladiagonale.net\/index.php\/2023\/01\/04\/officiel-musaba-quitte-metz-et-part-en-pret-a-nimegue\/","og_locale":"fr_FR","og_type":"article","og_title":"Officiel : Musaba quitte Metz et part en pr\u00eat \u00e0 Nim\u00e8gue - La Diagonale","og_description":"Anthony Musaba ne terminera pas la saison au FC Metz. Le N\u00e9erlandais de 21 ans a \u00e9t\u00e9 entendu quant \u00e0 son souhait d&rsquo;\u00e9courter l\u2019aventure en Moselle afin de rejoindre les Pays-Bas et son club formateur du NEC Nim\u00e8gue par le biais d&rsquo;un nouveau pr\u00eat. \u00ab Un accord a \u00e9t\u00e9 trouv\u00e9 avec le club lorrain afin [...]","og_url":"https:\/\/www.ladiagonale.net\/index.php\/2023\/01\/04\/officiel-musaba-quitte-metz-et-part-en-pret-a-nimegue\/","og_site_name":"La Diagonale","article_published_time":"2023-01-04T18:38:36+00:00","article_modified_time":"2023-01-04T18:42:34+00:00","og_image":[{"width":1160,"height":650,"url":"https:\/\/www.ladiagonale.net\/wp-content\/uploads\/2022\/11\/musaba-metz.png","type":"image\/png"}],"author":"Damien Dellerba","twitter_card":"summary_large_image","twitter_image":"https:\/\/www.ladiagonale.net\/wp-content\/uploads\/2022\/11\/musaba-metz.png","twitter_misc":{"\u00c9crit par":"Damien Dellerba","Dur\u00e9e de lecture estim\u00e9e":"2 minutes"},"schema":{"@context":"https:\/\/schema.org","@graph":[{"@type":"WebPage","@id":"https:\/\/www.ladiagonale.net\/index.php\/2023\/01\/04\/officiel-musaba-quitte-metz-et-part-en-pret-a-nimegue\/","url":"https:\/\/www.ladiagonale.net\/index.php\/2023\/01\/04\/officiel-musaba-quitte-metz-et-part-en-pret-a-nimegue\/","name":"Officiel : Musaba quitte Metz et part en pr\u00eat \u00e0 Nim\u00e8gue - La Diagonale","isPartOf":{"@id":"https:\/\/www.ladiagonale.net\/#website"},"datePublished":"2023-01-04T18:38:36+00:00","dateModified":"2023-01-04T18:42:34+00:00","author":{"@id":"https:\/\/www.ladiagonale.net\/#\/schema\/person\/79ff1e7b0853ed01b2aa26e64ad300bf"},"breadcrumb":{"@id":"https:\/\/www.ladiagonale.net\/index.php\/2023\/01\/04\/officiel-musaba-quitte-metz-et-part-en-pret-a-nimegue\/#breadcrumb"},"inLanguage":"fr-FR","potentialAction":[{"@type":"ReadAction","target":["https:\/\/www.ladiagonale.net\/index.php\/2023\/01\/04\/officiel-musaba-quitte-metz-et-part-en-pret-a-nimegue\/"]}]},{"@type":"BreadcrumbList","@id":"https:\/\/www.ladiagonale.net\/index.php\/2023\/01\/04\/officiel-musaba-quitte-metz-et-part-en-pret-a-nimegue\/#breadcrumb","itemListElement":[{"@type":"ListItem","position":1,"name":"Accueil","item":"https:\/\/www.ladiagonale.net\/"},{"@type":"ListItem","position":2,"name":"Officiel : Musaba quitte Metz et part en pr\u00eat \u00e0 Nim\u00e8gue"}]},{"@type":"WebSite","@id":"https:\/\/www.ladiagonale.net\/#website","url":"https:\/\/www.ladiagonale.net\/","name":"La Diagonale","description":"Le site des supporters de l&#039;AS Monaco FC","potentialAction":[{"@type":"SearchAction","target":{"@type":"EntryPoint","urlTemplate":"https:\/\/www.ladiagonale.net\/?s={search_term_string}"},"query-input":"required name=search_term_string"}],"inLanguage":"fr-FR"},{"@type":"Person","@id":"https:\/\/www.ladiagonale.net\/#\/schema\/person\/79ff1e7b0853ed01b2aa26e64ad300bf","name":"Damien Dellerba","image":{"@type":"ImageObject","inLanguage":"fr-FR","@id":"https:\/\/www.ladiagonale.net\/#\/schema\/person\/image\/","url":"https:\/\/secure.gravatar.com\/avatar\/c7850e06d3ff63cdbaee88b7fc16e2f0?s=96&d=mm&r=g","contentUrl":"https:\/\/secure.gravatar.com\/avatar\/c7850e06d3ff63cdbaee88b7fc16e2f0?s=96&d=mm&r=g","caption":"Damien Dellerba"},"url":"https:\/\/www.ladiagonale.net\/index.php\/author\/damien\/"}]}},"_links":{"self":[{"href":"https:\/\/www.ladiagonale.net\/index.php\/wp-json\/wp\/v2\/posts\/8133"}],"collection":[{"href":"https:\/\/www.ladiagonale.net\/index.php\/wp-json\/wp\/v2\/posts"}],"about":[{"href":"https:\/\/www.ladiagonale.net\/index.php\/wp-json\/wp\/v2\/types\/post"}],"author":[{"embeddable":true,"href":"https:\/\/www.ladiagonale.net\/index.php\/wp-json\/wp\/v2\/users\/2"}],"replies":[{"embeddable":true,"href":"https:\/\/www.ladiagonale.net\/index.php\/wp-json\/wp\/v2\/comments?post=8133"}],"version-history":[{"count":5,"href":"https:\/\/www.ladiagonale.net\/index.php\/wp-json\/wp\/v2\/posts\/8133\/revisions"}],"predecessor-version":[{"id":8138,"href":"https:\/\/www.ladiagonale.net\/index.php\/wp-json\/wp\/v2\/posts\/8133\/revisions\/8138"}],"wp:attachment":[{"href":"https:\/\/www.ladiagonale.net\/index.php\/wp-json\/wp\/v2\/media?parent=8133"}],"wp:term":[{"taxonomy":"category","embeddable":true,"href":"https:\/\/www.ladiagonale.net\/index.php\/wp-json\/wp\/v2\/categories?post=8133"},{"taxonomy":"post_tag","embeddable":true,"href":"https:\/\/www.ladiagonale.net\/index.php\/wp-json\/wp\/v2\/tags?post=8133"}],"curies":[{"name":"wp","href":"https:\/\/api.w.org\/{rel}","templated":true}]}}