{"id":8141,"date":"2023-01-05T15:14:43","date_gmt":"2023-01-05T14:14:43","guid":{"rendered":"https:\/\/www.ladiagonale.net\/?p=8141"},"modified":"2023-01-05T18:46:20","modified_gmt":"2023-01-05T17:46:20","slug":"officiel-badiashile-transfere-a-chelsea","status":"publish","type":"post","link":"https:\/\/www.ladiagonale.net\/index.php\/2023\/01\/05\/officiel-badiashile-transfere-a-chelsea\/","title":{"rendered":"Officiel : Badiashile transf\u00e9r\u00e9 \u00e0 Chelsea"},"content":{"rendered":"\n\n\n<p>Beno\u00eet Badiashile n\u2019est plus un joueur de l\u2019AS Monaco. Le d\u00e9fenseur central de 21 ans va d\u00e9sormais porter la tunique des <em>Blues<\/em> de Chelsea, avec un contrat d\u2019une dur\u00e9e de sept ans et demi. Le club de la Principaut\u00e9 a officialis\u00e9 la nouvelle sur son site officiel. Pour s\u2019attacher les services de l\u2019international fran\u00e7ais, Chelsea a du d\u00e9bourser une somme avoisinant les 40 millions d\u2019euros, bonus compris. <\/p>\n\n\n\n<p>Lanc\u00e9 en novembre 2018 \u00e0 l\u2019occasion d\u2019une rencontre contre le PSG, Beno\u00eet Badiashile a disput\u00e9 135 rencontres au total avec l\u2019AS Monaco dont 106 en Ligue 1, jusqu\u2019\u00e0 sa derni\u00e8re contre Marseille le 13 novembre dernier. Il est notamment devenu international A en \u00e9quipe de France en \u00e9tant appel\u00e9 par Didier Deschamps.<\/p>\n\n\n\n<p>\u00ab&nbsp;<em>La progression de Benoit au cours des deux derni\u00e8res saisons et demie, alors qu\u2019il n\u2019exprimait pas pleinement son potentiel auparavant, t\u00e9moigne de son s\u00e9rieux et de sa d\u00e9termination, ainsi que de celle du staff, \u00e0 \u00e9lever son niveau d\u2019exigence, progressant saison apr\u00e8s saison et contribuant ainsi \u00e0 l\u2019\u00e9volution de l\u2019\u00e9quipe premi\u00e8re<\/em>, a comment\u00e9 Paul Mitchell. <em>Cette signature dans l\u2019un des plus grands clubs europ\u00e9ens est le fruit du travail accompli au sein de notre Academy, du groupe professionnel et souligne une nouvelle fois les capacit\u00e9s de l\u2019AS Monaco \u00e0 favoriser le d\u00e9veloppement de jeunes joueurs vers le plus haut niveau. Benoit continuera de v\u00e9hiculer l\u2019image de la formation mon\u00e9gasque. Nous sommes fiers de son parcours et lui souhaitons le meilleur pour la suite.<\/em>&nbsp;\u00bb<\/p>\n\n\n\n<p>De son cot\u00e9, Benoit Badiashile a exprim\u00e9 sa reconnaissance au club et \u00e0 ses supporters : \u00ab&nbsp;<em>Je tiens \u00e0 remercier tous les membres du Club, les \u00e9ducateurs, les coachs et tous mes partenaires qui m\u2019ont \u00e9norm\u00e9ment apport\u00e9 depuis que je suis arriv\u00e9 au club il y a pr\u00e8s de 7 ans, pour devenir le joueur et l\u2019homme que je suis aujourd\u2019hui. Je n\u2019oublie pas les supporters, pour leur affection et leur soutien. L\u2019AS Monaco m\u2019a permis de r\u00e9aliser beaucoup de mes r\u00eaves, je lui en serai toujours reconnaissant et garderai toujours ses couleurs dans mon coeur.<\/em>&nbsp;\u00bb<\/p>\n","protected":false},"excerpt":{"rendered":"<p>Beno\u00eet Badiashile n\u2019est plus un joueur de l\u2019AS Monaco. Le d\u00e9fenseur central de 21 ans va d\u00e9sormais porter la tunique des Blues de Chelsea, avec un contrat d\u2019une dur\u00e9e de sept ans et demi. Le club de la Principaut\u00e9 a officialis\u00e9 la nouvelle sur son site officiel. Pour s\u2019attacher les services de l\u2019international fran\u00e7ais, Chelsea [&#8230;]\n","protected":false},"author":2,"featured_media":0,"comment_status":"open","ping_status":"open","sticky":false,"template":"","format":"standard","meta":[],"categories":[4,6],"tags":[86,177,111,110],"yoast_head":"<!-- This site is optimized with the Yoast SEO plugin v19.8 - https:\/\/yoast.com\/wordpress\/plugins\/seo\/ -->\n<title>Officiel : Badiashile transf\u00e9r\u00e9 \u00e0 Chelsea - La Diagonale<\/title>\n<meta name=\"robots\" content=\"index, follow, max-snippet:-1, max-image-preview:large, max-video-preview:-1\" \/>\n<link rel=\"canonical\" href=\"https:\/\/www.ladiagonale.net\/index.php\/2023\/01\/05\/officiel-badiashile-transfere-a-chelsea\/\" \/>\n<meta property=\"og:locale\" content=\"fr_FR\" \/>\n<meta property=\"og:type\" content=\"article\" \/>\n<meta property=\"og:title\" content=\"Officiel : Badiashile transf\u00e9r\u00e9 \u00e0 Chelsea - La Diagonale\" \/>\n<meta property=\"og:description\" content=\"Beno\u00eet Badiashile n\u2019est plus un joueur de l\u2019AS Monaco. Le d\u00e9fenseur central de 21 ans va d\u00e9sormais porter la tunique des Blues de Chelsea, avec un contrat d\u2019une dur\u00e9e de sept ans et demi. Le club de la Principaut\u00e9 a officialis\u00e9 la nouvelle sur son site officiel. Pour s\u2019attacher les services de l\u2019international fran\u00e7ais, Chelsea [...]\" \/>\n<meta property=\"og:url\" content=\"https:\/\/www.ladiagonale.net\/index.php\/2023\/01\/05\/officiel-badiashile-transfere-a-chelsea\/\" \/>\n<meta property=\"og:site_name\" content=\"La Diagonale\" \/>\n<meta property=\"article:published_time\" content=\"2023-01-05T14:14:43+00:00\" \/>\n<meta property=\"article:modified_time\" content=\"2023-01-05T17:46:20+00:00\" \/>\n<meta property=\"og:image\" content=\"https:\/\/www.ladiagonale.net\/wp-content\/uploads\/2022\/10\/62cdaefa576be.jpg\" \/>\n\t<meta property=\"og:image:width\" content=\"800\" \/>\n\t<meta property=\"og:image:height\" content=\"448\" \/>\n\t<meta property=\"og:image:type\" content=\"image\/jpeg\" \/>\n<meta name=\"author\" content=\"Damien Dellerba\" \/>\n<meta name=\"twitter:card\" content=\"summary_large_image\" \/>\n<meta name=\"twitter:image\" content=\"https:\/\/www.ladiagonale.net\/wp-content\/uploads\/2022\/10\/62cdaefa576be.jpg\" \/>\n<meta name=\"twitter:label1\" content=\"\u00c9crit par\" \/>\n\t<meta name=\"twitter:data1\" content=\"Damien Dellerba\" \/>\n\t<meta name=\"twitter:label2\" content=\"Dur\u00e9e de lecture estim\u00e9e\" \/>\n\t<meta name=\"twitter:data2\" content=\"2 minutes\" \/>\n<script type=\"application\/ld+json\" class=\"yoast-schema-graph\">{\"@context\":\"https:\/\/schema.org\",\"@graph\":[{\"@type\":\"WebPage\",\"@id\":\"https:\/\/www.ladiagonale.net\/index.php\/2023\/01\/05\/officiel-badiashile-transfere-a-chelsea\/\",\"url\":\"https:\/\/www.ladiagonale.net\/index.php\/2023\/01\/05\/officiel-badiashile-transfere-a-chelsea\/\",\"name\":\"Officiel : Badiashile transf\u00e9r\u00e9 \u00e0 Chelsea - La Diagonale\",\"isPartOf\":{\"@id\":\"https:\/\/www.ladiagonale.net\/#website\"},\"datePublished\":\"2023-01-05T14:14:43+00:00\",\"dateModified\":\"2023-01-05T17:46:20+00:00\",\"author\":{\"@id\":\"https:\/\/www.ladiagonale.net\/#\/schema\/person\/79ff1e7b0853ed01b2aa26e64ad300bf\"},\"breadcrumb\":{\"@id\":\"https:\/\/www.ladiagonale.net\/index.php\/2023\/01\/05\/officiel-badiashile-transfere-a-chelsea\/#breadcrumb\"},\"inLanguage\":\"fr-FR\",\"potentialAction\":[{\"@type\":\"ReadAction\",\"target\":[\"https:\/\/www.ladiagonale.net\/index.php\/2023\/01\/05\/officiel-badiashile-transfere-a-chelsea\/\"]}]},{\"@type\":\"BreadcrumbList\",\"@id\":\"https:\/\/www.ladiagonale.net\/index.php\/2023\/01\/05\/officiel-badiashile-transfere-a-chelsea\/#breadcrumb\",\"itemListElement\":[{\"@type\":\"ListItem\",\"position\":1,\"name\":\"Accueil\",\"item\":\"https:\/\/www.ladiagonale.net\/\"},{\"@type\":\"ListItem\",\"position\":2,\"name\":\"Officiel : Badiashile transf\u00e9r\u00e9 \u00e0 Chelsea\"}]},{\"@type\":\"WebSite\",\"@id\":\"https:\/\/www.ladiagonale.net\/#website\",\"url\":\"https:\/\/www.ladiagonale.net\/\",\"name\":\"La Diagonale\",\"description\":\"Le site des supporters de l&#039;AS Monaco FC\",\"potentialAction\":[{\"@type\":\"SearchAction\",\"target\":{\"@type\":\"EntryPoint\",\"urlTemplate\":\"https:\/\/www.ladiagonale.net\/?s={search_term_string}\"},\"query-input\":\"required name=search_term_string\"}],\"inLanguage\":\"fr-FR\"},{\"@type\":\"Person\",\"@id\":\"https:\/\/www.ladiagonale.net\/#\/schema\/person\/79ff1e7b0853ed01b2aa26e64ad300bf\",\"name\":\"Damien Dellerba\",\"image\":{\"@type\":\"ImageObject\",\"inLanguage\":\"fr-FR\",\"@id\":\"https:\/\/www.ladiagonale.net\/#\/schema\/person\/image\/\",\"url\":\"https:\/\/secure.gravatar.com\/avatar\/c7850e06d3ff63cdbaee88b7fc16e2f0?s=96&d=mm&r=g\",\"contentUrl\":\"https:\/\/secure.gravatar.com\/avatar\/c7850e06d3ff63cdbaee88b7fc16e2f0?s=96&d=mm&r=g\",\"caption\":\"Damien Dellerba\"},\"url\":\"https:\/\/www.ladiagonale.net\/index.php\/author\/damien\/\"}]}<\/script>\n<!-- \/ Yoast SEO plugin. -->","yoast_head_json":{"title":"Officiel : Badiashile transf\u00e9r\u00e9 \u00e0 Chelsea - La Diagonale","robots":{"index":"index","follow":"follow","max-snippet":"max-snippet:-1","max-image-preview":"max-image-preview:large","max-video-preview":"max-video-preview:-1"},"canonical":"https:\/\/www.ladiagonale.net\/index.php\/2023\/01\/05\/officiel-badiashile-transfere-a-chelsea\/","og_locale":"fr_FR","og_type":"article","og_title":"Officiel : Badiashile transf\u00e9r\u00e9 \u00e0 Chelsea - La Diagonale","og_description":"Beno\u00eet Badiashile n\u2019est plus un joueur de l\u2019AS Monaco. Le d\u00e9fenseur central de 21 ans va d\u00e9sormais porter la tunique des Blues de Chelsea, avec un contrat d\u2019une dur\u00e9e de sept ans et demi. Le club de la Principaut\u00e9 a officialis\u00e9 la nouvelle sur son site officiel. Pour s\u2019attacher les services de l\u2019international fran\u00e7ais, Chelsea [...]","og_url":"https:\/\/www.ladiagonale.net\/index.php\/2023\/01\/05\/officiel-badiashile-transfere-a-chelsea\/","og_site_name":"La Diagonale","article_published_time":"2023-01-05T14:14:43+00:00","article_modified_time":"2023-01-05T17:46:20+00:00","og_image":[{"width":800,"height":448,"url":"https:\/\/www.ladiagonale.net\/wp-content\/uploads\/2022\/10\/62cdaefa576be.jpg","type":"image\/jpeg"}],"author":"Damien Dellerba","twitter_card":"summary_large_image","twitter_image":"https:\/\/www.ladiagonale.net\/wp-content\/uploads\/2022\/10\/62cdaefa576be.jpg","twitter_misc":{"\u00c9crit par":"Damien Dellerba","Dur\u00e9e de lecture estim\u00e9e":"2 minutes"},"schema":{"@context":"https:\/\/schema.org","@graph":[{"@type":"WebPage","@id":"https:\/\/www.ladiagonale.net\/index.php\/2023\/01\/05\/officiel-badiashile-transfere-a-chelsea\/","url":"https:\/\/www.ladiagonale.net\/index.php\/2023\/01\/05\/officiel-badiashile-transfere-a-chelsea\/","name":"Officiel : Badiashile transf\u00e9r\u00e9 \u00e0 Chelsea - La Diagonale","isPartOf":{"@id":"https:\/\/www.ladiagonale.net\/#website"},"datePublished":"2023-01-05T14:14:43+00:00","dateModified":"2023-01-05T17:46:20+00:00","author":{"@id":"https:\/\/www.ladiagonale.net\/#\/schema\/person\/79ff1e7b0853ed01b2aa26e64ad300bf"},"breadcrumb":{"@id":"https:\/\/www.ladiagonale.net\/index.php\/2023\/01\/05\/officiel-badiashile-transfere-a-chelsea\/#breadcrumb"},"inLanguage":"fr-FR","potentialAction":[{"@type":"ReadAction","target":["https:\/\/www.ladiagonale.net\/index.php\/2023\/01\/05\/officiel-badiashile-transfere-a-chelsea\/"]}]},{"@type":"BreadcrumbList","@id":"https:\/\/www.ladiagonale.net\/index.php\/2023\/01\/05\/officiel-badiashile-transfere-a-chelsea\/#breadcrumb","itemListElement":[{"@type":"ListItem","position":1,"name":"Accueil","item":"https:\/\/www.ladiagonale.net\/"},{"@type":"ListItem","position":2,"name":"Officiel : Badiashile transf\u00e9r\u00e9 \u00e0 Chelsea"}]},{"@type":"WebSite","@id":"https:\/\/www.ladiagonale.net\/#website","url":"https:\/\/www.ladiagonale.net\/","name":"La Diagonale","description":"Le site des supporters de l&#039;AS Monaco FC","potentialAction":[{"@type":"SearchAction","target":{"@type":"EntryPoint","urlTemplate":"https:\/\/www.ladiagonale.net\/?s={search_term_string}"},"query-input":"required name=search_term_string"}],"inLanguage":"fr-FR"},{"@type":"Person","@id":"https:\/\/www.ladiagonale.net\/#\/schema\/person\/79ff1e7b0853ed01b2aa26e64ad300bf","name":"Damien Dellerba","image":{"@type":"ImageObject","inLanguage":"fr-FR","@id":"https:\/\/www.ladiagonale.net\/#\/schema\/person\/image\/","url":"https:\/\/secure.gravatar.com\/avatar\/c7850e06d3ff63cdbaee88b7fc16e2f0?s=96&d=mm&r=g","contentUrl":"https:\/\/secure.gravatar.com\/avatar\/c7850e06d3ff63cdbaee88b7fc16e2f0?s=96&d=mm&r=g","caption":"Damien Dellerba"},"url":"https:\/\/www.ladiagonale.net\/index.php\/author\/damien\/"}]}},"_links":{"self":[{"href":"https:\/\/www.ladiagonale.net\/index.php\/wp-json\/wp\/v2\/posts\/8141"}],"collection":[{"href":"https:\/\/www.ladiagonale.net\/index.php\/wp-json\/wp\/v2\/posts"}],"about":[{"href":"https:\/\/www.ladiagonale.net\/index.php\/wp-json\/wp\/v2\/types\/post"}],"author":[{"embeddable":true,"href":"https:\/\/www.ladiagonale.net\/index.php\/wp-json\/wp\/v2\/users\/2"}],"replies":[{"embeddable":true,"href":"https:\/\/www.ladiagonale.net\/index.php\/wp-json\/wp\/v2\/comments?post=8141"}],"version-history":[{"count":3,"href":"https:\/\/www.ladiagonale.net\/index.php\/wp-json\/wp\/v2\/posts\/8141\/revisions"}],"predecessor-version":[{"id":8149,"href":"https:\/\/www.ladiagonale.net\/index.php\/wp-json\/wp\/v2\/posts\/8141\/revisions\/8149"}],"wp:attachment":[{"href":"https:\/\/www.ladiagonale.net\/index.php\/wp-json\/wp\/v2\/media?parent=8141"}],"wp:term":[{"taxonomy":"category","embeddable":true,"href":"https:\/\/www.ladiagonale.net\/index.php\/wp-json\/wp\/v2\/categories?post=8141"},{"taxonomy":"post_tag","embeddable":true,"href":"https:\/\/www.ladiagonale.net\/index.php\/wp-json\/wp\/v2\/tags?post=8141"}],"curies":[{"name":"wp","href":"https:\/\/api.w.org\/{rel}","templated":true}]}}