{"id":8146,"date":"2023-01-05T17:35:41","date_gmt":"2023-01-05T16:35:41","guid":{"rendered":"https:\/\/www.ladiagonale.net\/?p=8146"},"modified":"2023-01-05T17:35:41","modified_gmt":"2023-01-05T16:35:41","slug":"didillon-on-ne-veut-pas-faire-partie-des-mauvaises-surprises","status":"publish","type":"post","link":"https:\/\/www.ladiagonale.net\/index.php\/2023\/01\/05\/didillon-on-ne-veut-pas-faire-partie-des-mauvaises-surprises\/","title":{"rendered":"Didillon :  \u00ab On ne veut pas faire partie des mauvaises surprises \u00bb"},"content":{"rendered":"\n<p>Samedi, l&rsquo;AS Monaco affronte Rodez, pensionnaire de Ligue 2, pour les 32es de finale de la Coupe de France. Si Monaco fait figure de favori, Thomas Didillon esp\u00e8re ne pas compter parmi les victimes des clubs d\u2019\u00e9chelons inf\u00e9rieurs : \u00ab <em>Ce sera un match difficile. Il y a toujours des surprises et on n&rsquo;a pas envie d&rsquo;en faire partie. Mais on sait que c&rsquo;est \u00e0 nous d&rsquo;imposer notre rythme et notre football comme lors des deux derni\u00e8res rencontres. L&rsquo;issue du match va d\u00e9pendre de notre capacit\u00e9 \u00e0 imposer notre style et notre intensit\u00e9. Mais ce ne sera pas un match facile et il ne faut pas croire que cela va se passer comme sur des roulettes.<\/em> \u00bb<\/p>\n\n\n\n<p>Ce sera la premi\u00e8re rencontre officielle pour Didillon avec le maillot \u00e0 la diagonale mais l&rsquo;ancien gardien du FC Metz n&rsquo;a pas d&rsquo;appr\u00e9hension : \u00ab <em>C&rsquo;est la raison pour laquelle on s&rsquo;entra\u00eene, pour \u00eatre pr\u00eat pour ces \u00e9ch\u00e9ances et j&rsquo;en fais partie. On a eu des matchs de pr\u00e9paration o\u00f9 j&rsquo;ai pu jouer et prendre des minutes. Le but c&rsquo;est que tout le monde ait du temps de jeu. Je suis tr\u00e8s serein sur le fait qu&rsquo;il y aura toujours onze adversaires, que le ballon sera toujours rond et que les phases rencontr\u00e9es en matchs seront similaires \u00e0 celles qu&rsquo;on travaille \u00e0 l&rsquo;entra\u00eenement. Je n&rsquo;ai aucune raison de trop r\u00e9fl\u00e9chir par rapport \u00e0 cet aspect-l\u00e0 et je dois juste montrer que mes co\u00e9quipiers peuvent compter sur moi.<\/em> \u00bb<\/p>\n\n\n\n<p>Avec la Coupe, l&rsquo;exercice des tirs au but est une \u00e9ventualit\u00e9 mais le groupe as\u00e9miste ne se focalise pas uniquement sur cet aspect : \u00ab <em>On pr\u00e9pare ce match de la m\u00eame mani\u00e8re qu&rsquo;on les pr\u00e9pare tous et \u00e7a inclu de la vid\u00e9o o\u00f9 on analyse les phases de jeu arr\u00eat\u00e9es et les p\u00e9naltys en font partie. C&rsquo;est un exercice d\u00e9licat. On s&rsquo;y pr\u00e9pare en tant que gardien parce que c&rsquo;est notre r\u00f4le et que \u00e7a peut avoir une influence sur le match, mais \u00e7a se fait de la m\u00eame mani\u00e8re que pour le reste. Avec plus de tireurs, c&rsquo;est une \u00e9vidence mais esp\u00e9rons qu&rsquo;on en n&rsquo;arrive pas l\u00e0.<\/em> \u00bb<\/p>\n","protected":false},"excerpt":{"rendered":"<p>Samedi, l&rsquo;AS Monaco affronte Rodez, pensionnaire de Ligue 2, pour les 32es de finale de la Coupe de France. Si Monaco fait figure de favori, Thomas Didillon esp\u00e8re ne pas compter parmi les victimes des clubs d\u2019\u00e9chelons inf\u00e9rieurs : \u00ab Ce sera un match difficile. Il y a toujours des surprises et on n&rsquo;a pas [&#8230;]\n","protected":false},"author":2,"featured_media":0,"comment_status":"open","ping_status":"open","sticky":false,"template":"","format":"standard","meta":[],"categories":[6],"tags":[86,232,339,193],"yoast_head":"<!-- This site is optimized with the Yoast SEO plugin v19.8 - https:\/\/yoast.com\/wordpress\/plugins\/seo\/ -->\n<title>Didillon : \u00ab On ne veut pas faire partie des mauvaises surprises \u00bb - La Diagonale<\/title>\n<meta name=\"robots\" content=\"index, follow, max-snippet:-1, max-image-preview:large, max-video-preview:-1\" \/>\n<link rel=\"canonical\" href=\"https:\/\/www.ladiagonale.net\/index.php\/2023\/01\/05\/didillon-on-ne-veut-pas-faire-partie-des-mauvaises-surprises\/\" \/>\n<meta property=\"og:locale\" content=\"fr_FR\" \/>\n<meta property=\"og:type\" content=\"article\" \/>\n<meta property=\"og:title\" content=\"Didillon : \u00ab On ne veut pas faire partie des mauvaises surprises \u00bb - La Diagonale\" \/>\n<meta property=\"og:description\" content=\"Samedi, l&rsquo;AS Monaco affronte Rodez, pensionnaire de Ligue 2, pour les 32es de finale de la Coupe de France. Si Monaco fait figure de favori, Thomas Didillon esp\u00e8re ne pas compter parmi les victimes des clubs d\u2019\u00e9chelons inf\u00e9rieurs : \u00ab Ce sera un match difficile. Il y a toujours des surprises et on n&rsquo;a pas [...]\" \/>\n<meta property=\"og:url\" content=\"https:\/\/www.ladiagonale.net\/index.php\/2023\/01\/05\/didillon-on-ne-veut-pas-faire-partie-des-mauvaises-surprises\/\" \/>\n<meta property=\"og:site_name\" content=\"La Diagonale\" \/>\n<meta property=\"article:published_time\" content=\"2023-01-05T16:35:41+00:00\" \/>\n<meta name=\"author\" content=\"Damien Dellerba\" \/>\n<meta name=\"twitter:card\" content=\"summary_large_image\" \/>\n<meta name=\"twitter:label1\" content=\"\u00c9crit par\" \/>\n\t<meta name=\"twitter:data1\" content=\"Damien Dellerba\" \/>\n\t<meta name=\"twitter:label2\" content=\"Dur\u00e9e de lecture estim\u00e9e\" \/>\n\t<meta name=\"twitter:data2\" content=\"2 minutes\" \/>\n<script type=\"application\/ld+json\" class=\"yoast-schema-graph\">{\"@context\":\"https:\/\/schema.org\",\"@graph\":[{\"@type\":\"WebPage\",\"@id\":\"https:\/\/www.ladiagonale.net\/index.php\/2023\/01\/05\/didillon-on-ne-veut-pas-faire-partie-des-mauvaises-surprises\/\",\"url\":\"https:\/\/www.ladiagonale.net\/index.php\/2023\/01\/05\/didillon-on-ne-veut-pas-faire-partie-des-mauvaises-surprises\/\",\"name\":\"Didillon : \u00ab On ne veut pas faire partie des mauvaises surprises \u00bb - La Diagonale\",\"isPartOf\":{\"@id\":\"https:\/\/www.ladiagonale.net\/#website\"},\"datePublished\":\"2023-01-05T16:35:41+00:00\",\"dateModified\":\"2023-01-05T16:35:41+00:00\",\"author\":{\"@id\":\"https:\/\/www.ladiagonale.net\/#\/schema\/person\/79ff1e7b0853ed01b2aa26e64ad300bf\"},\"breadcrumb\":{\"@id\":\"https:\/\/www.ladiagonale.net\/index.php\/2023\/01\/05\/didillon-on-ne-veut-pas-faire-partie-des-mauvaises-surprises\/#breadcrumb\"},\"inLanguage\":\"fr-FR\",\"potentialAction\":[{\"@type\":\"ReadAction\",\"target\":[\"https:\/\/www.ladiagonale.net\/index.php\/2023\/01\/05\/didillon-on-ne-veut-pas-faire-partie-des-mauvaises-surprises\/\"]}]},{\"@type\":\"BreadcrumbList\",\"@id\":\"https:\/\/www.ladiagonale.net\/index.php\/2023\/01\/05\/didillon-on-ne-veut-pas-faire-partie-des-mauvaises-surprises\/#breadcrumb\",\"itemListElement\":[{\"@type\":\"ListItem\",\"position\":1,\"name\":\"Accueil\",\"item\":\"https:\/\/www.ladiagonale.net\/\"},{\"@type\":\"ListItem\",\"position\":2,\"name\":\"Didillon : \u00ab On ne veut pas faire partie des mauvaises surprises \u00bb\"}]},{\"@type\":\"WebSite\",\"@id\":\"https:\/\/www.ladiagonale.net\/#website\",\"url\":\"https:\/\/www.ladiagonale.net\/\",\"name\":\"La Diagonale\",\"description\":\"Le site des supporters de l&#039;AS Monaco FC\",\"potentialAction\":[{\"@type\":\"SearchAction\",\"target\":{\"@type\":\"EntryPoint\",\"urlTemplate\":\"https:\/\/www.ladiagonale.net\/?s={search_term_string}\"},\"query-input\":\"required name=search_term_string\"}],\"inLanguage\":\"fr-FR\"},{\"@type\":\"Person\",\"@id\":\"https:\/\/www.ladiagonale.net\/#\/schema\/person\/79ff1e7b0853ed01b2aa26e64ad300bf\",\"name\":\"Damien Dellerba\",\"image\":{\"@type\":\"ImageObject\",\"inLanguage\":\"fr-FR\",\"@id\":\"https:\/\/www.ladiagonale.net\/#\/schema\/person\/image\/\",\"url\":\"https:\/\/secure.gravatar.com\/avatar\/c7850e06d3ff63cdbaee88b7fc16e2f0?s=96&d=mm&r=g\",\"contentUrl\":\"https:\/\/secure.gravatar.com\/avatar\/c7850e06d3ff63cdbaee88b7fc16e2f0?s=96&d=mm&r=g\",\"caption\":\"Damien Dellerba\"},\"url\":\"https:\/\/www.ladiagonale.net\/index.php\/author\/damien\/\"}]}<\/script>\n<!-- \/ Yoast SEO plugin. -->","yoast_head_json":{"title":"Didillon : \u00ab On ne veut pas faire partie des mauvaises surprises \u00bb - La Diagonale","robots":{"index":"index","follow":"follow","max-snippet":"max-snippet:-1","max-image-preview":"max-image-preview:large","max-video-preview":"max-video-preview:-1"},"canonical":"https:\/\/www.ladiagonale.net\/index.php\/2023\/01\/05\/didillon-on-ne-veut-pas-faire-partie-des-mauvaises-surprises\/","og_locale":"fr_FR","og_type":"article","og_title":"Didillon : \u00ab On ne veut pas faire partie des mauvaises surprises \u00bb - La Diagonale","og_description":"Samedi, l&rsquo;AS Monaco affronte Rodez, pensionnaire de Ligue 2, pour les 32es de finale de la Coupe de France. Si Monaco fait figure de favori, Thomas Didillon esp\u00e8re ne pas compter parmi les victimes des clubs d\u2019\u00e9chelons inf\u00e9rieurs : \u00ab Ce sera un match difficile. Il y a toujours des surprises et on n&rsquo;a pas [...]","og_url":"https:\/\/www.ladiagonale.net\/index.php\/2023\/01\/05\/didillon-on-ne-veut-pas-faire-partie-des-mauvaises-surprises\/","og_site_name":"La Diagonale","article_published_time":"2023-01-05T16:35:41+00:00","author":"Damien Dellerba","twitter_card":"summary_large_image","twitter_misc":{"\u00c9crit par":"Damien Dellerba","Dur\u00e9e de lecture estim\u00e9e":"2 minutes"},"schema":{"@context":"https:\/\/schema.org","@graph":[{"@type":"WebPage","@id":"https:\/\/www.ladiagonale.net\/index.php\/2023\/01\/05\/didillon-on-ne-veut-pas-faire-partie-des-mauvaises-surprises\/","url":"https:\/\/www.ladiagonale.net\/index.php\/2023\/01\/05\/didillon-on-ne-veut-pas-faire-partie-des-mauvaises-surprises\/","name":"Didillon : \u00ab On ne veut pas faire partie des mauvaises surprises \u00bb - La Diagonale","isPartOf":{"@id":"https:\/\/www.ladiagonale.net\/#website"},"datePublished":"2023-01-05T16:35:41+00:00","dateModified":"2023-01-05T16:35:41+00:00","author":{"@id":"https:\/\/www.ladiagonale.net\/#\/schema\/person\/79ff1e7b0853ed01b2aa26e64ad300bf"},"breadcrumb":{"@id":"https:\/\/www.ladiagonale.net\/index.php\/2023\/01\/05\/didillon-on-ne-veut-pas-faire-partie-des-mauvaises-surprises\/#breadcrumb"},"inLanguage":"fr-FR","potentialAction":[{"@type":"ReadAction","target":["https:\/\/www.ladiagonale.net\/index.php\/2023\/01\/05\/didillon-on-ne-veut-pas-faire-partie-des-mauvaises-surprises\/"]}]},{"@type":"BreadcrumbList","@id":"https:\/\/www.ladiagonale.net\/index.php\/2023\/01\/05\/didillon-on-ne-veut-pas-faire-partie-des-mauvaises-surprises\/#breadcrumb","itemListElement":[{"@type":"ListItem","position":1,"name":"Accueil","item":"https:\/\/www.ladiagonale.net\/"},{"@type":"ListItem","position":2,"name":"Didillon : \u00ab On ne veut pas faire partie des mauvaises surprises \u00bb"}]},{"@type":"WebSite","@id":"https:\/\/www.ladiagonale.net\/#website","url":"https:\/\/www.ladiagonale.net\/","name":"La Diagonale","description":"Le site des supporters de l&#039;AS Monaco FC","potentialAction":[{"@type":"SearchAction","target":{"@type":"EntryPoint","urlTemplate":"https:\/\/www.ladiagonale.net\/?s={search_term_string}"},"query-input":"required name=search_term_string"}],"inLanguage":"fr-FR"},{"@type":"Person","@id":"https:\/\/www.ladiagonale.net\/#\/schema\/person\/79ff1e7b0853ed01b2aa26e64ad300bf","name":"Damien Dellerba","image":{"@type":"ImageObject","inLanguage":"fr-FR","@id":"https:\/\/www.ladiagonale.net\/#\/schema\/person\/image\/","url":"https:\/\/secure.gravatar.com\/avatar\/c7850e06d3ff63cdbaee88b7fc16e2f0?s=96&d=mm&r=g","contentUrl":"https:\/\/secure.gravatar.com\/avatar\/c7850e06d3ff63cdbaee88b7fc16e2f0?s=96&d=mm&r=g","caption":"Damien Dellerba"},"url":"https:\/\/www.ladiagonale.net\/index.php\/author\/damien\/"}]}},"_links":{"self":[{"href":"https:\/\/www.ladiagonale.net\/index.php\/wp-json\/wp\/v2\/posts\/8146"}],"collection":[{"href":"https:\/\/www.ladiagonale.net\/index.php\/wp-json\/wp\/v2\/posts"}],"about":[{"href":"https:\/\/www.ladiagonale.net\/index.php\/wp-json\/wp\/v2\/types\/post"}],"author":[{"embeddable":true,"href":"https:\/\/www.ladiagonale.net\/index.php\/wp-json\/wp\/v2\/users\/2"}],"replies":[{"embeddable":true,"href":"https:\/\/www.ladiagonale.net\/index.php\/wp-json\/wp\/v2\/comments?post=8146"}],"version-history":[{"count":1,"href":"https:\/\/www.ladiagonale.net\/index.php\/wp-json\/wp\/v2\/posts\/8146\/revisions"}],"predecessor-version":[{"id":8147,"href":"https:\/\/www.ladiagonale.net\/index.php\/wp-json\/wp\/v2\/posts\/8146\/revisions\/8147"}],"wp:attachment":[{"href":"https:\/\/www.ladiagonale.net\/index.php\/wp-json\/wp\/v2\/media?parent=8146"}],"wp:term":[{"taxonomy":"category","embeddable":true,"href":"https:\/\/www.ladiagonale.net\/index.php\/wp-json\/wp\/v2\/categories?post=8146"},{"taxonomy":"post_tag","embeddable":true,"href":"https:\/\/www.ladiagonale.net\/index.php\/wp-json\/wp\/v2\/tags?post=8146"}],"curies":[{"name":"wp","href":"https:\/\/api.w.org\/{rel}","templated":true}]}}