{"id":8159,"date":"2023-01-06T18:18:12","date_gmt":"2023-01-06T17:18:12","guid":{"rendered":"https:\/\/www.ladiagonale.net\/?p=8159"},"modified":"2023-01-07T00:33:09","modified_gmt":"2023-01-06T23:33:09","slug":"le-groupe-ruthenois-pour-monaco","status":"publish","type":"post","link":"https:\/\/www.ladiagonale.net\/index.php\/2023\/01\/06\/le-groupe-ruthenois-pour-monaco\/","title":{"rendered":"Le groupe ruth\u00e9nois : avec Abdennour"},"content":{"rendered":"\n<p>Didier Santini, l&rsquo;entra\u00eeneur de Rodez, a convoqu\u00e9 20 joueurs pour le d\u00e9placement en Principaut\u00e9 de ce samedi (18h). Il y a notamment quelques absences notables comme celles de Loris Mouyokolo et de Joris Chougrani.\u00a0L&rsquo;ancien Mon\u00e9gasque Aymen Abdennour est dans le groupe et retrouver le stade Louis-II.<\/p>\n\n\n\n<p><strong>Gardiens :<\/strong> Cibois, Mpasi.<\/p>\n\n\n\n<p><strong>D\u00e9fenseurs :<\/strong> Abdallah, Abdennour, Boma, Coelho, Ouammou, Raux-Yao, Senaya, Vandenabeele.<\/p>\n\n\n\n<p><strong>Milieux :<\/strong> Boissier, Danger, Rajot, Valerio, Younoussa.<\/p>\n\n\n\n<p><strong>Attaquants :<\/strong> Corredor, Depres, Mendes, Park, Pembele.  <\/p>\n\n\n\n<p><em>Absents <\/em>: Sanaia, Buades, David (bless\u00e9s), Secchi, Chougrani, Mouyokolo, Mafuta Buni (choix du coach).<\/p>\n","protected":false},"excerpt":{"rendered":"<p>Didier Santini, l&rsquo;entra\u00eeneur de Rodez, a convoqu\u00e9 20 joueurs pour le d\u00e9placement en Principaut\u00e9 de ce samedi (18h). Il y a notamment quelques absences notables comme celles de Loris Mouyokolo et de Joris Chougrani.\u00a0L&rsquo;ancien Mon\u00e9gasque Aymen Abdennour est dans le groupe et retrouver le stade Louis-II. Gardiens : Cibois, Mpasi. D\u00e9fenseurs : Abdallah, Abdennour, Boma, [&#8230;]\n","protected":false},"author":2,"featured_media":0,"comment_status":"open","ping_status":"open","sticky":false,"template":"","format":"standard","meta":[],"categories":[6],"tags":[232,339],"yoast_head":"<!-- This site is optimized with the Yoast SEO plugin v19.8 - https:\/\/yoast.com\/wordpress\/plugins\/seo\/ -->\n<title>Le groupe ruth\u00e9nois : avec Abdennour - La Diagonale<\/title>\n<meta name=\"robots\" content=\"index, follow, max-snippet:-1, max-image-preview:large, max-video-preview:-1\" \/>\n<link rel=\"canonical\" href=\"https:\/\/www.ladiagonale.net\/index.php\/2023\/01\/06\/le-groupe-ruthenois-pour-monaco\/\" \/>\n<meta property=\"og:locale\" content=\"fr_FR\" \/>\n<meta property=\"og:type\" content=\"article\" \/>\n<meta property=\"og:title\" content=\"Le groupe ruth\u00e9nois : avec Abdennour - La Diagonale\" \/>\n<meta property=\"og:description\" content=\"Didier Santini, l&rsquo;entra\u00eeneur de Rodez, a convoqu\u00e9 20 joueurs pour le d\u00e9placement en Principaut\u00e9 de ce samedi (18h). Il y a notamment quelques absences notables comme celles de Loris Mouyokolo et de Joris Chougrani.\u00a0L&rsquo;ancien Mon\u00e9gasque Aymen Abdennour est dans le groupe et retrouver le stade Louis-II. Gardiens : Cibois, Mpasi. D\u00e9fenseurs : Abdallah, Abdennour, Boma, [...]\" \/>\n<meta property=\"og:url\" content=\"https:\/\/www.ladiagonale.net\/index.php\/2023\/01\/06\/le-groupe-ruthenois-pour-monaco\/\" \/>\n<meta property=\"og:site_name\" content=\"La Diagonale\" \/>\n<meta property=\"article:published_time\" content=\"2023-01-06T17:18:12+00:00\" \/>\n<meta property=\"article:modified_time\" content=\"2023-01-06T23:33:09+00:00\" \/>\n<meta name=\"author\" content=\"Damien Dellerba\" \/>\n<meta name=\"twitter:card\" content=\"summary_large_image\" \/>\n<meta name=\"twitter:label1\" content=\"\u00c9crit par\" \/>\n\t<meta name=\"twitter:data1\" content=\"Damien Dellerba\" \/>\n\t<meta name=\"twitter:label2\" content=\"Dur\u00e9e de lecture estim\u00e9e\" \/>\n\t<meta name=\"twitter:data2\" content=\"1 minute\" \/>\n<script type=\"application\/ld+json\" class=\"yoast-schema-graph\">{\"@context\":\"https:\/\/schema.org\",\"@graph\":[{\"@type\":\"WebPage\",\"@id\":\"https:\/\/www.ladiagonale.net\/index.php\/2023\/01\/06\/le-groupe-ruthenois-pour-monaco\/\",\"url\":\"https:\/\/www.ladiagonale.net\/index.php\/2023\/01\/06\/le-groupe-ruthenois-pour-monaco\/\",\"name\":\"Le groupe ruth\u00e9nois : avec Abdennour - La Diagonale\",\"isPartOf\":{\"@id\":\"https:\/\/www.ladiagonale.net\/#website\"},\"datePublished\":\"2023-01-06T17:18:12+00:00\",\"dateModified\":\"2023-01-06T23:33:09+00:00\",\"author\":{\"@id\":\"https:\/\/www.ladiagonale.net\/#\/schema\/person\/79ff1e7b0853ed01b2aa26e64ad300bf\"},\"breadcrumb\":{\"@id\":\"https:\/\/www.ladiagonale.net\/index.php\/2023\/01\/06\/le-groupe-ruthenois-pour-monaco\/#breadcrumb\"},\"inLanguage\":\"fr-FR\",\"potentialAction\":[{\"@type\":\"ReadAction\",\"target\":[\"https:\/\/www.ladiagonale.net\/index.php\/2023\/01\/06\/le-groupe-ruthenois-pour-monaco\/\"]}]},{\"@type\":\"BreadcrumbList\",\"@id\":\"https:\/\/www.ladiagonale.net\/index.php\/2023\/01\/06\/le-groupe-ruthenois-pour-monaco\/#breadcrumb\",\"itemListElement\":[{\"@type\":\"ListItem\",\"position\":1,\"name\":\"Accueil\",\"item\":\"https:\/\/www.ladiagonale.net\/\"},{\"@type\":\"ListItem\",\"position\":2,\"name\":\"Le groupe ruth\u00e9nois : avec Abdennour\"}]},{\"@type\":\"WebSite\",\"@id\":\"https:\/\/www.ladiagonale.net\/#website\",\"url\":\"https:\/\/www.ladiagonale.net\/\",\"name\":\"La Diagonale\",\"description\":\"Le site des supporters de l&#039;AS Monaco FC\",\"potentialAction\":[{\"@type\":\"SearchAction\",\"target\":{\"@type\":\"EntryPoint\",\"urlTemplate\":\"https:\/\/www.ladiagonale.net\/?s={search_term_string}\"},\"query-input\":\"required name=search_term_string\"}],\"inLanguage\":\"fr-FR\"},{\"@type\":\"Person\",\"@id\":\"https:\/\/www.ladiagonale.net\/#\/schema\/person\/79ff1e7b0853ed01b2aa26e64ad300bf\",\"name\":\"Damien Dellerba\",\"image\":{\"@type\":\"ImageObject\",\"inLanguage\":\"fr-FR\",\"@id\":\"https:\/\/www.ladiagonale.net\/#\/schema\/person\/image\/\",\"url\":\"https:\/\/secure.gravatar.com\/avatar\/c7850e06d3ff63cdbaee88b7fc16e2f0?s=96&d=mm&r=g\",\"contentUrl\":\"https:\/\/secure.gravatar.com\/avatar\/c7850e06d3ff63cdbaee88b7fc16e2f0?s=96&d=mm&r=g\",\"caption\":\"Damien Dellerba\"},\"url\":\"https:\/\/www.ladiagonale.net\/index.php\/author\/damien\/\"}]}<\/script>\n<!-- \/ Yoast SEO plugin. -->","yoast_head_json":{"title":"Le groupe ruth\u00e9nois : avec Abdennour - La Diagonale","robots":{"index":"index","follow":"follow","max-snippet":"max-snippet:-1","max-image-preview":"max-image-preview:large","max-video-preview":"max-video-preview:-1"},"canonical":"https:\/\/www.ladiagonale.net\/index.php\/2023\/01\/06\/le-groupe-ruthenois-pour-monaco\/","og_locale":"fr_FR","og_type":"article","og_title":"Le groupe ruth\u00e9nois : avec Abdennour - La Diagonale","og_description":"Didier Santini, l&rsquo;entra\u00eeneur de Rodez, a convoqu\u00e9 20 joueurs pour le d\u00e9placement en Principaut\u00e9 de ce samedi (18h). Il y a notamment quelques absences notables comme celles de Loris Mouyokolo et de Joris Chougrani.\u00a0L&rsquo;ancien Mon\u00e9gasque Aymen Abdennour est dans le groupe et retrouver le stade Louis-II. Gardiens : Cibois, Mpasi. D\u00e9fenseurs : Abdallah, Abdennour, Boma, [...]","og_url":"https:\/\/www.ladiagonale.net\/index.php\/2023\/01\/06\/le-groupe-ruthenois-pour-monaco\/","og_site_name":"La Diagonale","article_published_time":"2023-01-06T17:18:12+00:00","article_modified_time":"2023-01-06T23:33:09+00:00","author":"Damien Dellerba","twitter_card":"summary_large_image","twitter_misc":{"\u00c9crit par":"Damien Dellerba","Dur\u00e9e de lecture estim\u00e9e":"1 minute"},"schema":{"@context":"https:\/\/schema.org","@graph":[{"@type":"WebPage","@id":"https:\/\/www.ladiagonale.net\/index.php\/2023\/01\/06\/le-groupe-ruthenois-pour-monaco\/","url":"https:\/\/www.ladiagonale.net\/index.php\/2023\/01\/06\/le-groupe-ruthenois-pour-monaco\/","name":"Le groupe ruth\u00e9nois : avec Abdennour - La Diagonale","isPartOf":{"@id":"https:\/\/www.ladiagonale.net\/#website"},"datePublished":"2023-01-06T17:18:12+00:00","dateModified":"2023-01-06T23:33:09+00:00","author":{"@id":"https:\/\/www.ladiagonale.net\/#\/schema\/person\/79ff1e7b0853ed01b2aa26e64ad300bf"},"breadcrumb":{"@id":"https:\/\/www.ladiagonale.net\/index.php\/2023\/01\/06\/le-groupe-ruthenois-pour-monaco\/#breadcrumb"},"inLanguage":"fr-FR","potentialAction":[{"@type":"ReadAction","target":["https:\/\/www.ladiagonale.net\/index.php\/2023\/01\/06\/le-groupe-ruthenois-pour-monaco\/"]}]},{"@type":"BreadcrumbList","@id":"https:\/\/www.ladiagonale.net\/index.php\/2023\/01\/06\/le-groupe-ruthenois-pour-monaco\/#breadcrumb","itemListElement":[{"@type":"ListItem","position":1,"name":"Accueil","item":"https:\/\/www.ladiagonale.net\/"},{"@type":"ListItem","position":2,"name":"Le groupe ruth\u00e9nois : avec Abdennour"}]},{"@type":"WebSite","@id":"https:\/\/www.ladiagonale.net\/#website","url":"https:\/\/www.ladiagonale.net\/","name":"La Diagonale","description":"Le site des supporters de l&#039;AS Monaco FC","potentialAction":[{"@type":"SearchAction","target":{"@type":"EntryPoint","urlTemplate":"https:\/\/www.ladiagonale.net\/?s={search_term_string}"},"query-input":"required name=search_term_string"}],"inLanguage":"fr-FR"},{"@type":"Person","@id":"https:\/\/www.ladiagonale.net\/#\/schema\/person\/79ff1e7b0853ed01b2aa26e64ad300bf","name":"Damien Dellerba","image":{"@type":"ImageObject","inLanguage":"fr-FR","@id":"https:\/\/www.ladiagonale.net\/#\/schema\/person\/image\/","url":"https:\/\/secure.gravatar.com\/avatar\/c7850e06d3ff63cdbaee88b7fc16e2f0?s=96&d=mm&r=g","contentUrl":"https:\/\/secure.gravatar.com\/avatar\/c7850e06d3ff63cdbaee88b7fc16e2f0?s=96&d=mm&r=g","caption":"Damien Dellerba"},"url":"https:\/\/www.ladiagonale.net\/index.php\/author\/damien\/"}]}},"_links":{"self":[{"href":"https:\/\/www.ladiagonale.net\/index.php\/wp-json\/wp\/v2\/posts\/8159"}],"collection":[{"href":"https:\/\/www.ladiagonale.net\/index.php\/wp-json\/wp\/v2\/posts"}],"about":[{"href":"https:\/\/www.ladiagonale.net\/index.php\/wp-json\/wp\/v2\/types\/post"}],"author":[{"embeddable":true,"href":"https:\/\/www.ladiagonale.net\/index.php\/wp-json\/wp\/v2\/users\/2"}],"replies":[{"embeddable":true,"href":"https:\/\/www.ladiagonale.net\/index.php\/wp-json\/wp\/v2\/comments?post=8159"}],"version-history":[{"count":2,"href":"https:\/\/www.ladiagonale.net\/index.php\/wp-json\/wp\/v2\/posts\/8159\/revisions"}],"predecessor-version":[{"id":8174,"href":"https:\/\/www.ladiagonale.net\/index.php\/wp-json\/wp\/v2\/posts\/8159\/revisions\/8174"}],"wp:attachment":[{"href":"https:\/\/www.ladiagonale.net\/index.php\/wp-json\/wp\/v2\/media?parent=8159"}],"wp:term":[{"taxonomy":"category","embeddable":true,"href":"https:\/\/www.ladiagonale.net\/index.php\/wp-json\/wp\/v2\/categories?post=8159"},{"taxonomy":"post_tag","embeddable":true,"href":"https:\/\/www.ladiagonale.net\/index.php\/wp-json\/wp\/v2\/tags?post=8159"}],"curies":[{"name":"wp","href":"https:\/\/api.w.org\/{rel}","templated":true}]}}