{"id":8161,"date":"2023-01-06T19:26:20","date_gmt":"2023-01-06T18:26:20","guid":{"rendered":"https:\/\/www.ladiagonale.net\/?p=8161"},"modified":"2023-01-06T19:30:49","modified_gmt":"2023-01-06T18:30:49","slug":"jean-lucas-plus-que-jamais-sur-le-depart","status":"publish","type":"post","link":"https:\/\/www.ladiagonale.net\/index.php\/2023\/01\/06\/jean-lucas-plus-que-jamais-sur-le-depart\/","title":{"rendered":"Jean Lucas plus que jamais sur le d\u00e9part"},"content":{"rendered":"\n<p>Depuis plusieurs semaines, les rumeurs sur un retour de Jean Lucas au Br\u00e9sil vont bon train. Peu utilis\u00e9 par Philippe Clement cette saison (10 rencontres toutes comp\u00e9titions confondues), le milieu de terrain de 24 ans ne serait pas heureux de sa situation, selon <em>Foot Mercato<\/em>, qui pr\u00e9cise que Paul Mitchell lui chercherait une porte de sortie. <\/p>\n\n\n\n<p>Plusieurs clubs sont int\u00e9ress\u00e9s par le profil du joueur, notamment Santos, son ancienne \u00e9curie, et l\u2019Internacional. Mais d\u2019apr\u00e8s <em>Foot Mercato<\/em>, il faudrait \u00e9galement ajouter Palmeiras. Ce dernier club compte dans ses rangs Danilo, que l\u2019ASM courtise. Mais en l\u2019\u00e9tat actuel des choses, sa venue ne peut se faire puisque le club de la Principaut\u00e9 a d\u00e9j\u00e0 quatre joueurs extra-communautaires et ne peut en accueillir davantage. Un d\u00e9part de Jean Lucas pourrait donc arranger l\u2019ASM.<\/p>\n\n\n\n<p>Depuis la reprise du championnat, contre Auxerre et Brest, l\u2019ancien Lyonnais n\u2019a jamais \u00e9t\u00e9 convoqu\u00e9 par Philippe Clement, qui a justifi\u00e9 son absence par le fait que le joueur avait \u00e9t\u00e9 malade ces derniers jours et qu\u2019il n\u2019avait pris part \u00e0 l\u2019entra\u00eenement depuis une semaine pour cette raison. Contre Rodez samedi, les chances de le voir dans le groupe semblent tr\u00e8s minces.<\/p>\n","protected":false},"excerpt":{"rendered":"<p>Depuis plusieurs semaines, les rumeurs sur un retour de Jean Lucas au Br\u00e9sil vont bon train. Peu utilis\u00e9 par Philippe Clement cette saison (10 rencontres toutes comp\u00e9titions confondues), le milieu de terrain de 24 ans ne serait pas heureux de sa situation, selon Foot Mercato, qui pr\u00e9cise que Paul Mitchell lui chercherait une porte de [&#8230;]\n","protected":false},"author":2,"featured_media":0,"comment_status":"open","ping_status":"open","sticky":false,"template":"","format":"standard","meta":[],"categories":[6],"tags":[86,262,111,110],"yoast_head":"<!-- This site is optimized with the Yoast SEO plugin v19.8 - https:\/\/yoast.com\/wordpress\/plugins\/seo\/ -->\n<title>Jean Lucas plus que jamais sur le d\u00e9part - La Diagonale<\/title>\n<meta name=\"robots\" content=\"index, follow, max-snippet:-1, max-image-preview:large, max-video-preview:-1\" \/>\n<link rel=\"canonical\" href=\"https:\/\/www.ladiagonale.net\/index.php\/2023\/01\/06\/jean-lucas-plus-que-jamais-sur-le-depart\/\" \/>\n<meta property=\"og:locale\" content=\"fr_FR\" \/>\n<meta property=\"og:type\" content=\"article\" \/>\n<meta property=\"og:title\" content=\"Jean Lucas plus que jamais sur le d\u00e9part - La Diagonale\" \/>\n<meta property=\"og:description\" content=\"Depuis plusieurs semaines, les rumeurs sur un retour de Jean Lucas au Br\u00e9sil vont bon train. Peu utilis\u00e9 par Philippe Clement cette saison (10 rencontres toutes comp\u00e9titions confondues), le milieu de terrain de 24 ans ne serait pas heureux de sa situation, selon Foot Mercato, qui pr\u00e9cise que Paul Mitchell lui chercherait une porte de [...]\" \/>\n<meta property=\"og:url\" content=\"https:\/\/www.ladiagonale.net\/index.php\/2023\/01\/06\/jean-lucas-plus-que-jamais-sur-le-depart\/\" \/>\n<meta property=\"og:site_name\" content=\"La Diagonale\" \/>\n<meta property=\"article:published_time\" content=\"2023-01-06T18:26:20+00:00\" \/>\n<meta property=\"article:modified_time\" content=\"2023-01-06T18:30:49+00:00\" \/>\n<meta property=\"og:image\" content=\"https:\/\/www.ladiagonale.net\/wp-content\/uploads\/2022\/12\/jlucas.png\" \/>\n\t<meta property=\"og:image:width\" content=\"1160\" \/>\n\t<meta property=\"og:image:height\" content=\"650\" \/>\n\t<meta property=\"og:image:type\" content=\"image\/png\" \/>\n<meta name=\"author\" content=\"Damien Dellerba\" \/>\n<meta name=\"twitter:card\" content=\"summary_large_image\" \/>\n<meta name=\"twitter:image\" content=\"https:\/\/www.ladiagonale.net\/wp-content\/uploads\/2022\/12\/jlucas.png\" \/>\n<meta name=\"twitter:label1\" content=\"\u00c9crit par\" \/>\n\t<meta name=\"twitter:data1\" content=\"Damien Dellerba\" \/>\n\t<meta name=\"twitter:label2\" content=\"Dur\u00e9e de lecture estim\u00e9e\" \/>\n\t<meta name=\"twitter:data2\" content=\"1 minute\" \/>\n<script type=\"application\/ld+json\" class=\"yoast-schema-graph\">{\"@context\":\"https:\/\/schema.org\",\"@graph\":[{\"@type\":\"WebPage\",\"@id\":\"https:\/\/www.ladiagonale.net\/index.php\/2023\/01\/06\/jean-lucas-plus-que-jamais-sur-le-depart\/\",\"url\":\"https:\/\/www.ladiagonale.net\/index.php\/2023\/01\/06\/jean-lucas-plus-que-jamais-sur-le-depart\/\",\"name\":\"Jean Lucas plus que jamais sur le d\u00e9part - La Diagonale\",\"isPartOf\":{\"@id\":\"https:\/\/www.ladiagonale.net\/#website\"},\"datePublished\":\"2023-01-06T18:26:20+00:00\",\"dateModified\":\"2023-01-06T18:30:49+00:00\",\"author\":{\"@id\":\"https:\/\/www.ladiagonale.net\/#\/schema\/person\/79ff1e7b0853ed01b2aa26e64ad300bf\"},\"breadcrumb\":{\"@id\":\"https:\/\/www.ladiagonale.net\/index.php\/2023\/01\/06\/jean-lucas-plus-que-jamais-sur-le-depart\/#breadcrumb\"},\"inLanguage\":\"fr-FR\",\"potentialAction\":[{\"@type\":\"ReadAction\",\"target\":[\"https:\/\/www.ladiagonale.net\/index.php\/2023\/01\/06\/jean-lucas-plus-que-jamais-sur-le-depart\/\"]}]},{\"@type\":\"BreadcrumbList\",\"@id\":\"https:\/\/www.ladiagonale.net\/index.php\/2023\/01\/06\/jean-lucas-plus-que-jamais-sur-le-depart\/#breadcrumb\",\"itemListElement\":[{\"@type\":\"ListItem\",\"position\":1,\"name\":\"Accueil\",\"item\":\"https:\/\/www.ladiagonale.net\/\"},{\"@type\":\"ListItem\",\"position\":2,\"name\":\"Jean Lucas plus que jamais sur le d\u00e9part\"}]},{\"@type\":\"WebSite\",\"@id\":\"https:\/\/www.ladiagonale.net\/#website\",\"url\":\"https:\/\/www.ladiagonale.net\/\",\"name\":\"La Diagonale\",\"description\":\"Le site des supporters de l&#039;AS Monaco FC\",\"potentialAction\":[{\"@type\":\"SearchAction\",\"target\":{\"@type\":\"EntryPoint\",\"urlTemplate\":\"https:\/\/www.ladiagonale.net\/?s={search_term_string}\"},\"query-input\":\"required name=search_term_string\"}],\"inLanguage\":\"fr-FR\"},{\"@type\":\"Person\",\"@id\":\"https:\/\/www.ladiagonale.net\/#\/schema\/person\/79ff1e7b0853ed01b2aa26e64ad300bf\",\"name\":\"Damien Dellerba\",\"image\":{\"@type\":\"ImageObject\",\"inLanguage\":\"fr-FR\",\"@id\":\"https:\/\/www.ladiagonale.net\/#\/schema\/person\/image\/\",\"url\":\"https:\/\/secure.gravatar.com\/avatar\/c7850e06d3ff63cdbaee88b7fc16e2f0?s=96&d=mm&r=g\",\"contentUrl\":\"https:\/\/secure.gravatar.com\/avatar\/c7850e06d3ff63cdbaee88b7fc16e2f0?s=96&d=mm&r=g\",\"caption\":\"Damien Dellerba\"},\"url\":\"https:\/\/www.ladiagonale.net\/index.php\/author\/damien\/\"}]}<\/script>\n<!-- \/ Yoast SEO plugin. -->","yoast_head_json":{"title":"Jean Lucas plus que jamais sur le d\u00e9part - La Diagonale","robots":{"index":"index","follow":"follow","max-snippet":"max-snippet:-1","max-image-preview":"max-image-preview:large","max-video-preview":"max-video-preview:-1"},"canonical":"https:\/\/www.ladiagonale.net\/index.php\/2023\/01\/06\/jean-lucas-plus-que-jamais-sur-le-depart\/","og_locale":"fr_FR","og_type":"article","og_title":"Jean Lucas plus que jamais sur le d\u00e9part - La Diagonale","og_description":"Depuis plusieurs semaines, les rumeurs sur un retour de Jean Lucas au Br\u00e9sil vont bon train. Peu utilis\u00e9 par Philippe Clement cette saison (10 rencontres toutes comp\u00e9titions confondues), le milieu de terrain de 24 ans ne serait pas heureux de sa situation, selon Foot Mercato, qui pr\u00e9cise que Paul Mitchell lui chercherait une porte de [...]","og_url":"https:\/\/www.ladiagonale.net\/index.php\/2023\/01\/06\/jean-lucas-plus-que-jamais-sur-le-depart\/","og_site_name":"La Diagonale","article_published_time":"2023-01-06T18:26:20+00:00","article_modified_time":"2023-01-06T18:30:49+00:00","og_image":[{"width":1160,"height":650,"url":"https:\/\/www.ladiagonale.net\/wp-content\/uploads\/2022\/12\/jlucas.png","type":"image\/png"}],"author":"Damien Dellerba","twitter_card":"summary_large_image","twitter_image":"https:\/\/www.ladiagonale.net\/wp-content\/uploads\/2022\/12\/jlucas.png","twitter_misc":{"\u00c9crit par":"Damien Dellerba","Dur\u00e9e de lecture estim\u00e9e":"1 minute"},"schema":{"@context":"https:\/\/schema.org","@graph":[{"@type":"WebPage","@id":"https:\/\/www.ladiagonale.net\/index.php\/2023\/01\/06\/jean-lucas-plus-que-jamais-sur-le-depart\/","url":"https:\/\/www.ladiagonale.net\/index.php\/2023\/01\/06\/jean-lucas-plus-que-jamais-sur-le-depart\/","name":"Jean Lucas plus que jamais sur le d\u00e9part - La Diagonale","isPartOf":{"@id":"https:\/\/www.ladiagonale.net\/#website"},"datePublished":"2023-01-06T18:26:20+00:00","dateModified":"2023-01-06T18:30:49+00:00","author":{"@id":"https:\/\/www.ladiagonale.net\/#\/schema\/person\/79ff1e7b0853ed01b2aa26e64ad300bf"},"breadcrumb":{"@id":"https:\/\/www.ladiagonale.net\/index.php\/2023\/01\/06\/jean-lucas-plus-que-jamais-sur-le-depart\/#breadcrumb"},"inLanguage":"fr-FR","potentialAction":[{"@type":"ReadAction","target":["https:\/\/www.ladiagonale.net\/index.php\/2023\/01\/06\/jean-lucas-plus-que-jamais-sur-le-depart\/"]}]},{"@type":"BreadcrumbList","@id":"https:\/\/www.ladiagonale.net\/index.php\/2023\/01\/06\/jean-lucas-plus-que-jamais-sur-le-depart\/#breadcrumb","itemListElement":[{"@type":"ListItem","position":1,"name":"Accueil","item":"https:\/\/www.ladiagonale.net\/"},{"@type":"ListItem","position":2,"name":"Jean Lucas plus que jamais sur le d\u00e9part"}]},{"@type":"WebSite","@id":"https:\/\/www.ladiagonale.net\/#website","url":"https:\/\/www.ladiagonale.net\/","name":"La Diagonale","description":"Le site des supporters de l&#039;AS Monaco FC","potentialAction":[{"@type":"SearchAction","target":{"@type":"EntryPoint","urlTemplate":"https:\/\/www.ladiagonale.net\/?s={search_term_string}"},"query-input":"required name=search_term_string"}],"inLanguage":"fr-FR"},{"@type":"Person","@id":"https:\/\/www.ladiagonale.net\/#\/schema\/person\/79ff1e7b0853ed01b2aa26e64ad300bf","name":"Damien Dellerba","image":{"@type":"ImageObject","inLanguage":"fr-FR","@id":"https:\/\/www.ladiagonale.net\/#\/schema\/person\/image\/","url":"https:\/\/secure.gravatar.com\/avatar\/c7850e06d3ff63cdbaee88b7fc16e2f0?s=96&d=mm&r=g","contentUrl":"https:\/\/secure.gravatar.com\/avatar\/c7850e06d3ff63cdbaee88b7fc16e2f0?s=96&d=mm&r=g","caption":"Damien Dellerba"},"url":"https:\/\/www.ladiagonale.net\/index.php\/author\/damien\/"}]}},"_links":{"self":[{"href":"https:\/\/www.ladiagonale.net\/index.php\/wp-json\/wp\/v2\/posts\/8161"}],"collection":[{"href":"https:\/\/www.ladiagonale.net\/index.php\/wp-json\/wp\/v2\/posts"}],"about":[{"href":"https:\/\/www.ladiagonale.net\/index.php\/wp-json\/wp\/v2\/types\/post"}],"author":[{"embeddable":true,"href":"https:\/\/www.ladiagonale.net\/index.php\/wp-json\/wp\/v2\/users\/2"}],"replies":[{"embeddable":true,"href":"https:\/\/www.ladiagonale.net\/index.php\/wp-json\/wp\/v2\/comments?post=8161"}],"version-history":[{"count":3,"href":"https:\/\/www.ladiagonale.net\/index.php\/wp-json\/wp\/v2\/posts\/8161\/revisions"}],"predecessor-version":[{"id":8165,"href":"https:\/\/www.ladiagonale.net\/index.php\/wp-json\/wp\/v2\/posts\/8161\/revisions\/8165"}],"wp:attachment":[{"href":"https:\/\/www.ladiagonale.net\/index.php\/wp-json\/wp\/v2\/media?parent=8161"}],"wp:term":[{"taxonomy":"category","embeddable":true,"href":"https:\/\/www.ladiagonale.net\/index.php\/wp-json\/wp\/v2\/categories?post=8161"},{"taxonomy":"post_tag","embeddable":true,"href":"https:\/\/www.ladiagonale.net\/index.php\/wp-json\/wp\/v2\/tags?post=8161"}],"curies":[{"name":"wp","href":"https:\/\/api.w.org\/{rel}","templated":true}]}}