{"id":8166,"date":"2023-01-06T19:43:42","date_gmt":"2023-01-06T18:43:42","guid":{"rendered":"https:\/\/www.ladiagonale.net\/?p=8166"},"modified":"2023-01-06T19:48:18","modified_gmt":"2023-01-06T18:48:18","slug":"le-groupe-monegasque-embolo-et-camara-absents","status":"publish","type":"post","link":"https:\/\/www.ladiagonale.net\/index.php\/2023\/01\/06\/le-groupe-monegasque-embolo-et-camara-absents\/","title":{"rendered":"Le groupe mon\u00e9gasque : Embolo et Camara absents"},"content":{"rendered":"\n<p>Philippe Clement a convoqu\u00e9 un groupe de 22 joueurs pour affronter Rodez. Breel Embolo et Mohamed Camara n\u2019ont pas \u00e9t\u00e9 retenus, tr\u00e8s probablement mis au repos puisqu\u2019aucune raison m\u00e9dicale n\u2019a \u00e9t\u00e9 avanc\u00e9e \u00e0 leur sujet. <\/p>\n\n\n\n<p>Kevin Volland poursuit sa r\u00e9athl\u00e9tisation et Jean Lucas, malade mais qui ne semble plus rentrer dans les plans de l\u2019entra\u00eeneur belge, sont \u00e9galement absents. <\/p>\n\n\n\n<p>Plusieurs jeunes joueurs de l\u2019Academy ont \u00e9t\u00e9 retenus en revanche, tels que F\u00e9lix Lemarechal et Soungoutou Magassa. Eliesse Ben Seghir est lui aussi pr\u00e9sent.<\/p>\n\n\n\n<p>\u00c0 noter que quatre joueurs resteront en tribune, puisque seulement 18 noms peuvent \u00eatre inscrits sur la feuille de match.<\/p>\n\n\n\n<p><strong>Gardiens :<\/strong> Didillon, Lienard, N\u00fcbel.<\/p>\n\n\n\n<p><strong>D\u00e9fenseurs :<\/strong> Aguilar, C. Henrique, Disasi, Jakobs, Maripan, Sarr, Vanderson. <\/p>\n\n\n\n<p><strong>Milieux :<\/strong> Akliouche, Ben Seghir, Diatta, Fofana , G. Martins, Golovin, Lemarechal, Magassa, Matazo, Minamino.<\/p>\n\n\n\n<p><strong>Attaquants :<\/strong> Ben Yedder, Boadu.<\/p>\n","protected":false},"excerpt":{"rendered":"<p>Philippe Clement a convoqu\u00e9 un groupe de 22 joueurs pour affronter Rodez. Breel Embolo et Mohamed Camara n\u2019ont pas \u00e9t\u00e9 retenus, tr\u00e8s probablement mis au repos puisqu\u2019aucune raison m\u00e9dicale n\u2019a \u00e9t\u00e9 avanc\u00e9e \u00e0 leur sujet. Kevin Volland poursuit sa r\u00e9athl\u00e9tisation et Jean Lucas, malade mais qui ne semble plus rentrer dans les plans de l\u2019entra\u00eeneur [&#8230;]\n","protected":false},"author":2,"featured_media":0,"comment_status":"open","ping_status":"open","sticky":false,"template":"","format":"standard","meta":[],"categories":[4,6],"tags":[86,232,225,339],"yoast_head":"<!-- This site is optimized with the Yoast SEO plugin v19.8 - https:\/\/yoast.com\/wordpress\/plugins\/seo\/ -->\n<title>Le groupe mon\u00e9gasque : Embolo et Camara absents - La Diagonale<\/title>\n<meta name=\"robots\" content=\"index, follow, max-snippet:-1, max-image-preview:large, max-video-preview:-1\" \/>\n<link rel=\"canonical\" href=\"https:\/\/www.ladiagonale.net\/index.php\/2023\/01\/06\/le-groupe-monegasque-embolo-et-camara-absents\/\" \/>\n<meta property=\"og:locale\" content=\"fr_FR\" \/>\n<meta property=\"og:type\" content=\"article\" \/>\n<meta property=\"og:title\" content=\"Le groupe mon\u00e9gasque : Embolo et Camara absents - La Diagonale\" \/>\n<meta property=\"og:description\" content=\"Philippe Clement a convoqu\u00e9 un groupe de 22 joueurs pour affronter Rodez. Breel Embolo et Mohamed Camara n\u2019ont pas \u00e9t\u00e9 retenus, tr\u00e8s probablement mis au repos puisqu\u2019aucune raison m\u00e9dicale n\u2019a \u00e9t\u00e9 avanc\u00e9e \u00e0 leur sujet. Kevin Volland poursuit sa r\u00e9athl\u00e9tisation et Jean Lucas, malade mais qui ne semble plus rentrer dans les plans de l\u2019entra\u00eeneur [...]\" \/>\n<meta property=\"og:url\" content=\"https:\/\/www.ladiagonale.net\/index.php\/2023\/01\/06\/le-groupe-monegasque-embolo-et-camara-absents\/\" \/>\n<meta property=\"og:site_name\" content=\"La Diagonale\" \/>\n<meta property=\"article:published_time\" content=\"2023-01-06T18:43:42+00:00\" \/>\n<meta property=\"article:modified_time\" content=\"2023-01-06T18:48:18+00:00\" \/>\n<meta property=\"og:image\" content=\"https:\/\/www.ladiagonale.net\/wp-content\/uploads\/2022\/11\/camara.png\" \/>\n\t<meta property=\"og:image:width\" content=\"1160\" \/>\n\t<meta property=\"og:image:height\" content=\"650\" \/>\n\t<meta property=\"og:image:type\" content=\"image\/png\" \/>\n<meta name=\"author\" content=\"Damien Dellerba\" \/>\n<meta name=\"twitter:card\" content=\"summary_large_image\" \/>\n<meta name=\"twitter:image\" content=\"https:\/\/www.ladiagonale.net\/wp-content\/uploads\/2022\/11\/camara.png\" \/>\n<meta name=\"twitter:label1\" content=\"\u00c9crit par\" \/>\n\t<meta name=\"twitter:data1\" content=\"Damien Dellerba\" \/>\n\t<meta name=\"twitter:label2\" content=\"Dur\u00e9e de lecture estim\u00e9e\" \/>\n\t<meta name=\"twitter:data2\" content=\"1 minute\" \/>\n<script type=\"application\/ld+json\" class=\"yoast-schema-graph\">{\"@context\":\"https:\/\/schema.org\",\"@graph\":[{\"@type\":\"WebPage\",\"@id\":\"https:\/\/www.ladiagonale.net\/index.php\/2023\/01\/06\/le-groupe-monegasque-embolo-et-camara-absents\/\",\"url\":\"https:\/\/www.ladiagonale.net\/index.php\/2023\/01\/06\/le-groupe-monegasque-embolo-et-camara-absents\/\",\"name\":\"Le groupe mon\u00e9gasque : Embolo et Camara absents - La Diagonale\",\"isPartOf\":{\"@id\":\"https:\/\/www.ladiagonale.net\/#website\"},\"datePublished\":\"2023-01-06T18:43:42+00:00\",\"dateModified\":\"2023-01-06T18:48:18+00:00\",\"author\":{\"@id\":\"https:\/\/www.ladiagonale.net\/#\/schema\/person\/79ff1e7b0853ed01b2aa26e64ad300bf\"},\"breadcrumb\":{\"@id\":\"https:\/\/www.ladiagonale.net\/index.php\/2023\/01\/06\/le-groupe-monegasque-embolo-et-camara-absents\/#breadcrumb\"},\"inLanguage\":\"fr-FR\",\"potentialAction\":[{\"@type\":\"ReadAction\",\"target\":[\"https:\/\/www.ladiagonale.net\/index.php\/2023\/01\/06\/le-groupe-monegasque-embolo-et-camara-absents\/\"]}]},{\"@type\":\"BreadcrumbList\",\"@id\":\"https:\/\/www.ladiagonale.net\/index.php\/2023\/01\/06\/le-groupe-monegasque-embolo-et-camara-absents\/#breadcrumb\",\"itemListElement\":[{\"@type\":\"ListItem\",\"position\":1,\"name\":\"Accueil\",\"item\":\"https:\/\/www.ladiagonale.net\/\"},{\"@type\":\"ListItem\",\"position\":2,\"name\":\"Le groupe mon\u00e9gasque : Embolo et Camara absents\"}]},{\"@type\":\"WebSite\",\"@id\":\"https:\/\/www.ladiagonale.net\/#website\",\"url\":\"https:\/\/www.ladiagonale.net\/\",\"name\":\"La Diagonale\",\"description\":\"Le site des supporters de l&#039;AS Monaco FC\",\"potentialAction\":[{\"@type\":\"SearchAction\",\"target\":{\"@type\":\"EntryPoint\",\"urlTemplate\":\"https:\/\/www.ladiagonale.net\/?s={search_term_string}\"},\"query-input\":\"required name=search_term_string\"}],\"inLanguage\":\"fr-FR\"},{\"@type\":\"Person\",\"@id\":\"https:\/\/www.ladiagonale.net\/#\/schema\/person\/79ff1e7b0853ed01b2aa26e64ad300bf\",\"name\":\"Damien Dellerba\",\"image\":{\"@type\":\"ImageObject\",\"inLanguage\":\"fr-FR\",\"@id\":\"https:\/\/www.ladiagonale.net\/#\/schema\/person\/image\/\",\"url\":\"https:\/\/secure.gravatar.com\/avatar\/c7850e06d3ff63cdbaee88b7fc16e2f0?s=96&d=mm&r=g\",\"contentUrl\":\"https:\/\/secure.gravatar.com\/avatar\/c7850e06d3ff63cdbaee88b7fc16e2f0?s=96&d=mm&r=g\",\"caption\":\"Damien Dellerba\"},\"url\":\"https:\/\/www.ladiagonale.net\/index.php\/author\/damien\/\"}]}<\/script>\n<!-- \/ Yoast SEO plugin. -->","yoast_head_json":{"title":"Le groupe mon\u00e9gasque : Embolo et Camara absents - La Diagonale","robots":{"index":"index","follow":"follow","max-snippet":"max-snippet:-1","max-image-preview":"max-image-preview:large","max-video-preview":"max-video-preview:-1"},"canonical":"https:\/\/www.ladiagonale.net\/index.php\/2023\/01\/06\/le-groupe-monegasque-embolo-et-camara-absents\/","og_locale":"fr_FR","og_type":"article","og_title":"Le groupe mon\u00e9gasque : Embolo et Camara absents - La Diagonale","og_description":"Philippe Clement a convoqu\u00e9 un groupe de 22 joueurs pour affronter Rodez. Breel Embolo et Mohamed Camara n\u2019ont pas \u00e9t\u00e9 retenus, tr\u00e8s probablement mis au repos puisqu\u2019aucune raison m\u00e9dicale n\u2019a \u00e9t\u00e9 avanc\u00e9e \u00e0 leur sujet. Kevin Volland poursuit sa r\u00e9athl\u00e9tisation et Jean Lucas, malade mais qui ne semble plus rentrer dans les plans de l\u2019entra\u00eeneur [...]","og_url":"https:\/\/www.ladiagonale.net\/index.php\/2023\/01\/06\/le-groupe-monegasque-embolo-et-camara-absents\/","og_site_name":"La Diagonale","article_published_time":"2023-01-06T18:43:42+00:00","article_modified_time":"2023-01-06T18:48:18+00:00","og_image":[{"width":1160,"height":650,"url":"https:\/\/www.ladiagonale.net\/wp-content\/uploads\/2022\/11\/camara.png","type":"image\/png"}],"author":"Damien Dellerba","twitter_card":"summary_large_image","twitter_image":"https:\/\/www.ladiagonale.net\/wp-content\/uploads\/2022\/11\/camara.png","twitter_misc":{"\u00c9crit par":"Damien Dellerba","Dur\u00e9e de lecture estim\u00e9e":"1 minute"},"schema":{"@context":"https:\/\/schema.org","@graph":[{"@type":"WebPage","@id":"https:\/\/www.ladiagonale.net\/index.php\/2023\/01\/06\/le-groupe-monegasque-embolo-et-camara-absents\/","url":"https:\/\/www.ladiagonale.net\/index.php\/2023\/01\/06\/le-groupe-monegasque-embolo-et-camara-absents\/","name":"Le groupe mon\u00e9gasque : Embolo et Camara absents - La Diagonale","isPartOf":{"@id":"https:\/\/www.ladiagonale.net\/#website"},"datePublished":"2023-01-06T18:43:42+00:00","dateModified":"2023-01-06T18:48:18+00:00","author":{"@id":"https:\/\/www.ladiagonale.net\/#\/schema\/person\/79ff1e7b0853ed01b2aa26e64ad300bf"},"breadcrumb":{"@id":"https:\/\/www.ladiagonale.net\/index.php\/2023\/01\/06\/le-groupe-monegasque-embolo-et-camara-absents\/#breadcrumb"},"inLanguage":"fr-FR","potentialAction":[{"@type":"ReadAction","target":["https:\/\/www.ladiagonale.net\/index.php\/2023\/01\/06\/le-groupe-monegasque-embolo-et-camara-absents\/"]}]},{"@type":"BreadcrumbList","@id":"https:\/\/www.ladiagonale.net\/index.php\/2023\/01\/06\/le-groupe-monegasque-embolo-et-camara-absents\/#breadcrumb","itemListElement":[{"@type":"ListItem","position":1,"name":"Accueil","item":"https:\/\/www.ladiagonale.net\/"},{"@type":"ListItem","position":2,"name":"Le groupe mon\u00e9gasque : Embolo et Camara absents"}]},{"@type":"WebSite","@id":"https:\/\/www.ladiagonale.net\/#website","url":"https:\/\/www.ladiagonale.net\/","name":"La Diagonale","description":"Le site des supporters de l&#039;AS Monaco FC","potentialAction":[{"@type":"SearchAction","target":{"@type":"EntryPoint","urlTemplate":"https:\/\/www.ladiagonale.net\/?s={search_term_string}"},"query-input":"required name=search_term_string"}],"inLanguage":"fr-FR"},{"@type":"Person","@id":"https:\/\/www.ladiagonale.net\/#\/schema\/person\/79ff1e7b0853ed01b2aa26e64ad300bf","name":"Damien Dellerba","image":{"@type":"ImageObject","inLanguage":"fr-FR","@id":"https:\/\/www.ladiagonale.net\/#\/schema\/person\/image\/","url":"https:\/\/secure.gravatar.com\/avatar\/c7850e06d3ff63cdbaee88b7fc16e2f0?s=96&d=mm&r=g","contentUrl":"https:\/\/secure.gravatar.com\/avatar\/c7850e06d3ff63cdbaee88b7fc16e2f0?s=96&d=mm&r=g","caption":"Damien Dellerba"},"url":"https:\/\/www.ladiagonale.net\/index.php\/author\/damien\/"}]}},"_links":{"self":[{"href":"https:\/\/www.ladiagonale.net\/index.php\/wp-json\/wp\/v2\/posts\/8166"}],"collection":[{"href":"https:\/\/www.ladiagonale.net\/index.php\/wp-json\/wp\/v2\/posts"}],"about":[{"href":"https:\/\/www.ladiagonale.net\/index.php\/wp-json\/wp\/v2\/types\/post"}],"author":[{"embeddable":true,"href":"https:\/\/www.ladiagonale.net\/index.php\/wp-json\/wp\/v2\/users\/2"}],"replies":[{"embeddable":true,"href":"https:\/\/www.ladiagonale.net\/index.php\/wp-json\/wp\/v2\/comments?post=8166"}],"version-history":[{"count":3,"href":"https:\/\/www.ladiagonale.net\/index.php\/wp-json\/wp\/v2\/posts\/8166\/revisions"}],"predecessor-version":[{"id":8170,"href":"https:\/\/www.ladiagonale.net\/index.php\/wp-json\/wp\/v2\/posts\/8166\/revisions\/8170"}],"wp:attachment":[{"href":"https:\/\/www.ladiagonale.net\/index.php\/wp-json\/wp\/v2\/media?parent=8166"}],"wp:term":[{"taxonomy":"category","embeddable":true,"href":"https:\/\/www.ladiagonale.net\/index.php\/wp-json\/wp\/v2\/categories?post=8166"},{"taxonomy":"post_tag","embeddable":true,"href":"https:\/\/www.ladiagonale.net\/index.php\/wp-json\/wp\/v2\/tags?post=8166"}],"curies":[{"name":"wp","href":"https:\/\/api.w.org\/{rel}","templated":true}]}}