{"id":8171,"date":"2023-01-06T22:45:58","date_gmt":"2023-01-06T21:45:58","guid":{"rendered":"https:\/\/www.ladiagonale.net\/?p=8171"},"modified":"2023-01-06T22:46:00","modified_gmt":"2023-01-06T21:46:00","slug":"abdennour-monaco-compte-beaucoup-pour-moi","status":"publish","type":"post","link":"https:\/\/www.ladiagonale.net\/index.php\/2023\/01\/06\/abdennour-monaco-compte-beaucoup-pour-moi\/","title":{"rendered":"Abdennour : \u00ab Monaco compte beaucoup pour moi \u00bb"},"content":{"rendered":"\n\n\n<p>Aymen Abdennour va retrouver son ancien club de l&rsquo;AS Monaco samedi, o\u00f9 il a pass\u00e9 une saison et demi (2014-2015). Celui qui joue d\u00e9sormais \u00e0 Rodez s&rsquo;est confi\u00e9 sur son plaisir de retrouver la Principaut\u00e9 : \u00ab <em>\u00c7a fait plaisir de revenir \u00e0 la maison. Monaco, c\u2019est un club qui compte beaucoup pour moi. J\u2019ai d\u00e9couvert le plus haut niveau l\u00e0-bas en jouant notamment la Ligue des Champions mais aussi en disputant le titre, o\u00f9 on a termin\u00e9\u00a0vice-champion de France. C\u2019est un grand club que j\u2019aime beaucoup.<\/em> \u00bb<\/p>\n\n\n\n<p>Le d\u00e9fenseur tunisien a expliqu\u00e9 ce que son passage sur le Rocher avait pu lui apporter dans sa carri\u00e8re : \u00ab <em>C\u2019\u00e9tait une tr\u00e8s belle exp\u00e9rience pour moi. C\u2019est ce club qui m\u2019a donn\u00e9 l\u2019opportunit\u00e9 et la possibilit\u00e9 de briller en Europe. Le meilleur souvenir que j\u2019ai gard\u00e9 avec l\u2019ASM, c\u2019est le quart de finale de Ligue des Champions contre la Juventus. Jouer des matches de ce niveau-l\u00e0, c\u2019est exceptionnel et on en garde forc\u00e9ment de bons souvenirs.<\/em> \u00bb\u00a0<\/p>\n\n\n\n<p>Et lorsqu&rsquo;on lui demande quels joueurs l&rsquo;ont marqu\u00e9, impossible pour lui de n&rsquo;en citer qu&rsquo;un seul : \u00ab <em>Il y en a plusieurs : Falcao, James Rodriguez, Fabinho, Carrasco, Martial\u2026 On avait de tr\u00e8s bons joueurs avec un staff technique de qualit\u00e9 et un grand entra\u00eeneur qui \u00e9tait Leonardo Jardim. On avait vraiment une tr\u00e8s belle \u00e9quipe.<\/em> \u00bb<\/p>\n\n\n\n<h4 class=\"has-vivid-red-color has-text-color\" style=\"font-style:normal;font-weight:400;text-transform:uppercase\">ABDENNOUR NE VEUT RIEN L\u00c2CHER CONTRE SON ANCIEN CLUB<\/h4>\n\n\n\n<p>Depuis son arriv\u00e9e dans l&rsquo;Aveyron, Aymen Abdennour n&rsquo;a disput\u00e9 que trois rencontres. \u00c0 33 ans, il est toujours frein\u00e9 par des blessures et il n&rsquo;est pas certain de le voir d\u00e9marrer la rencontre samedi : \u00ab <em>Je travaille dur depuis quelques semaines pour rattraper le retard. J\u2019ai \u00e9t\u00e9 victime d\u2019une d\u00e9chirure au quadriceps lors de la rencontre face \u00e0 Pau et j\u2019ai d\u00fb m\u2019arr\u00eater durant deux mois et demi \u00e0 cause de cette blessure. (&#8230;) J\u2019esp\u00e8re que je serai au top samedi.<\/em> \u00bb<\/p>\n\n\n\n<p>M\u00eame face \u00e0 son ancien club, Abdennour ne fera pas de sentiments et voudra tout faire pour se qualifier, m\u00eame si son \u00e9quipe n&rsquo;est pas en grande forme : \u00ab <em>Collectivement, on a bien termin\u00e9 l\u2019ann\u00e9e avec cette belle victoire face au DFCO. Maintenant, on aimerait la commencer de la m\u00eame mani\u00e8re avec une qualification, m\u00eame si ce sera certainement tr\u00e8s dur. J\u2019esp\u00e8re que l\u2019on fera un tr\u00e8s bon match et qu\u2019on ne l\u00e2chera rien.<\/em> \u00bb<\/p>\n\n\n\n<p>L&rsquo;ancien Mon\u00e9gasque voit la Coupe de France comme une comp\u00e9tition \u00e0 part : \u00ab <em>Elle repr\u00e9sente beaucoup de choses pour moi. (&#8230;) La Coupe de France, c\u2019est une comp\u00e9tition qui compte beaucoup pour les joueurs et pour le club. On a une \u00e9quipe comp\u00e9titive, on l\u2019a montr\u00e9 contre Dijon et on ne l\u00e2chera rien contre Monaco. (&#8230;) Surtout dans cette comp\u00e9tition o\u00f9 tous les sc\u00e9narios sont possibles.<\/em> \u00bb<\/p>\n","protected":false},"excerpt":{"rendered":"<p>Aymen Abdennour va retrouver son ancien club de l&rsquo;AS Monaco samedi, o\u00f9 il a pass\u00e9 une saison et demi (2014-2015). Celui qui joue d\u00e9sormais \u00e0 Rodez s&rsquo;est confi\u00e9 sur son plaisir de retrouver la Principaut\u00e9 : \u00ab \u00c7a fait plaisir de revenir \u00e0 la maison. Monaco, c\u2019est un club qui compte beaucoup pour moi. J\u2019ai [&#8230;]\n","protected":false},"author":2,"featured_media":0,"comment_status":"open","ping_status":"open","sticky":false,"template":"","format":"standard","meta":[],"categories":[6],"tags":[255,86,360,232,339],"yoast_head":"<!-- This site is optimized with the Yoast SEO plugin v19.8 - https:\/\/yoast.com\/wordpress\/plugins\/seo\/ -->\n<title>Abdennour : \u00ab Monaco compte beaucoup pour moi \u00bb - La Diagonale<\/title>\n<meta name=\"robots\" content=\"index, follow, max-snippet:-1, max-image-preview:large, max-video-preview:-1\" \/>\n<link rel=\"canonical\" href=\"https:\/\/www.ladiagonale.net\/index.php\/2023\/01\/06\/abdennour-monaco-compte-beaucoup-pour-moi\/\" \/>\n<meta property=\"og:locale\" content=\"fr_FR\" \/>\n<meta property=\"og:type\" content=\"article\" \/>\n<meta property=\"og:title\" content=\"Abdennour : \u00ab Monaco compte beaucoup pour moi \u00bb - La Diagonale\" \/>\n<meta property=\"og:description\" content=\"Aymen Abdennour va retrouver son ancien club de l&rsquo;AS Monaco samedi, o\u00f9 il a pass\u00e9 une saison et demi (2014-2015). Celui qui joue d\u00e9sormais \u00e0 Rodez s&rsquo;est confi\u00e9 sur son plaisir de retrouver la Principaut\u00e9 : \u00ab \u00c7a fait plaisir de revenir \u00e0 la maison. Monaco, c\u2019est un club qui compte beaucoup pour moi. J\u2019ai [...]\" \/>\n<meta property=\"og:url\" content=\"https:\/\/www.ladiagonale.net\/index.php\/2023\/01\/06\/abdennour-monaco-compte-beaucoup-pour-moi\/\" \/>\n<meta property=\"og:site_name\" content=\"La Diagonale\" \/>\n<meta property=\"article:published_time\" content=\"2023-01-06T21:45:58+00:00\" \/>\n<meta property=\"article:modified_time\" content=\"2023-01-06T21:46:00+00:00\" \/>\n<meta property=\"og:image\" content=\"https:\/\/www.ladiagonale.net\/wp-content\/uploads\/2023\/01\/abdennour.png\" \/>\n\t<meta property=\"og:image:width\" content=\"1160\" \/>\n\t<meta property=\"og:image:height\" content=\"650\" \/>\n\t<meta property=\"og:image:type\" content=\"image\/png\" \/>\n<meta name=\"author\" content=\"Damien Dellerba\" \/>\n<meta name=\"twitter:card\" content=\"summary_large_image\" \/>\n<meta name=\"twitter:image\" content=\"https:\/\/www.ladiagonale.net\/wp-content\/uploads\/2023\/01\/abdennour.png\" \/>\n<meta name=\"twitter:label1\" content=\"\u00c9crit par\" \/>\n\t<meta name=\"twitter:data1\" content=\"Damien Dellerba\" \/>\n\t<meta name=\"twitter:label2\" content=\"Dur\u00e9e de lecture estim\u00e9e\" \/>\n\t<meta name=\"twitter:data2\" content=\"3 minutes\" \/>\n<script type=\"application\/ld+json\" class=\"yoast-schema-graph\">{\"@context\":\"https:\/\/schema.org\",\"@graph\":[{\"@type\":\"WebPage\",\"@id\":\"https:\/\/www.ladiagonale.net\/index.php\/2023\/01\/06\/abdennour-monaco-compte-beaucoup-pour-moi\/\",\"url\":\"https:\/\/www.ladiagonale.net\/index.php\/2023\/01\/06\/abdennour-monaco-compte-beaucoup-pour-moi\/\",\"name\":\"Abdennour : \u00ab Monaco compte beaucoup pour moi \u00bb - La Diagonale\",\"isPartOf\":{\"@id\":\"https:\/\/www.ladiagonale.net\/#website\"},\"datePublished\":\"2023-01-06T21:45:58+00:00\",\"dateModified\":\"2023-01-06T21:46:00+00:00\",\"author\":{\"@id\":\"https:\/\/www.ladiagonale.net\/#\/schema\/person\/79ff1e7b0853ed01b2aa26e64ad300bf\"},\"breadcrumb\":{\"@id\":\"https:\/\/www.ladiagonale.net\/index.php\/2023\/01\/06\/abdennour-monaco-compte-beaucoup-pour-moi\/#breadcrumb\"},\"inLanguage\":\"fr-FR\",\"potentialAction\":[{\"@type\":\"ReadAction\",\"target\":[\"https:\/\/www.ladiagonale.net\/index.php\/2023\/01\/06\/abdennour-monaco-compte-beaucoup-pour-moi\/\"]}]},{\"@type\":\"BreadcrumbList\",\"@id\":\"https:\/\/www.ladiagonale.net\/index.php\/2023\/01\/06\/abdennour-monaco-compte-beaucoup-pour-moi\/#breadcrumb\",\"itemListElement\":[{\"@type\":\"ListItem\",\"position\":1,\"name\":\"Accueil\",\"item\":\"https:\/\/www.ladiagonale.net\/\"},{\"@type\":\"ListItem\",\"position\":2,\"name\":\"Abdennour : \u00ab Monaco compte beaucoup pour moi \u00bb\"}]},{\"@type\":\"WebSite\",\"@id\":\"https:\/\/www.ladiagonale.net\/#website\",\"url\":\"https:\/\/www.ladiagonale.net\/\",\"name\":\"La Diagonale\",\"description\":\"Le site des supporters de l&#039;AS Monaco FC\",\"potentialAction\":[{\"@type\":\"SearchAction\",\"target\":{\"@type\":\"EntryPoint\",\"urlTemplate\":\"https:\/\/www.ladiagonale.net\/?s={search_term_string}\"},\"query-input\":\"required name=search_term_string\"}],\"inLanguage\":\"fr-FR\"},{\"@type\":\"Person\",\"@id\":\"https:\/\/www.ladiagonale.net\/#\/schema\/person\/79ff1e7b0853ed01b2aa26e64ad300bf\",\"name\":\"Damien Dellerba\",\"image\":{\"@type\":\"ImageObject\",\"inLanguage\":\"fr-FR\",\"@id\":\"https:\/\/www.ladiagonale.net\/#\/schema\/person\/image\/\",\"url\":\"https:\/\/secure.gravatar.com\/avatar\/c7850e06d3ff63cdbaee88b7fc16e2f0?s=96&d=mm&r=g\",\"contentUrl\":\"https:\/\/secure.gravatar.com\/avatar\/c7850e06d3ff63cdbaee88b7fc16e2f0?s=96&d=mm&r=g\",\"caption\":\"Damien Dellerba\"},\"url\":\"https:\/\/www.ladiagonale.net\/index.php\/author\/damien\/\"}]}<\/script>\n<!-- \/ Yoast SEO plugin. -->","yoast_head_json":{"title":"Abdennour : \u00ab Monaco compte beaucoup pour moi \u00bb - La Diagonale","robots":{"index":"index","follow":"follow","max-snippet":"max-snippet:-1","max-image-preview":"max-image-preview:large","max-video-preview":"max-video-preview:-1"},"canonical":"https:\/\/www.ladiagonale.net\/index.php\/2023\/01\/06\/abdennour-monaco-compte-beaucoup-pour-moi\/","og_locale":"fr_FR","og_type":"article","og_title":"Abdennour : \u00ab Monaco compte beaucoup pour moi \u00bb - La Diagonale","og_description":"Aymen Abdennour va retrouver son ancien club de l&rsquo;AS Monaco samedi, o\u00f9 il a pass\u00e9 une saison et demi (2014-2015). Celui qui joue d\u00e9sormais \u00e0 Rodez s&rsquo;est confi\u00e9 sur son plaisir de retrouver la Principaut\u00e9 : \u00ab \u00c7a fait plaisir de revenir \u00e0 la maison. Monaco, c\u2019est un club qui compte beaucoup pour moi. J\u2019ai [...]","og_url":"https:\/\/www.ladiagonale.net\/index.php\/2023\/01\/06\/abdennour-monaco-compte-beaucoup-pour-moi\/","og_site_name":"La Diagonale","article_published_time":"2023-01-06T21:45:58+00:00","article_modified_time":"2023-01-06T21:46:00+00:00","og_image":[{"width":1160,"height":650,"url":"https:\/\/www.ladiagonale.net\/wp-content\/uploads\/2023\/01\/abdennour.png","type":"image\/png"}],"author":"Damien Dellerba","twitter_card":"summary_large_image","twitter_image":"https:\/\/www.ladiagonale.net\/wp-content\/uploads\/2023\/01\/abdennour.png","twitter_misc":{"\u00c9crit par":"Damien Dellerba","Dur\u00e9e de lecture estim\u00e9e":"3 minutes"},"schema":{"@context":"https:\/\/schema.org","@graph":[{"@type":"WebPage","@id":"https:\/\/www.ladiagonale.net\/index.php\/2023\/01\/06\/abdennour-monaco-compte-beaucoup-pour-moi\/","url":"https:\/\/www.ladiagonale.net\/index.php\/2023\/01\/06\/abdennour-monaco-compte-beaucoup-pour-moi\/","name":"Abdennour : \u00ab Monaco compte beaucoup pour moi \u00bb - La Diagonale","isPartOf":{"@id":"https:\/\/www.ladiagonale.net\/#website"},"datePublished":"2023-01-06T21:45:58+00:00","dateModified":"2023-01-06T21:46:00+00:00","author":{"@id":"https:\/\/www.ladiagonale.net\/#\/schema\/person\/79ff1e7b0853ed01b2aa26e64ad300bf"},"breadcrumb":{"@id":"https:\/\/www.ladiagonale.net\/index.php\/2023\/01\/06\/abdennour-monaco-compte-beaucoup-pour-moi\/#breadcrumb"},"inLanguage":"fr-FR","potentialAction":[{"@type":"ReadAction","target":["https:\/\/www.ladiagonale.net\/index.php\/2023\/01\/06\/abdennour-monaco-compte-beaucoup-pour-moi\/"]}]},{"@type":"BreadcrumbList","@id":"https:\/\/www.ladiagonale.net\/index.php\/2023\/01\/06\/abdennour-monaco-compte-beaucoup-pour-moi\/#breadcrumb","itemListElement":[{"@type":"ListItem","position":1,"name":"Accueil","item":"https:\/\/www.ladiagonale.net\/"},{"@type":"ListItem","position":2,"name":"Abdennour : \u00ab Monaco compte beaucoup pour moi \u00bb"}]},{"@type":"WebSite","@id":"https:\/\/www.ladiagonale.net\/#website","url":"https:\/\/www.ladiagonale.net\/","name":"La Diagonale","description":"Le site des supporters de l&#039;AS Monaco FC","potentialAction":[{"@type":"SearchAction","target":{"@type":"EntryPoint","urlTemplate":"https:\/\/www.ladiagonale.net\/?s={search_term_string}"},"query-input":"required name=search_term_string"}],"inLanguage":"fr-FR"},{"@type":"Person","@id":"https:\/\/www.ladiagonale.net\/#\/schema\/person\/79ff1e7b0853ed01b2aa26e64ad300bf","name":"Damien Dellerba","image":{"@type":"ImageObject","inLanguage":"fr-FR","@id":"https:\/\/www.ladiagonale.net\/#\/schema\/person\/image\/","url":"https:\/\/secure.gravatar.com\/avatar\/c7850e06d3ff63cdbaee88b7fc16e2f0?s=96&d=mm&r=g","contentUrl":"https:\/\/secure.gravatar.com\/avatar\/c7850e06d3ff63cdbaee88b7fc16e2f0?s=96&d=mm&r=g","caption":"Damien Dellerba"},"url":"https:\/\/www.ladiagonale.net\/index.php\/author\/damien\/"}]}},"_links":{"self":[{"href":"https:\/\/www.ladiagonale.net\/index.php\/wp-json\/wp\/v2\/posts\/8171"}],"collection":[{"href":"https:\/\/www.ladiagonale.net\/index.php\/wp-json\/wp\/v2\/posts"}],"about":[{"href":"https:\/\/www.ladiagonale.net\/index.php\/wp-json\/wp\/v2\/types\/post"}],"author":[{"embeddable":true,"href":"https:\/\/www.ladiagonale.net\/index.php\/wp-json\/wp\/v2\/users\/2"}],"replies":[{"embeddable":true,"href":"https:\/\/www.ladiagonale.net\/index.php\/wp-json\/wp\/v2\/comments?post=8171"}],"version-history":[{"count":1,"href":"https:\/\/www.ladiagonale.net\/index.php\/wp-json\/wp\/v2\/posts\/8171\/revisions"}],"predecessor-version":[{"id":8173,"href":"https:\/\/www.ladiagonale.net\/index.php\/wp-json\/wp\/v2\/posts\/8171\/revisions\/8173"}],"wp:attachment":[{"href":"https:\/\/www.ladiagonale.net\/index.php\/wp-json\/wp\/v2\/media?parent=8171"}],"wp:term":[{"taxonomy":"category","embeddable":true,"href":"https:\/\/www.ladiagonale.net\/index.php\/wp-json\/wp\/v2\/categories?post=8171"},{"taxonomy":"post_tag","embeddable":true,"href":"https:\/\/www.ladiagonale.net\/index.php\/wp-json\/wp\/v2\/tags?post=8171"}],"curies":[{"name":"wp","href":"https:\/\/api.w.org\/{rel}","templated":true}]}}