{"id":8175,"date":"2023-01-07T08:30:54","date_gmt":"2023-01-07T07:30:54","guid":{"rendered":"https:\/\/www.ladiagonale.net\/?p=8175"},"modified":"2023-01-07T08:36:09","modified_gmt":"2023-01-07T07:36:09","slug":"eviter-le-piege","status":"publish","type":"post","link":"https:\/\/www.ladiagonale.net\/index.php\/2023\/01\/07\/eviter-le-piege\/","title":{"rendered":"\u00c9viter le pi\u00e8ge"},"content":{"rendered":"\n\n\n<p><strong>Ce samedi (18h), Monaco va d\u00e9buter son aventure en Coupe de France contre Rodez pour les 32<sup>es<\/sup> de finale et l\u2019entr\u00e9e en lice des clubs de l\u2019\u00e9lite. Une comp\u00e9tition que l&rsquo;ASM n&rsquo;a plus remport\u00e9e depuis trois d\u00e9cennies. Une \u00e9ternit\u00e9.<\/strong><\/p>\n\n\n\n<h4 class=\"has-vivid-red-color has-text-color\" style=\"font-style:normal;font-weight:400;text-transform:uppercase\">FORME ET ENJEUX<\/h4>\n\n\n\n<p>\u201cLa vieille dame\u201d, c&rsquo;est une parenth\u00e8se toujours bienvenue, celle qui suit habituellement la tr\u00eave des confiseurs. Cette fois, elle se place apr\u00e8s la <em>C\u00e9l\u00e9bration week<\/em> qui a vu le club de la Principaut\u00e9 disputer deux rencontres de Ligue 1 pendant les f\u00eates de fin d&rsquo;ann\u00e9e. Monaco a empoch\u00e9 deux succ\u00e8s contre deux \u00e9quipes de bas de classement en ayant affin\u00e9 son style mais sans avoir non plus gagn\u00e9 largement. Contre Auxerre, les hommes de Philippe Clement se sont fait peur et ne doivent leur salut qu&rsquo;\u00e0 un tout jeune joueur de 17 ans, Eliesse Ben Seghir. Contre Brest, ils se sont rel\u00e2ch\u00e9s apr\u00e8s l&rsquo;ouverture du score et ont r\u00e9alis\u00e9 une deuxi\u00e8me p\u00e9riode bien loin des promesses de la premi\u00e8re.<\/p>\n\n\n\n<p>Contre Rodez, un autre mal class\u00e9 mais de Ligue 2 cette fois, il faudra r\u00e9aliser un match plein contre une \u00e9quipe plut\u00f4t d\u00e9fensive et \u00e9viter les emb\u00fbches : \u00ab <em>C&rsquo;est une \u00e9quipe qui joue en 5-3-2 avec des joueurs de grande taille et qui peut \u00eatre dangereuse dans les phases arr\u00eat\u00e9es. Ils ont aussi des pistons dynamiques pour jouer de bonnes transitions.<\/em> \u00bb Une \u00e9quipe en somme pas si diff\u00e9rente de ce que l\u2019ASM a l\u2019habitude d\u2019affronter en Ligue 1 et dont elle commence \u00e0 prendre la mesure avec de plus en plus de r\u00e9gularit\u00e9, comme en attestent les 27 rencontres d\u2019affil\u00e9e avec au moins un but inscrit en championnat. La preuve, pour Philippe Clement, que son \u00e9quipe cherche toujours \u00e0 jouer pour \u00ab <em>se cr\u00e9er des occasions et marquer des buts<\/em> \u00bb.<\/p>\n\n\n\n<p>Des buts, il faudra en marquer mais sans Breel Embolo, peu en vue depuis la reprise et laiss\u00e9 au repos pour cette rencontre mais pourquoi pas avec un Wissam Ben Yedder d\u00e9sireux de se reprendre. L\u2019international fran\u00e7ais avait pass\u00e9 45 minutes sur la pelouse d\u2019Auxerre sans montrer grand-chose et n\u2019\u00e9tait pas entr\u00e9 en jeu contre Brest. Il s\u2019\u00e9tait fait \u00e9clipser par Ben Seghir, auteur de deux performances s\u00e9duisantes. Ce sera sans doute aussi l\u2019occasion de voir un Myron Boadu tenter de se relancer, lui qui a encha\u00een\u00e9 les p\u00e9pins physiques et n\u2019a quasiment pas jou\u00e9 en premi\u00e8re partie de saison.&nbsp;Et d\u00e9sormais, il faudra apprendre \u00e0 vivre sans Beno\u00eet Badiashile. &nbsp;<\/p>\n\n\n\n<h4 class=\"has-vivid-red-color has-text-color\" style=\"font-style:normal;font-weight:400;text-transform:uppercase\">L\u2019ADVERSAIRE<\/h4>\n\n\n\n<p>La quatri\u00e8me saison en Ligue 2 de Rodez n\u2019est pas si diff\u00e9rente des trois premi\u00e8res. Les Ruth\u00e9nois avaient \u00e9chapp\u00e9 \u00e0 la rel\u00e9gation de justesse en finissant 16<sup>es<\/sup> (2019-2020), 15<sup>es<\/sup> (2020-2021) et 17<sup>es<\/sup> (2021-2022) et l\u2019exercice actuel sera tout aussi compliqu\u00e9 que les pr\u00e9c\u00e9dents. Les Aveyronnais occupent actuellement la 17<sup>e<\/sup> place de Ligue 2 apr\u00e8s 17 journ\u00e9es, \u00e0 la diff\u00e9rence c\u2019est que celle-ci est d\u00e9sormais celle de premier rel\u00e9gable en raison de la refonte des championnats \u00e0 venir en fin de saison.&nbsp;<\/p>\n\n\n\n<p>Ils n\u2019ont toutefois pas abdiqu\u00e9 puisqu\u2019ils sont revenus \u00e0 \u00e9galit\u00e9 de points avec Dijon (18) en les battant la semaine derni\u00e8re (2-1) ce qui leur permet de rester ma\u00eetres de leur destin. Et la Coupe de France arrive \u00e0 point nomm\u00e9 pour tenter d\u2019\u00e9gayer un quotidien plut\u00f4t morose : \u00ab <em>Nous allons y aller avec plaisir et ambition, c&rsquo;est un match de coupe. L&rsquo;exploit est toujours possible<\/em> \u00bb, a confi\u00e9 Didier Santini, le coach de Rodez.&nbsp;<\/p>\n\n\n\n<h4 class=\"has-vivid-red-color has-text-color\" style=\"font-style:normal;font-weight:400;text-transform:uppercase\">LE JOUEUR \u00c0 SURVEILLER<\/h4>\n\n\n\n<p><strong>Cl\u00e9ment Depres &#8211; Attaquant &#8211; 28 ans<\/strong><\/p>\n\n\n\n<p>Arriv\u00e9 \u00e0 Rodez en 2021, Cl\u00e9ment Despres s\u2019est relanc\u00e9 apr\u00e8s une ann\u00e9e blanche \u00e0 N\u00eemes et une longue blessure \u00e0 un genou lors de la saison 2020-2021. Ce n\u2019est ni un redoutable finisseur ni un fin technicien, mais c\u2019est un joueur athl\u00e9tique \u00e0 l\u2019aise dos au but et qui joue beaucoup en d\u00e9viation pour ses co\u00e9quipiers. Cette saison, il a inscrit cinq buts et sign\u00e9 deux passes d\u00e9cisives, ce qui fait de lui le joueur le plus d\u00e9cisif de Rodez cette saison.<\/p>\n\n\n\n<h4 class=\"has-vivid-red-color has-text-color\" style=\"font-style:normal;font-weight:400;text-transform:uppercase\">L&rsquo;historique<\/h4>\n\n\n\n<p>Ce sera la premi\u00e8re fois que Monaco et Rodez s&rsquo;affronteront.<\/p>\n\n\n\n<h4 class=\"has-vivid-red-color has-text-color\" style=\"font-style:normal;font-weight:400;text-transform:uppercase\">Les groupes<\/h4>\n\n\n\n<p><strong>Le groupe mon\u00e9gasque<\/strong><\/p>\n\n\n\n<ul><li><strong>Gardiens :<\/strong> Didillon, Lienard, N\u00fcbel.<\/li><li><strong>D\u00e9fenseurs :<\/strong> Aguilar, C. Henrique, Disasi, Jakobs, Maripan, Sarr, Vanderson.<\/li><li><strong>Milieux :<\/strong> Akliouche, Ben Seghir, Diatta, Fofana , G. Martins, Golovin, Lemarechal, Magassa, Matazo, Minamino.<\/li><li><strong>Attaquants :<\/strong> Ben Yedder, Boadu.<\/li><\/ul>\n\n\n\n<p><em>Absents : <\/em>Volland (bless\u00e9), Camara, Embolo, J. Lucas (choix du coach).<\/p>\n\n\n\n<p><strong>Le groupe ruth\u00e9nois<\/strong><\/p>\n\n\n\n<ul><li><strong>Gardiens :<\/strong> Cibois, Mpasi.<\/li><li><strong>D\u00e9fenseurs :<\/strong> Abdallah, Abdennour, Boma, Coelho, Ouammou, Raux-Yao, Senaya, Vandenabeele.<\/li><li><strong>Milieux :<\/strong> Boissier, Danger, Rajot, Valerio, Younoussa.<\/li><li><strong>Attaquants :<\/strong> Corredor, Depres, Mendes, Park, Pembele.<\/li><\/ul>\n\n\n\n<p><em>Absents <\/em>: Sanaia, Buades, David (bless\u00e9s), Secchi, Chougrani, Mouyokolo, Mafuta Buni (choix du coach).<\/p>\n\n\n\n<h4 class=\"has-vivid-red-color has-text-color\" style=\"font-style:normal;font-weight:400;text-transform:uppercase\">La d\u00e9claration<\/h4>\n\n\n\n<p>Philippe Clement : \u00ab <em>Pour moi, c\u2019est tr\u00e8s facile. Je veux toujours gagner et je respecte tous les adversaires. Chaque \u00e9quipe a des faiblesses. Nous devons \u00eatre concentr\u00e9s sur nous-m\u00eames. C\u2019est une chose que j\u2019ai beaucoup r\u00e9p\u00e9t\u00e9e dans le vestiaire et je vois de plus en plus de joueurs qui comprennent \u00e7a. Que ce soit le Paris Saint-Germain ou Rodez, la motivation doit \u00eatre la m\u00eame. Il faut plus de r\u00e9gularit\u00e9 et plus de concentration dans des matchs contre des \u00e9quipes qui ne sont pas de grands noms<\/em>. \u00bb<\/p>\n\n\n\n<p>Photo : <em>AS Monaco<\/em><\/p>\n","protected":false},"excerpt":{"rendered":"<p>Ce samedi (18h), Monaco va d\u00e9buter son aventure en Coupe de France contre Rodez pour les 32es de finale et l\u2019entr\u00e9e en lice des clubs de l\u2019\u00e9lite. Une comp\u00e9tition que l&rsquo;ASM n&rsquo;a plus remport\u00e9e depuis trois d\u00e9cennies. Une \u00e9ternit\u00e9. FORME ET ENJEUX \u201cLa vieille dame\u201d, c&rsquo;est une parenth\u00e8se toujours bienvenue, celle qui suit habituellement la [&#8230;]\n","protected":false},"author":2,"featured_media":6345,"comment_status":"open","ping_status":"open","sticky":false,"template":"","format":"standard","meta":[],"categories":[5,6],"tags":[86,206,232,339],"yoast_head":"<!-- This site is optimized with the Yoast SEO plugin v19.8 - https:\/\/yoast.com\/wordpress\/plugins\/seo\/ -->\n<title>\u00c9viter le pi\u00e8ge - La Diagonale<\/title>\n<meta name=\"robots\" content=\"index, follow, max-snippet:-1, max-image-preview:large, max-video-preview:-1\" \/>\n<link rel=\"canonical\" href=\"https:\/\/www.ladiagonale.net\/index.php\/2023\/01\/07\/eviter-le-piege\/\" \/>\n<meta property=\"og:locale\" content=\"fr_FR\" \/>\n<meta property=\"og:type\" content=\"article\" \/>\n<meta property=\"og:title\" content=\"\u00c9viter le pi\u00e8ge - La Diagonale\" \/>\n<meta property=\"og:description\" content=\"Ce samedi (18h), Monaco va d\u00e9buter son aventure en Coupe de France contre Rodez pour les 32es de finale et l\u2019entr\u00e9e en lice des clubs de l\u2019\u00e9lite. Une comp\u00e9tition que l&rsquo;ASM n&rsquo;a plus remport\u00e9e depuis trois d\u00e9cennies. Une \u00e9ternit\u00e9. FORME ET ENJEUX \u201cLa vieille dame\u201d, c&rsquo;est une parenth\u00e8se toujours bienvenue, celle qui suit habituellement la [...]\" \/>\n<meta property=\"og:url\" content=\"https:\/\/www.ladiagonale.net\/index.php\/2023\/01\/07\/eviter-le-piege\/\" \/>\n<meta property=\"og:site_name\" content=\"La Diagonale\" \/>\n<meta property=\"article:published_time\" content=\"2023-01-07T07:30:54+00:00\" \/>\n<meta property=\"article:modified_time\" content=\"2023-01-07T07:36:09+00:00\" \/>\n<meta property=\"og:image\" content=\"https:\/\/www.ladiagonale.net\/wp-content\/uploads\/2022\/11\/maripan2.png\" \/>\n\t<meta property=\"og:image:width\" content=\"1160\" \/>\n\t<meta property=\"og:image:height\" content=\"650\" \/>\n\t<meta property=\"og:image:type\" content=\"image\/png\" \/>\n<meta name=\"author\" content=\"Damien Dellerba\" \/>\n<meta name=\"twitter:card\" content=\"summary_large_image\" \/>\n<meta name=\"twitter:label1\" content=\"\u00c9crit par\" \/>\n\t<meta name=\"twitter:data1\" content=\"Damien Dellerba\" \/>\n\t<meta name=\"twitter:label2\" content=\"Dur\u00e9e de lecture estim\u00e9e\" \/>\n\t<meta name=\"twitter:data2\" content=\"5 minutes\" \/>\n<script type=\"application\/ld+json\" class=\"yoast-schema-graph\">{\"@context\":\"https:\/\/schema.org\",\"@graph\":[{\"@type\":\"WebPage\",\"@id\":\"https:\/\/www.ladiagonale.net\/index.php\/2023\/01\/07\/eviter-le-piege\/\",\"url\":\"https:\/\/www.ladiagonale.net\/index.php\/2023\/01\/07\/eviter-le-piege\/\",\"name\":\"\u00c9viter le pi\u00e8ge - La Diagonale\",\"isPartOf\":{\"@id\":\"https:\/\/www.ladiagonale.net\/#website\"},\"datePublished\":\"2023-01-07T07:30:54+00:00\",\"dateModified\":\"2023-01-07T07:36:09+00:00\",\"author\":{\"@id\":\"https:\/\/www.ladiagonale.net\/#\/schema\/person\/79ff1e7b0853ed01b2aa26e64ad300bf\"},\"breadcrumb\":{\"@id\":\"https:\/\/www.ladiagonale.net\/index.php\/2023\/01\/07\/eviter-le-piege\/#breadcrumb\"},\"inLanguage\":\"fr-FR\",\"potentialAction\":[{\"@type\":\"ReadAction\",\"target\":[\"https:\/\/www.ladiagonale.net\/index.php\/2023\/01\/07\/eviter-le-piege\/\"]}]},{\"@type\":\"BreadcrumbList\",\"@id\":\"https:\/\/www.ladiagonale.net\/index.php\/2023\/01\/07\/eviter-le-piege\/#breadcrumb\",\"itemListElement\":[{\"@type\":\"ListItem\",\"position\":1,\"name\":\"Accueil\",\"item\":\"https:\/\/www.ladiagonale.net\/\"},{\"@type\":\"ListItem\",\"position\":2,\"name\":\"\u00c9viter le pi\u00e8ge\"}]},{\"@type\":\"WebSite\",\"@id\":\"https:\/\/www.ladiagonale.net\/#website\",\"url\":\"https:\/\/www.ladiagonale.net\/\",\"name\":\"La Diagonale\",\"description\":\"Le site des supporters de l&#039;AS Monaco FC\",\"potentialAction\":[{\"@type\":\"SearchAction\",\"target\":{\"@type\":\"EntryPoint\",\"urlTemplate\":\"https:\/\/www.ladiagonale.net\/?s={search_term_string}\"},\"query-input\":\"required name=search_term_string\"}],\"inLanguage\":\"fr-FR\"},{\"@type\":\"Person\",\"@id\":\"https:\/\/www.ladiagonale.net\/#\/schema\/person\/79ff1e7b0853ed01b2aa26e64ad300bf\",\"name\":\"Damien Dellerba\",\"image\":{\"@type\":\"ImageObject\",\"inLanguage\":\"fr-FR\",\"@id\":\"https:\/\/www.ladiagonale.net\/#\/schema\/person\/image\/\",\"url\":\"https:\/\/secure.gravatar.com\/avatar\/c7850e06d3ff63cdbaee88b7fc16e2f0?s=96&d=mm&r=g\",\"contentUrl\":\"https:\/\/secure.gravatar.com\/avatar\/c7850e06d3ff63cdbaee88b7fc16e2f0?s=96&d=mm&r=g\",\"caption\":\"Damien Dellerba\"},\"url\":\"https:\/\/www.ladiagonale.net\/index.php\/author\/damien\/\"}]}<\/script>\n<!-- \/ Yoast SEO plugin. -->","yoast_head_json":{"title":"\u00c9viter le pi\u00e8ge - La Diagonale","robots":{"index":"index","follow":"follow","max-snippet":"max-snippet:-1","max-image-preview":"max-image-preview:large","max-video-preview":"max-video-preview:-1"},"canonical":"https:\/\/www.ladiagonale.net\/index.php\/2023\/01\/07\/eviter-le-piege\/","og_locale":"fr_FR","og_type":"article","og_title":"\u00c9viter le pi\u00e8ge - La Diagonale","og_description":"Ce samedi (18h), Monaco va d\u00e9buter son aventure en Coupe de France contre Rodez pour les 32es de finale et l\u2019entr\u00e9e en lice des clubs de l\u2019\u00e9lite. Une comp\u00e9tition que l&rsquo;ASM n&rsquo;a plus remport\u00e9e depuis trois d\u00e9cennies. Une \u00e9ternit\u00e9. FORME ET ENJEUX \u201cLa vieille dame\u201d, c&rsquo;est une parenth\u00e8se toujours bienvenue, celle qui suit habituellement la [...]","og_url":"https:\/\/www.ladiagonale.net\/index.php\/2023\/01\/07\/eviter-le-piege\/","og_site_name":"La Diagonale","article_published_time":"2023-01-07T07:30:54+00:00","article_modified_time":"2023-01-07T07:36:09+00:00","og_image":[{"width":1160,"height":650,"url":"https:\/\/www.ladiagonale.net\/wp-content\/uploads\/2022\/11\/maripan2.png","type":"image\/png"}],"author":"Damien Dellerba","twitter_card":"summary_large_image","twitter_misc":{"\u00c9crit par":"Damien Dellerba","Dur\u00e9e de lecture estim\u00e9e":"5 minutes"},"schema":{"@context":"https:\/\/schema.org","@graph":[{"@type":"WebPage","@id":"https:\/\/www.ladiagonale.net\/index.php\/2023\/01\/07\/eviter-le-piege\/","url":"https:\/\/www.ladiagonale.net\/index.php\/2023\/01\/07\/eviter-le-piege\/","name":"\u00c9viter le pi\u00e8ge - La Diagonale","isPartOf":{"@id":"https:\/\/www.ladiagonale.net\/#website"},"datePublished":"2023-01-07T07:30:54+00:00","dateModified":"2023-01-07T07:36:09+00:00","author":{"@id":"https:\/\/www.ladiagonale.net\/#\/schema\/person\/79ff1e7b0853ed01b2aa26e64ad300bf"},"breadcrumb":{"@id":"https:\/\/www.ladiagonale.net\/index.php\/2023\/01\/07\/eviter-le-piege\/#breadcrumb"},"inLanguage":"fr-FR","potentialAction":[{"@type":"ReadAction","target":["https:\/\/www.ladiagonale.net\/index.php\/2023\/01\/07\/eviter-le-piege\/"]}]},{"@type":"BreadcrumbList","@id":"https:\/\/www.ladiagonale.net\/index.php\/2023\/01\/07\/eviter-le-piege\/#breadcrumb","itemListElement":[{"@type":"ListItem","position":1,"name":"Accueil","item":"https:\/\/www.ladiagonale.net\/"},{"@type":"ListItem","position":2,"name":"\u00c9viter le pi\u00e8ge"}]},{"@type":"WebSite","@id":"https:\/\/www.ladiagonale.net\/#website","url":"https:\/\/www.ladiagonale.net\/","name":"La Diagonale","description":"Le site des supporters de l&#039;AS Monaco FC","potentialAction":[{"@type":"SearchAction","target":{"@type":"EntryPoint","urlTemplate":"https:\/\/www.ladiagonale.net\/?s={search_term_string}"},"query-input":"required name=search_term_string"}],"inLanguage":"fr-FR"},{"@type":"Person","@id":"https:\/\/www.ladiagonale.net\/#\/schema\/person\/79ff1e7b0853ed01b2aa26e64ad300bf","name":"Damien Dellerba","image":{"@type":"ImageObject","inLanguage":"fr-FR","@id":"https:\/\/www.ladiagonale.net\/#\/schema\/person\/image\/","url":"https:\/\/secure.gravatar.com\/avatar\/c7850e06d3ff63cdbaee88b7fc16e2f0?s=96&d=mm&r=g","contentUrl":"https:\/\/secure.gravatar.com\/avatar\/c7850e06d3ff63cdbaee88b7fc16e2f0?s=96&d=mm&r=g","caption":"Damien Dellerba"},"url":"https:\/\/www.ladiagonale.net\/index.php\/author\/damien\/"}]}},"_links":{"self":[{"href":"https:\/\/www.ladiagonale.net\/index.php\/wp-json\/wp\/v2\/posts\/8175"}],"collection":[{"href":"https:\/\/www.ladiagonale.net\/index.php\/wp-json\/wp\/v2\/posts"}],"about":[{"href":"https:\/\/www.ladiagonale.net\/index.php\/wp-json\/wp\/v2\/types\/post"}],"author":[{"embeddable":true,"href":"https:\/\/www.ladiagonale.net\/index.php\/wp-json\/wp\/v2\/users\/2"}],"replies":[{"embeddable":true,"href":"https:\/\/www.ladiagonale.net\/index.php\/wp-json\/wp\/v2\/comments?post=8175"}],"version-history":[{"count":3,"href":"https:\/\/www.ladiagonale.net\/index.php\/wp-json\/wp\/v2\/posts\/8175\/revisions"}],"predecessor-version":[{"id":8179,"href":"https:\/\/www.ladiagonale.net\/index.php\/wp-json\/wp\/v2\/posts\/8175\/revisions\/8179"}],"wp:featuredmedia":[{"embeddable":true,"href":"https:\/\/www.ladiagonale.net\/index.php\/wp-json\/wp\/v2\/media\/6345"}],"wp:attachment":[{"href":"https:\/\/www.ladiagonale.net\/index.php\/wp-json\/wp\/v2\/media?parent=8175"}],"wp:term":[{"taxonomy":"category","embeddable":true,"href":"https:\/\/www.ladiagonale.net\/index.php\/wp-json\/wp\/v2\/categories?post=8175"},{"taxonomy":"post_tag","embeddable":true,"href":"https:\/\/www.ladiagonale.net\/index.php\/wp-json\/wp\/v2\/tags?post=8175"}],"curies":[{"name":"wp","href":"https:\/\/api.w.org\/{rel}","templated":true}]}}