{"id":8183,"date":"2023-01-07T16:49:18","date_gmt":"2023-01-07T15:49:18","guid":{"rendered":"https:\/\/www.ladiagonale.net\/?p=8183"},"modified":"2023-01-07T16:49:21","modified_gmt":"2023-01-07T15:49:21","slug":"sur-quelle-chaine-regarder-monaco-rodez","status":"publish","type":"post","link":"https:\/\/www.ladiagonale.net\/index.php\/2023\/01\/07\/sur-quelle-chaine-regarder-monaco-rodez\/","title":{"rendered":"Sur quelle cha\u00eene regarder Monaco-Rodez ?"},"content":{"rendered":"\n\n\n<p>L&rsquo;AS Monaco effectue son entr\u00e9e en lice en Coupe de France ce samedi (18h) avec la r\u00e9ception de Rodez, dans le cadre des 32<sup>es<\/sup> de finale. La rencontre sera retransmise \u00e0 partir de 18h sur <em>beIN Sports<\/em> 6 et comment\u00e9e par Cl\u00e9ment Gr\u00e8zes. Un avant-match consacr\u00e9 \u00e0 toutes les affiches sera propos\u00e9 par la cha\u00eene sur <em>beIN Sports<\/em> 1 d\u00e8s 17h30.<\/p>\n\n\n\n<p><em>BeIN Sports<\/em> a <a href=\"https:\/\/www.ladiagonale.net\/index.php\/2022\/12\/05\/bein-sports-diffusera-la-coupe-de-france-avec-france-televisions\/\">r\u00e9cemment acquis les droits<\/a> pour la diffusion de la Coupe de France aux c\u00f4t\u00e9s de France T\u00e9l\u00e9visions, et ce pour les quatre prochaines ann\u00e9es.<\/p>\n\n\n\n<p>Source : <a href=\"https:\/\/twitter.com\/EnPleineLucarne\">En Pleine Lucarne<\/a><\/p>\n","protected":false},"excerpt":{"rendered":"<p>L&rsquo;AS Monaco effectue son entr\u00e9e en lice en Coupe de France ce samedi (18h) avec la r\u00e9ception de Rodez, dans le cadre des 32es de finale. La rencontre sera retransmise \u00e0 partir de 18h sur beIN Sports 6 et comment\u00e9e par Cl\u00e9ment Gr\u00e8zes. Un avant-match consacr\u00e9 \u00e0 toutes les affiches sera propos\u00e9 par la cha\u00eene [&#8230;]\n","protected":false},"author":2,"featured_media":0,"comment_status":"open","ping_status":"open","sticky":false,"template":"","format":"standard","meta":[],"categories":[6],"tags":[86,232,235,339],"yoast_head":"<!-- This site is optimized with the Yoast SEO plugin v19.8 - https:\/\/yoast.com\/wordpress\/plugins\/seo\/ -->\n<title>Sur quelle cha\u00eene regarder Monaco-Rodez ? - La Diagonale<\/title>\n<meta name=\"robots\" content=\"index, follow, max-snippet:-1, max-image-preview:large, max-video-preview:-1\" \/>\n<link rel=\"canonical\" href=\"https:\/\/www.ladiagonale.net\/index.php\/2023\/01\/07\/sur-quelle-chaine-regarder-monaco-rodez\/\" \/>\n<meta property=\"og:locale\" content=\"fr_FR\" \/>\n<meta property=\"og:type\" content=\"article\" \/>\n<meta property=\"og:title\" content=\"Sur quelle cha\u00eene regarder Monaco-Rodez ? - La Diagonale\" \/>\n<meta property=\"og:description\" content=\"L&rsquo;AS Monaco effectue son entr\u00e9e en lice en Coupe de France ce samedi (18h) avec la r\u00e9ception de Rodez, dans le cadre des 32es de finale. La rencontre sera retransmise \u00e0 partir de 18h sur beIN Sports 6 et comment\u00e9e par Cl\u00e9ment Gr\u00e8zes. Un avant-match consacr\u00e9 \u00e0 toutes les affiches sera propos\u00e9 par la cha\u00eene [...]\" \/>\n<meta property=\"og:url\" content=\"https:\/\/www.ladiagonale.net\/index.php\/2023\/01\/07\/sur-quelle-chaine-regarder-monaco-rodez\/\" \/>\n<meta property=\"og:site_name\" content=\"La Diagonale\" \/>\n<meta property=\"article:published_time\" content=\"2023-01-07T15:49:18+00:00\" \/>\n<meta property=\"article:modified_time\" content=\"2023-01-07T15:49:21+00:00\" \/>\n<meta property=\"og:image\" content=\"https:\/\/www.ladiagonale.net\/wp-content\/uploads\/2023\/01\/bein.png\" \/>\n\t<meta property=\"og:image:width\" content=\"1160\" \/>\n\t<meta property=\"og:image:height\" content=\"650\" \/>\n\t<meta property=\"og:image:type\" content=\"image\/png\" \/>\n<meta name=\"author\" content=\"Damien Dellerba\" \/>\n<meta name=\"twitter:card\" content=\"summary_large_image\" \/>\n<meta name=\"twitter:image\" content=\"https:\/\/www.ladiagonale.net\/wp-content\/uploads\/2023\/01\/bein.png\" \/>\n<meta name=\"twitter:label1\" content=\"\u00c9crit par\" \/>\n\t<meta name=\"twitter:data1\" content=\"Damien Dellerba\" \/>\n\t<meta name=\"twitter:label2\" content=\"Dur\u00e9e de lecture estim\u00e9e\" \/>\n\t<meta name=\"twitter:data2\" content=\"1 minute\" \/>\n<script type=\"application\/ld+json\" class=\"yoast-schema-graph\">{\"@context\":\"https:\/\/schema.org\",\"@graph\":[{\"@type\":\"WebPage\",\"@id\":\"https:\/\/www.ladiagonale.net\/index.php\/2023\/01\/07\/sur-quelle-chaine-regarder-monaco-rodez\/\",\"url\":\"https:\/\/www.ladiagonale.net\/index.php\/2023\/01\/07\/sur-quelle-chaine-regarder-monaco-rodez\/\",\"name\":\"Sur quelle cha\u00eene regarder Monaco-Rodez ? - La Diagonale\",\"isPartOf\":{\"@id\":\"https:\/\/www.ladiagonale.net\/#website\"},\"datePublished\":\"2023-01-07T15:49:18+00:00\",\"dateModified\":\"2023-01-07T15:49:21+00:00\",\"author\":{\"@id\":\"https:\/\/www.ladiagonale.net\/#\/schema\/person\/79ff1e7b0853ed01b2aa26e64ad300bf\"},\"breadcrumb\":{\"@id\":\"https:\/\/www.ladiagonale.net\/index.php\/2023\/01\/07\/sur-quelle-chaine-regarder-monaco-rodez\/#breadcrumb\"},\"inLanguage\":\"fr-FR\",\"potentialAction\":[{\"@type\":\"ReadAction\",\"target\":[\"https:\/\/www.ladiagonale.net\/index.php\/2023\/01\/07\/sur-quelle-chaine-regarder-monaco-rodez\/\"]}]},{\"@type\":\"BreadcrumbList\",\"@id\":\"https:\/\/www.ladiagonale.net\/index.php\/2023\/01\/07\/sur-quelle-chaine-regarder-monaco-rodez\/#breadcrumb\",\"itemListElement\":[{\"@type\":\"ListItem\",\"position\":1,\"name\":\"Accueil\",\"item\":\"https:\/\/www.ladiagonale.net\/\"},{\"@type\":\"ListItem\",\"position\":2,\"name\":\"Sur quelle cha\u00eene regarder Monaco-Rodez ?\"}]},{\"@type\":\"WebSite\",\"@id\":\"https:\/\/www.ladiagonale.net\/#website\",\"url\":\"https:\/\/www.ladiagonale.net\/\",\"name\":\"La Diagonale\",\"description\":\"Le site des supporters de l&#039;AS Monaco FC\",\"potentialAction\":[{\"@type\":\"SearchAction\",\"target\":{\"@type\":\"EntryPoint\",\"urlTemplate\":\"https:\/\/www.ladiagonale.net\/?s={search_term_string}\"},\"query-input\":\"required name=search_term_string\"}],\"inLanguage\":\"fr-FR\"},{\"@type\":\"Person\",\"@id\":\"https:\/\/www.ladiagonale.net\/#\/schema\/person\/79ff1e7b0853ed01b2aa26e64ad300bf\",\"name\":\"Damien Dellerba\",\"image\":{\"@type\":\"ImageObject\",\"inLanguage\":\"fr-FR\",\"@id\":\"https:\/\/www.ladiagonale.net\/#\/schema\/person\/image\/\",\"url\":\"https:\/\/secure.gravatar.com\/avatar\/c7850e06d3ff63cdbaee88b7fc16e2f0?s=96&d=mm&r=g\",\"contentUrl\":\"https:\/\/secure.gravatar.com\/avatar\/c7850e06d3ff63cdbaee88b7fc16e2f0?s=96&d=mm&r=g\",\"caption\":\"Damien Dellerba\"},\"url\":\"https:\/\/www.ladiagonale.net\/index.php\/author\/damien\/\"}]}<\/script>\n<!-- \/ Yoast SEO plugin. -->","yoast_head_json":{"title":"Sur quelle cha\u00eene regarder Monaco-Rodez ? - La Diagonale","robots":{"index":"index","follow":"follow","max-snippet":"max-snippet:-1","max-image-preview":"max-image-preview:large","max-video-preview":"max-video-preview:-1"},"canonical":"https:\/\/www.ladiagonale.net\/index.php\/2023\/01\/07\/sur-quelle-chaine-regarder-monaco-rodez\/","og_locale":"fr_FR","og_type":"article","og_title":"Sur quelle cha\u00eene regarder Monaco-Rodez ? - La Diagonale","og_description":"L&rsquo;AS Monaco effectue son entr\u00e9e en lice en Coupe de France ce samedi (18h) avec la r\u00e9ception de Rodez, dans le cadre des 32es de finale. La rencontre sera retransmise \u00e0 partir de 18h sur beIN Sports 6 et comment\u00e9e par Cl\u00e9ment Gr\u00e8zes. Un avant-match consacr\u00e9 \u00e0 toutes les affiches sera propos\u00e9 par la cha\u00eene [...]","og_url":"https:\/\/www.ladiagonale.net\/index.php\/2023\/01\/07\/sur-quelle-chaine-regarder-monaco-rodez\/","og_site_name":"La Diagonale","article_published_time":"2023-01-07T15:49:18+00:00","article_modified_time":"2023-01-07T15:49:21+00:00","og_image":[{"width":1160,"height":650,"url":"https:\/\/www.ladiagonale.net\/wp-content\/uploads\/2023\/01\/bein.png","type":"image\/png"}],"author":"Damien Dellerba","twitter_card":"summary_large_image","twitter_image":"https:\/\/www.ladiagonale.net\/wp-content\/uploads\/2023\/01\/bein.png","twitter_misc":{"\u00c9crit par":"Damien Dellerba","Dur\u00e9e de lecture estim\u00e9e":"1 minute"},"schema":{"@context":"https:\/\/schema.org","@graph":[{"@type":"WebPage","@id":"https:\/\/www.ladiagonale.net\/index.php\/2023\/01\/07\/sur-quelle-chaine-regarder-monaco-rodez\/","url":"https:\/\/www.ladiagonale.net\/index.php\/2023\/01\/07\/sur-quelle-chaine-regarder-monaco-rodez\/","name":"Sur quelle cha\u00eene regarder Monaco-Rodez ? - La Diagonale","isPartOf":{"@id":"https:\/\/www.ladiagonale.net\/#website"},"datePublished":"2023-01-07T15:49:18+00:00","dateModified":"2023-01-07T15:49:21+00:00","author":{"@id":"https:\/\/www.ladiagonale.net\/#\/schema\/person\/79ff1e7b0853ed01b2aa26e64ad300bf"},"breadcrumb":{"@id":"https:\/\/www.ladiagonale.net\/index.php\/2023\/01\/07\/sur-quelle-chaine-regarder-monaco-rodez\/#breadcrumb"},"inLanguage":"fr-FR","potentialAction":[{"@type":"ReadAction","target":["https:\/\/www.ladiagonale.net\/index.php\/2023\/01\/07\/sur-quelle-chaine-regarder-monaco-rodez\/"]}]},{"@type":"BreadcrumbList","@id":"https:\/\/www.ladiagonale.net\/index.php\/2023\/01\/07\/sur-quelle-chaine-regarder-monaco-rodez\/#breadcrumb","itemListElement":[{"@type":"ListItem","position":1,"name":"Accueil","item":"https:\/\/www.ladiagonale.net\/"},{"@type":"ListItem","position":2,"name":"Sur quelle cha\u00eene regarder Monaco-Rodez ?"}]},{"@type":"WebSite","@id":"https:\/\/www.ladiagonale.net\/#website","url":"https:\/\/www.ladiagonale.net\/","name":"La Diagonale","description":"Le site des supporters de l&#039;AS Monaco FC","potentialAction":[{"@type":"SearchAction","target":{"@type":"EntryPoint","urlTemplate":"https:\/\/www.ladiagonale.net\/?s={search_term_string}"},"query-input":"required name=search_term_string"}],"inLanguage":"fr-FR"},{"@type":"Person","@id":"https:\/\/www.ladiagonale.net\/#\/schema\/person\/79ff1e7b0853ed01b2aa26e64ad300bf","name":"Damien Dellerba","image":{"@type":"ImageObject","inLanguage":"fr-FR","@id":"https:\/\/www.ladiagonale.net\/#\/schema\/person\/image\/","url":"https:\/\/secure.gravatar.com\/avatar\/c7850e06d3ff63cdbaee88b7fc16e2f0?s=96&d=mm&r=g","contentUrl":"https:\/\/secure.gravatar.com\/avatar\/c7850e06d3ff63cdbaee88b7fc16e2f0?s=96&d=mm&r=g","caption":"Damien Dellerba"},"url":"https:\/\/www.ladiagonale.net\/index.php\/author\/damien\/"}]}},"_links":{"self":[{"href":"https:\/\/www.ladiagonale.net\/index.php\/wp-json\/wp\/v2\/posts\/8183"}],"collection":[{"href":"https:\/\/www.ladiagonale.net\/index.php\/wp-json\/wp\/v2\/posts"}],"about":[{"href":"https:\/\/www.ladiagonale.net\/index.php\/wp-json\/wp\/v2\/types\/post"}],"author":[{"embeddable":true,"href":"https:\/\/www.ladiagonale.net\/index.php\/wp-json\/wp\/v2\/users\/2"}],"replies":[{"embeddable":true,"href":"https:\/\/www.ladiagonale.net\/index.php\/wp-json\/wp\/v2\/comments?post=8183"}],"version-history":[{"count":2,"href":"https:\/\/www.ladiagonale.net\/index.php\/wp-json\/wp\/v2\/posts\/8183\/revisions"}],"predecessor-version":[{"id":8191,"href":"https:\/\/www.ladiagonale.net\/index.php\/wp-json\/wp\/v2\/posts\/8183\/revisions\/8191"}],"wp:attachment":[{"href":"https:\/\/www.ladiagonale.net\/index.php\/wp-json\/wp\/v2\/media?parent=8183"}],"wp:term":[{"taxonomy":"category","embeddable":true,"href":"https:\/\/www.ladiagonale.net\/index.php\/wp-json\/wp\/v2\/categories?post=8183"},{"taxonomy":"post_tag","embeddable":true,"href":"https:\/\/www.ladiagonale.net\/index.php\/wp-json\/wp\/v2\/tags?post=8183"}],"curies":[{"name":"wp","href":"https:\/\/api.w.org\/{rel}","templated":true}]}}