{"id":8185,"date":"2023-01-07T13:23:04","date_gmt":"2023-01-07T12:23:04","guid":{"rendered":"https:\/\/www.ladiagonale.net\/?p=8185"},"modified":"2023-01-07T13:23:07","modified_gmt":"2023-01-07T12:23:07","slug":"didillon-au-service-du-groupe","status":"publish","type":"post","link":"https:\/\/www.ladiagonale.net\/index.php\/2023\/01\/07\/didillon-au-service-du-groupe\/","title":{"rendered":"Didillon, au service du groupe"},"content":{"rendered":"\n\n\n<p><strong>Ce samedi, Thomas Didillon devrait faire ses premiers pas en match officiel avec l\u2019AS Monaco face \u00e0 Rodez. Si le gardien de 27 ans n\u2019a pas encore disput\u00e9 la moindre minute cette saison, c\u2019est parce que la hi\u00e9rarchie des gardiens est bien d\u00e9finie et que celle-ci ne lui permet pas de pr\u00e9tendre \u00e0 la place de num\u00e9ro un, d\u00e9volue \u00e0 Alexander N\u00fcbel. Un r\u00f4le de doublure dont l\u2019ancien messin s\u2019accommode parfaitement, d\u2019autant que son apport \u00e0 l&rsquo;ASM se fait plut\u00f4t dans l\u2019ombre.<\/strong><\/p>\n\n\n\n<p>Form\u00e9 au FC Metz, Thomas Didillon a sans doute eu le club de la Principaut\u00e9 en horreur pendant quelques temps, apr\u00e8s en avoir \u00e9t\u00e9 la victime pr\u00e9f\u00e9r\u00e9e lors de sa premi\u00e8re saison dans l&rsquo;\u00e9lite. En 2016-2017, le natif de S\u00e9clain avait en effet encaiss\u00e9 12 buts en deux matchs et aucun autre gardien n&rsquo;avait fait pire cette saison-l\u00e0. Depuis, de l&rsquo;eau a coul\u00e9 sous les ponts et Didillon est devenu une valeur s\u00fbre, notamment dans le championnat belge. Apr\u00e8s deux saisons \u00e0 Anderlecht et une autre en pr\u00eat \u00e0 Genk, il rejoint le Cercle Bruges en 2020 alors que son nom \u00e9tait un temps \u00e9voqu\u00e9 pour venir garnir les rangs as\u00e9mistes.<\/p>\n\n\n\n<p>Cela aura pris un peu plus de temps que pr\u00e9vu mais c&rsquo;est finalement arriv\u00e9 et sans doute pas de la m\u00eame mani\u00e8re dont cela aurait pu \u00eatre envisag\u00e9 deux ans plus t\u00f4t. Pr\u00eat\u00e9 par le Cercle Bruges, club satellite de l&rsquo;ASM, Thomas Didillon a accept\u00e9 de jouer les lieutenants et les co\u00e9quipiers mod\u00e8les pour cette saison. Pr\u00e9sent \u00e0 la reprise de l&rsquo;entra\u00eenement en juin, il a finalement convaincu le staff et les dirigeants de le conserver apr\u00e8s un mois au contact du groupe : \u00ab <em>Avant son stage, nous avions cette id\u00e9e dans la t\u00eate mais nous voulions voir comment il se sentait ici et s&rsquo;entendait avec les joueurs et le vestiaire<\/em> \u00bb, a affirm\u00e9 Philippe Clement.<\/p>\n\n\n\n<h4 class=\"has-vivid-red-color has-text-color\" style=\"font-style:normal;font-weight:400;text-transform:uppercase\">PAS L\u00c0 POUR CONCURRENCER N\u00dcBEL&nbsp;<\/h4>\n\n\n\n<p>Si l\u2019on \u00e9coute l\u2019entra\u00eeneur flamand, la situation des gardiens de buts semblait plus complexe \u00e0 g\u00e9rer la saison pass\u00e9e : \u00ab <em>Nous avions trois gardiens qui voulaient \u00eatre num\u00e9ro un et qui l&rsquo;\u00e9taient dans leurs t\u00eates. (&#8230;) C&rsquo;\u00e9tait une bonne concurrence avec du respect mais pour les deux qui ne jouaient pas, c&rsquo;\u00e9tait plus compliqu\u00e9. Ils avaient de plus grandes ambitions.<\/em> \u00bb \u00c0 l&rsquo;intersaison, le probl\u00e8me a \u00e9t\u00e9 r\u00e9gl\u00e9 puisque Vito Mannone, en fin de contrat, a quitt\u00e9 le club, tandis que Radoslaw Majecki a fait le trajet inverse de Thomas Didillon pour \u00eatre install\u00e9 comme num\u00e9ro un au Cercle Bruges.\u00a0<\/p>\n\n\n\n<p>Le test a donc \u00e9t\u00e9 concluant pour l\u2019ancien international Espoirs et sa pr\u00e9sence permet au staff d\u2019avoir une gestion du groupe des gardiens plus saine avec des statuts clairement identifi\u00e9s. Pour Didillon, c\u2019est donc celui de num\u00e9ro deux : \u00ab <em>C\u2019est tr\u00e8s sp\u00e9cifique. Il y en a qui font \u00e7a toute leur carri\u00e8re, <\/em>a expliqu\u00e9 Clement.<em> Pour nous, c&rsquo;\u00e9tait important d&rsquo;avoir des joueurs exp\u00e9riment\u00e9s dans ce vestiaire, pour aider les jeunes joueurs de par leur exp\u00e9rience et leur professionnalisme en \u00e9tant un leader. Pour l&rsquo;instant, il a prouv\u00e9 tout ce qu&rsquo;il pouvait apporter \u00e0 l&rsquo;\u00e9quipe. <\/em>\u00bb<\/p>\n\n\n\n<p>Et des propos m\u00eames de l&rsquo;int\u00e9ress\u00e9, il s&rsquo;adapte tr\u00e8s bien \u00e0 son nouveau r\u00f4le : \u00ab <em>C&rsquo;est pour cela que je suis venu, pour pousser Alex (N\u00fcbel) \u00e0 son meilleur niveau et continuer \u00e0 d\u00e9velopper Yann (Lienard) qui a fait de gros progr\u00e8s ces derniers mois. J&rsquo;aime bien me voir comme le catalyseur qui tire le meilleur de tout le monde et \u00e7a me sert car je sens que j&rsquo;ai progress\u00e9 moi aussi. Avec Fr\u00e9d\u00e9ric De Boever (l\u2019entra\u00eeneur des gardiens, ndlr) on a une vraie symbiose, c&rsquo;est quelque chose d&rsquo;assez unique que je n&rsquo;ai pas beaucoup rencontr\u00e9 dans ma carri\u00e8re.<\/em> \u00bb<\/p>\n\n\n\n<h4 class=\"has-vivid-red-color has-text-color\" style=\"font-style:normal;font-weight:400;text-transform:uppercase\">UN APPORT QUI VA AU-DEL\u00c0 DU TERRAIN<\/h4>\n\n\n\n<p>C\u2019est donc hors du terrain que la pr\u00e9sence de Didillon s\u2019affirme pleinement. Celui qui envisageait de devenir m\u00e9decin ou chirurgien et qui notamment obtenu son bac scientifique avec mention, n\u2019a rien perdu de son sens de l\u2019empathie pour le mettre \u00e0 disposition de ses co\u00e9quipiers, avec Alexander N\u00fcbel notamment : \u00ab <em>Je ne suis pas l\u00e0 pour le mettre mal \u00e0 l\u2019aise mais pour le mettre dans les meilleures conditions. (&#8230;) Mon r\u00f4le s\u2019arr\u00eate l\u00e0 mais s\u2019il venait \u00e0 \u00eatre perturb\u00e9, je discuterai avec lui pour lui apporter mon soutien en tant que coll\u00e8gue.<\/em> \u00bb. Ce que Philippe Clement a confirm\u00e9 \u00e0 son tour : \u00ab <em>Il y a aussi l&rsquo;id\u00e9e de laisser grandir Alex.<\/em> \u00bb<\/p>\n\n\n\n<p>Le gardien de 27 ans sait que son r\u00f4le l&rsquo;oblige \u00e0 se tenir pr\u00eat \u00e0 tout moment pour remplacer au pied lev\u00e9 le titulaire du poste, mais en attendant, il assume d&rsquo;\u00eatre un relais pr\u00e9cieux et privil\u00e9gi\u00e9 pour le technicien belge : \u00ab <em>Dans une plus large mesure, j&rsquo;essaie de sonder les atmosph\u00e8res, les \u00e9tats d&rsquo;esprit, les frustrations, et faire en sorte que tout le monde puisse donner le meilleur de soi-m\u00eame dans les meilleures conditions lorsque le coach fait appel \u00e0 tel ou tel joueur.<\/em> \u00bb<\/p>\n\n\n\n<p>Si Monaco a engag\u00e9 deux psychologues r\u00e9cemment afin d\u2019am\u00e9liorer l\u2019accompagnement des joueurs, Thomas Didillon per\u00e7oit son r\u00f4le comme compl\u00e9mentaire gr\u00e2ce \u00e0 son v\u00e9cu : \u00ab <em>Je ne suis pas psychologue \u00e0 plein-temps mais je suis persuad\u00e9 que mon exp\u00e9rience peut avoir un impact sur de jeunes joueurs. Le ressenti du v\u00e9cu est important pour eux et c&rsquo;est un plaisir de le faire car ce sont tous de bons mecs. Parfois, ils ont juste besoin d\u2019entendre les bons mots.<\/em> \u00bb Contre Rodez, c\u2019est lui qui sera sous les feux des projecteurs et ce sera pour une fois \u00e0 d\u2019autres de trouver les bons mots.\u00a0<\/p>\n","protected":false},"excerpt":{"rendered":"<p>Ce samedi, Thomas Didillon devrait faire ses premiers pas en match officiel avec l\u2019AS Monaco face \u00e0 Rodez. Si le gardien de 27 ans n\u2019a pas encore disput\u00e9 la moindre minute cette saison, c\u2019est parce que la hi\u00e9rarchie des gardiens est bien d\u00e9finie et que celle-ci ne lui permet pas de pr\u00e9tendre \u00e0 la place [&#8230;]\n","protected":false},"author":2,"featured_media":8157,"comment_status":"open","ping_status":"open","sticky":false,"template":"","format":"standard","meta":[],"categories":[5,6],"tags":[86,193],"yoast_head":"<!-- This site is optimized with the Yoast SEO plugin v19.8 - https:\/\/yoast.com\/wordpress\/plugins\/seo\/ -->\n<title>Didillon, au service du groupe - La Diagonale<\/title>\n<meta name=\"robots\" content=\"index, follow, max-snippet:-1, max-image-preview:large, max-video-preview:-1\" \/>\n<link rel=\"canonical\" href=\"https:\/\/www.ladiagonale.net\/index.php\/2023\/01\/07\/didillon-au-service-du-groupe\/\" \/>\n<meta property=\"og:locale\" content=\"fr_FR\" \/>\n<meta property=\"og:type\" content=\"article\" \/>\n<meta property=\"og:title\" content=\"Didillon, au service du groupe - La Diagonale\" \/>\n<meta property=\"og:description\" content=\"Ce samedi, Thomas Didillon devrait faire ses premiers pas en match officiel avec l\u2019AS Monaco face \u00e0 Rodez. Si le gardien de 27 ans n\u2019a pas encore disput\u00e9 la moindre minute cette saison, c\u2019est parce que la hi\u00e9rarchie des gardiens est bien d\u00e9finie et que celle-ci ne lui permet pas de pr\u00e9tendre \u00e0 la place [...]\" \/>\n<meta property=\"og:url\" content=\"https:\/\/www.ladiagonale.net\/index.php\/2023\/01\/07\/didillon-au-service-du-groupe\/\" \/>\n<meta property=\"og:site_name\" content=\"La Diagonale\" \/>\n<meta property=\"article:published_time\" content=\"2023-01-07T12:23:04+00:00\" \/>\n<meta property=\"article:modified_time\" content=\"2023-01-07T12:23:07+00:00\" \/>\n<meta property=\"og:image\" content=\"https:\/\/www.ladiagonale.net\/wp-content\/uploads\/2023\/01\/didillon2.png\" \/>\n\t<meta property=\"og:image:width\" content=\"1160\" \/>\n\t<meta property=\"og:image:height\" content=\"650\" \/>\n\t<meta property=\"og:image:type\" content=\"image\/png\" \/>\n<meta name=\"author\" content=\"Damien Dellerba\" \/>\n<meta name=\"twitter:card\" content=\"summary_large_image\" \/>\n<meta name=\"twitter:label1\" content=\"\u00c9crit par\" \/>\n\t<meta name=\"twitter:data1\" content=\"Damien Dellerba\" \/>\n\t<meta name=\"twitter:label2\" content=\"Dur\u00e9e de lecture estim\u00e9e\" \/>\n\t<meta name=\"twitter:data2\" content=\"5 minutes\" \/>\n<script type=\"application\/ld+json\" class=\"yoast-schema-graph\">{\"@context\":\"https:\/\/schema.org\",\"@graph\":[{\"@type\":\"WebPage\",\"@id\":\"https:\/\/www.ladiagonale.net\/index.php\/2023\/01\/07\/didillon-au-service-du-groupe\/\",\"url\":\"https:\/\/www.ladiagonale.net\/index.php\/2023\/01\/07\/didillon-au-service-du-groupe\/\",\"name\":\"Didillon, au service du groupe - La Diagonale\",\"isPartOf\":{\"@id\":\"https:\/\/www.ladiagonale.net\/#website\"},\"datePublished\":\"2023-01-07T12:23:04+00:00\",\"dateModified\":\"2023-01-07T12:23:07+00:00\",\"author\":{\"@id\":\"https:\/\/www.ladiagonale.net\/#\/schema\/person\/79ff1e7b0853ed01b2aa26e64ad300bf\"},\"breadcrumb\":{\"@id\":\"https:\/\/www.ladiagonale.net\/index.php\/2023\/01\/07\/didillon-au-service-du-groupe\/#breadcrumb\"},\"inLanguage\":\"fr-FR\",\"potentialAction\":[{\"@type\":\"ReadAction\",\"target\":[\"https:\/\/www.ladiagonale.net\/index.php\/2023\/01\/07\/didillon-au-service-du-groupe\/\"]}]},{\"@type\":\"BreadcrumbList\",\"@id\":\"https:\/\/www.ladiagonale.net\/index.php\/2023\/01\/07\/didillon-au-service-du-groupe\/#breadcrumb\",\"itemListElement\":[{\"@type\":\"ListItem\",\"position\":1,\"name\":\"Accueil\",\"item\":\"https:\/\/www.ladiagonale.net\/\"},{\"@type\":\"ListItem\",\"position\":2,\"name\":\"Didillon, au service du groupe\"}]},{\"@type\":\"WebSite\",\"@id\":\"https:\/\/www.ladiagonale.net\/#website\",\"url\":\"https:\/\/www.ladiagonale.net\/\",\"name\":\"La Diagonale\",\"description\":\"Le site des supporters de l&#039;AS Monaco FC\",\"potentialAction\":[{\"@type\":\"SearchAction\",\"target\":{\"@type\":\"EntryPoint\",\"urlTemplate\":\"https:\/\/www.ladiagonale.net\/?s={search_term_string}\"},\"query-input\":\"required name=search_term_string\"}],\"inLanguage\":\"fr-FR\"},{\"@type\":\"Person\",\"@id\":\"https:\/\/www.ladiagonale.net\/#\/schema\/person\/79ff1e7b0853ed01b2aa26e64ad300bf\",\"name\":\"Damien Dellerba\",\"image\":{\"@type\":\"ImageObject\",\"inLanguage\":\"fr-FR\",\"@id\":\"https:\/\/www.ladiagonale.net\/#\/schema\/person\/image\/\",\"url\":\"https:\/\/secure.gravatar.com\/avatar\/c7850e06d3ff63cdbaee88b7fc16e2f0?s=96&d=mm&r=g\",\"contentUrl\":\"https:\/\/secure.gravatar.com\/avatar\/c7850e06d3ff63cdbaee88b7fc16e2f0?s=96&d=mm&r=g\",\"caption\":\"Damien Dellerba\"},\"url\":\"https:\/\/www.ladiagonale.net\/index.php\/author\/damien\/\"}]}<\/script>\n<!-- \/ Yoast SEO plugin. -->","yoast_head_json":{"title":"Didillon, au service du groupe - La Diagonale","robots":{"index":"index","follow":"follow","max-snippet":"max-snippet:-1","max-image-preview":"max-image-preview:large","max-video-preview":"max-video-preview:-1"},"canonical":"https:\/\/www.ladiagonale.net\/index.php\/2023\/01\/07\/didillon-au-service-du-groupe\/","og_locale":"fr_FR","og_type":"article","og_title":"Didillon, au service du groupe - La Diagonale","og_description":"Ce samedi, Thomas Didillon devrait faire ses premiers pas en match officiel avec l\u2019AS Monaco face \u00e0 Rodez. Si le gardien de 27 ans n\u2019a pas encore disput\u00e9 la moindre minute cette saison, c\u2019est parce que la hi\u00e9rarchie des gardiens est bien d\u00e9finie et que celle-ci ne lui permet pas de pr\u00e9tendre \u00e0 la place [...]","og_url":"https:\/\/www.ladiagonale.net\/index.php\/2023\/01\/07\/didillon-au-service-du-groupe\/","og_site_name":"La Diagonale","article_published_time":"2023-01-07T12:23:04+00:00","article_modified_time":"2023-01-07T12:23:07+00:00","og_image":[{"width":1160,"height":650,"url":"https:\/\/www.ladiagonale.net\/wp-content\/uploads\/2023\/01\/didillon2.png","type":"image\/png"}],"author":"Damien Dellerba","twitter_card":"summary_large_image","twitter_misc":{"\u00c9crit par":"Damien Dellerba","Dur\u00e9e de lecture estim\u00e9e":"5 minutes"},"schema":{"@context":"https:\/\/schema.org","@graph":[{"@type":"WebPage","@id":"https:\/\/www.ladiagonale.net\/index.php\/2023\/01\/07\/didillon-au-service-du-groupe\/","url":"https:\/\/www.ladiagonale.net\/index.php\/2023\/01\/07\/didillon-au-service-du-groupe\/","name":"Didillon, au service du groupe - La Diagonale","isPartOf":{"@id":"https:\/\/www.ladiagonale.net\/#website"},"datePublished":"2023-01-07T12:23:04+00:00","dateModified":"2023-01-07T12:23:07+00:00","author":{"@id":"https:\/\/www.ladiagonale.net\/#\/schema\/person\/79ff1e7b0853ed01b2aa26e64ad300bf"},"breadcrumb":{"@id":"https:\/\/www.ladiagonale.net\/index.php\/2023\/01\/07\/didillon-au-service-du-groupe\/#breadcrumb"},"inLanguage":"fr-FR","potentialAction":[{"@type":"ReadAction","target":["https:\/\/www.ladiagonale.net\/index.php\/2023\/01\/07\/didillon-au-service-du-groupe\/"]}]},{"@type":"BreadcrumbList","@id":"https:\/\/www.ladiagonale.net\/index.php\/2023\/01\/07\/didillon-au-service-du-groupe\/#breadcrumb","itemListElement":[{"@type":"ListItem","position":1,"name":"Accueil","item":"https:\/\/www.ladiagonale.net\/"},{"@type":"ListItem","position":2,"name":"Didillon, au service du groupe"}]},{"@type":"WebSite","@id":"https:\/\/www.ladiagonale.net\/#website","url":"https:\/\/www.ladiagonale.net\/","name":"La Diagonale","description":"Le site des supporters de l&#039;AS Monaco FC","potentialAction":[{"@type":"SearchAction","target":{"@type":"EntryPoint","urlTemplate":"https:\/\/www.ladiagonale.net\/?s={search_term_string}"},"query-input":"required name=search_term_string"}],"inLanguage":"fr-FR"},{"@type":"Person","@id":"https:\/\/www.ladiagonale.net\/#\/schema\/person\/79ff1e7b0853ed01b2aa26e64ad300bf","name":"Damien Dellerba","image":{"@type":"ImageObject","inLanguage":"fr-FR","@id":"https:\/\/www.ladiagonale.net\/#\/schema\/person\/image\/","url":"https:\/\/secure.gravatar.com\/avatar\/c7850e06d3ff63cdbaee88b7fc16e2f0?s=96&d=mm&r=g","contentUrl":"https:\/\/secure.gravatar.com\/avatar\/c7850e06d3ff63cdbaee88b7fc16e2f0?s=96&d=mm&r=g","caption":"Damien Dellerba"},"url":"https:\/\/www.ladiagonale.net\/index.php\/author\/damien\/"}]}},"_links":{"self":[{"href":"https:\/\/www.ladiagonale.net\/index.php\/wp-json\/wp\/v2\/posts\/8185"}],"collection":[{"href":"https:\/\/www.ladiagonale.net\/index.php\/wp-json\/wp\/v2\/posts"}],"about":[{"href":"https:\/\/www.ladiagonale.net\/index.php\/wp-json\/wp\/v2\/types\/post"}],"author":[{"embeddable":true,"href":"https:\/\/www.ladiagonale.net\/index.php\/wp-json\/wp\/v2\/users\/2"}],"replies":[{"embeddable":true,"href":"https:\/\/www.ladiagonale.net\/index.php\/wp-json\/wp\/v2\/comments?post=8185"}],"version-history":[{"count":3,"href":"https:\/\/www.ladiagonale.net\/index.php\/wp-json\/wp\/v2\/posts\/8185\/revisions"}],"predecessor-version":[{"id":8188,"href":"https:\/\/www.ladiagonale.net\/index.php\/wp-json\/wp\/v2\/posts\/8185\/revisions\/8188"}],"wp:featuredmedia":[{"embeddable":true,"href":"https:\/\/www.ladiagonale.net\/index.php\/wp-json\/wp\/v2\/media\/8157"}],"wp:attachment":[{"href":"https:\/\/www.ladiagonale.net\/index.php\/wp-json\/wp\/v2\/media?parent=8185"}],"wp:term":[{"taxonomy":"category","embeddable":true,"href":"https:\/\/www.ladiagonale.net\/index.php\/wp-json\/wp\/v2\/categories?post=8185"},{"taxonomy":"post_tag","embeddable":true,"href":"https:\/\/www.ladiagonale.net\/index.php\/wp-json\/wp\/v2\/tags?post=8185"}],"curies":[{"name":"wp","href":"https:\/\/api.w.org\/{rel}","templated":true}]}}