{"id":8192,"date":"2023-01-07T17:19:30","date_gmt":"2023-01-07T16:19:30","guid":{"rendered":"https:\/\/www.ladiagonale.net\/?p=8192"},"modified":"2023-01-07T17:47:39","modified_gmt":"2023-01-07T16:47:39","slug":"les-compositions-magassa-et-akliouche-titulaires","status":"publish","type":"post","link":"https:\/\/www.ladiagonale.net\/index.php\/2023\/01\/07\/les-compositions-magassa-et-akliouche-titulaires\/","title":{"rendered":"Les compositions : Magassa et Akliouche titulaires"},"content":{"rendered":"\n\n\n<p>Les compositions pour cette rencontre entre Monaco et Rodez sont tomb\u00e9es. Philippe Clement a choisir de titulariser Soungoutou Magassa au milieu de terrain au c\u00f4t\u00e9 d&rsquo;Eliot Matazo. Ben Yedder sera le titulaire \u00e0 la pointe de l&rsquo;attaque, soutenu par Minamino, Gelson Martins et Maghnes Akliouche.<\/p>\n\n\n\n<p>Lienard et Lemarechal seront en tribune.<\/p>\n\n\n\n<p><strong>AS Monaco :<\/strong> Didillon \u2013 Aguilar, Disasi, Sarr, Jakobs \u2013 Matazo, Magassa &#8211; G. Martins, Akliouche, Minamino \u2013 Ben Yedder (cap.).<\/p>\n\n\n\n<p><em>Rempla\u00e7ants :<\/em> N\u00fcbel, Vanderson, Maripan, C. Henrique, Fofana, Diatta, Golovin, Ben Seghir, Boadu.<\/p>\n\n\n\n<p><strong>Rodez AF :<\/strong> Cibois \u2013 Coelho, Vandenabeele, Abdennour, Raux-Yao, Ouammou \u2013 Boissier, Valerio, Younoussa \u2013 Pemb\u00e9l\u00e9, Mendes.<\/p>\n\n\n\n<p><em>Rempla\u00e7ants :<\/em> M&rsquo;Pasi, Abdallah, Boma, Senaya, Rajot, Danger, Park, Corredor.<\/p>\n","protected":false},"excerpt":{"rendered":"<p>Les compositions pour cette rencontre entre Monaco et Rodez sont tomb\u00e9es. Philippe Clement a choisir de titulariser Soungoutou Magassa au milieu de terrain au c\u00f4t\u00e9 d&rsquo;Eliot Matazo. Ben Yedder sera le titulaire \u00e0 la pointe de l&rsquo;attaque, soutenu par Minamino, Gelson Martins et Maghnes Akliouche. Lienard et Lemarechal seront en tribune. AS Monaco : Didillon [&#8230;]\n","protected":false},"author":2,"featured_media":0,"comment_status":"open","ping_status":"open","sticky":false,"template":"","format":"standard","meta":[],"categories":[4,6],"tags":[86,213,232,339],"yoast_head":"<!-- This site is optimized with the Yoast SEO plugin v19.8 - https:\/\/yoast.com\/wordpress\/plugins\/seo\/ -->\n<title>Les compositions : Magassa et Akliouche titulaires - La Diagonale<\/title>\n<meta name=\"robots\" content=\"index, follow, max-snippet:-1, max-image-preview:large, max-video-preview:-1\" \/>\n<link rel=\"canonical\" href=\"https:\/\/www.ladiagonale.net\/index.php\/2023\/01\/07\/les-compositions-magassa-et-akliouche-titulaires\/\" \/>\n<meta property=\"og:locale\" content=\"fr_FR\" \/>\n<meta property=\"og:type\" content=\"article\" \/>\n<meta property=\"og:title\" content=\"Les compositions : Magassa et Akliouche titulaires - La Diagonale\" \/>\n<meta property=\"og:description\" content=\"Les compositions pour cette rencontre entre Monaco et Rodez sont tomb\u00e9es. Philippe Clement a choisir de titulariser Soungoutou Magassa au milieu de terrain au c\u00f4t\u00e9 d&rsquo;Eliot Matazo. Ben Yedder sera le titulaire \u00e0 la pointe de l&rsquo;attaque, soutenu par Minamino, Gelson Martins et Maghnes Akliouche. Lienard et Lemarechal seront en tribune. AS Monaco : Didillon [...]\" \/>\n<meta property=\"og:url\" content=\"https:\/\/www.ladiagonale.net\/index.php\/2023\/01\/07\/les-compositions-magassa-et-akliouche-titulaires\/\" \/>\n<meta property=\"og:site_name\" content=\"La Diagonale\" \/>\n<meta property=\"article:published_time\" content=\"2023-01-07T16:19:30+00:00\" \/>\n<meta property=\"article:modified_time\" content=\"2023-01-07T16:47:39+00:00\" \/>\n<meta property=\"og:image\" content=\"https:\/\/www.ladiagonale.net\/wp-content\/uploads\/2022\/12\/akliouche.png\" \/>\n\t<meta property=\"og:image:width\" content=\"1160\" \/>\n\t<meta property=\"og:image:height\" content=\"650\" \/>\n\t<meta property=\"og:image:type\" content=\"image\/png\" \/>\n<meta name=\"author\" content=\"Damien Dellerba\" \/>\n<meta name=\"twitter:card\" content=\"summary_large_image\" \/>\n<meta name=\"twitter:image\" content=\"https:\/\/www.ladiagonale.net\/wp-content\/uploads\/2022\/12\/akliouche.png\" \/>\n<meta name=\"twitter:label1\" content=\"\u00c9crit par\" \/>\n\t<meta name=\"twitter:data1\" content=\"Damien Dellerba\" \/>\n\t<meta name=\"twitter:label2\" content=\"Dur\u00e9e de lecture estim\u00e9e\" \/>\n\t<meta name=\"twitter:data2\" content=\"1 minute\" \/>\n<script type=\"application\/ld+json\" class=\"yoast-schema-graph\">{\"@context\":\"https:\/\/schema.org\",\"@graph\":[{\"@type\":\"WebPage\",\"@id\":\"https:\/\/www.ladiagonale.net\/index.php\/2023\/01\/07\/les-compositions-magassa-et-akliouche-titulaires\/\",\"url\":\"https:\/\/www.ladiagonale.net\/index.php\/2023\/01\/07\/les-compositions-magassa-et-akliouche-titulaires\/\",\"name\":\"Les compositions : Magassa et Akliouche titulaires - La Diagonale\",\"isPartOf\":{\"@id\":\"https:\/\/www.ladiagonale.net\/#website\"},\"datePublished\":\"2023-01-07T16:19:30+00:00\",\"dateModified\":\"2023-01-07T16:47:39+00:00\",\"author\":{\"@id\":\"https:\/\/www.ladiagonale.net\/#\/schema\/person\/79ff1e7b0853ed01b2aa26e64ad300bf\"},\"breadcrumb\":{\"@id\":\"https:\/\/www.ladiagonale.net\/index.php\/2023\/01\/07\/les-compositions-magassa-et-akliouche-titulaires\/#breadcrumb\"},\"inLanguage\":\"fr-FR\",\"potentialAction\":[{\"@type\":\"ReadAction\",\"target\":[\"https:\/\/www.ladiagonale.net\/index.php\/2023\/01\/07\/les-compositions-magassa-et-akliouche-titulaires\/\"]}]},{\"@type\":\"BreadcrumbList\",\"@id\":\"https:\/\/www.ladiagonale.net\/index.php\/2023\/01\/07\/les-compositions-magassa-et-akliouche-titulaires\/#breadcrumb\",\"itemListElement\":[{\"@type\":\"ListItem\",\"position\":1,\"name\":\"Accueil\",\"item\":\"https:\/\/www.ladiagonale.net\/\"},{\"@type\":\"ListItem\",\"position\":2,\"name\":\"Les compositions : Magassa et Akliouche titulaires\"}]},{\"@type\":\"WebSite\",\"@id\":\"https:\/\/www.ladiagonale.net\/#website\",\"url\":\"https:\/\/www.ladiagonale.net\/\",\"name\":\"La Diagonale\",\"description\":\"Le site des supporters de l&#039;AS Monaco FC\",\"potentialAction\":[{\"@type\":\"SearchAction\",\"target\":{\"@type\":\"EntryPoint\",\"urlTemplate\":\"https:\/\/www.ladiagonale.net\/?s={search_term_string}\"},\"query-input\":\"required name=search_term_string\"}],\"inLanguage\":\"fr-FR\"},{\"@type\":\"Person\",\"@id\":\"https:\/\/www.ladiagonale.net\/#\/schema\/person\/79ff1e7b0853ed01b2aa26e64ad300bf\",\"name\":\"Damien Dellerba\",\"image\":{\"@type\":\"ImageObject\",\"inLanguage\":\"fr-FR\",\"@id\":\"https:\/\/www.ladiagonale.net\/#\/schema\/person\/image\/\",\"url\":\"https:\/\/secure.gravatar.com\/avatar\/c7850e06d3ff63cdbaee88b7fc16e2f0?s=96&d=mm&r=g\",\"contentUrl\":\"https:\/\/secure.gravatar.com\/avatar\/c7850e06d3ff63cdbaee88b7fc16e2f0?s=96&d=mm&r=g\",\"caption\":\"Damien Dellerba\"},\"url\":\"https:\/\/www.ladiagonale.net\/index.php\/author\/damien\/\"}]}<\/script>\n<!-- \/ Yoast SEO plugin. -->","yoast_head_json":{"title":"Les compositions : Magassa et Akliouche titulaires - La Diagonale","robots":{"index":"index","follow":"follow","max-snippet":"max-snippet:-1","max-image-preview":"max-image-preview:large","max-video-preview":"max-video-preview:-1"},"canonical":"https:\/\/www.ladiagonale.net\/index.php\/2023\/01\/07\/les-compositions-magassa-et-akliouche-titulaires\/","og_locale":"fr_FR","og_type":"article","og_title":"Les compositions : Magassa et Akliouche titulaires - La Diagonale","og_description":"Les compositions pour cette rencontre entre Monaco et Rodez sont tomb\u00e9es. Philippe Clement a choisir de titulariser Soungoutou Magassa au milieu de terrain au c\u00f4t\u00e9 d&rsquo;Eliot Matazo. Ben Yedder sera le titulaire \u00e0 la pointe de l&rsquo;attaque, soutenu par Minamino, Gelson Martins et Maghnes Akliouche. Lienard et Lemarechal seront en tribune. AS Monaco : Didillon [...]","og_url":"https:\/\/www.ladiagonale.net\/index.php\/2023\/01\/07\/les-compositions-magassa-et-akliouche-titulaires\/","og_site_name":"La Diagonale","article_published_time":"2023-01-07T16:19:30+00:00","article_modified_time":"2023-01-07T16:47:39+00:00","og_image":[{"width":1160,"height":650,"url":"https:\/\/www.ladiagonale.net\/wp-content\/uploads\/2022\/12\/akliouche.png","type":"image\/png"}],"author":"Damien Dellerba","twitter_card":"summary_large_image","twitter_image":"https:\/\/www.ladiagonale.net\/wp-content\/uploads\/2022\/12\/akliouche.png","twitter_misc":{"\u00c9crit par":"Damien Dellerba","Dur\u00e9e de lecture estim\u00e9e":"1 minute"},"schema":{"@context":"https:\/\/schema.org","@graph":[{"@type":"WebPage","@id":"https:\/\/www.ladiagonale.net\/index.php\/2023\/01\/07\/les-compositions-magassa-et-akliouche-titulaires\/","url":"https:\/\/www.ladiagonale.net\/index.php\/2023\/01\/07\/les-compositions-magassa-et-akliouche-titulaires\/","name":"Les compositions : Magassa et Akliouche titulaires - La Diagonale","isPartOf":{"@id":"https:\/\/www.ladiagonale.net\/#website"},"datePublished":"2023-01-07T16:19:30+00:00","dateModified":"2023-01-07T16:47:39+00:00","author":{"@id":"https:\/\/www.ladiagonale.net\/#\/schema\/person\/79ff1e7b0853ed01b2aa26e64ad300bf"},"breadcrumb":{"@id":"https:\/\/www.ladiagonale.net\/index.php\/2023\/01\/07\/les-compositions-magassa-et-akliouche-titulaires\/#breadcrumb"},"inLanguage":"fr-FR","potentialAction":[{"@type":"ReadAction","target":["https:\/\/www.ladiagonale.net\/index.php\/2023\/01\/07\/les-compositions-magassa-et-akliouche-titulaires\/"]}]},{"@type":"BreadcrumbList","@id":"https:\/\/www.ladiagonale.net\/index.php\/2023\/01\/07\/les-compositions-magassa-et-akliouche-titulaires\/#breadcrumb","itemListElement":[{"@type":"ListItem","position":1,"name":"Accueil","item":"https:\/\/www.ladiagonale.net\/"},{"@type":"ListItem","position":2,"name":"Les compositions : Magassa et Akliouche titulaires"}]},{"@type":"WebSite","@id":"https:\/\/www.ladiagonale.net\/#website","url":"https:\/\/www.ladiagonale.net\/","name":"La Diagonale","description":"Le site des supporters de l&#039;AS Monaco FC","potentialAction":[{"@type":"SearchAction","target":{"@type":"EntryPoint","urlTemplate":"https:\/\/www.ladiagonale.net\/?s={search_term_string}"},"query-input":"required name=search_term_string"}],"inLanguage":"fr-FR"},{"@type":"Person","@id":"https:\/\/www.ladiagonale.net\/#\/schema\/person\/79ff1e7b0853ed01b2aa26e64ad300bf","name":"Damien Dellerba","image":{"@type":"ImageObject","inLanguage":"fr-FR","@id":"https:\/\/www.ladiagonale.net\/#\/schema\/person\/image\/","url":"https:\/\/secure.gravatar.com\/avatar\/c7850e06d3ff63cdbaee88b7fc16e2f0?s=96&d=mm&r=g","contentUrl":"https:\/\/secure.gravatar.com\/avatar\/c7850e06d3ff63cdbaee88b7fc16e2f0?s=96&d=mm&r=g","caption":"Damien Dellerba"},"url":"https:\/\/www.ladiagonale.net\/index.php\/author\/damien\/"}]}},"_links":{"self":[{"href":"https:\/\/www.ladiagonale.net\/index.php\/wp-json\/wp\/v2\/posts\/8192"}],"collection":[{"href":"https:\/\/www.ladiagonale.net\/index.php\/wp-json\/wp\/v2\/posts"}],"about":[{"href":"https:\/\/www.ladiagonale.net\/index.php\/wp-json\/wp\/v2\/types\/post"}],"author":[{"embeddable":true,"href":"https:\/\/www.ladiagonale.net\/index.php\/wp-json\/wp\/v2\/users\/2"}],"replies":[{"embeddable":true,"href":"https:\/\/www.ladiagonale.net\/index.php\/wp-json\/wp\/v2\/comments?post=8192"}],"version-history":[{"count":2,"href":"https:\/\/www.ladiagonale.net\/index.php\/wp-json\/wp\/v2\/posts\/8192\/revisions"}],"predecessor-version":[{"id":8194,"href":"https:\/\/www.ladiagonale.net\/index.php\/wp-json\/wp\/v2\/posts\/8192\/revisions\/8194"}],"wp:attachment":[{"href":"https:\/\/www.ladiagonale.net\/index.php\/wp-json\/wp\/v2\/media?parent=8192"}],"wp:term":[{"taxonomy":"category","embeddable":true,"href":"https:\/\/www.ladiagonale.net\/index.php\/wp-json\/wp\/v2\/categories?post=8192"},{"taxonomy":"post_tag","embeddable":true,"href":"https:\/\/www.ladiagonale.net\/index.php\/wp-json\/wp\/v2\/tags?post=8192"}],"curies":[{"name":"wp","href":"https:\/\/api.w.org\/{rel}","templated":true}]}}