{"id":8199,"date":"2023-01-07T18:53:48","date_gmt":"2023-01-07T17:53:48","guid":{"rendered":"https:\/\/www.ladiagonale.net\/?p=8199"},"modified":"2023-01-08T12:28:41","modified_gmt":"2023-01-08T11:28:41","slug":"mi-temps-monaco-reste-sous-la-menace","status":"publish","type":"post","link":"https:\/\/www.ladiagonale.net\/index.php\/2023\/01\/07\/mi-temps-monaco-reste-sous-la-menace\/","title":{"rendered":"Mi-temps : Monaco reste sous la menace"},"content":{"rendered":"\n\n\n<p>C&rsquo;est la pause entre Monaco et Rodez au stade Louis-II, avec un avantage au tableau d&rsquo;affichage en faveur des Mon\u00e9gasques (2-1). Maghnes Akliouche a ouvert le score d&rsquo;une belle frappe sous la barre (23<sup>e<\/sup>) tandis que Wissam Ben Yeder a fait le break en reprenant \u00e0 bout portant un centre du droit d&rsquo;Ismail Jakobs (37<sup>e<\/sup>). Les Ruth\u00e9nois ont cependant r\u00e9duit l&rsquo;\u00e9cart gr\u00e2ce \u00e0 Mendes, qui a plac\u00e9 sa t\u00eate sur un centre de Pemb\u00e9l\u00e9 (42<sup>e<\/sup>).<\/p>\n\n\n\n<p>Si l&rsquo;ASM est en t\u00eate apr\u00e8s ces 45 premi\u00e8res minutes, la r\u00e9duction de l&rsquo;\u00e9cart du pensionnaire de Ligue 2 lui rappelle que rien n&rsquo;est fini dans cette rencontre, malgr\u00e9 une mi-temps ma\u00eetris\u00e9e dans les grandes largeurs, mais avec peu d&rsquo;occasions dangereuses.\u00a0Minamino a tent\u00e9 \u00e0 deux reprises mais a \u00e9t\u00e9 trop timide (10<sup>e<\/sup>, 44<sup>e<\/sup>).<\/p>\n","protected":false},"excerpt":{"rendered":"<p>C&rsquo;est la pause entre Monaco et Rodez au stade Louis-II, avec un avantage au tableau d&rsquo;affichage en faveur des Mon\u00e9gasques (2-1). Maghnes Akliouche a ouvert le score d&rsquo;une belle frappe sous la barre (23e) tandis que Wissam Ben Yeder a fait le break en reprenant \u00e0 bout portant un centre du droit d&rsquo;Ismail Jakobs (37e). [&#8230;]\n","protected":false},"author":2,"featured_media":0,"comment_status":"open","ping_status":"open","sticky":false,"template":"","format":"standard","meta":[],"categories":[6],"tags":[86,232,339],"yoast_head":"<!-- This site is optimized with the Yoast SEO plugin v19.8 - https:\/\/yoast.com\/wordpress\/plugins\/seo\/ -->\n<title>Mi-temps : Monaco reste sous la menace - La Diagonale<\/title>\n<meta name=\"robots\" content=\"index, follow, max-snippet:-1, max-image-preview:large, max-video-preview:-1\" \/>\n<link rel=\"canonical\" href=\"https:\/\/www.ladiagonale.net\/index.php\/2023\/01\/07\/mi-temps-monaco-reste-sous-la-menace\/\" \/>\n<meta property=\"og:locale\" content=\"fr_FR\" \/>\n<meta property=\"og:type\" content=\"article\" \/>\n<meta property=\"og:title\" content=\"Mi-temps : Monaco reste sous la menace - La Diagonale\" \/>\n<meta property=\"og:description\" content=\"C&rsquo;est la pause entre Monaco et Rodez au stade Louis-II, avec un avantage au tableau d&rsquo;affichage en faveur des Mon\u00e9gasques (2-1). Maghnes Akliouche a ouvert le score d&rsquo;une belle frappe sous la barre (23e) tandis que Wissam Ben Yeder a fait le break en reprenant \u00e0 bout portant un centre du droit d&rsquo;Ismail Jakobs (37e). [...]\" \/>\n<meta property=\"og:url\" content=\"https:\/\/www.ladiagonale.net\/index.php\/2023\/01\/07\/mi-temps-monaco-reste-sous-la-menace\/\" \/>\n<meta property=\"og:site_name\" content=\"La Diagonale\" \/>\n<meta property=\"article:published_time\" content=\"2023-01-07T17:53:48+00:00\" \/>\n<meta property=\"article:modified_time\" content=\"2023-01-08T11:28:41+00:00\" \/>\n<meta property=\"og:image\" content=\"https:\/\/www.ladiagonale.net\/wp-content\/uploads\/2022\/12\/akliouche.png\" \/>\n\t<meta property=\"og:image:width\" content=\"1160\" \/>\n\t<meta property=\"og:image:height\" content=\"650\" \/>\n\t<meta property=\"og:image:type\" content=\"image\/png\" \/>\n<meta name=\"author\" content=\"Damien Dellerba\" \/>\n<meta name=\"twitter:card\" content=\"summary_large_image\" \/>\n<meta name=\"twitter:image\" content=\"https:\/\/www.ladiagonale.net\/wp-content\/uploads\/2022\/12\/akliouche.png\" \/>\n<meta name=\"twitter:label1\" content=\"\u00c9crit par\" \/>\n\t<meta name=\"twitter:data1\" content=\"Damien Dellerba\" \/>\n\t<meta name=\"twitter:label2\" content=\"Dur\u00e9e de lecture estim\u00e9e\" \/>\n\t<meta name=\"twitter:data2\" content=\"1 minute\" \/>\n<script type=\"application\/ld+json\" class=\"yoast-schema-graph\">{\"@context\":\"https:\/\/schema.org\",\"@graph\":[{\"@type\":\"WebPage\",\"@id\":\"https:\/\/www.ladiagonale.net\/index.php\/2023\/01\/07\/mi-temps-monaco-reste-sous-la-menace\/\",\"url\":\"https:\/\/www.ladiagonale.net\/index.php\/2023\/01\/07\/mi-temps-monaco-reste-sous-la-menace\/\",\"name\":\"Mi-temps : Monaco reste sous la menace - La Diagonale\",\"isPartOf\":{\"@id\":\"https:\/\/www.ladiagonale.net\/#website\"},\"datePublished\":\"2023-01-07T17:53:48+00:00\",\"dateModified\":\"2023-01-08T11:28:41+00:00\",\"author\":{\"@id\":\"https:\/\/www.ladiagonale.net\/#\/schema\/person\/79ff1e7b0853ed01b2aa26e64ad300bf\"},\"breadcrumb\":{\"@id\":\"https:\/\/www.ladiagonale.net\/index.php\/2023\/01\/07\/mi-temps-monaco-reste-sous-la-menace\/#breadcrumb\"},\"inLanguage\":\"fr-FR\",\"potentialAction\":[{\"@type\":\"ReadAction\",\"target\":[\"https:\/\/www.ladiagonale.net\/index.php\/2023\/01\/07\/mi-temps-monaco-reste-sous-la-menace\/\"]}]},{\"@type\":\"BreadcrumbList\",\"@id\":\"https:\/\/www.ladiagonale.net\/index.php\/2023\/01\/07\/mi-temps-monaco-reste-sous-la-menace\/#breadcrumb\",\"itemListElement\":[{\"@type\":\"ListItem\",\"position\":1,\"name\":\"Accueil\",\"item\":\"https:\/\/www.ladiagonale.net\/\"},{\"@type\":\"ListItem\",\"position\":2,\"name\":\"Mi-temps : Monaco reste sous la menace\"}]},{\"@type\":\"WebSite\",\"@id\":\"https:\/\/www.ladiagonale.net\/#website\",\"url\":\"https:\/\/www.ladiagonale.net\/\",\"name\":\"La Diagonale\",\"description\":\"Le site des supporters de l&#039;AS Monaco FC\",\"potentialAction\":[{\"@type\":\"SearchAction\",\"target\":{\"@type\":\"EntryPoint\",\"urlTemplate\":\"https:\/\/www.ladiagonale.net\/?s={search_term_string}\"},\"query-input\":\"required name=search_term_string\"}],\"inLanguage\":\"fr-FR\"},{\"@type\":\"Person\",\"@id\":\"https:\/\/www.ladiagonale.net\/#\/schema\/person\/79ff1e7b0853ed01b2aa26e64ad300bf\",\"name\":\"Damien Dellerba\",\"image\":{\"@type\":\"ImageObject\",\"inLanguage\":\"fr-FR\",\"@id\":\"https:\/\/www.ladiagonale.net\/#\/schema\/person\/image\/\",\"url\":\"https:\/\/secure.gravatar.com\/avatar\/c7850e06d3ff63cdbaee88b7fc16e2f0?s=96&d=mm&r=g\",\"contentUrl\":\"https:\/\/secure.gravatar.com\/avatar\/c7850e06d3ff63cdbaee88b7fc16e2f0?s=96&d=mm&r=g\",\"caption\":\"Damien Dellerba\"},\"url\":\"https:\/\/www.ladiagonale.net\/index.php\/author\/damien\/\"}]}<\/script>\n<!-- \/ Yoast SEO plugin. -->","yoast_head_json":{"title":"Mi-temps : Monaco reste sous la menace - La Diagonale","robots":{"index":"index","follow":"follow","max-snippet":"max-snippet:-1","max-image-preview":"max-image-preview:large","max-video-preview":"max-video-preview:-1"},"canonical":"https:\/\/www.ladiagonale.net\/index.php\/2023\/01\/07\/mi-temps-monaco-reste-sous-la-menace\/","og_locale":"fr_FR","og_type":"article","og_title":"Mi-temps : Monaco reste sous la menace - La Diagonale","og_description":"C&rsquo;est la pause entre Monaco et Rodez au stade Louis-II, avec un avantage au tableau d&rsquo;affichage en faveur des Mon\u00e9gasques (2-1). Maghnes Akliouche a ouvert le score d&rsquo;une belle frappe sous la barre (23e) tandis que Wissam Ben Yeder a fait le break en reprenant \u00e0 bout portant un centre du droit d&rsquo;Ismail Jakobs (37e). [...]","og_url":"https:\/\/www.ladiagonale.net\/index.php\/2023\/01\/07\/mi-temps-monaco-reste-sous-la-menace\/","og_site_name":"La Diagonale","article_published_time":"2023-01-07T17:53:48+00:00","article_modified_time":"2023-01-08T11:28:41+00:00","og_image":[{"width":1160,"height":650,"url":"https:\/\/www.ladiagonale.net\/wp-content\/uploads\/2022\/12\/akliouche.png","type":"image\/png"}],"author":"Damien Dellerba","twitter_card":"summary_large_image","twitter_image":"https:\/\/www.ladiagonale.net\/wp-content\/uploads\/2022\/12\/akliouche.png","twitter_misc":{"\u00c9crit par":"Damien Dellerba","Dur\u00e9e de lecture estim\u00e9e":"1 minute"},"schema":{"@context":"https:\/\/schema.org","@graph":[{"@type":"WebPage","@id":"https:\/\/www.ladiagonale.net\/index.php\/2023\/01\/07\/mi-temps-monaco-reste-sous-la-menace\/","url":"https:\/\/www.ladiagonale.net\/index.php\/2023\/01\/07\/mi-temps-monaco-reste-sous-la-menace\/","name":"Mi-temps : Monaco reste sous la menace - La Diagonale","isPartOf":{"@id":"https:\/\/www.ladiagonale.net\/#website"},"datePublished":"2023-01-07T17:53:48+00:00","dateModified":"2023-01-08T11:28:41+00:00","author":{"@id":"https:\/\/www.ladiagonale.net\/#\/schema\/person\/79ff1e7b0853ed01b2aa26e64ad300bf"},"breadcrumb":{"@id":"https:\/\/www.ladiagonale.net\/index.php\/2023\/01\/07\/mi-temps-monaco-reste-sous-la-menace\/#breadcrumb"},"inLanguage":"fr-FR","potentialAction":[{"@type":"ReadAction","target":["https:\/\/www.ladiagonale.net\/index.php\/2023\/01\/07\/mi-temps-monaco-reste-sous-la-menace\/"]}]},{"@type":"BreadcrumbList","@id":"https:\/\/www.ladiagonale.net\/index.php\/2023\/01\/07\/mi-temps-monaco-reste-sous-la-menace\/#breadcrumb","itemListElement":[{"@type":"ListItem","position":1,"name":"Accueil","item":"https:\/\/www.ladiagonale.net\/"},{"@type":"ListItem","position":2,"name":"Mi-temps : Monaco reste sous la menace"}]},{"@type":"WebSite","@id":"https:\/\/www.ladiagonale.net\/#website","url":"https:\/\/www.ladiagonale.net\/","name":"La Diagonale","description":"Le site des supporters de l&#039;AS Monaco FC","potentialAction":[{"@type":"SearchAction","target":{"@type":"EntryPoint","urlTemplate":"https:\/\/www.ladiagonale.net\/?s={search_term_string}"},"query-input":"required name=search_term_string"}],"inLanguage":"fr-FR"},{"@type":"Person","@id":"https:\/\/www.ladiagonale.net\/#\/schema\/person\/79ff1e7b0853ed01b2aa26e64ad300bf","name":"Damien Dellerba","image":{"@type":"ImageObject","inLanguage":"fr-FR","@id":"https:\/\/www.ladiagonale.net\/#\/schema\/person\/image\/","url":"https:\/\/secure.gravatar.com\/avatar\/c7850e06d3ff63cdbaee88b7fc16e2f0?s=96&d=mm&r=g","contentUrl":"https:\/\/secure.gravatar.com\/avatar\/c7850e06d3ff63cdbaee88b7fc16e2f0?s=96&d=mm&r=g","caption":"Damien Dellerba"},"url":"https:\/\/www.ladiagonale.net\/index.php\/author\/damien\/"}]}},"_links":{"self":[{"href":"https:\/\/www.ladiagonale.net\/index.php\/wp-json\/wp\/v2\/posts\/8199"}],"collection":[{"href":"https:\/\/www.ladiagonale.net\/index.php\/wp-json\/wp\/v2\/posts"}],"about":[{"href":"https:\/\/www.ladiagonale.net\/index.php\/wp-json\/wp\/v2\/types\/post"}],"author":[{"embeddable":true,"href":"https:\/\/www.ladiagonale.net\/index.php\/wp-json\/wp\/v2\/users\/2"}],"replies":[{"embeddable":true,"href":"https:\/\/www.ladiagonale.net\/index.php\/wp-json\/wp\/v2\/comments?post=8199"}],"version-history":[{"count":4,"href":"https:\/\/www.ladiagonale.net\/index.php\/wp-json\/wp\/v2\/posts\/8199\/revisions"}],"predecessor-version":[{"id":8204,"href":"https:\/\/www.ladiagonale.net\/index.php\/wp-json\/wp\/v2\/posts\/8199\/revisions\/8204"}],"wp:attachment":[{"href":"https:\/\/www.ladiagonale.net\/index.php\/wp-json\/wp\/v2\/media?parent=8199"}],"wp:term":[{"taxonomy":"category","embeddable":true,"href":"https:\/\/www.ladiagonale.net\/index.php\/wp-json\/wp\/v2\/categories?post=8199"},{"taxonomy":"post_tag","embeddable":true,"href":"https:\/\/www.ladiagonale.net\/index.php\/wp-json\/wp\/v2\/tags?post=8199"}],"curies":[{"name":"wp","href":"https:\/\/api.w.org\/{rel}","templated":true}]}}