{"id":8276,"date":"2023-01-18T12:50:00","date_gmt":"2023-01-18T11:50:00","guid":{"rendered":"https:\/\/www.ladiagonale.net\/?p=8276"},"modified":"2023-01-18T12:55:31","modified_gmt":"2023-01-18T11:55:31","slug":"deux-monegasques-avec-la-france-u16-2","status":"publish","type":"post","link":"https:\/\/www.ladiagonale.net\/index.php\/2023\/01\/18\/deux-monegasques-avec-la-france-u16-2\/","title":{"rendered":"Trois Mon\u00e9gasques avec la France U16 (Actualis\u00e9)"},"content":{"rendered":"\n\n\n<p>L&rsquo;\u00e9quipe de France U16 va se rassembler entre le 16 et le 19 janvier pour un stage \u00e0 Clairefontaine. 34 joueurs ont \u00e9t\u00e9 convoqu\u00e9s et deux Mon\u00e9gasques font partie de la s\u00e9lection : le d\u00e9fenseur Nick Mokabakila et le milieu de terrain Pape Cabral, qui \u00e9voluent avec les U17 de Manu Dos Santos. Aucun match n&rsquo;est toutefois pr\u00e9vu pour ce court rassemblement.<\/p>\n\n\n\n<p>Pape Cabral avait disput\u00e9 le tournoi du Val-de-Marne avec la France U16, <a href=\"https:\/\/www.ladiagonale.net\/index.php\/2022\/11\/07\/cabral-et-la-france-u16-en-troisieme-position\/\">achev\u00e9 \u00e0 la troisi\u00e8me place<\/a>, en novembre. Mokabakila avait quant \u00e0 lui \u00e9t\u00e9 retenu lors d&rsquo;un stage en d\u00e9cembre. Joris Silvente, lui aussi convoqu\u00e9 en d\u00e9cembre avec Mokabakila, n&rsquo;a cette fois pas \u00e9t\u00e9 pris par le s\u00e9lectionneur Jos\u00e9 Alcocer.<\/p>\n\n\n\n<figure class=\"wp-block-embed is-type-rich is-provider-twitter wp-block-embed-twitter\"><div class=\"wp-block-embed__wrapper\">\n<blockquote class=\"twitter-tweet\" data-width=\"550\" data-dnt=\"true\"><p lang=\"fr\" dir=\"ltr\">[<a href=\"https:\/\/twitter.com\/hashtag\/U16?src=hash&amp;ref_src=twsrc%5Etfw\">#U16<\/a>] \ud83d\udcdd Les plus jeunes reprennent \u00e9galement en s\u00e9lection avec un rassemblement de 4 jours \u00e0 Clairefontaine. <br><br>\ud83c\udfc3 34 joueurs convoqu\u00e9s <br><br>\u26bd\ufe0f Pas de matchs pr\u00e9vus. <a href=\"https:\/\/twitter.com\/hashtag\/FiersdetreBleuets?src=hash&amp;ref_src=twsrc%5Etfw\">#FiersdetreBleuets<\/a> \ud83c\uddeb\ud83c\uddf7 <a href=\"https:\/\/t.co\/JfXWDFkELG\">pic.twitter.com\/JfXWDFkELG<\/a><\/p>&mdash; \u00c9quipe de France Jeunes \ud83c\uddeb\ud83c\uddf7 (@edfjeunes) <a href=\"https:\/\/twitter.com\/edfjeunes\/status\/1612778984776912898?ref_src=twsrc%5Etfw\">January 10, 2023<\/a><\/blockquote><script async src=\"https:\/\/platform.twitter.com\/widgets.js\" charset=\"utf-8\"><\/script>\n<\/div><\/figure>\n\n\n\n<p><strong>Actualisation :<\/strong> Le deuxi\u00e8me gardien des U17 de l&rsquo;AS Monaco, Lo\u00efc Tiamuna Lubaki, a \u00e9galement \u00e9t\u00e9 convi\u00e9 \u00e0 ce rassemblement. Il remplace Mathys Niflore. Pour Tiamuna Lubaki, il s&rsquo;agit \u00e9galement de son deuxi\u00e8me rassemblement, apr\u00e8s celui d&rsquo;ao\u00fbt 2022.<\/p>\n","protected":false},"excerpt":{"rendered":"<p>L&rsquo;\u00e9quipe de France U16 va se rassembler entre le 16 et le 19 janvier pour un stage \u00e0 Clairefontaine. 34 joueurs ont \u00e9t\u00e9 convoqu\u00e9s et deux Mon\u00e9gasques font partie de la s\u00e9lection : le d\u00e9fenseur Nick Mokabakila et le milieu de terrain Pape Cabral, qui \u00e9voluent avec les U17 de Manu Dos Santos. Aucun match [&#8230;]\n","protected":false},"author":2,"featured_media":0,"comment_status":"open","ping_status":"open","sticky":false,"template":"","format":"standard","meta":[],"categories":[6],"tags":[76,86,281,325,268],"yoast_head":"<!-- This site is optimized with the Yoast SEO plugin v19.8 - https:\/\/yoast.com\/wordpress\/plugins\/seo\/ -->\n<title>Trois Mon\u00e9gasques avec la France U16 (Actualis\u00e9) - La Diagonale<\/title>\n<meta name=\"robots\" content=\"index, follow, max-snippet:-1, max-image-preview:large, max-video-preview:-1\" \/>\n<link rel=\"canonical\" href=\"https:\/\/www.ladiagonale.net\/index.php\/2023\/01\/18\/deux-monegasques-avec-la-france-u16-2\/\" \/>\n<meta property=\"og:locale\" content=\"fr_FR\" \/>\n<meta property=\"og:type\" content=\"article\" \/>\n<meta property=\"og:title\" content=\"Trois Mon\u00e9gasques avec la France U16 (Actualis\u00e9) - La Diagonale\" \/>\n<meta property=\"og:description\" content=\"L&rsquo;\u00e9quipe de France U16 va se rassembler entre le 16 et le 19 janvier pour un stage \u00e0 Clairefontaine. 34 joueurs ont \u00e9t\u00e9 convoqu\u00e9s et deux Mon\u00e9gasques font partie de la s\u00e9lection : le d\u00e9fenseur Nick Mokabakila et le milieu de terrain Pape Cabral, qui \u00e9voluent avec les U17 de Manu Dos Santos. Aucun match [...]\" \/>\n<meta property=\"og:url\" content=\"https:\/\/www.ladiagonale.net\/index.php\/2023\/01\/18\/deux-monegasques-avec-la-france-u16-2\/\" \/>\n<meta property=\"og:site_name\" content=\"La Diagonale\" \/>\n<meta property=\"article:published_time\" content=\"2023-01-18T11:50:00+00:00\" \/>\n<meta property=\"article:modified_time\" content=\"2023-01-18T11:55:31+00:00\" \/>\n<meta property=\"og:image\" content=\"https:\/\/www.ladiagonale.net\/wp-content\/uploads\/2022\/11\/cabral.png\" \/>\n\t<meta property=\"og:image:width\" content=\"1160\" \/>\n\t<meta property=\"og:image:height\" content=\"650\" \/>\n\t<meta property=\"og:image:type\" content=\"image\/png\" \/>\n<meta name=\"author\" content=\"Damien Dellerba\" \/>\n<meta name=\"twitter:card\" content=\"summary_large_image\" \/>\n<meta name=\"twitter:image\" content=\"https:\/\/www.ladiagonale.net\/wp-content\/uploads\/2022\/11\/cabral.png\" \/>\n<meta name=\"twitter:label1\" content=\"\u00c9crit par\" \/>\n\t<meta name=\"twitter:data1\" content=\"Damien Dellerba\" \/>\n\t<meta name=\"twitter:label2\" content=\"Dur\u00e9e de lecture estim\u00e9e\" \/>\n\t<meta name=\"twitter:data2\" content=\"1 minute\" \/>\n<script type=\"application\/ld+json\" class=\"yoast-schema-graph\">{\"@context\":\"https:\/\/schema.org\",\"@graph\":[{\"@type\":\"WebPage\",\"@id\":\"https:\/\/www.ladiagonale.net\/index.php\/2023\/01\/18\/deux-monegasques-avec-la-france-u16-2\/\",\"url\":\"https:\/\/www.ladiagonale.net\/index.php\/2023\/01\/18\/deux-monegasques-avec-la-france-u16-2\/\",\"name\":\"Trois Mon\u00e9gasques avec la France U16 (Actualis\u00e9) - La Diagonale\",\"isPartOf\":{\"@id\":\"https:\/\/www.ladiagonale.net\/#website\"},\"datePublished\":\"2023-01-18T11:50:00+00:00\",\"dateModified\":\"2023-01-18T11:55:31+00:00\",\"author\":{\"@id\":\"https:\/\/www.ladiagonale.net\/#\/schema\/person\/79ff1e7b0853ed01b2aa26e64ad300bf\"},\"breadcrumb\":{\"@id\":\"https:\/\/www.ladiagonale.net\/index.php\/2023\/01\/18\/deux-monegasques-avec-la-france-u16-2\/#breadcrumb\"},\"inLanguage\":\"fr-FR\",\"potentialAction\":[{\"@type\":\"ReadAction\",\"target\":[\"https:\/\/www.ladiagonale.net\/index.php\/2023\/01\/18\/deux-monegasques-avec-la-france-u16-2\/\"]}]},{\"@type\":\"BreadcrumbList\",\"@id\":\"https:\/\/www.ladiagonale.net\/index.php\/2023\/01\/18\/deux-monegasques-avec-la-france-u16-2\/#breadcrumb\",\"itemListElement\":[{\"@type\":\"ListItem\",\"position\":1,\"name\":\"Accueil\",\"item\":\"https:\/\/www.ladiagonale.net\/\"},{\"@type\":\"ListItem\",\"position\":2,\"name\":\"Trois Mon\u00e9gasques avec la France U16 (Actualis\u00e9)\"}]},{\"@type\":\"WebSite\",\"@id\":\"https:\/\/www.ladiagonale.net\/#website\",\"url\":\"https:\/\/www.ladiagonale.net\/\",\"name\":\"La Diagonale\",\"description\":\"Le site des supporters de l&#039;AS Monaco FC\",\"potentialAction\":[{\"@type\":\"SearchAction\",\"target\":{\"@type\":\"EntryPoint\",\"urlTemplate\":\"https:\/\/www.ladiagonale.net\/?s={search_term_string}\"},\"query-input\":\"required name=search_term_string\"}],\"inLanguage\":\"fr-FR\"},{\"@type\":\"Person\",\"@id\":\"https:\/\/www.ladiagonale.net\/#\/schema\/person\/79ff1e7b0853ed01b2aa26e64ad300bf\",\"name\":\"Damien Dellerba\",\"image\":{\"@type\":\"ImageObject\",\"inLanguage\":\"fr-FR\",\"@id\":\"https:\/\/www.ladiagonale.net\/#\/schema\/person\/image\/\",\"url\":\"https:\/\/secure.gravatar.com\/avatar\/c7850e06d3ff63cdbaee88b7fc16e2f0?s=96&d=mm&r=g\",\"contentUrl\":\"https:\/\/secure.gravatar.com\/avatar\/c7850e06d3ff63cdbaee88b7fc16e2f0?s=96&d=mm&r=g\",\"caption\":\"Damien Dellerba\"},\"url\":\"https:\/\/www.ladiagonale.net\/index.php\/author\/damien\/\"}]}<\/script>\n<!-- \/ Yoast SEO plugin. -->","yoast_head_json":{"title":"Trois Mon\u00e9gasques avec la France U16 (Actualis\u00e9) - La Diagonale","robots":{"index":"index","follow":"follow","max-snippet":"max-snippet:-1","max-image-preview":"max-image-preview:large","max-video-preview":"max-video-preview:-1"},"canonical":"https:\/\/www.ladiagonale.net\/index.php\/2023\/01\/18\/deux-monegasques-avec-la-france-u16-2\/","og_locale":"fr_FR","og_type":"article","og_title":"Trois Mon\u00e9gasques avec la France U16 (Actualis\u00e9) - La Diagonale","og_description":"L&rsquo;\u00e9quipe de France U16 va se rassembler entre le 16 et le 19 janvier pour un stage \u00e0 Clairefontaine. 34 joueurs ont \u00e9t\u00e9 convoqu\u00e9s et deux Mon\u00e9gasques font partie de la s\u00e9lection : le d\u00e9fenseur Nick Mokabakila et le milieu de terrain Pape Cabral, qui \u00e9voluent avec les U17 de Manu Dos Santos. Aucun match [...]","og_url":"https:\/\/www.ladiagonale.net\/index.php\/2023\/01\/18\/deux-monegasques-avec-la-france-u16-2\/","og_site_name":"La Diagonale","article_published_time":"2023-01-18T11:50:00+00:00","article_modified_time":"2023-01-18T11:55:31+00:00","og_image":[{"width":1160,"height":650,"url":"https:\/\/www.ladiagonale.net\/wp-content\/uploads\/2022\/11\/cabral.png","type":"image\/png"}],"author":"Damien Dellerba","twitter_card":"summary_large_image","twitter_image":"https:\/\/www.ladiagonale.net\/wp-content\/uploads\/2022\/11\/cabral.png","twitter_misc":{"\u00c9crit par":"Damien Dellerba","Dur\u00e9e de lecture estim\u00e9e":"1 minute"},"schema":{"@context":"https:\/\/schema.org","@graph":[{"@type":"WebPage","@id":"https:\/\/www.ladiagonale.net\/index.php\/2023\/01\/18\/deux-monegasques-avec-la-france-u16-2\/","url":"https:\/\/www.ladiagonale.net\/index.php\/2023\/01\/18\/deux-monegasques-avec-la-france-u16-2\/","name":"Trois Mon\u00e9gasques avec la France U16 (Actualis\u00e9) - La Diagonale","isPartOf":{"@id":"https:\/\/www.ladiagonale.net\/#website"},"datePublished":"2023-01-18T11:50:00+00:00","dateModified":"2023-01-18T11:55:31+00:00","author":{"@id":"https:\/\/www.ladiagonale.net\/#\/schema\/person\/79ff1e7b0853ed01b2aa26e64ad300bf"},"breadcrumb":{"@id":"https:\/\/www.ladiagonale.net\/index.php\/2023\/01\/18\/deux-monegasques-avec-la-france-u16-2\/#breadcrumb"},"inLanguage":"fr-FR","potentialAction":[{"@type":"ReadAction","target":["https:\/\/www.ladiagonale.net\/index.php\/2023\/01\/18\/deux-monegasques-avec-la-france-u16-2\/"]}]},{"@type":"BreadcrumbList","@id":"https:\/\/www.ladiagonale.net\/index.php\/2023\/01\/18\/deux-monegasques-avec-la-france-u16-2\/#breadcrumb","itemListElement":[{"@type":"ListItem","position":1,"name":"Accueil","item":"https:\/\/www.ladiagonale.net\/"},{"@type":"ListItem","position":2,"name":"Trois Mon\u00e9gasques avec la France U16 (Actualis\u00e9)"}]},{"@type":"WebSite","@id":"https:\/\/www.ladiagonale.net\/#website","url":"https:\/\/www.ladiagonale.net\/","name":"La Diagonale","description":"Le site des supporters de l&#039;AS Monaco FC","potentialAction":[{"@type":"SearchAction","target":{"@type":"EntryPoint","urlTemplate":"https:\/\/www.ladiagonale.net\/?s={search_term_string}"},"query-input":"required name=search_term_string"}],"inLanguage":"fr-FR"},{"@type":"Person","@id":"https:\/\/www.ladiagonale.net\/#\/schema\/person\/79ff1e7b0853ed01b2aa26e64ad300bf","name":"Damien Dellerba","image":{"@type":"ImageObject","inLanguage":"fr-FR","@id":"https:\/\/www.ladiagonale.net\/#\/schema\/person\/image\/","url":"https:\/\/secure.gravatar.com\/avatar\/c7850e06d3ff63cdbaee88b7fc16e2f0?s=96&d=mm&r=g","contentUrl":"https:\/\/secure.gravatar.com\/avatar\/c7850e06d3ff63cdbaee88b7fc16e2f0?s=96&d=mm&r=g","caption":"Damien Dellerba"},"url":"https:\/\/www.ladiagonale.net\/index.php\/author\/damien\/"}]}},"_links":{"self":[{"href":"https:\/\/www.ladiagonale.net\/index.php\/wp-json\/wp\/v2\/posts\/8276"}],"collection":[{"href":"https:\/\/www.ladiagonale.net\/index.php\/wp-json\/wp\/v2\/posts"}],"about":[{"href":"https:\/\/www.ladiagonale.net\/index.php\/wp-json\/wp\/v2\/types\/post"}],"author":[{"embeddable":true,"href":"https:\/\/www.ladiagonale.net\/index.php\/wp-json\/wp\/v2\/users\/2"}],"replies":[{"embeddable":true,"href":"https:\/\/www.ladiagonale.net\/index.php\/wp-json\/wp\/v2\/comments?post=8276"}],"version-history":[{"count":2,"href":"https:\/\/www.ladiagonale.net\/index.php\/wp-json\/wp\/v2\/posts\/8276\/revisions"}],"predecessor-version":[{"id":8655,"href":"https:\/\/www.ladiagonale.net\/index.php\/wp-json\/wp\/v2\/posts\/8276\/revisions\/8655"}],"wp:attachment":[{"href":"https:\/\/www.ladiagonale.net\/index.php\/wp-json\/wp\/v2\/media?parent=8276"}],"wp:term":[{"taxonomy":"category","embeddable":true,"href":"https:\/\/www.ladiagonale.net\/index.php\/wp-json\/wp\/v2\/categories?post=8276"},{"taxonomy":"post_tag","embeddable":true,"href":"https:\/\/www.ladiagonale.net\/index.php\/wp-json\/wp\/v2\/tags?post=8276"}],"curies":[{"name":"wp","href":"https:\/\/api.w.org\/{rel}","templated":true}]}}