{"id":8401,"date":"2023-01-12T18:44:12","date_gmt":"2023-01-12T17:44:12","guid":{"rendered":"https:\/\/www.ladiagonale.net\/?p=8401"},"modified":"2023-01-12T18:45:10","modified_gmt":"2023-01-12T17:45:10","slug":"olmeta-courtise-hesite-a-signer-son-contrat-pro","status":"publish","type":"post","link":"https:\/\/www.ladiagonale.net\/index.php\/2023\/01\/12\/olmeta-courtise-hesite-a-signer-son-contrat-pro\/","title":{"rendered":"Olmeta, courtis\u00e9, h\u00e9site \u00e0 signer son contrat pro"},"content":{"rendered":"\n\n\n<p>Lisandru Olmeta ne sait pas encore s&rsquo;il sera Mon\u00e9gasque la saison prochaine. Le fils de Pascal Olmeta a re\u00e7u une <a href=\"https:\/\/www.ladiagonale.net\/index.php\/2022\/10\/22\/monaco-a-propose-un-contrat-a-olmeta\/\">proposition de premier contrat professionnel<\/a> il y a quelques semaines mais le gardien de but ne l&rsquo;a pas encore accept\u00e9e, selon <em>Foot Mercato<\/em>. Le champion d&rsquo;Europe des moins de 17 ans trouverait le projet sportif du club de la Principaut\u00e9 \u00ab\u00a0flou\u00a0\u00bb, ce qui le ferait h\u00e9siter pour s&rsquo;engager avec l&rsquo;ASM sur les prochaines ann\u00e9es.<\/p>\n\n\n\n<p>Plusieurs clubs seraient en outre \u00e0 l&rsquo;affut pour signer le natif d&rsquo;Ajaccio alors que son contrat aspirant expirera en juin d&rsquo;apr\u00e8s le site sp\u00e9cialis\u00e9 dans les transferts. Rennes et Manchester City via Troyes sont les plus pressants tandis que Manchester United, Chelsea, Leeds et West Ham gardent un \u0153il sur le gardien mon\u00e9gasque.<\/p>\n\n\n\n<p>Alors qu&rsquo;il a seulement f\u00eat\u00e9 ses 17 ans en juillet dernier, Lisandru Olmeta \u00e9volue d\u00e9j\u00e0 dans le Groupe \u00c9lite de Damien Perrinelle et il avait notamment pris part \u00e0 la rencontre contre Arsenal en <em>Premier League International Cup<\/em> en novembre. Il a \u00e9galement particip\u00e9 \u00e0 quelques entra\u00eenements avec le groupe de Philippe Clement, notamment avant le match contre Rodez. Lors du dernier week-end, il a contribu\u00e9 \u00e0 la <a href=\"https:\/\/www.ladiagonale.net\/index.php\/2023\/01\/08\/gambardella-monaco-continue-son-parcours\/\">qualification des U19<\/a> en Coupe Gambardella face \u00e0 Aubagne.<\/p>\n","protected":false},"excerpt":{"rendered":"<p>Lisandru Olmeta ne sait pas encore s&rsquo;il sera Mon\u00e9gasque la saison prochaine. Le fils de Pascal Olmeta a re\u00e7u une proposition de premier contrat professionnel il y a quelques semaines mais le gardien de but ne l&rsquo;a pas encore accept\u00e9e, selon Foot Mercato. Le champion d&rsquo;Europe des moins de 17 ans trouverait le projet sportif [&#8230;]\n","protected":false},"author":2,"featured_media":0,"comment_status":"open","ping_status":"open","sticky":false,"template":"","format":"standard","meta":[],"categories":[6],"tags":[76,86,264],"yoast_head":"<!-- This site is optimized with the Yoast SEO plugin v19.8 - https:\/\/yoast.com\/wordpress\/plugins\/seo\/ -->\n<title>Olmeta, courtis\u00e9, h\u00e9site \u00e0 signer son contrat pro - La Diagonale<\/title>\n<meta name=\"robots\" content=\"index, follow, max-snippet:-1, max-image-preview:large, max-video-preview:-1\" \/>\n<link rel=\"canonical\" href=\"https:\/\/www.ladiagonale.net\/index.php\/2023\/01\/12\/olmeta-courtise-hesite-a-signer-son-contrat-pro\/\" \/>\n<meta property=\"og:locale\" content=\"fr_FR\" \/>\n<meta property=\"og:type\" content=\"article\" \/>\n<meta property=\"og:title\" content=\"Olmeta, courtis\u00e9, h\u00e9site \u00e0 signer son contrat pro - La Diagonale\" \/>\n<meta property=\"og:description\" content=\"Lisandru Olmeta ne sait pas encore s&rsquo;il sera Mon\u00e9gasque la saison prochaine. Le fils de Pascal Olmeta a re\u00e7u une proposition de premier contrat professionnel il y a quelques semaines mais le gardien de but ne l&rsquo;a pas encore accept\u00e9e, selon Foot Mercato. Le champion d&rsquo;Europe des moins de 17 ans trouverait le projet sportif [...]\" \/>\n<meta property=\"og:url\" content=\"https:\/\/www.ladiagonale.net\/index.php\/2023\/01\/12\/olmeta-courtise-hesite-a-signer-son-contrat-pro\/\" \/>\n<meta property=\"og:site_name\" content=\"La Diagonale\" \/>\n<meta property=\"article:published_time\" content=\"2023-01-12T17:44:12+00:00\" \/>\n<meta property=\"article:modified_time\" content=\"2023-01-12T17:45:10+00:00\" \/>\n<meta property=\"og:image\" content=\"https:\/\/www.ladiagonale.net\/wp-content\/uploads\/2023\/01\/olmeta2.png\" \/>\n\t<meta property=\"og:image:width\" content=\"1160\" \/>\n\t<meta property=\"og:image:height\" content=\"650\" \/>\n\t<meta property=\"og:image:type\" content=\"image\/png\" \/>\n<meta name=\"author\" content=\"Damien Dellerba\" \/>\n<meta name=\"twitter:card\" content=\"summary_large_image\" \/>\n<meta name=\"twitter:image\" content=\"https:\/\/www.ladiagonale.net\/wp-content\/uploads\/2023\/01\/olmeta2.png\" \/>\n<meta name=\"twitter:label1\" content=\"\u00c9crit par\" \/>\n\t<meta name=\"twitter:data1\" content=\"Damien Dellerba\" \/>\n\t<meta name=\"twitter:label2\" content=\"Dur\u00e9e de lecture estim\u00e9e\" \/>\n\t<meta name=\"twitter:data2\" content=\"2 minutes\" \/>\n<script type=\"application\/ld+json\" class=\"yoast-schema-graph\">{\"@context\":\"https:\/\/schema.org\",\"@graph\":[{\"@type\":\"WebPage\",\"@id\":\"https:\/\/www.ladiagonale.net\/index.php\/2023\/01\/12\/olmeta-courtise-hesite-a-signer-son-contrat-pro\/\",\"url\":\"https:\/\/www.ladiagonale.net\/index.php\/2023\/01\/12\/olmeta-courtise-hesite-a-signer-son-contrat-pro\/\",\"name\":\"Olmeta, courtis\u00e9, h\u00e9site \u00e0 signer son contrat pro - La Diagonale\",\"isPartOf\":{\"@id\":\"https:\/\/www.ladiagonale.net\/#website\"},\"datePublished\":\"2023-01-12T17:44:12+00:00\",\"dateModified\":\"2023-01-12T17:45:10+00:00\",\"author\":{\"@id\":\"https:\/\/www.ladiagonale.net\/#\/schema\/person\/79ff1e7b0853ed01b2aa26e64ad300bf\"},\"breadcrumb\":{\"@id\":\"https:\/\/www.ladiagonale.net\/index.php\/2023\/01\/12\/olmeta-courtise-hesite-a-signer-son-contrat-pro\/#breadcrumb\"},\"inLanguage\":\"fr-FR\",\"potentialAction\":[{\"@type\":\"ReadAction\",\"target\":[\"https:\/\/www.ladiagonale.net\/index.php\/2023\/01\/12\/olmeta-courtise-hesite-a-signer-son-contrat-pro\/\"]}]},{\"@type\":\"BreadcrumbList\",\"@id\":\"https:\/\/www.ladiagonale.net\/index.php\/2023\/01\/12\/olmeta-courtise-hesite-a-signer-son-contrat-pro\/#breadcrumb\",\"itemListElement\":[{\"@type\":\"ListItem\",\"position\":1,\"name\":\"Accueil\",\"item\":\"https:\/\/www.ladiagonale.net\/\"},{\"@type\":\"ListItem\",\"position\":2,\"name\":\"Olmeta, courtis\u00e9, h\u00e9site \u00e0 signer son contrat pro\"}]},{\"@type\":\"WebSite\",\"@id\":\"https:\/\/www.ladiagonale.net\/#website\",\"url\":\"https:\/\/www.ladiagonale.net\/\",\"name\":\"La Diagonale\",\"description\":\"Le site des supporters de l&#039;AS Monaco FC\",\"potentialAction\":[{\"@type\":\"SearchAction\",\"target\":{\"@type\":\"EntryPoint\",\"urlTemplate\":\"https:\/\/www.ladiagonale.net\/?s={search_term_string}\"},\"query-input\":\"required name=search_term_string\"}],\"inLanguage\":\"fr-FR\"},{\"@type\":\"Person\",\"@id\":\"https:\/\/www.ladiagonale.net\/#\/schema\/person\/79ff1e7b0853ed01b2aa26e64ad300bf\",\"name\":\"Damien Dellerba\",\"image\":{\"@type\":\"ImageObject\",\"inLanguage\":\"fr-FR\",\"@id\":\"https:\/\/www.ladiagonale.net\/#\/schema\/person\/image\/\",\"url\":\"https:\/\/secure.gravatar.com\/avatar\/c7850e06d3ff63cdbaee88b7fc16e2f0?s=96&d=mm&r=g\",\"contentUrl\":\"https:\/\/secure.gravatar.com\/avatar\/c7850e06d3ff63cdbaee88b7fc16e2f0?s=96&d=mm&r=g\",\"caption\":\"Damien Dellerba\"},\"url\":\"https:\/\/www.ladiagonale.net\/index.php\/author\/damien\/\"}]}<\/script>\n<!-- \/ Yoast SEO plugin. -->","yoast_head_json":{"title":"Olmeta, courtis\u00e9, h\u00e9site \u00e0 signer son contrat pro - La Diagonale","robots":{"index":"index","follow":"follow","max-snippet":"max-snippet:-1","max-image-preview":"max-image-preview:large","max-video-preview":"max-video-preview:-1"},"canonical":"https:\/\/www.ladiagonale.net\/index.php\/2023\/01\/12\/olmeta-courtise-hesite-a-signer-son-contrat-pro\/","og_locale":"fr_FR","og_type":"article","og_title":"Olmeta, courtis\u00e9, h\u00e9site \u00e0 signer son contrat pro - La Diagonale","og_description":"Lisandru Olmeta ne sait pas encore s&rsquo;il sera Mon\u00e9gasque la saison prochaine. Le fils de Pascal Olmeta a re\u00e7u une proposition de premier contrat professionnel il y a quelques semaines mais le gardien de but ne l&rsquo;a pas encore accept\u00e9e, selon Foot Mercato. Le champion d&rsquo;Europe des moins de 17 ans trouverait le projet sportif [...]","og_url":"https:\/\/www.ladiagonale.net\/index.php\/2023\/01\/12\/olmeta-courtise-hesite-a-signer-son-contrat-pro\/","og_site_name":"La Diagonale","article_published_time":"2023-01-12T17:44:12+00:00","article_modified_time":"2023-01-12T17:45:10+00:00","og_image":[{"width":1160,"height":650,"url":"https:\/\/www.ladiagonale.net\/wp-content\/uploads\/2023\/01\/olmeta2.png","type":"image\/png"}],"author":"Damien Dellerba","twitter_card":"summary_large_image","twitter_image":"https:\/\/www.ladiagonale.net\/wp-content\/uploads\/2023\/01\/olmeta2.png","twitter_misc":{"\u00c9crit par":"Damien Dellerba","Dur\u00e9e de lecture estim\u00e9e":"2 minutes"},"schema":{"@context":"https:\/\/schema.org","@graph":[{"@type":"WebPage","@id":"https:\/\/www.ladiagonale.net\/index.php\/2023\/01\/12\/olmeta-courtise-hesite-a-signer-son-contrat-pro\/","url":"https:\/\/www.ladiagonale.net\/index.php\/2023\/01\/12\/olmeta-courtise-hesite-a-signer-son-contrat-pro\/","name":"Olmeta, courtis\u00e9, h\u00e9site \u00e0 signer son contrat pro - La Diagonale","isPartOf":{"@id":"https:\/\/www.ladiagonale.net\/#website"},"datePublished":"2023-01-12T17:44:12+00:00","dateModified":"2023-01-12T17:45:10+00:00","author":{"@id":"https:\/\/www.ladiagonale.net\/#\/schema\/person\/79ff1e7b0853ed01b2aa26e64ad300bf"},"breadcrumb":{"@id":"https:\/\/www.ladiagonale.net\/index.php\/2023\/01\/12\/olmeta-courtise-hesite-a-signer-son-contrat-pro\/#breadcrumb"},"inLanguage":"fr-FR","potentialAction":[{"@type":"ReadAction","target":["https:\/\/www.ladiagonale.net\/index.php\/2023\/01\/12\/olmeta-courtise-hesite-a-signer-son-contrat-pro\/"]}]},{"@type":"BreadcrumbList","@id":"https:\/\/www.ladiagonale.net\/index.php\/2023\/01\/12\/olmeta-courtise-hesite-a-signer-son-contrat-pro\/#breadcrumb","itemListElement":[{"@type":"ListItem","position":1,"name":"Accueil","item":"https:\/\/www.ladiagonale.net\/"},{"@type":"ListItem","position":2,"name":"Olmeta, courtis\u00e9, h\u00e9site \u00e0 signer son contrat pro"}]},{"@type":"WebSite","@id":"https:\/\/www.ladiagonale.net\/#website","url":"https:\/\/www.ladiagonale.net\/","name":"La Diagonale","description":"Le site des supporters de l&#039;AS Monaco FC","potentialAction":[{"@type":"SearchAction","target":{"@type":"EntryPoint","urlTemplate":"https:\/\/www.ladiagonale.net\/?s={search_term_string}"},"query-input":"required name=search_term_string"}],"inLanguage":"fr-FR"},{"@type":"Person","@id":"https:\/\/www.ladiagonale.net\/#\/schema\/person\/79ff1e7b0853ed01b2aa26e64ad300bf","name":"Damien Dellerba","image":{"@type":"ImageObject","inLanguage":"fr-FR","@id":"https:\/\/www.ladiagonale.net\/#\/schema\/person\/image\/","url":"https:\/\/secure.gravatar.com\/avatar\/c7850e06d3ff63cdbaee88b7fc16e2f0?s=96&d=mm&r=g","contentUrl":"https:\/\/secure.gravatar.com\/avatar\/c7850e06d3ff63cdbaee88b7fc16e2f0?s=96&d=mm&r=g","caption":"Damien Dellerba"},"url":"https:\/\/www.ladiagonale.net\/index.php\/author\/damien\/"}]}},"_links":{"self":[{"href":"https:\/\/www.ladiagonale.net\/index.php\/wp-json\/wp\/v2\/posts\/8401"}],"collection":[{"href":"https:\/\/www.ladiagonale.net\/index.php\/wp-json\/wp\/v2\/posts"}],"about":[{"href":"https:\/\/www.ladiagonale.net\/index.php\/wp-json\/wp\/v2\/types\/post"}],"author":[{"embeddable":true,"href":"https:\/\/www.ladiagonale.net\/index.php\/wp-json\/wp\/v2\/users\/2"}],"replies":[{"embeddable":true,"href":"https:\/\/www.ladiagonale.net\/index.php\/wp-json\/wp\/v2\/comments?post=8401"}],"version-history":[{"count":2,"href":"https:\/\/www.ladiagonale.net\/index.php\/wp-json\/wp\/v2\/posts\/8401\/revisions"}],"predecessor-version":[{"id":8404,"href":"https:\/\/www.ladiagonale.net\/index.php\/wp-json\/wp\/v2\/posts\/8401\/revisions\/8404"}],"wp:attachment":[{"href":"https:\/\/www.ladiagonale.net\/index.php\/wp-json\/wp\/v2\/media?parent=8401"}],"wp:term":[{"taxonomy":"category","embeddable":true,"href":"https:\/\/www.ladiagonale.net\/index.php\/wp-json\/wp\/v2\/categories?post=8401"},{"taxonomy":"post_tag","embeddable":true,"href":"https:\/\/www.ladiagonale.net\/index.php\/wp-json\/wp\/v2\/tags?post=8401"}],"curies":[{"name":"wp","href":"https:\/\/api.w.org\/{rel}","templated":true}]}}