{"id":8407,"date":"2023-01-12T22:10:18","date_gmt":"2023-01-12T21:10:18","guid":{"rendered":"https:\/\/www.ladiagonale.net\/?p=8407"},"modified":"2023-01-13T15:02:17","modified_gmt":"2023-01-13T14:02:17","slug":"geubbels-proche-de-charleroi-actualise","status":"publish","type":"post","link":"https:\/\/www.ladiagonale.net\/index.php\/2023\/01\/12\/geubbels-proche-de-charleroi-actualise\/","title":{"rendered":"Geubbels proche de Charleroi (Actualis\u00e9)"},"content":{"rendered":"\n<p>Willem Geubbels pourrait rebondir en Belgique et plus pr\u00e9cis\u00e9ment \u00e0 Charleroi. D&rsquo;apr\u00e8s le quotidien <em>L&rsquo;\u00c9quipe<\/em>, l&rsquo;attaquant mon\u00e9gasque est en discussions avanc\u00e9es avec le 12<sup>e <\/sup>de <em>Jupiler Pro League<\/em>. Du c\u00f4t\u00e9 des dirigeants mon\u00e9gasques, un transfert sans indemnit\u00e9 est envisag\u00e9 alors que l&rsquo;ancien Lyonnais arrive en fin de contrat en juin. En revanche, ils essaieraient d&rsquo;inclure un pourcentage \u00e0 la revente.<\/p>\n\n\n\n<p>Le club suisse de Saint-Gall, que l&rsquo;ASM avait affront\u00e9 en match amical lors de la pr\u00e9paration estivale, est aussi un potentiel point de chute pour Geubbels, tout comme deux autres clubs dont l&rsquo;identit\u00e9 n&rsquo;a pas filtr\u00e9, rapporte le journal. Arriv\u00e9 en 2018 contre 20 millions d&rsquo;euros, Willem Geubbels n&rsquo;a disput\u00e9 que 17 rencontres avec le club de la Principaut\u00e9 pour un seul but inscrit.<\/p>\n\n\n\n<p><strong>Actualisation :<\/strong> L&rsquo;entra\u00eeneur de Charleroi, Felice Mazz\u00f9, a confirm\u00e9 que le club carolo \u00e9tait int\u00e9ress\u00e9 par Geubbels : \u00ab <em>On a effectivement parl\u00e9 de lui avec la direction mais il y a encore un cheminement qui doit s&rsquo;op\u00e9rer. Cela va peut-\u00eatre se faire, on verra. C\u2019est un joueur qui a des qualit\u00e9s dans la projection, qui peut nous apporter dans la concurrence, dans la compl\u00e9mentarit\u00e9 avec les profils actuels. Mais aujourd\u2019hui, on en a juste parl\u00e9, sans plus.<\/em> \u00bb<\/p>\n\n\n\n<p><em>Dhnet.be<\/em>, qui a relay\u00e9 les propos du coach italo-belge, affirme n\u00e9anmoins que les contacts sont bien plus avanc\u00e9es que ne veut le dire l&rsquo;entra\u00eeneur du club belge, rejoignant ainsi les informations rapport\u00e9es par <em>L&rsquo;\u00c9quipe<\/em> ce jeudi.<\/p>\n","protected":false},"excerpt":{"rendered":"<p>Willem Geubbels pourrait rebondir en Belgique et plus pr\u00e9cis\u00e9ment \u00e0 Charleroi. D&rsquo;apr\u00e8s le quotidien L&rsquo;\u00c9quipe, l&rsquo;attaquant mon\u00e9gasque est en discussions avanc\u00e9es avec le 12e de Jupiler Pro League. Du c\u00f4t\u00e9 des dirigeants mon\u00e9gasques, un transfert sans indemnit\u00e9 est envisag\u00e9 alors que l&rsquo;ancien Lyonnais arrive en fin de contrat en juin. En revanche, ils essaieraient d&rsquo;inclure [&#8230;]\n","protected":false},"author":2,"featured_media":0,"comment_status":"open","ping_status":"open","sticky":false,"template":"","format":"standard","meta":[],"categories":[6],"tags":[86,111,110,295],"yoast_head":"<!-- This site is optimized with the Yoast SEO plugin v19.8 - https:\/\/yoast.com\/wordpress\/plugins\/seo\/ -->\n<title>Geubbels proche de Charleroi (Actualis\u00e9) - La Diagonale<\/title>\n<meta name=\"robots\" content=\"index, follow, max-snippet:-1, max-image-preview:large, max-video-preview:-1\" \/>\n<link rel=\"canonical\" href=\"https:\/\/www.ladiagonale.net\/index.php\/2023\/01\/12\/geubbels-proche-de-charleroi-actualise\/\" \/>\n<meta property=\"og:locale\" content=\"fr_FR\" \/>\n<meta property=\"og:type\" content=\"article\" \/>\n<meta property=\"og:title\" content=\"Geubbels proche de Charleroi (Actualis\u00e9) - La Diagonale\" \/>\n<meta property=\"og:description\" content=\"Willem Geubbels pourrait rebondir en Belgique et plus pr\u00e9cis\u00e9ment \u00e0 Charleroi. D&rsquo;apr\u00e8s le quotidien L&rsquo;\u00c9quipe, l&rsquo;attaquant mon\u00e9gasque est en discussions avanc\u00e9es avec le 12e de Jupiler Pro League. Du c\u00f4t\u00e9 des dirigeants mon\u00e9gasques, un transfert sans indemnit\u00e9 est envisag\u00e9 alors que l&rsquo;ancien Lyonnais arrive en fin de contrat en juin. En revanche, ils essaieraient d&rsquo;inclure [...]\" \/>\n<meta property=\"og:url\" content=\"https:\/\/www.ladiagonale.net\/index.php\/2023\/01\/12\/geubbels-proche-de-charleroi-actualise\/\" \/>\n<meta property=\"og:site_name\" content=\"La Diagonale\" \/>\n<meta property=\"article:published_time\" content=\"2023-01-12T21:10:18+00:00\" \/>\n<meta property=\"article:modified_time\" content=\"2023-01-13T14:02:17+00:00\" \/>\n<meta property=\"og:image\" content=\"https:\/\/www.ladiagonale.net\/wp-content\/uploads\/2022\/11\/geubbels.png\" \/>\n\t<meta property=\"og:image:width\" content=\"1160\" \/>\n\t<meta property=\"og:image:height\" content=\"650\" \/>\n\t<meta property=\"og:image:type\" content=\"image\/png\" \/>\n<meta name=\"author\" content=\"Damien Dellerba\" \/>\n<meta name=\"twitter:card\" content=\"summary_large_image\" \/>\n<meta name=\"twitter:image\" content=\"https:\/\/www.ladiagonale.net\/wp-content\/uploads\/2022\/11\/geubbels.png\" \/>\n<meta name=\"twitter:label1\" content=\"\u00c9crit par\" \/>\n\t<meta name=\"twitter:data1\" content=\"Damien Dellerba\" \/>\n\t<meta name=\"twitter:label2\" content=\"Dur\u00e9e de lecture estim\u00e9e\" \/>\n\t<meta name=\"twitter:data2\" content=\"2 minutes\" \/>\n<script type=\"application\/ld+json\" class=\"yoast-schema-graph\">{\"@context\":\"https:\/\/schema.org\",\"@graph\":[{\"@type\":\"WebPage\",\"@id\":\"https:\/\/www.ladiagonale.net\/index.php\/2023\/01\/12\/geubbels-proche-de-charleroi-actualise\/\",\"url\":\"https:\/\/www.ladiagonale.net\/index.php\/2023\/01\/12\/geubbels-proche-de-charleroi-actualise\/\",\"name\":\"Geubbels proche de Charleroi (Actualis\u00e9) - La Diagonale\",\"isPartOf\":{\"@id\":\"https:\/\/www.ladiagonale.net\/#website\"},\"datePublished\":\"2023-01-12T21:10:18+00:00\",\"dateModified\":\"2023-01-13T14:02:17+00:00\",\"author\":{\"@id\":\"https:\/\/www.ladiagonale.net\/#\/schema\/person\/79ff1e7b0853ed01b2aa26e64ad300bf\"},\"breadcrumb\":{\"@id\":\"https:\/\/www.ladiagonale.net\/index.php\/2023\/01\/12\/geubbels-proche-de-charleroi-actualise\/#breadcrumb\"},\"inLanguage\":\"fr-FR\",\"potentialAction\":[{\"@type\":\"ReadAction\",\"target\":[\"https:\/\/www.ladiagonale.net\/index.php\/2023\/01\/12\/geubbels-proche-de-charleroi-actualise\/\"]}]},{\"@type\":\"BreadcrumbList\",\"@id\":\"https:\/\/www.ladiagonale.net\/index.php\/2023\/01\/12\/geubbels-proche-de-charleroi-actualise\/#breadcrumb\",\"itemListElement\":[{\"@type\":\"ListItem\",\"position\":1,\"name\":\"Accueil\",\"item\":\"https:\/\/www.ladiagonale.net\/\"},{\"@type\":\"ListItem\",\"position\":2,\"name\":\"Geubbels proche de Charleroi (Actualis\u00e9)\"}]},{\"@type\":\"WebSite\",\"@id\":\"https:\/\/www.ladiagonale.net\/#website\",\"url\":\"https:\/\/www.ladiagonale.net\/\",\"name\":\"La Diagonale\",\"description\":\"Le site des supporters de l&#039;AS Monaco FC\",\"potentialAction\":[{\"@type\":\"SearchAction\",\"target\":{\"@type\":\"EntryPoint\",\"urlTemplate\":\"https:\/\/www.ladiagonale.net\/?s={search_term_string}\"},\"query-input\":\"required name=search_term_string\"}],\"inLanguage\":\"fr-FR\"},{\"@type\":\"Person\",\"@id\":\"https:\/\/www.ladiagonale.net\/#\/schema\/person\/79ff1e7b0853ed01b2aa26e64ad300bf\",\"name\":\"Damien Dellerba\",\"image\":{\"@type\":\"ImageObject\",\"inLanguage\":\"fr-FR\",\"@id\":\"https:\/\/www.ladiagonale.net\/#\/schema\/person\/image\/\",\"url\":\"https:\/\/secure.gravatar.com\/avatar\/c7850e06d3ff63cdbaee88b7fc16e2f0?s=96&d=mm&r=g\",\"contentUrl\":\"https:\/\/secure.gravatar.com\/avatar\/c7850e06d3ff63cdbaee88b7fc16e2f0?s=96&d=mm&r=g\",\"caption\":\"Damien Dellerba\"},\"url\":\"https:\/\/www.ladiagonale.net\/index.php\/author\/damien\/\"}]}<\/script>\n<!-- \/ Yoast SEO plugin. -->","yoast_head_json":{"title":"Geubbels proche de Charleroi (Actualis\u00e9) - La Diagonale","robots":{"index":"index","follow":"follow","max-snippet":"max-snippet:-1","max-image-preview":"max-image-preview:large","max-video-preview":"max-video-preview:-1"},"canonical":"https:\/\/www.ladiagonale.net\/index.php\/2023\/01\/12\/geubbels-proche-de-charleroi-actualise\/","og_locale":"fr_FR","og_type":"article","og_title":"Geubbels proche de Charleroi (Actualis\u00e9) - La Diagonale","og_description":"Willem Geubbels pourrait rebondir en Belgique et plus pr\u00e9cis\u00e9ment \u00e0 Charleroi. D&rsquo;apr\u00e8s le quotidien L&rsquo;\u00c9quipe, l&rsquo;attaquant mon\u00e9gasque est en discussions avanc\u00e9es avec le 12e de Jupiler Pro League. Du c\u00f4t\u00e9 des dirigeants mon\u00e9gasques, un transfert sans indemnit\u00e9 est envisag\u00e9 alors que l&rsquo;ancien Lyonnais arrive en fin de contrat en juin. En revanche, ils essaieraient d&rsquo;inclure [...]","og_url":"https:\/\/www.ladiagonale.net\/index.php\/2023\/01\/12\/geubbels-proche-de-charleroi-actualise\/","og_site_name":"La Diagonale","article_published_time":"2023-01-12T21:10:18+00:00","article_modified_time":"2023-01-13T14:02:17+00:00","og_image":[{"width":1160,"height":650,"url":"https:\/\/www.ladiagonale.net\/wp-content\/uploads\/2022\/11\/geubbels.png","type":"image\/png"}],"author":"Damien Dellerba","twitter_card":"summary_large_image","twitter_image":"https:\/\/www.ladiagonale.net\/wp-content\/uploads\/2022\/11\/geubbels.png","twitter_misc":{"\u00c9crit par":"Damien Dellerba","Dur\u00e9e de lecture estim\u00e9e":"2 minutes"},"schema":{"@context":"https:\/\/schema.org","@graph":[{"@type":"WebPage","@id":"https:\/\/www.ladiagonale.net\/index.php\/2023\/01\/12\/geubbels-proche-de-charleroi-actualise\/","url":"https:\/\/www.ladiagonale.net\/index.php\/2023\/01\/12\/geubbels-proche-de-charleroi-actualise\/","name":"Geubbels proche de Charleroi (Actualis\u00e9) - La Diagonale","isPartOf":{"@id":"https:\/\/www.ladiagonale.net\/#website"},"datePublished":"2023-01-12T21:10:18+00:00","dateModified":"2023-01-13T14:02:17+00:00","author":{"@id":"https:\/\/www.ladiagonale.net\/#\/schema\/person\/79ff1e7b0853ed01b2aa26e64ad300bf"},"breadcrumb":{"@id":"https:\/\/www.ladiagonale.net\/index.php\/2023\/01\/12\/geubbels-proche-de-charleroi-actualise\/#breadcrumb"},"inLanguage":"fr-FR","potentialAction":[{"@type":"ReadAction","target":["https:\/\/www.ladiagonale.net\/index.php\/2023\/01\/12\/geubbels-proche-de-charleroi-actualise\/"]}]},{"@type":"BreadcrumbList","@id":"https:\/\/www.ladiagonale.net\/index.php\/2023\/01\/12\/geubbels-proche-de-charleroi-actualise\/#breadcrumb","itemListElement":[{"@type":"ListItem","position":1,"name":"Accueil","item":"https:\/\/www.ladiagonale.net\/"},{"@type":"ListItem","position":2,"name":"Geubbels proche de Charleroi (Actualis\u00e9)"}]},{"@type":"WebSite","@id":"https:\/\/www.ladiagonale.net\/#website","url":"https:\/\/www.ladiagonale.net\/","name":"La Diagonale","description":"Le site des supporters de l&#039;AS Monaco FC","potentialAction":[{"@type":"SearchAction","target":{"@type":"EntryPoint","urlTemplate":"https:\/\/www.ladiagonale.net\/?s={search_term_string}"},"query-input":"required name=search_term_string"}],"inLanguage":"fr-FR"},{"@type":"Person","@id":"https:\/\/www.ladiagonale.net\/#\/schema\/person\/79ff1e7b0853ed01b2aa26e64ad300bf","name":"Damien Dellerba","image":{"@type":"ImageObject","inLanguage":"fr-FR","@id":"https:\/\/www.ladiagonale.net\/#\/schema\/person\/image\/","url":"https:\/\/secure.gravatar.com\/avatar\/c7850e06d3ff63cdbaee88b7fc16e2f0?s=96&d=mm&r=g","contentUrl":"https:\/\/secure.gravatar.com\/avatar\/c7850e06d3ff63cdbaee88b7fc16e2f0?s=96&d=mm&r=g","caption":"Damien Dellerba"},"url":"https:\/\/www.ladiagonale.net\/index.php\/author\/damien\/"}]}},"_links":{"self":[{"href":"https:\/\/www.ladiagonale.net\/index.php\/wp-json\/wp\/v2\/posts\/8407"}],"collection":[{"href":"https:\/\/www.ladiagonale.net\/index.php\/wp-json\/wp\/v2\/posts"}],"about":[{"href":"https:\/\/www.ladiagonale.net\/index.php\/wp-json\/wp\/v2\/types\/post"}],"author":[{"embeddable":true,"href":"https:\/\/www.ladiagonale.net\/index.php\/wp-json\/wp\/v2\/users\/2"}],"replies":[{"embeddable":true,"href":"https:\/\/www.ladiagonale.net\/index.php\/wp-json\/wp\/v2\/comments?post=8407"}],"version-history":[{"count":2,"href":"https:\/\/www.ladiagonale.net\/index.php\/wp-json\/wp\/v2\/posts\/8407\/revisions"}],"predecessor-version":[{"id":8464,"href":"https:\/\/www.ladiagonale.net\/index.php\/wp-json\/wp\/v2\/posts\/8407\/revisions\/8464"}],"wp:attachment":[{"href":"https:\/\/www.ladiagonale.net\/index.php\/wp-json\/wp\/v2\/media?parent=8407"}],"wp:term":[{"taxonomy":"category","embeddable":true,"href":"https:\/\/www.ladiagonale.net\/index.php\/wp-json\/wp\/v2\/categories?post=8407"},{"taxonomy":"post_tag","embeddable":true,"href":"https:\/\/www.ladiagonale.net\/index.php\/wp-json\/wp\/v2\/tags?post=8407"}],"curies":[{"name":"wp","href":"https:\/\/api.w.org\/{rel}","templated":true}]}}