{"id":8522,"date":"2023-01-14T20:16:09","date_gmt":"2023-01-14T19:16:09","guid":{"rendered":"https:\/\/www.ladiagonale.net\/?p=8522"},"modified":"2023-01-14T20:16:20","modified_gmt":"2023-01-14T19:16:20","slug":"le-groupe-monegasque-aguilar-de-retour-gelson-martins-absent","status":"publish","type":"post","link":"https:\/\/www.ladiagonale.net\/index.php\/2023\/01\/14\/le-groupe-monegasque-aguilar-de-retour-gelson-martins-absent\/","title":{"rendered":"Le groupe mon\u00e9gasque : Aguilar de retour, Gelson Martins forfait"},"content":{"rendered":"\n\n\n<p>Philippe Clement a retenu 22 joueurs pour la r\u00e9ception d&rsquo;Ajaccio ce dimanche (17h05). Gelson Martins ne sera pas pr\u00e9sent car il \u00ab\u00a0<em>pr\u00e9sente une g\u00eane musculaire<\/em>\u00a0\u00bb, peut-on lire sur le communiqu\u00e9 du club. Kevin Volland termine sa r\u00e9athl\u00e9tisation. Ruben Aguilar fait son retour apr\u00e8s avoir \u00e9t\u00e9 malade en milieu de semaine.<\/p>\n\n\n\n<p>Absent du groupe depuis la reprise et remis de sa maladie, Jean Lucas n&rsquo;est pas retenu par le coach as\u00e9miste, alors que son avenir sur le Rocher semble s&rsquo;\u00e9crire en pointill\u00e9s.<\/p>\n\n\n\n<p>Deux joueurs resteront en tribune.<\/p>\n\n\n\n<p><strong>Le groupe mon\u00e9gasque<\/strong><\/p>\n\n\n\n<ul><li>Gardiens : Didillon, Lienard, N\u00fcbel.<\/li><li>D\u00e9fenseurs : Aguilar, C. Henrique, Disasi, Jakobs, Maripan, Sarr, Vanderson.<\/li><li>Milieux : Akliouche, Ben Seghir, Camara, Diatta, Fofana, Golovin, Magassa, Matazo, Minamino.<\/li><li>Attaquants : Ben Yedder, Boadu, Embolo.<\/li><\/ul>\n\n\n\n<p><em>Absents :<\/em> G. Martins (g\u00eane), Volland (reprise), J. Lucas (choix du coach).<\/p>\n","protected":false},"excerpt":{"rendered":"<p>Philippe Clement a retenu 22 joueurs pour la r\u00e9ception d&rsquo;Ajaccio ce dimanche (17h05). Gelson Martins ne sera pas pr\u00e9sent car il \u00ab\u00a0pr\u00e9sente une g\u00eane musculaire\u00a0\u00bb, peut-on lire sur le communiqu\u00e9 du club. Kevin Volland termine sa r\u00e9athl\u00e9tisation. Ruben Aguilar fait son retour apr\u00e8s avoir \u00e9t\u00e9 malade en milieu de semaine. Absent du groupe depuis la [&#8230;]\n","protected":false},"author":2,"featured_media":0,"comment_status":"open","ping_status":"open","sticky":false,"template":"","format":"standard","meta":[],"categories":[4,6],"tags":[86,225,94,366],"yoast_head":"<!-- This site is optimized with the Yoast SEO plugin v19.8 - https:\/\/yoast.com\/wordpress\/plugins\/seo\/ -->\n<title>Le groupe mon\u00e9gasque : Aguilar de retour, Gelson Martins forfait - La Diagonale<\/title>\n<meta name=\"robots\" content=\"index, follow, max-snippet:-1, max-image-preview:large, max-video-preview:-1\" \/>\n<link rel=\"canonical\" href=\"https:\/\/www.ladiagonale.net\/index.php\/2023\/01\/14\/le-groupe-monegasque-aguilar-de-retour-gelson-martins-absent\/\" \/>\n<meta property=\"og:locale\" content=\"fr_FR\" \/>\n<meta property=\"og:type\" content=\"article\" \/>\n<meta property=\"og:title\" content=\"Le groupe mon\u00e9gasque : Aguilar de retour, Gelson Martins forfait - La Diagonale\" \/>\n<meta property=\"og:description\" content=\"Philippe Clement a retenu 22 joueurs pour la r\u00e9ception d&rsquo;Ajaccio ce dimanche (17h05). Gelson Martins ne sera pas pr\u00e9sent car il \u00ab\u00a0pr\u00e9sente une g\u00eane musculaire\u00a0\u00bb, peut-on lire sur le communiqu\u00e9 du club. Kevin Volland termine sa r\u00e9athl\u00e9tisation. Ruben Aguilar fait son retour apr\u00e8s avoir \u00e9t\u00e9 malade en milieu de semaine. Absent du groupe depuis la [...]\" \/>\n<meta property=\"og:url\" content=\"https:\/\/www.ladiagonale.net\/index.php\/2023\/01\/14\/le-groupe-monegasque-aguilar-de-retour-gelson-martins-absent\/\" \/>\n<meta property=\"og:site_name\" content=\"La Diagonale\" \/>\n<meta property=\"article:published_time\" content=\"2023-01-14T19:16:09+00:00\" \/>\n<meta property=\"article:modified_time\" content=\"2023-01-14T19:16:20+00:00\" \/>\n<meta property=\"og:image\" content=\"https:\/\/www.ladiagonale.net\/wp-content\/uploads\/2022\/10\/gelson-rennes.jpg\" \/>\n\t<meta property=\"og:image:width\" content=\"1160\" \/>\n\t<meta property=\"og:image:height\" content=\"650\" \/>\n\t<meta property=\"og:image:type\" content=\"image\/jpeg\" \/>\n<meta name=\"author\" content=\"Damien Dellerba\" \/>\n<meta name=\"twitter:card\" content=\"summary_large_image\" \/>\n<meta name=\"twitter:image\" content=\"https:\/\/www.ladiagonale.net\/wp-content\/uploads\/2022\/10\/gelson-rennes.jpg\" \/>\n<meta name=\"twitter:label1\" content=\"\u00c9crit par\" \/>\n\t<meta name=\"twitter:data1\" content=\"Damien Dellerba\" \/>\n\t<meta name=\"twitter:label2\" content=\"Dur\u00e9e de lecture estim\u00e9e\" \/>\n\t<meta name=\"twitter:data2\" content=\"1 minute\" \/>\n<script type=\"application\/ld+json\" class=\"yoast-schema-graph\">{\"@context\":\"https:\/\/schema.org\",\"@graph\":[{\"@type\":\"WebPage\",\"@id\":\"https:\/\/www.ladiagonale.net\/index.php\/2023\/01\/14\/le-groupe-monegasque-aguilar-de-retour-gelson-martins-absent\/\",\"url\":\"https:\/\/www.ladiagonale.net\/index.php\/2023\/01\/14\/le-groupe-monegasque-aguilar-de-retour-gelson-martins-absent\/\",\"name\":\"Le groupe mon\u00e9gasque : Aguilar de retour, Gelson Martins forfait - La Diagonale\",\"isPartOf\":{\"@id\":\"https:\/\/www.ladiagonale.net\/#website\"},\"datePublished\":\"2023-01-14T19:16:09+00:00\",\"dateModified\":\"2023-01-14T19:16:20+00:00\",\"author\":{\"@id\":\"https:\/\/www.ladiagonale.net\/#\/schema\/person\/79ff1e7b0853ed01b2aa26e64ad300bf\"},\"breadcrumb\":{\"@id\":\"https:\/\/www.ladiagonale.net\/index.php\/2023\/01\/14\/le-groupe-monegasque-aguilar-de-retour-gelson-martins-absent\/#breadcrumb\"},\"inLanguage\":\"fr-FR\",\"potentialAction\":[{\"@type\":\"ReadAction\",\"target\":[\"https:\/\/www.ladiagonale.net\/index.php\/2023\/01\/14\/le-groupe-monegasque-aguilar-de-retour-gelson-martins-absent\/\"]}]},{\"@type\":\"BreadcrumbList\",\"@id\":\"https:\/\/www.ladiagonale.net\/index.php\/2023\/01\/14\/le-groupe-monegasque-aguilar-de-retour-gelson-martins-absent\/#breadcrumb\",\"itemListElement\":[{\"@type\":\"ListItem\",\"position\":1,\"name\":\"Accueil\",\"item\":\"https:\/\/www.ladiagonale.net\/\"},{\"@type\":\"ListItem\",\"position\":2,\"name\":\"Le groupe mon\u00e9gasque : Aguilar de retour, Gelson Martins forfait\"}]},{\"@type\":\"WebSite\",\"@id\":\"https:\/\/www.ladiagonale.net\/#website\",\"url\":\"https:\/\/www.ladiagonale.net\/\",\"name\":\"La Diagonale\",\"description\":\"Le site des supporters de l&#039;AS Monaco FC\",\"potentialAction\":[{\"@type\":\"SearchAction\",\"target\":{\"@type\":\"EntryPoint\",\"urlTemplate\":\"https:\/\/www.ladiagonale.net\/?s={search_term_string}\"},\"query-input\":\"required name=search_term_string\"}],\"inLanguage\":\"fr-FR\"},{\"@type\":\"Person\",\"@id\":\"https:\/\/www.ladiagonale.net\/#\/schema\/person\/79ff1e7b0853ed01b2aa26e64ad300bf\",\"name\":\"Damien Dellerba\",\"image\":{\"@type\":\"ImageObject\",\"inLanguage\":\"fr-FR\",\"@id\":\"https:\/\/www.ladiagonale.net\/#\/schema\/person\/image\/\",\"url\":\"https:\/\/secure.gravatar.com\/avatar\/c7850e06d3ff63cdbaee88b7fc16e2f0?s=96&d=mm&r=g\",\"contentUrl\":\"https:\/\/secure.gravatar.com\/avatar\/c7850e06d3ff63cdbaee88b7fc16e2f0?s=96&d=mm&r=g\",\"caption\":\"Damien Dellerba\"},\"url\":\"https:\/\/www.ladiagonale.net\/index.php\/author\/damien\/\"}]}<\/script>\n<!-- \/ Yoast SEO plugin. -->","yoast_head_json":{"title":"Le groupe mon\u00e9gasque : Aguilar de retour, Gelson Martins forfait - La Diagonale","robots":{"index":"index","follow":"follow","max-snippet":"max-snippet:-1","max-image-preview":"max-image-preview:large","max-video-preview":"max-video-preview:-1"},"canonical":"https:\/\/www.ladiagonale.net\/index.php\/2023\/01\/14\/le-groupe-monegasque-aguilar-de-retour-gelson-martins-absent\/","og_locale":"fr_FR","og_type":"article","og_title":"Le groupe mon\u00e9gasque : Aguilar de retour, Gelson Martins forfait - La Diagonale","og_description":"Philippe Clement a retenu 22 joueurs pour la r\u00e9ception d&rsquo;Ajaccio ce dimanche (17h05). Gelson Martins ne sera pas pr\u00e9sent car il \u00ab\u00a0pr\u00e9sente une g\u00eane musculaire\u00a0\u00bb, peut-on lire sur le communiqu\u00e9 du club. Kevin Volland termine sa r\u00e9athl\u00e9tisation. Ruben Aguilar fait son retour apr\u00e8s avoir \u00e9t\u00e9 malade en milieu de semaine. Absent du groupe depuis la [...]","og_url":"https:\/\/www.ladiagonale.net\/index.php\/2023\/01\/14\/le-groupe-monegasque-aguilar-de-retour-gelson-martins-absent\/","og_site_name":"La Diagonale","article_published_time":"2023-01-14T19:16:09+00:00","article_modified_time":"2023-01-14T19:16:20+00:00","og_image":[{"width":1160,"height":650,"url":"https:\/\/www.ladiagonale.net\/wp-content\/uploads\/2022\/10\/gelson-rennes.jpg","type":"image\/jpeg"}],"author":"Damien Dellerba","twitter_card":"summary_large_image","twitter_image":"https:\/\/www.ladiagonale.net\/wp-content\/uploads\/2022\/10\/gelson-rennes.jpg","twitter_misc":{"\u00c9crit par":"Damien Dellerba","Dur\u00e9e de lecture estim\u00e9e":"1 minute"},"schema":{"@context":"https:\/\/schema.org","@graph":[{"@type":"WebPage","@id":"https:\/\/www.ladiagonale.net\/index.php\/2023\/01\/14\/le-groupe-monegasque-aguilar-de-retour-gelson-martins-absent\/","url":"https:\/\/www.ladiagonale.net\/index.php\/2023\/01\/14\/le-groupe-monegasque-aguilar-de-retour-gelson-martins-absent\/","name":"Le groupe mon\u00e9gasque : Aguilar de retour, Gelson Martins forfait - La Diagonale","isPartOf":{"@id":"https:\/\/www.ladiagonale.net\/#website"},"datePublished":"2023-01-14T19:16:09+00:00","dateModified":"2023-01-14T19:16:20+00:00","author":{"@id":"https:\/\/www.ladiagonale.net\/#\/schema\/person\/79ff1e7b0853ed01b2aa26e64ad300bf"},"breadcrumb":{"@id":"https:\/\/www.ladiagonale.net\/index.php\/2023\/01\/14\/le-groupe-monegasque-aguilar-de-retour-gelson-martins-absent\/#breadcrumb"},"inLanguage":"fr-FR","potentialAction":[{"@type":"ReadAction","target":["https:\/\/www.ladiagonale.net\/index.php\/2023\/01\/14\/le-groupe-monegasque-aguilar-de-retour-gelson-martins-absent\/"]}]},{"@type":"BreadcrumbList","@id":"https:\/\/www.ladiagonale.net\/index.php\/2023\/01\/14\/le-groupe-monegasque-aguilar-de-retour-gelson-martins-absent\/#breadcrumb","itemListElement":[{"@type":"ListItem","position":1,"name":"Accueil","item":"https:\/\/www.ladiagonale.net\/"},{"@type":"ListItem","position":2,"name":"Le groupe mon\u00e9gasque : Aguilar de retour, Gelson Martins forfait"}]},{"@type":"WebSite","@id":"https:\/\/www.ladiagonale.net\/#website","url":"https:\/\/www.ladiagonale.net\/","name":"La Diagonale","description":"Le site des supporters de l&#039;AS Monaco FC","potentialAction":[{"@type":"SearchAction","target":{"@type":"EntryPoint","urlTemplate":"https:\/\/www.ladiagonale.net\/?s={search_term_string}"},"query-input":"required name=search_term_string"}],"inLanguage":"fr-FR"},{"@type":"Person","@id":"https:\/\/www.ladiagonale.net\/#\/schema\/person\/79ff1e7b0853ed01b2aa26e64ad300bf","name":"Damien Dellerba","image":{"@type":"ImageObject","inLanguage":"fr-FR","@id":"https:\/\/www.ladiagonale.net\/#\/schema\/person\/image\/","url":"https:\/\/secure.gravatar.com\/avatar\/c7850e06d3ff63cdbaee88b7fc16e2f0?s=96&d=mm&r=g","contentUrl":"https:\/\/secure.gravatar.com\/avatar\/c7850e06d3ff63cdbaee88b7fc16e2f0?s=96&d=mm&r=g","caption":"Damien Dellerba"},"url":"https:\/\/www.ladiagonale.net\/index.php\/author\/damien\/"}]}},"_links":{"self":[{"href":"https:\/\/www.ladiagonale.net\/index.php\/wp-json\/wp\/v2\/posts\/8522"}],"collection":[{"href":"https:\/\/www.ladiagonale.net\/index.php\/wp-json\/wp\/v2\/posts"}],"about":[{"href":"https:\/\/www.ladiagonale.net\/index.php\/wp-json\/wp\/v2\/types\/post"}],"author":[{"embeddable":true,"href":"https:\/\/www.ladiagonale.net\/index.php\/wp-json\/wp\/v2\/users\/2"}],"replies":[{"embeddable":true,"href":"https:\/\/www.ladiagonale.net\/index.php\/wp-json\/wp\/v2\/comments?post=8522"}],"version-history":[{"count":2,"href":"https:\/\/www.ladiagonale.net\/index.php\/wp-json\/wp\/v2\/posts\/8522\/revisions"}],"predecessor-version":[{"id":8524,"href":"https:\/\/www.ladiagonale.net\/index.php\/wp-json\/wp\/v2\/posts\/8522\/revisions\/8524"}],"wp:attachment":[{"href":"https:\/\/www.ladiagonale.net\/index.php\/wp-json\/wp\/v2\/media?parent=8522"}],"wp:term":[{"taxonomy":"category","embeddable":true,"href":"https:\/\/www.ladiagonale.net\/index.php\/wp-json\/wp\/v2\/categories?post=8522"},{"taxonomy":"post_tag","embeddable":true,"href":"https:\/\/www.ladiagonale.net\/index.php\/wp-json\/wp\/v2\/tags?post=8522"}],"curies":[{"name":"wp","href":"https:\/\/api.w.org\/{rel}","templated":true}]}}