{"id":8644,"date":"2023-01-17T13:43:09","date_gmt":"2023-01-17T12:43:09","guid":{"rendered":"https:\/\/www.ladiagonale.net\/?p=8644"},"modified":"2023-01-17T13:44:51","modified_gmt":"2023-01-17T12:44:51","slug":"lecomte-veut-quitter-lespanyol","status":"publish","type":"post","link":"https:\/\/www.ladiagonale.net\/index.php\/2023\/01\/17\/lecomte-veut-quitter-lespanyol\/","title":{"rendered":"Lecomte veut quitter l&rsquo;Espanyol"},"content":{"rendered":"\n\n\n<p>Apr\u00e8s Anthony Musaba qui a <a href=\"https:\/\/www.ladiagonale.net\/index.php\/2023\/01\/04\/officiel-musaba-quitte-metz-et-part-en-pret-a-nimegue\/\">cass\u00e9 son pr\u00eat avec le FC Metz<\/a> apr\u00e8s seulement six mois, Benjamin Lecomte pourrait \u00e9galement mettre un terme \u00e0 son pr\u00eat avec l&rsquo;Espanyol Barcelone de mani\u00e8re anticip\u00e9e. Une exp\u00e9rience qui ne semble gu\u00e8re concluante pour le portier de 31 ans, apr\u00e8s dix matchs disput\u00e9s, et qui aurait demand\u00e9 \u00e0 partir, comme l&rsquo;a r\u00e9v\u00e9l\u00e9 l&rsquo;entra\u00eeneur du club catalan Diego Martinez. Une dol\u00e9ance respect\u00e9e par l&rsquo;entra\u00eeneur de l&rsquo;Espanyol puisque Lecomte a \u00e9t\u00e9 \u00e9cart\u00e9 du groupe lors des trois derni\u00e8res rencontres.<\/p>\n\n\n\n<p>Par un effet de dominos, Lecomte pourrait rebondir dans son ancien club de Montpellier. En effet, le Bayern Munich, qui cherche un rempla\u00e7ant \u00e0 Manuel Neuer et n&rsquo;a pas obtenu gain de cause avec N\u00fcbel et Monaco, devrait vraisemblablement enr\u00f4ler le Suisse Yann Sommer, le gardien du Borussia M\u00f6nchengladbach. Le club de la Ruhr songerait \u00e0 remplacer Sommer par un autre gardien suisse, Jonas Omlin, qui \u00e9volue \u00e0 Montpellier. Selon les informations du site <a href=\"https:\/\/www.allezpaillade.com\/transferts\/lecomte-pour-remplacer-omlin\/\">Allez Paillade<\/a>, il y aurait d\u00e9j\u00e0 un accord entre Lecomte et le club h\u00e9raultais en cas de d\u00e9part d&rsquo;Omlin.<\/p>\n","protected":false},"excerpt":{"rendered":"<p>Apr\u00e8s Anthony Musaba qui a cass\u00e9 son pr\u00eat avec le FC Metz apr\u00e8s seulement six mois, Benjamin Lecomte pourrait \u00e9galement mettre un terme \u00e0 son pr\u00eat avec l&rsquo;Espanyol Barcelone de mani\u00e8re anticip\u00e9e. Une exp\u00e9rience qui ne semble gu\u00e8re concluante pour le portier de 31 ans, apr\u00e8s dix matchs disput\u00e9s, et qui aurait demand\u00e9 \u00e0 partir, [&#8230;]\n","protected":false},"author":2,"featured_media":0,"comment_status":"open","ping_status":"open","sticky":false,"template":"","format":"standard","meta":[],"categories":[6],"tags":[86,371],"yoast_head":"<!-- This site is optimized with the Yoast SEO plugin v19.8 - https:\/\/yoast.com\/wordpress\/plugins\/seo\/ -->\n<title>Lecomte veut quitter l&#039;Espanyol - La Diagonale<\/title>\n<meta name=\"robots\" content=\"index, follow, max-snippet:-1, max-image-preview:large, max-video-preview:-1\" \/>\n<link rel=\"canonical\" href=\"https:\/\/www.ladiagonale.net\/index.php\/2023\/01\/17\/lecomte-veut-quitter-lespanyol\/\" \/>\n<meta property=\"og:locale\" content=\"fr_FR\" \/>\n<meta property=\"og:type\" content=\"article\" \/>\n<meta property=\"og:title\" content=\"Lecomte veut quitter l&#039;Espanyol - La Diagonale\" \/>\n<meta property=\"og:description\" content=\"Apr\u00e8s Anthony Musaba qui a cass\u00e9 son pr\u00eat avec le FC Metz apr\u00e8s seulement six mois, Benjamin Lecomte pourrait \u00e9galement mettre un terme \u00e0 son pr\u00eat avec l&rsquo;Espanyol Barcelone de mani\u00e8re anticip\u00e9e. Une exp\u00e9rience qui ne semble gu\u00e8re concluante pour le portier de 31 ans, apr\u00e8s dix matchs disput\u00e9s, et qui aurait demand\u00e9 \u00e0 partir, [...]\" \/>\n<meta property=\"og:url\" content=\"https:\/\/www.ladiagonale.net\/index.php\/2023\/01\/17\/lecomte-veut-quitter-lespanyol\/\" \/>\n<meta property=\"og:site_name\" content=\"La Diagonale\" \/>\n<meta property=\"article:published_time\" content=\"2023-01-17T12:43:09+00:00\" \/>\n<meta property=\"article:modified_time\" content=\"2023-01-17T12:44:51+00:00\" \/>\n<meta property=\"og:image\" content=\"https:\/\/www.ladiagonale.net\/wp-content\/uploads\/2022\/11\/lecomte.png\" \/>\n\t<meta property=\"og:image:width\" content=\"1160\" \/>\n\t<meta property=\"og:image:height\" content=\"650\" \/>\n\t<meta property=\"og:image:type\" content=\"image\/png\" \/>\n<meta name=\"author\" content=\"Damien Dellerba\" \/>\n<meta name=\"twitter:card\" content=\"summary_large_image\" \/>\n<meta name=\"twitter:image\" content=\"https:\/\/www.ladiagonale.net\/wp-content\/uploads\/2022\/11\/lecomte.png\" \/>\n<meta name=\"twitter:label1\" content=\"\u00c9crit par\" \/>\n\t<meta name=\"twitter:data1\" content=\"Damien Dellerba\" \/>\n\t<meta name=\"twitter:label2\" content=\"Dur\u00e9e de lecture estim\u00e9e\" \/>\n\t<meta name=\"twitter:data2\" content=\"1 minute\" \/>\n<script type=\"application\/ld+json\" class=\"yoast-schema-graph\">{\"@context\":\"https:\/\/schema.org\",\"@graph\":[{\"@type\":\"WebPage\",\"@id\":\"https:\/\/www.ladiagonale.net\/index.php\/2023\/01\/17\/lecomte-veut-quitter-lespanyol\/\",\"url\":\"https:\/\/www.ladiagonale.net\/index.php\/2023\/01\/17\/lecomte-veut-quitter-lespanyol\/\",\"name\":\"Lecomte veut quitter l'Espanyol - La Diagonale\",\"isPartOf\":{\"@id\":\"https:\/\/www.ladiagonale.net\/#website\"},\"datePublished\":\"2023-01-17T12:43:09+00:00\",\"dateModified\":\"2023-01-17T12:44:51+00:00\",\"author\":{\"@id\":\"https:\/\/www.ladiagonale.net\/#\/schema\/person\/79ff1e7b0853ed01b2aa26e64ad300bf\"},\"breadcrumb\":{\"@id\":\"https:\/\/www.ladiagonale.net\/index.php\/2023\/01\/17\/lecomte-veut-quitter-lespanyol\/#breadcrumb\"},\"inLanguage\":\"fr-FR\",\"potentialAction\":[{\"@type\":\"ReadAction\",\"target\":[\"https:\/\/www.ladiagonale.net\/index.php\/2023\/01\/17\/lecomte-veut-quitter-lespanyol\/\"]}]},{\"@type\":\"BreadcrumbList\",\"@id\":\"https:\/\/www.ladiagonale.net\/index.php\/2023\/01\/17\/lecomte-veut-quitter-lespanyol\/#breadcrumb\",\"itemListElement\":[{\"@type\":\"ListItem\",\"position\":1,\"name\":\"Accueil\",\"item\":\"https:\/\/www.ladiagonale.net\/\"},{\"@type\":\"ListItem\",\"position\":2,\"name\":\"Lecomte veut quitter l&rsquo;Espanyol\"}]},{\"@type\":\"WebSite\",\"@id\":\"https:\/\/www.ladiagonale.net\/#website\",\"url\":\"https:\/\/www.ladiagonale.net\/\",\"name\":\"La Diagonale\",\"description\":\"Le site des supporters de l&#039;AS Monaco FC\",\"potentialAction\":[{\"@type\":\"SearchAction\",\"target\":{\"@type\":\"EntryPoint\",\"urlTemplate\":\"https:\/\/www.ladiagonale.net\/?s={search_term_string}\"},\"query-input\":\"required name=search_term_string\"}],\"inLanguage\":\"fr-FR\"},{\"@type\":\"Person\",\"@id\":\"https:\/\/www.ladiagonale.net\/#\/schema\/person\/79ff1e7b0853ed01b2aa26e64ad300bf\",\"name\":\"Damien Dellerba\",\"image\":{\"@type\":\"ImageObject\",\"inLanguage\":\"fr-FR\",\"@id\":\"https:\/\/www.ladiagonale.net\/#\/schema\/person\/image\/\",\"url\":\"https:\/\/secure.gravatar.com\/avatar\/c7850e06d3ff63cdbaee88b7fc16e2f0?s=96&d=mm&r=g\",\"contentUrl\":\"https:\/\/secure.gravatar.com\/avatar\/c7850e06d3ff63cdbaee88b7fc16e2f0?s=96&d=mm&r=g\",\"caption\":\"Damien Dellerba\"},\"url\":\"https:\/\/www.ladiagonale.net\/index.php\/author\/damien\/\"}]}<\/script>\n<!-- \/ Yoast SEO plugin. -->","yoast_head_json":{"title":"Lecomte veut quitter l'Espanyol - La Diagonale","robots":{"index":"index","follow":"follow","max-snippet":"max-snippet:-1","max-image-preview":"max-image-preview:large","max-video-preview":"max-video-preview:-1"},"canonical":"https:\/\/www.ladiagonale.net\/index.php\/2023\/01\/17\/lecomte-veut-quitter-lespanyol\/","og_locale":"fr_FR","og_type":"article","og_title":"Lecomte veut quitter l'Espanyol - La Diagonale","og_description":"Apr\u00e8s Anthony Musaba qui a cass\u00e9 son pr\u00eat avec le FC Metz apr\u00e8s seulement six mois, Benjamin Lecomte pourrait \u00e9galement mettre un terme \u00e0 son pr\u00eat avec l&rsquo;Espanyol Barcelone de mani\u00e8re anticip\u00e9e. Une exp\u00e9rience qui ne semble gu\u00e8re concluante pour le portier de 31 ans, apr\u00e8s dix matchs disput\u00e9s, et qui aurait demand\u00e9 \u00e0 partir, [...]","og_url":"https:\/\/www.ladiagonale.net\/index.php\/2023\/01\/17\/lecomte-veut-quitter-lespanyol\/","og_site_name":"La Diagonale","article_published_time":"2023-01-17T12:43:09+00:00","article_modified_time":"2023-01-17T12:44:51+00:00","og_image":[{"width":1160,"height":650,"url":"https:\/\/www.ladiagonale.net\/wp-content\/uploads\/2022\/11\/lecomte.png","type":"image\/png"}],"author":"Damien Dellerba","twitter_card":"summary_large_image","twitter_image":"https:\/\/www.ladiagonale.net\/wp-content\/uploads\/2022\/11\/lecomte.png","twitter_misc":{"\u00c9crit par":"Damien Dellerba","Dur\u00e9e de lecture estim\u00e9e":"1 minute"},"schema":{"@context":"https:\/\/schema.org","@graph":[{"@type":"WebPage","@id":"https:\/\/www.ladiagonale.net\/index.php\/2023\/01\/17\/lecomte-veut-quitter-lespanyol\/","url":"https:\/\/www.ladiagonale.net\/index.php\/2023\/01\/17\/lecomte-veut-quitter-lespanyol\/","name":"Lecomte veut quitter l'Espanyol - La Diagonale","isPartOf":{"@id":"https:\/\/www.ladiagonale.net\/#website"},"datePublished":"2023-01-17T12:43:09+00:00","dateModified":"2023-01-17T12:44:51+00:00","author":{"@id":"https:\/\/www.ladiagonale.net\/#\/schema\/person\/79ff1e7b0853ed01b2aa26e64ad300bf"},"breadcrumb":{"@id":"https:\/\/www.ladiagonale.net\/index.php\/2023\/01\/17\/lecomte-veut-quitter-lespanyol\/#breadcrumb"},"inLanguage":"fr-FR","potentialAction":[{"@type":"ReadAction","target":["https:\/\/www.ladiagonale.net\/index.php\/2023\/01\/17\/lecomte-veut-quitter-lespanyol\/"]}]},{"@type":"BreadcrumbList","@id":"https:\/\/www.ladiagonale.net\/index.php\/2023\/01\/17\/lecomte-veut-quitter-lespanyol\/#breadcrumb","itemListElement":[{"@type":"ListItem","position":1,"name":"Accueil","item":"https:\/\/www.ladiagonale.net\/"},{"@type":"ListItem","position":2,"name":"Lecomte veut quitter l&rsquo;Espanyol"}]},{"@type":"WebSite","@id":"https:\/\/www.ladiagonale.net\/#website","url":"https:\/\/www.ladiagonale.net\/","name":"La Diagonale","description":"Le site des supporters de l&#039;AS Monaco FC","potentialAction":[{"@type":"SearchAction","target":{"@type":"EntryPoint","urlTemplate":"https:\/\/www.ladiagonale.net\/?s={search_term_string}"},"query-input":"required name=search_term_string"}],"inLanguage":"fr-FR"},{"@type":"Person","@id":"https:\/\/www.ladiagonale.net\/#\/schema\/person\/79ff1e7b0853ed01b2aa26e64ad300bf","name":"Damien Dellerba","image":{"@type":"ImageObject","inLanguage":"fr-FR","@id":"https:\/\/www.ladiagonale.net\/#\/schema\/person\/image\/","url":"https:\/\/secure.gravatar.com\/avatar\/c7850e06d3ff63cdbaee88b7fc16e2f0?s=96&d=mm&r=g","contentUrl":"https:\/\/secure.gravatar.com\/avatar\/c7850e06d3ff63cdbaee88b7fc16e2f0?s=96&d=mm&r=g","caption":"Damien Dellerba"},"url":"https:\/\/www.ladiagonale.net\/index.php\/author\/damien\/"}]}},"_links":{"self":[{"href":"https:\/\/www.ladiagonale.net\/index.php\/wp-json\/wp\/v2\/posts\/8644"}],"collection":[{"href":"https:\/\/www.ladiagonale.net\/index.php\/wp-json\/wp\/v2\/posts"}],"about":[{"href":"https:\/\/www.ladiagonale.net\/index.php\/wp-json\/wp\/v2\/types\/post"}],"author":[{"embeddable":true,"href":"https:\/\/www.ladiagonale.net\/index.php\/wp-json\/wp\/v2\/users\/2"}],"replies":[{"embeddable":true,"href":"https:\/\/www.ladiagonale.net\/index.php\/wp-json\/wp\/v2\/comments?post=8644"}],"version-history":[{"count":3,"href":"https:\/\/www.ladiagonale.net\/index.php\/wp-json\/wp\/v2\/posts\/8644\/revisions"}],"predecessor-version":[{"id":8660,"href":"https:\/\/www.ladiagonale.net\/index.php\/wp-json\/wp\/v2\/posts\/8644\/revisions\/8660"}],"wp:attachment":[{"href":"https:\/\/www.ladiagonale.net\/index.php\/wp-json\/wp\/v2\/media?parent=8644"}],"wp:term":[{"taxonomy":"category","embeddable":true,"href":"https:\/\/www.ladiagonale.net\/index.php\/wp-json\/wp\/v2\/categories?post=8644"},{"taxonomy":"post_tag","embeddable":true,"href":"https:\/\/www.ladiagonale.net\/index.php\/wp-json\/wp\/v2\/tags?post=8644"}],"curies":[{"name":"wp","href":"https:\/\/api.w.org\/{rel}","templated":true}]}}