{"id":8656,"date":"2023-01-18T13:12:33","date_gmt":"2023-01-18T12:12:33","guid":{"rendered":"https:\/\/www.ladiagonale.net\/?p=8656"},"modified":"2023-01-18T13:12:37","modified_gmt":"2023-01-18T12:12:37","slug":"le-groupe-elite-sincline-contre-brentford","status":"publish","type":"post","link":"https:\/\/www.ladiagonale.net\/index.php\/2023\/01\/18\/le-groupe-elite-sincline-contre-brentford\/","title":{"rendered":"Le Groupe \u00c9lite s\u2019incline contre Brentford"},"content":{"rendered":"\n\n\n<p>Ce mercredi, le Groupe \u00c9lite dirig\u00e9 par Damien Perrinelle affrontait l\u2019\u00e9quipe r\u00e9serve de Brentford au Centre de Performance de La Turbie et s\u2019est inclin\u00e9 (1-4), sous les yeux de Paul Mitchell et de Philippe Clement. Le but as\u00e9miste a \u00e9t\u00e9 inscrit par Valentin Salatiel Decarpentrie en d\u00e9but de seconde p\u00e9riode, alors que la formation anglaise menait de deux buts \u00e0 la pause gr\u00e2ce \u00e0 Yarmoliuk et Olakigbe. <\/p>\n\n\n\n<figure class=\"wp-block-embed is-type-rich is-provider-twitter wp-block-embed-twitter\"><div class=\"wp-block-embed__wrapper\">\n<blockquote class=\"twitter-tweet\" data-width=\"550\" data-dnt=\"true\"><p lang=\"fr\" dir=\"ltr\">\ud83d\udcf8 | Mitchell et Clement pr\u00e9sent le choc du Groupe \u00c9lite contre Brentford. <a href=\"https:\/\/twitter.com\/hashtag\/ASMonaco?src=hash&amp;ref_src=twsrc%5Etfw\">#ASMonaco<\/a> <a href=\"https:\/\/t.co\/raTAEF5VSV\">pic.twitter.com\/raTAEF5VSV<\/a><\/p>&mdash; Luke Entwistle \u270f\ufe0f (@LukeEntwistle) <a href=\"https:\/\/twitter.com\/LukeEntwistle\/status\/1615674627883421699?ref_src=twsrc%5Etfw\">January 18, 2023<\/a><\/blockquote><script async src=\"https:\/\/platform.twitter.com\/widgets.js\" charset=\"utf-8\"><\/script>\n<\/div><\/figure>\n\n\n\n<p>En premi\u00e8re p\u00e9riode, l&rsquo;ASM a domin\u00e9 les d\u00e9bats lors des vingt premi\u00e8res minutes et Malamine Efekele a notamment trouv\u00e9 le poteau \u00e0 le demi-heure de jeu. Mais en seconde p\u00e9riode, les Anglais ont finalement pris le dessus et ont inscrit deux buts suppl\u00e9mentaires, Olakigbe signant notamment un doubl\u00e9, et Trevitt parachevant le succ\u00e8s des <em>Bees<\/em>. <\/p>\n\n\n\n<p><strong>Composition :<\/strong> Lienard &#8211; Baba\u00ef, B\u00e9ry, Cartillier, Semedo Varela (cap.) &#8211; Benama, Coulibaly, Bamba &#8211; Decarpentrie, Baglieri, Efekele.<\/p>\n\n\n\n<figure class=\"wp-block-embed is-type-rich is-provider-twitter wp-block-embed-twitter\"><div class=\"wp-block-embed__wrapper\">\n<blockquote class=\"twitter-tweet\" data-width=\"550\" data-dnt=\"true\"><p lang=\"fr\" dir=\"ltr\">\ud83d\udcf8 | Une belle journ\u00e9e pour regarder le Groupe \u00c9lite de l\u2019<a href=\"https:\/\/twitter.com\/hashtag\/ASMonaco?src=hash&amp;ref_src=twsrc%5Etfw\">#ASMonaco<\/a> contre Brentford B. Romeo Beckham est sur la feuille de match pour l\u2019\u00e9quipe londonienne. <a href=\"https:\/\/t.co\/6uG0DtkQXr\">pic.twitter.com\/6uG0DtkQXr<\/a><\/p>&mdash; Luke Entwistle \u270f\ufe0f (@LukeEntwistle) <a href=\"https:\/\/twitter.com\/LukeEntwistle\/status\/1615650992497754112?ref_src=twsrc%5Etfw\">January 18, 2023<\/a><\/blockquote><script async src=\"https:\/\/platform.twitter.com\/widgets.js\" charset=\"utf-8\"><\/script>\n<\/div><\/figure>\n\n\n\n<p>Dans une semaine, le Groupe \u00c9lite retournera en Espagne pour affronter l&rsquo;\u00c9toile Rouge Belgrade dans le cadre de la <em>Al Abtal Cup<\/em>. La rencontre aura lieu le 25 janvier (horaire \u00e0 d\u00e9terminer). <\/p>\n","protected":false},"excerpt":{"rendered":"<p>Ce mercredi, le Groupe \u00c9lite dirig\u00e9 par Damien Perrinelle affrontait l\u2019\u00e9quipe r\u00e9serve de Brentford au Centre de Performance de La Turbie et s\u2019est inclin\u00e9 (1-4), sous les yeux de Paul Mitchell et de Philippe Clement. Le but as\u00e9miste a \u00e9t\u00e9 inscrit par Valentin Salatiel Decarpentrie en d\u00e9but de seconde p\u00e9riode, alors que la formation anglaise [&#8230;]\n","protected":false},"author":2,"featured_media":0,"comment_status":"open","ping_status":"open","sticky":false,"template":"","format":"standard","meta":[],"categories":[6],"tags":[76,86,228],"yoast_head":"<!-- This site is optimized with the Yoast SEO plugin v19.8 - https:\/\/yoast.com\/wordpress\/plugins\/seo\/ -->\n<title>Le Groupe \u00c9lite s\u2019incline contre Brentford - La Diagonale<\/title>\n<meta name=\"robots\" content=\"index, follow, max-snippet:-1, max-image-preview:large, max-video-preview:-1\" \/>\n<link rel=\"canonical\" href=\"https:\/\/www.ladiagonale.net\/index.php\/2023\/01\/18\/le-groupe-elite-sincline-contre-brentford\/\" \/>\n<meta property=\"og:locale\" content=\"fr_FR\" \/>\n<meta property=\"og:type\" content=\"article\" \/>\n<meta property=\"og:title\" content=\"Le Groupe \u00c9lite s\u2019incline contre Brentford - La Diagonale\" \/>\n<meta property=\"og:description\" content=\"Ce mercredi, le Groupe \u00c9lite dirig\u00e9 par Damien Perrinelle affrontait l\u2019\u00e9quipe r\u00e9serve de Brentford au Centre de Performance de La Turbie et s\u2019est inclin\u00e9 (1-4), sous les yeux de Paul Mitchell et de Philippe Clement. Le but as\u00e9miste a \u00e9t\u00e9 inscrit par Valentin Salatiel Decarpentrie en d\u00e9but de seconde p\u00e9riode, alors que la formation anglaise [...]\" \/>\n<meta property=\"og:url\" content=\"https:\/\/www.ladiagonale.net\/index.php\/2023\/01\/18\/le-groupe-elite-sincline-contre-brentford\/\" \/>\n<meta property=\"og:site_name\" content=\"La Diagonale\" \/>\n<meta property=\"article:published_time\" content=\"2023-01-18T12:12:33+00:00\" \/>\n<meta property=\"article:modified_time\" content=\"2023-01-18T12:12:37+00:00\" \/>\n<meta property=\"og:image\" content=\"https:\/\/www.ladiagonale.net\/wp-content\/uploads\/2022\/11\/efekele.png\" \/>\n\t<meta property=\"og:image:width\" content=\"1160\" \/>\n\t<meta property=\"og:image:height\" content=\"650\" \/>\n\t<meta property=\"og:image:type\" content=\"image\/png\" \/>\n<meta name=\"author\" content=\"Damien Dellerba\" \/>\n<meta name=\"twitter:card\" content=\"summary_large_image\" \/>\n<meta name=\"twitter:image\" content=\"https:\/\/www.ladiagonale.net\/wp-content\/uploads\/2022\/11\/efekele.png\" \/>\n<meta name=\"twitter:label1\" content=\"\u00c9crit par\" \/>\n\t<meta name=\"twitter:data1\" content=\"Damien Dellerba\" \/>\n\t<meta name=\"twitter:label2\" content=\"Dur\u00e9e de lecture estim\u00e9e\" \/>\n\t<meta name=\"twitter:data2\" content=\"1 minute\" \/>\n<script type=\"application\/ld+json\" class=\"yoast-schema-graph\">{\"@context\":\"https:\/\/schema.org\",\"@graph\":[{\"@type\":\"WebPage\",\"@id\":\"https:\/\/www.ladiagonale.net\/index.php\/2023\/01\/18\/le-groupe-elite-sincline-contre-brentford\/\",\"url\":\"https:\/\/www.ladiagonale.net\/index.php\/2023\/01\/18\/le-groupe-elite-sincline-contre-brentford\/\",\"name\":\"Le Groupe \u00c9lite s\u2019incline contre Brentford - La Diagonale\",\"isPartOf\":{\"@id\":\"https:\/\/www.ladiagonale.net\/#website\"},\"datePublished\":\"2023-01-18T12:12:33+00:00\",\"dateModified\":\"2023-01-18T12:12:37+00:00\",\"author\":{\"@id\":\"https:\/\/www.ladiagonale.net\/#\/schema\/person\/79ff1e7b0853ed01b2aa26e64ad300bf\"},\"breadcrumb\":{\"@id\":\"https:\/\/www.ladiagonale.net\/index.php\/2023\/01\/18\/le-groupe-elite-sincline-contre-brentford\/#breadcrumb\"},\"inLanguage\":\"fr-FR\",\"potentialAction\":[{\"@type\":\"ReadAction\",\"target\":[\"https:\/\/www.ladiagonale.net\/index.php\/2023\/01\/18\/le-groupe-elite-sincline-contre-brentford\/\"]}]},{\"@type\":\"BreadcrumbList\",\"@id\":\"https:\/\/www.ladiagonale.net\/index.php\/2023\/01\/18\/le-groupe-elite-sincline-contre-brentford\/#breadcrumb\",\"itemListElement\":[{\"@type\":\"ListItem\",\"position\":1,\"name\":\"Accueil\",\"item\":\"https:\/\/www.ladiagonale.net\/\"},{\"@type\":\"ListItem\",\"position\":2,\"name\":\"Le Groupe \u00c9lite s\u2019incline contre Brentford\"}]},{\"@type\":\"WebSite\",\"@id\":\"https:\/\/www.ladiagonale.net\/#website\",\"url\":\"https:\/\/www.ladiagonale.net\/\",\"name\":\"La Diagonale\",\"description\":\"Le site des supporters de l&#039;AS Monaco FC\",\"potentialAction\":[{\"@type\":\"SearchAction\",\"target\":{\"@type\":\"EntryPoint\",\"urlTemplate\":\"https:\/\/www.ladiagonale.net\/?s={search_term_string}\"},\"query-input\":\"required name=search_term_string\"}],\"inLanguage\":\"fr-FR\"},{\"@type\":\"Person\",\"@id\":\"https:\/\/www.ladiagonale.net\/#\/schema\/person\/79ff1e7b0853ed01b2aa26e64ad300bf\",\"name\":\"Damien Dellerba\",\"image\":{\"@type\":\"ImageObject\",\"inLanguage\":\"fr-FR\",\"@id\":\"https:\/\/www.ladiagonale.net\/#\/schema\/person\/image\/\",\"url\":\"https:\/\/secure.gravatar.com\/avatar\/c7850e06d3ff63cdbaee88b7fc16e2f0?s=96&d=mm&r=g\",\"contentUrl\":\"https:\/\/secure.gravatar.com\/avatar\/c7850e06d3ff63cdbaee88b7fc16e2f0?s=96&d=mm&r=g\",\"caption\":\"Damien Dellerba\"},\"url\":\"https:\/\/www.ladiagonale.net\/index.php\/author\/damien\/\"}]}<\/script>\n<!-- \/ Yoast SEO plugin. -->","yoast_head_json":{"title":"Le Groupe \u00c9lite s\u2019incline contre Brentford - La Diagonale","robots":{"index":"index","follow":"follow","max-snippet":"max-snippet:-1","max-image-preview":"max-image-preview:large","max-video-preview":"max-video-preview:-1"},"canonical":"https:\/\/www.ladiagonale.net\/index.php\/2023\/01\/18\/le-groupe-elite-sincline-contre-brentford\/","og_locale":"fr_FR","og_type":"article","og_title":"Le Groupe \u00c9lite s\u2019incline contre Brentford - La Diagonale","og_description":"Ce mercredi, le Groupe \u00c9lite dirig\u00e9 par Damien Perrinelle affrontait l\u2019\u00e9quipe r\u00e9serve de Brentford au Centre de Performance de La Turbie et s\u2019est inclin\u00e9 (1-4), sous les yeux de Paul Mitchell et de Philippe Clement. Le but as\u00e9miste a \u00e9t\u00e9 inscrit par Valentin Salatiel Decarpentrie en d\u00e9but de seconde p\u00e9riode, alors que la formation anglaise [...]","og_url":"https:\/\/www.ladiagonale.net\/index.php\/2023\/01\/18\/le-groupe-elite-sincline-contre-brentford\/","og_site_name":"La Diagonale","article_published_time":"2023-01-18T12:12:33+00:00","article_modified_time":"2023-01-18T12:12:37+00:00","og_image":[{"width":1160,"height":650,"url":"https:\/\/www.ladiagonale.net\/wp-content\/uploads\/2022\/11\/efekele.png","type":"image\/png"}],"author":"Damien Dellerba","twitter_card":"summary_large_image","twitter_image":"https:\/\/www.ladiagonale.net\/wp-content\/uploads\/2022\/11\/efekele.png","twitter_misc":{"\u00c9crit par":"Damien Dellerba","Dur\u00e9e de lecture estim\u00e9e":"1 minute"},"schema":{"@context":"https:\/\/schema.org","@graph":[{"@type":"WebPage","@id":"https:\/\/www.ladiagonale.net\/index.php\/2023\/01\/18\/le-groupe-elite-sincline-contre-brentford\/","url":"https:\/\/www.ladiagonale.net\/index.php\/2023\/01\/18\/le-groupe-elite-sincline-contre-brentford\/","name":"Le Groupe \u00c9lite s\u2019incline contre Brentford - La Diagonale","isPartOf":{"@id":"https:\/\/www.ladiagonale.net\/#website"},"datePublished":"2023-01-18T12:12:33+00:00","dateModified":"2023-01-18T12:12:37+00:00","author":{"@id":"https:\/\/www.ladiagonale.net\/#\/schema\/person\/79ff1e7b0853ed01b2aa26e64ad300bf"},"breadcrumb":{"@id":"https:\/\/www.ladiagonale.net\/index.php\/2023\/01\/18\/le-groupe-elite-sincline-contre-brentford\/#breadcrumb"},"inLanguage":"fr-FR","potentialAction":[{"@type":"ReadAction","target":["https:\/\/www.ladiagonale.net\/index.php\/2023\/01\/18\/le-groupe-elite-sincline-contre-brentford\/"]}]},{"@type":"BreadcrumbList","@id":"https:\/\/www.ladiagonale.net\/index.php\/2023\/01\/18\/le-groupe-elite-sincline-contre-brentford\/#breadcrumb","itemListElement":[{"@type":"ListItem","position":1,"name":"Accueil","item":"https:\/\/www.ladiagonale.net\/"},{"@type":"ListItem","position":2,"name":"Le Groupe \u00c9lite s\u2019incline contre Brentford"}]},{"@type":"WebSite","@id":"https:\/\/www.ladiagonale.net\/#website","url":"https:\/\/www.ladiagonale.net\/","name":"La Diagonale","description":"Le site des supporters de l&#039;AS Monaco FC","potentialAction":[{"@type":"SearchAction","target":{"@type":"EntryPoint","urlTemplate":"https:\/\/www.ladiagonale.net\/?s={search_term_string}"},"query-input":"required name=search_term_string"}],"inLanguage":"fr-FR"},{"@type":"Person","@id":"https:\/\/www.ladiagonale.net\/#\/schema\/person\/79ff1e7b0853ed01b2aa26e64ad300bf","name":"Damien Dellerba","image":{"@type":"ImageObject","inLanguage":"fr-FR","@id":"https:\/\/www.ladiagonale.net\/#\/schema\/person\/image\/","url":"https:\/\/secure.gravatar.com\/avatar\/c7850e06d3ff63cdbaee88b7fc16e2f0?s=96&d=mm&r=g","contentUrl":"https:\/\/secure.gravatar.com\/avatar\/c7850e06d3ff63cdbaee88b7fc16e2f0?s=96&d=mm&r=g","caption":"Damien Dellerba"},"url":"https:\/\/www.ladiagonale.net\/index.php\/author\/damien\/"}]}},"_links":{"self":[{"href":"https:\/\/www.ladiagonale.net\/index.php\/wp-json\/wp\/v2\/posts\/8656"}],"collection":[{"href":"https:\/\/www.ladiagonale.net\/index.php\/wp-json\/wp\/v2\/posts"}],"about":[{"href":"https:\/\/www.ladiagonale.net\/index.php\/wp-json\/wp\/v2\/types\/post"}],"author":[{"embeddable":true,"href":"https:\/\/www.ladiagonale.net\/index.php\/wp-json\/wp\/v2\/users\/2"}],"replies":[{"embeddable":true,"href":"https:\/\/www.ladiagonale.net\/index.php\/wp-json\/wp\/v2\/comments?post=8656"}],"version-history":[{"count":1,"href":"https:\/\/www.ladiagonale.net\/index.php\/wp-json\/wp\/v2\/posts\/8656\/revisions"}],"predecessor-version":[{"id":8657,"href":"https:\/\/www.ladiagonale.net\/index.php\/wp-json\/wp\/v2\/posts\/8656\/revisions\/8657"}],"wp:attachment":[{"href":"https:\/\/www.ladiagonale.net\/index.php\/wp-json\/wp\/v2\/media?parent=8656"}],"wp:term":[{"taxonomy":"category","embeddable":true,"href":"https:\/\/www.ladiagonale.net\/index.php\/wp-json\/wp\/v2\/categories?post=8656"},{"taxonomy":"post_tag","embeddable":true,"href":"https:\/\/www.ladiagonale.net\/index.php\/wp-json\/wp\/v2\/tags?post=8656"}],"curies":[{"name":"wp","href":"https:\/\/api.w.org\/{rel}","templated":true}]}}