{"id":8659,"date":"2023-01-19T09:45:00","date_gmt":"2023-01-19T08:45:00","guid":{"rendered":"https:\/\/www.ladiagonale.net\/?p=8659"},"modified":"2023-01-19T09:45:36","modified_gmt":"2023-01-19T08:45:36","slug":"lecomte-en-passe-detre-transfere-a-montpellier","status":"publish","type":"post","link":"https:\/\/www.ladiagonale.net\/index.php\/2023\/01\/19\/lecomte-en-passe-detre-transfere-a-montpellier\/","title":{"rendered":"Lecomte en passe d&rsquo;\u00eatre transf\u00e9r\u00e9 \u00e0 Montpellier (Actualis\u00e9)"},"content":{"rendered":"\n\n\n<p>Actuellement pr\u00eat\u00e9 \u00e0 l&rsquo;Espanyol Barcelone o\u00f9 il a \u00e9t\u00e9 mis \u00e0 l&rsquo;\u00e9cart, Benjamin Lecomte devrait bient\u00f4t retrouver la France et la Ligue 1 mais pas l&rsquo;AS Monaco. Selon <em>L&rsquo;\u00c9quipe<\/em>, le portier de 31 ans va rebondir \u00e0 Montpellier, o\u00f9 il avait \u00e9volu\u00e9 entre 2017 et 2019, il ne devrait pas s&rsquo;agir d&rsquo;un nouveau pr\u00eat mais bien d&rsquo;un transfert. Le quotidien r\u00e9v\u00e8le que le club de la Principaut\u00e9 s&rsquo;est facilement laiss\u00e9 convaincre de vendre son gardien, alors que celui-ci s&rsquo;\u00e9tait d\u00e9j\u00e0 mis d&rsquo;accord avec le club h\u00e9raultais.<\/p>\n\n\n\n<p>Le transfert de Lecomte vers Montpellier r\u00e9sulte d&rsquo;une exp\u00e9rience espagnole peu concluante depuis l&rsquo;\u00e9t\u00e9 2021 mais aussi d&rsquo;un jeu de chaises musicales dont le point de d\u00e9part est le remplacement de Manuel Neuer. Monaco et N\u00fcbel ont mis fin aux tractations avec le club bavarois, qui s&rsquo;est tourn\u00e9 vers Yann Sommer du Borussia M\u00f6nchengladbach. Le club de la Ruhr a mis le grappin sur le portier montpelli\u00e9rain, Jonas Omlin, laissant une place vacante dont Lecomte devrait profiter.<\/p>\n\n\n\n<p><strong>Actualisation :<\/strong> <em>Foot Mercato<\/em> s&rsquo;est montr\u00e9 plus prudent concernant, \u00e9voquant des offres de Montpellier et de Lorient, deux de ses anciens clubs, mais qu&rsquo;aucun accord n&rsquo;avait trouv\u00e9 entre les diff\u00e9rentes parties. <em>Le Midi Libre<\/em> de son c\u00f4t\u00e9, \u00e9voque un dernier obstacle \u00e0 franchir et un accord \u00e0 obtenir avec Monaco pour le club h\u00e9raultais. <\/p>\n","protected":false},"excerpt":{"rendered":"<p>Actuellement pr\u00eat\u00e9 \u00e0 l&rsquo;Espanyol Barcelone o\u00f9 il a \u00e9t\u00e9 mis \u00e0 l&rsquo;\u00e9cart, Benjamin Lecomte devrait bient\u00f4t retrouver la France et la Ligue 1 mais pas l&rsquo;AS Monaco. Selon L&rsquo;\u00c9quipe, le portier de 31 ans va rebondir \u00e0 Montpellier, o\u00f9 il avait \u00e9volu\u00e9 entre 2017 et 2019, il ne devrait pas s&rsquo;agir d&rsquo;un nouveau pr\u00eat mais [&#8230;]\n","protected":false},"author":2,"featured_media":0,"comment_status":"open","ping_status":"open","sticky":false,"template":"","format":"standard","meta":[],"categories":[6],"tags":[86,371,111,110],"yoast_head":"<!-- This site is optimized with the Yoast SEO plugin v19.8 - https:\/\/yoast.com\/wordpress\/plugins\/seo\/ -->\n<title>Lecomte en passe d&#039;\u00eatre transf\u00e9r\u00e9 \u00e0 Montpellier (Actualis\u00e9) - La Diagonale<\/title>\n<meta name=\"robots\" content=\"index, follow, max-snippet:-1, max-image-preview:large, max-video-preview:-1\" \/>\n<link rel=\"canonical\" href=\"https:\/\/www.ladiagonale.net\/index.php\/2023\/01\/19\/lecomte-en-passe-detre-transfere-a-montpellier\/\" \/>\n<meta property=\"og:locale\" content=\"fr_FR\" \/>\n<meta property=\"og:type\" content=\"article\" \/>\n<meta property=\"og:title\" content=\"Lecomte en passe d&#039;\u00eatre transf\u00e9r\u00e9 \u00e0 Montpellier (Actualis\u00e9) - La Diagonale\" \/>\n<meta property=\"og:description\" content=\"Actuellement pr\u00eat\u00e9 \u00e0 l&rsquo;Espanyol Barcelone o\u00f9 il a \u00e9t\u00e9 mis \u00e0 l&rsquo;\u00e9cart, Benjamin Lecomte devrait bient\u00f4t retrouver la France et la Ligue 1 mais pas l&rsquo;AS Monaco. Selon L&rsquo;\u00c9quipe, le portier de 31 ans va rebondir \u00e0 Montpellier, o\u00f9 il avait \u00e9volu\u00e9 entre 2017 et 2019, il ne devrait pas s&rsquo;agir d&rsquo;un nouveau pr\u00eat mais [...]\" \/>\n<meta property=\"og:url\" content=\"https:\/\/www.ladiagonale.net\/index.php\/2023\/01\/19\/lecomte-en-passe-detre-transfere-a-montpellier\/\" \/>\n<meta property=\"og:site_name\" content=\"La Diagonale\" \/>\n<meta property=\"article:published_time\" content=\"2023-01-19T08:45:00+00:00\" \/>\n<meta property=\"article:modified_time\" content=\"2023-01-19T08:45:36+00:00\" \/>\n<meta property=\"og:image\" content=\"https:\/\/www.ladiagonale.net\/wp-content\/uploads\/2022\/11\/lecomte.png\" \/>\n\t<meta property=\"og:image:width\" content=\"1160\" \/>\n\t<meta property=\"og:image:height\" content=\"650\" \/>\n\t<meta property=\"og:image:type\" content=\"image\/png\" \/>\n<meta name=\"author\" content=\"Damien Dellerba\" \/>\n<meta name=\"twitter:card\" content=\"summary_large_image\" \/>\n<meta name=\"twitter:image\" content=\"https:\/\/www.ladiagonale.net\/wp-content\/uploads\/2022\/11\/lecomte.png\" \/>\n<meta name=\"twitter:label1\" content=\"\u00c9crit par\" \/>\n\t<meta name=\"twitter:data1\" content=\"Damien Dellerba\" \/>\n\t<meta name=\"twitter:label2\" content=\"Dur\u00e9e de lecture estim\u00e9e\" \/>\n\t<meta name=\"twitter:data2\" content=\"2 minutes\" \/>\n<script type=\"application\/ld+json\" class=\"yoast-schema-graph\">{\"@context\":\"https:\/\/schema.org\",\"@graph\":[{\"@type\":\"WebPage\",\"@id\":\"https:\/\/www.ladiagonale.net\/index.php\/2023\/01\/19\/lecomte-en-passe-detre-transfere-a-montpellier\/\",\"url\":\"https:\/\/www.ladiagonale.net\/index.php\/2023\/01\/19\/lecomte-en-passe-detre-transfere-a-montpellier\/\",\"name\":\"Lecomte en passe d'\u00eatre transf\u00e9r\u00e9 \u00e0 Montpellier (Actualis\u00e9) - La Diagonale\",\"isPartOf\":{\"@id\":\"https:\/\/www.ladiagonale.net\/#website\"},\"datePublished\":\"2023-01-19T08:45:00+00:00\",\"dateModified\":\"2023-01-19T08:45:36+00:00\",\"author\":{\"@id\":\"https:\/\/www.ladiagonale.net\/#\/schema\/person\/79ff1e7b0853ed01b2aa26e64ad300bf\"},\"breadcrumb\":{\"@id\":\"https:\/\/www.ladiagonale.net\/index.php\/2023\/01\/19\/lecomte-en-passe-detre-transfere-a-montpellier\/#breadcrumb\"},\"inLanguage\":\"fr-FR\",\"potentialAction\":[{\"@type\":\"ReadAction\",\"target\":[\"https:\/\/www.ladiagonale.net\/index.php\/2023\/01\/19\/lecomte-en-passe-detre-transfere-a-montpellier\/\"]}]},{\"@type\":\"BreadcrumbList\",\"@id\":\"https:\/\/www.ladiagonale.net\/index.php\/2023\/01\/19\/lecomte-en-passe-detre-transfere-a-montpellier\/#breadcrumb\",\"itemListElement\":[{\"@type\":\"ListItem\",\"position\":1,\"name\":\"Accueil\",\"item\":\"https:\/\/www.ladiagonale.net\/\"},{\"@type\":\"ListItem\",\"position\":2,\"name\":\"Lecomte en passe d&rsquo;\u00eatre transf\u00e9r\u00e9 \u00e0 Montpellier (Actualis\u00e9)\"}]},{\"@type\":\"WebSite\",\"@id\":\"https:\/\/www.ladiagonale.net\/#website\",\"url\":\"https:\/\/www.ladiagonale.net\/\",\"name\":\"La Diagonale\",\"description\":\"Le site des supporters de l&#039;AS Monaco FC\",\"potentialAction\":[{\"@type\":\"SearchAction\",\"target\":{\"@type\":\"EntryPoint\",\"urlTemplate\":\"https:\/\/www.ladiagonale.net\/?s={search_term_string}\"},\"query-input\":\"required name=search_term_string\"}],\"inLanguage\":\"fr-FR\"},{\"@type\":\"Person\",\"@id\":\"https:\/\/www.ladiagonale.net\/#\/schema\/person\/79ff1e7b0853ed01b2aa26e64ad300bf\",\"name\":\"Damien Dellerba\",\"image\":{\"@type\":\"ImageObject\",\"inLanguage\":\"fr-FR\",\"@id\":\"https:\/\/www.ladiagonale.net\/#\/schema\/person\/image\/\",\"url\":\"https:\/\/secure.gravatar.com\/avatar\/c7850e06d3ff63cdbaee88b7fc16e2f0?s=96&d=mm&r=g\",\"contentUrl\":\"https:\/\/secure.gravatar.com\/avatar\/c7850e06d3ff63cdbaee88b7fc16e2f0?s=96&d=mm&r=g\",\"caption\":\"Damien Dellerba\"},\"url\":\"https:\/\/www.ladiagonale.net\/index.php\/author\/damien\/\"}]}<\/script>\n<!-- \/ Yoast SEO plugin. -->","yoast_head_json":{"title":"Lecomte en passe d'\u00eatre transf\u00e9r\u00e9 \u00e0 Montpellier (Actualis\u00e9) - La Diagonale","robots":{"index":"index","follow":"follow","max-snippet":"max-snippet:-1","max-image-preview":"max-image-preview:large","max-video-preview":"max-video-preview:-1"},"canonical":"https:\/\/www.ladiagonale.net\/index.php\/2023\/01\/19\/lecomte-en-passe-detre-transfere-a-montpellier\/","og_locale":"fr_FR","og_type":"article","og_title":"Lecomte en passe d'\u00eatre transf\u00e9r\u00e9 \u00e0 Montpellier (Actualis\u00e9) - La Diagonale","og_description":"Actuellement pr\u00eat\u00e9 \u00e0 l&rsquo;Espanyol Barcelone o\u00f9 il a \u00e9t\u00e9 mis \u00e0 l&rsquo;\u00e9cart, Benjamin Lecomte devrait bient\u00f4t retrouver la France et la Ligue 1 mais pas l&rsquo;AS Monaco. Selon L&rsquo;\u00c9quipe, le portier de 31 ans va rebondir \u00e0 Montpellier, o\u00f9 il avait \u00e9volu\u00e9 entre 2017 et 2019, il ne devrait pas s&rsquo;agir d&rsquo;un nouveau pr\u00eat mais [...]","og_url":"https:\/\/www.ladiagonale.net\/index.php\/2023\/01\/19\/lecomte-en-passe-detre-transfere-a-montpellier\/","og_site_name":"La Diagonale","article_published_time":"2023-01-19T08:45:00+00:00","article_modified_time":"2023-01-19T08:45:36+00:00","og_image":[{"width":1160,"height":650,"url":"https:\/\/www.ladiagonale.net\/wp-content\/uploads\/2022\/11\/lecomte.png","type":"image\/png"}],"author":"Damien Dellerba","twitter_card":"summary_large_image","twitter_image":"https:\/\/www.ladiagonale.net\/wp-content\/uploads\/2022\/11\/lecomte.png","twitter_misc":{"\u00c9crit par":"Damien Dellerba","Dur\u00e9e de lecture estim\u00e9e":"2 minutes"},"schema":{"@context":"https:\/\/schema.org","@graph":[{"@type":"WebPage","@id":"https:\/\/www.ladiagonale.net\/index.php\/2023\/01\/19\/lecomte-en-passe-detre-transfere-a-montpellier\/","url":"https:\/\/www.ladiagonale.net\/index.php\/2023\/01\/19\/lecomte-en-passe-detre-transfere-a-montpellier\/","name":"Lecomte en passe d'\u00eatre transf\u00e9r\u00e9 \u00e0 Montpellier (Actualis\u00e9) - La Diagonale","isPartOf":{"@id":"https:\/\/www.ladiagonale.net\/#website"},"datePublished":"2023-01-19T08:45:00+00:00","dateModified":"2023-01-19T08:45:36+00:00","author":{"@id":"https:\/\/www.ladiagonale.net\/#\/schema\/person\/79ff1e7b0853ed01b2aa26e64ad300bf"},"breadcrumb":{"@id":"https:\/\/www.ladiagonale.net\/index.php\/2023\/01\/19\/lecomte-en-passe-detre-transfere-a-montpellier\/#breadcrumb"},"inLanguage":"fr-FR","potentialAction":[{"@type":"ReadAction","target":["https:\/\/www.ladiagonale.net\/index.php\/2023\/01\/19\/lecomte-en-passe-detre-transfere-a-montpellier\/"]}]},{"@type":"BreadcrumbList","@id":"https:\/\/www.ladiagonale.net\/index.php\/2023\/01\/19\/lecomte-en-passe-detre-transfere-a-montpellier\/#breadcrumb","itemListElement":[{"@type":"ListItem","position":1,"name":"Accueil","item":"https:\/\/www.ladiagonale.net\/"},{"@type":"ListItem","position":2,"name":"Lecomte en passe d&rsquo;\u00eatre transf\u00e9r\u00e9 \u00e0 Montpellier (Actualis\u00e9)"}]},{"@type":"WebSite","@id":"https:\/\/www.ladiagonale.net\/#website","url":"https:\/\/www.ladiagonale.net\/","name":"La Diagonale","description":"Le site des supporters de l&#039;AS Monaco FC","potentialAction":[{"@type":"SearchAction","target":{"@type":"EntryPoint","urlTemplate":"https:\/\/www.ladiagonale.net\/?s={search_term_string}"},"query-input":"required name=search_term_string"}],"inLanguage":"fr-FR"},{"@type":"Person","@id":"https:\/\/www.ladiagonale.net\/#\/schema\/person\/79ff1e7b0853ed01b2aa26e64ad300bf","name":"Damien Dellerba","image":{"@type":"ImageObject","inLanguage":"fr-FR","@id":"https:\/\/www.ladiagonale.net\/#\/schema\/person\/image\/","url":"https:\/\/secure.gravatar.com\/avatar\/c7850e06d3ff63cdbaee88b7fc16e2f0?s=96&d=mm&r=g","contentUrl":"https:\/\/secure.gravatar.com\/avatar\/c7850e06d3ff63cdbaee88b7fc16e2f0?s=96&d=mm&r=g","caption":"Damien Dellerba"},"url":"https:\/\/www.ladiagonale.net\/index.php\/author\/damien\/"}]}},"_links":{"self":[{"href":"https:\/\/www.ladiagonale.net\/index.php\/wp-json\/wp\/v2\/posts\/8659"}],"collection":[{"href":"https:\/\/www.ladiagonale.net\/index.php\/wp-json\/wp\/v2\/posts"}],"about":[{"href":"https:\/\/www.ladiagonale.net\/index.php\/wp-json\/wp\/v2\/types\/post"}],"author":[{"embeddable":true,"href":"https:\/\/www.ladiagonale.net\/index.php\/wp-json\/wp\/v2\/users\/2"}],"replies":[{"embeddable":true,"href":"https:\/\/www.ladiagonale.net\/index.php\/wp-json\/wp\/v2\/comments?post=8659"}],"version-history":[{"count":4,"href":"https:\/\/www.ladiagonale.net\/index.php\/wp-json\/wp\/v2\/posts\/8659\/revisions"}],"predecessor-version":[{"id":8689,"href":"https:\/\/www.ladiagonale.net\/index.php\/wp-json\/wp\/v2\/posts\/8659\/revisions\/8689"}],"wp:attachment":[{"href":"https:\/\/www.ladiagonale.net\/index.php\/wp-json\/wp\/v2\/media?parent=8659"}],"wp:term":[{"taxonomy":"category","embeddable":true,"href":"https:\/\/www.ladiagonale.net\/index.php\/wp-json\/wp\/v2\/categories?post=8659"},{"taxonomy":"post_tag","embeddable":true,"href":"https:\/\/www.ladiagonale.net\/index.php\/wp-json\/wp\/v2\/tags?post=8659"}],"curies":[{"name":"wp","href":"https:\/\/api.w.org\/{rel}","templated":true}]}}