{"id":8693,"date":"2023-01-19T10:48:58","date_gmt":"2023-01-19T09:48:58","guid":{"rendered":"https:\/\/www.ladiagonale.net\/?p=8693"},"modified":"2023-01-19T10:49:09","modified_gmt":"2023-01-19T09:49:09","slug":"monaco-aurait-des-vues-sur-chaibi","status":"publish","type":"post","link":"https:\/\/www.ladiagonale.net\/index.php\/2023\/01\/19\/monaco-aurait-des-vues-sur-chaibi\/","title":{"rendered":"Monaco aurait des vues sur Cha\u00efbi"},"content":{"rendered":"\n\n\n<p>Monaco serait un des pr\u00e9tendants de Far\u00e8s Cha\u00efbi, le milieu offensif de Toulouse, qui n&rsquo;est autre que le fr\u00e8re cadet d&rsquo;Ilyes Cha\u00efbi, form\u00e9 par le club de la Principaut\u00e9 (<em>deux rencontres disput\u00e9s en 2016<\/em>). \u00c0 en croire <em>Le 10 Sport<\/em>, Monaco ferait les yeux doux \u00e0 l&rsquo;international alg\u00e9rien U23 pour un transfert en vue de l&rsquo;\u00e9t\u00e9, m\u00eame si des discussions pourraient \u00eatre entam\u00e9es d\u00e8s cet hiver. <\/p>\n\n\n\n<p>Le club de la Principaut\u00e9 n&rsquo;est pas seul sur les rangs puisque Wolfsbourg et S\u00e9ville sont \u00e9galement int\u00e9ress\u00e9s. \u00c2g\u00e9 de 20 ans, Cha\u00efbi fait des premiers pas remarqu\u00e9s en Ligue 1 cette saison, avec trois buts inscrits et quatre passes d\u00e9cisives d\u00e9livr\u00e9es en 17 matchs. Polyvalent, il peut \u00e9voluer sur les c\u00f4t\u00e9s comme ailier ou bien dans l&rsquo;axe et m\u00eame en pointe. Il est sous contrat avec le <em>T\u00e9f\u00e9c\u00e9<\/em> jusqu&rsquo;en 2025. <\/p>\n","protected":false},"excerpt":{"rendered":"<p>Monaco serait un des pr\u00e9tendants de Far\u00e8s Cha\u00efbi, le milieu offensif de Toulouse, qui n&rsquo;est autre que le fr\u00e8re cadet d&rsquo;Ilyes Cha\u00efbi, form\u00e9 par le club de la Principaut\u00e9 (deux rencontres disput\u00e9s en 2016). \u00c0 en croire Le 10 Sport, Monaco ferait les yeux doux \u00e0 l&rsquo;international alg\u00e9rien U23 pour un transfert en vue de [&#8230;]\n","protected":false},"author":2,"featured_media":0,"comment_status":"open","ping_status":"open","sticky":false,"template":"","format":"standard","meta":[],"categories":[6],"tags":[86,375,111,110],"yoast_head":"<!-- This site is optimized with the Yoast SEO plugin v19.8 - https:\/\/yoast.com\/wordpress\/plugins\/seo\/ -->\n<title>Monaco aurait des vues sur Cha\u00efbi - La Diagonale<\/title>\n<meta name=\"robots\" content=\"index, follow, max-snippet:-1, max-image-preview:large, max-video-preview:-1\" \/>\n<link rel=\"canonical\" href=\"https:\/\/www.ladiagonale.net\/index.php\/2023\/01\/19\/monaco-aurait-des-vues-sur-chaibi\/\" \/>\n<meta property=\"og:locale\" content=\"fr_FR\" \/>\n<meta property=\"og:type\" content=\"article\" \/>\n<meta property=\"og:title\" content=\"Monaco aurait des vues sur Cha\u00efbi - La Diagonale\" \/>\n<meta property=\"og:description\" content=\"Monaco serait un des pr\u00e9tendants de Far\u00e8s Cha\u00efbi, le milieu offensif de Toulouse, qui n&rsquo;est autre que le fr\u00e8re cadet d&rsquo;Ilyes Cha\u00efbi, form\u00e9 par le club de la Principaut\u00e9 (deux rencontres disput\u00e9s en 2016). \u00c0 en croire Le 10 Sport, Monaco ferait les yeux doux \u00e0 l&rsquo;international alg\u00e9rien U23 pour un transfert en vue de [...]\" \/>\n<meta property=\"og:url\" content=\"https:\/\/www.ladiagonale.net\/index.php\/2023\/01\/19\/monaco-aurait-des-vues-sur-chaibi\/\" \/>\n<meta property=\"og:site_name\" content=\"La Diagonale\" \/>\n<meta property=\"article:published_time\" content=\"2023-01-19T09:48:58+00:00\" \/>\n<meta property=\"article:modified_time\" content=\"2023-01-19T09:49:09+00:00\" \/>\n<meta property=\"og:image\" content=\"https:\/\/www.ladiagonale.net\/wp-content\/uploads\/2023\/01\/chaibi.png\" \/>\n\t<meta property=\"og:image:width\" content=\"1160\" \/>\n\t<meta property=\"og:image:height\" content=\"650\" \/>\n\t<meta property=\"og:image:type\" content=\"image\/png\" \/>\n<meta name=\"author\" content=\"Damien Dellerba\" \/>\n<meta name=\"twitter:card\" content=\"summary_large_image\" \/>\n<meta name=\"twitter:image\" content=\"https:\/\/www.ladiagonale.net\/wp-content\/uploads\/2023\/01\/chaibi.png\" \/>\n<meta name=\"twitter:label1\" content=\"\u00c9crit par\" \/>\n\t<meta name=\"twitter:data1\" content=\"Damien Dellerba\" \/>\n\t<meta name=\"twitter:label2\" content=\"Dur\u00e9e de lecture estim\u00e9e\" \/>\n\t<meta name=\"twitter:data2\" content=\"1 minute\" \/>\n<script type=\"application\/ld+json\" class=\"yoast-schema-graph\">{\"@context\":\"https:\/\/schema.org\",\"@graph\":[{\"@type\":\"WebPage\",\"@id\":\"https:\/\/www.ladiagonale.net\/index.php\/2023\/01\/19\/monaco-aurait-des-vues-sur-chaibi\/\",\"url\":\"https:\/\/www.ladiagonale.net\/index.php\/2023\/01\/19\/monaco-aurait-des-vues-sur-chaibi\/\",\"name\":\"Monaco aurait des vues sur Cha\u00efbi - La Diagonale\",\"isPartOf\":{\"@id\":\"https:\/\/www.ladiagonale.net\/#website\"},\"datePublished\":\"2023-01-19T09:48:58+00:00\",\"dateModified\":\"2023-01-19T09:49:09+00:00\",\"author\":{\"@id\":\"https:\/\/www.ladiagonale.net\/#\/schema\/person\/79ff1e7b0853ed01b2aa26e64ad300bf\"},\"breadcrumb\":{\"@id\":\"https:\/\/www.ladiagonale.net\/index.php\/2023\/01\/19\/monaco-aurait-des-vues-sur-chaibi\/#breadcrumb\"},\"inLanguage\":\"fr-FR\",\"potentialAction\":[{\"@type\":\"ReadAction\",\"target\":[\"https:\/\/www.ladiagonale.net\/index.php\/2023\/01\/19\/monaco-aurait-des-vues-sur-chaibi\/\"]}]},{\"@type\":\"BreadcrumbList\",\"@id\":\"https:\/\/www.ladiagonale.net\/index.php\/2023\/01\/19\/monaco-aurait-des-vues-sur-chaibi\/#breadcrumb\",\"itemListElement\":[{\"@type\":\"ListItem\",\"position\":1,\"name\":\"Accueil\",\"item\":\"https:\/\/www.ladiagonale.net\/\"},{\"@type\":\"ListItem\",\"position\":2,\"name\":\"Monaco aurait des vues sur Cha\u00efbi\"}]},{\"@type\":\"WebSite\",\"@id\":\"https:\/\/www.ladiagonale.net\/#website\",\"url\":\"https:\/\/www.ladiagonale.net\/\",\"name\":\"La Diagonale\",\"description\":\"Le site des supporters de l&#039;AS Monaco FC\",\"potentialAction\":[{\"@type\":\"SearchAction\",\"target\":{\"@type\":\"EntryPoint\",\"urlTemplate\":\"https:\/\/www.ladiagonale.net\/?s={search_term_string}\"},\"query-input\":\"required name=search_term_string\"}],\"inLanguage\":\"fr-FR\"},{\"@type\":\"Person\",\"@id\":\"https:\/\/www.ladiagonale.net\/#\/schema\/person\/79ff1e7b0853ed01b2aa26e64ad300bf\",\"name\":\"Damien Dellerba\",\"image\":{\"@type\":\"ImageObject\",\"inLanguage\":\"fr-FR\",\"@id\":\"https:\/\/www.ladiagonale.net\/#\/schema\/person\/image\/\",\"url\":\"https:\/\/secure.gravatar.com\/avatar\/c7850e06d3ff63cdbaee88b7fc16e2f0?s=96&d=mm&r=g\",\"contentUrl\":\"https:\/\/secure.gravatar.com\/avatar\/c7850e06d3ff63cdbaee88b7fc16e2f0?s=96&d=mm&r=g\",\"caption\":\"Damien Dellerba\"},\"url\":\"https:\/\/www.ladiagonale.net\/index.php\/author\/damien\/\"}]}<\/script>\n<!-- \/ Yoast SEO plugin. -->","yoast_head_json":{"title":"Monaco aurait des vues sur Cha\u00efbi - La Diagonale","robots":{"index":"index","follow":"follow","max-snippet":"max-snippet:-1","max-image-preview":"max-image-preview:large","max-video-preview":"max-video-preview:-1"},"canonical":"https:\/\/www.ladiagonale.net\/index.php\/2023\/01\/19\/monaco-aurait-des-vues-sur-chaibi\/","og_locale":"fr_FR","og_type":"article","og_title":"Monaco aurait des vues sur Cha\u00efbi - La Diagonale","og_description":"Monaco serait un des pr\u00e9tendants de Far\u00e8s Cha\u00efbi, le milieu offensif de Toulouse, qui n&rsquo;est autre que le fr\u00e8re cadet d&rsquo;Ilyes Cha\u00efbi, form\u00e9 par le club de la Principaut\u00e9 (deux rencontres disput\u00e9s en 2016). \u00c0 en croire Le 10 Sport, Monaco ferait les yeux doux \u00e0 l&rsquo;international alg\u00e9rien U23 pour un transfert en vue de [...]","og_url":"https:\/\/www.ladiagonale.net\/index.php\/2023\/01\/19\/monaco-aurait-des-vues-sur-chaibi\/","og_site_name":"La Diagonale","article_published_time":"2023-01-19T09:48:58+00:00","article_modified_time":"2023-01-19T09:49:09+00:00","og_image":[{"width":1160,"height":650,"url":"https:\/\/www.ladiagonale.net\/wp-content\/uploads\/2023\/01\/chaibi.png","type":"image\/png"}],"author":"Damien Dellerba","twitter_card":"summary_large_image","twitter_image":"https:\/\/www.ladiagonale.net\/wp-content\/uploads\/2023\/01\/chaibi.png","twitter_misc":{"\u00c9crit par":"Damien Dellerba","Dur\u00e9e de lecture estim\u00e9e":"1 minute"},"schema":{"@context":"https:\/\/schema.org","@graph":[{"@type":"WebPage","@id":"https:\/\/www.ladiagonale.net\/index.php\/2023\/01\/19\/monaco-aurait-des-vues-sur-chaibi\/","url":"https:\/\/www.ladiagonale.net\/index.php\/2023\/01\/19\/monaco-aurait-des-vues-sur-chaibi\/","name":"Monaco aurait des vues sur Cha\u00efbi - La Diagonale","isPartOf":{"@id":"https:\/\/www.ladiagonale.net\/#website"},"datePublished":"2023-01-19T09:48:58+00:00","dateModified":"2023-01-19T09:49:09+00:00","author":{"@id":"https:\/\/www.ladiagonale.net\/#\/schema\/person\/79ff1e7b0853ed01b2aa26e64ad300bf"},"breadcrumb":{"@id":"https:\/\/www.ladiagonale.net\/index.php\/2023\/01\/19\/monaco-aurait-des-vues-sur-chaibi\/#breadcrumb"},"inLanguage":"fr-FR","potentialAction":[{"@type":"ReadAction","target":["https:\/\/www.ladiagonale.net\/index.php\/2023\/01\/19\/monaco-aurait-des-vues-sur-chaibi\/"]}]},{"@type":"BreadcrumbList","@id":"https:\/\/www.ladiagonale.net\/index.php\/2023\/01\/19\/monaco-aurait-des-vues-sur-chaibi\/#breadcrumb","itemListElement":[{"@type":"ListItem","position":1,"name":"Accueil","item":"https:\/\/www.ladiagonale.net\/"},{"@type":"ListItem","position":2,"name":"Monaco aurait des vues sur Cha\u00efbi"}]},{"@type":"WebSite","@id":"https:\/\/www.ladiagonale.net\/#website","url":"https:\/\/www.ladiagonale.net\/","name":"La Diagonale","description":"Le site des supporters de l&#039;AS Monaco FC","potentialAction":[{"@type":"SearchAction","target":{"@type":"EntryPoint","urlTemplate":"https:\/\/www.ladiagonale.net\/?s={search_term_string}"},"query-input":"required name=search_term_string"}],"inLanguage":"fr-FR"},{"@type":"Person","@id":"https:\/\/www.ladiagonale.net\/#\/schema\/person\/79ff1e7b0853ed01b2aa26e64ad300bf","name":"Damien Dellerba","image":{"@type":"ImageObject","inLanguage":"fr-FR","@id":"https:\/\/www.ladiagonale.net\/#\/schema\/person\/image\/","url":"https:\/\/secure.gravatar.com\/avatar\/c7850e06d3ff63cdbaee88b7fc16e2f0?s=96&d=mm&r=g","contentUrl":"https:\/\/secure.gravatar.com\/avatar\/c7850e06d3ff63cdbaee88b7fc16e2f0?s=96&d=mm&r=g","caption":"Damien Dellerba"},"url":"https:\/\/www.ladiagonale.net\/index.php\/author\/damien\/"}]}},"_links":{"self":[{"href":"https:\/\/www.ladiagonale.net\/index.php\/wp-json\/wp\/v2\/posts\/8693"}],"collection":[{"href":"https:\/\/www.ladiagonale.net\/index.php\/wp-json\/wp\/v2\/posts"}],"about":[{"href":"https:\/\/www.ladiagonale.net\/index.php\/wp-json\/wp\/v2\/types\/post"}],"author":[{"embeddable":true,"href":"https:\/\/www.ladiagonale.net\/index.php\/wp-json\/wp\/v2\/users\/2"}],"replies":[{"embeddable":true,"href":"https:\/\/www.ladiagonale.net\/index.php\/wp-json\/wp\/v2\/comments?post=8693"}],"version-history":[{"count":2,"href":"https:\/\/www.ladiagonale.net\/index.php\/wp-json\/wp\/v2\/posts\/8693\/revisions"}],"predecessor-version":[{"id":8696,"href":"https:\/\/www.ladiagonale.net\/index.php\/wp-json\/wp\/v2\/posts\/8693\/revisions\/8696"}],"wp:attachment":[{"href":"https:\/\/www.ladiagonale.net\/index.php\/wp-json\/wp\/v2\/media?parent=8693"}],"wp:term":[{"taxonomy":"category","embeddable":true,"href":"https:\/\/www.ladiagonale.net\/index.php\/wp-json\/wp\/v2\/categories?post=8693"},{"taxonomy":"post_tag","embeddable":true,"href":"https:\/\/www.ladiagonale.net\/index.php\/wp-json\/wp\/v2\/tags?post=8693"}],"curies":[{"name":"wp","href":"https:\/\/api.w.org\/{rel}","templated":true}]}}