{"id":8697,"date":"2023-01-19T11:02:47","date_gmt":"2023-01-19T10:02:47","guid":{"rendered":"https:\/\/www.ladiagonale.net\/?p=8697"},"modified":"2023-01-19T16:22:47","modified_gmt":"2023-01-19T15:22:47","slug":"saint-gall-toujours-en-course-pour-accueillir-geubbels","status":"publish","type":"post","link":"https:\/\/www.ladiagonale.net\/index.php\/2023\/01\/19\/saint-gall-toujours-en-course-pour-accueillir-geubbels\/","title":{"rendered":"Saint-Gall toujours en course pour accueillir Geubbels"},"content":{"rendered":"\n\n\n<p>Willem Geubbels devrait quitter l&rsquo;AS Monaco cet hiver mais sa destination est encore incertaine. Il y a une semaine, Charleroi semblait <a href=\"https:\/\/www.ladiagonale.net\/index.php\/2023\/01\/12\/geubbels-proche-de-charleroi-actualise\/\">tenir la corde<\/a> et des discussions avanc\u00e9es \u00e9taient \u00e9voqu\u00e9es m\u00eame si l&rsquo;entra\u00eeneur des Carolo, Felice Mazz\u00f9, avait nuanc\u00e9 les informations r\u00e9v\u00e9l\u00e9es par <em>L&rsquo;\u00c9quipe<\/em> et par <em>DHnet.be<\/em>. Et d&rsquo;apr\u00e8s <em>Foot Mercato<\/em>, Saint-Gall serait toujours une option s\u00e9rieuse pour accueillir l&rsquo;ancien Lyonnais de 21 ans. <\/p>\n\n\n\n<p>Selon le site de transferts, le club de <em>Super League<\/em> suisse discuterait avec l&rsquo;ASM pour un transfert gratuit mais avec un pourcentage \u00e0 la revente, seule condition que semble vouloir imposer le club de la Principaut\u00e9. En fin de contrat en juin, Geubbels a d\u00e9j\u00e0 la possibilit\u00e9 de se mettre d&rsquo;accord avec un club pour la saison prochaine. <\/p>\n","protected":false},"excerpt":{"rendered":"<p>Willem Geubbels devrait quitter l&rsquo;AS Monaco cet hiver mais sa destination est encore incertaine. Il y a une semaine, Charleroi semblait tenir la corde et des discussions avanc\u00e9es \u00e9taient \u00e9voqu\u00e9es m\u00eame si l&rsquo;entra\u00eeneur des Carolo, Felice Mazz\u00f9, avait nuanc\u00e9 les informations r\u00e9v\u00e9l\u00e9es par L&rsquo;\u00c9quipe et par DHnet.be. Et d&rsquo;apr\u00e8s Foot Mercato, Saint-Gall serait toujours une [&#8230;]\n","protected":false},"author":2,"featured_media":0,"comment_status":"open","ping_status":"open","sticky":false,"template":"","format":"standard","meta":[],"categories":[6],"tags":[86,111,110,295],"yoast_head":"<!-- This site is optimized with the Yoast SEO plugin v19.8 - https:\/\/yoast.com\/wordpress\/plugins\/seo\/ -->\n<title>Saint-Gall toujours en course pour accueillir Geubbels - La Diagonale<\/title>\n<meta name=\"robots\" content=\"index, follow, max-snippet:-1, max-image-preview:large, max-video-preview:-1\" \/>\n<link rel=\"canonical\" href=\"https:\/\/www.ladiagonale.net\/index.php\/2023\/01\/19\/saint-gall-toujours-en-course-pour-accueillir-geubbels\/\" \/>\n<meta property=\"og:locale\" content=\"fr_FR\" \/>\n<meta property=\"og:type\" content=\"article\" \/>\n<meta property=\"og:title\" content=\"Saint-Gall toujours en course pour accueillir Geubbels - La Diagonale\" \/>\n<meta property=\"og:description\" content=\"Willem Geubbels devrait quitter l&rsquo;AS Monaco cet hiver mais sa destination est encore incertaine. Il y a une semaine, Charleroi semblait tenir la corde et des discussions avanc\u00e9es \u00e9taient \u00e9voqu\u00e9es m\u00eame si l&rsquo;entra\u00eeneur des Carolo, Felice Mazz\u00f9, avait nuanc\u00e9 les informations r\u00e9v\u00e9l\u00e9es par L&rsquo;\u00c9quipe et par DHnet.be. Et d&rsquo;apr\u00e8s Foot Mercato, Saint-Gall serait toujours une [...]\" \/>\n<meta property=\"og:url\" content=\"https:\/\/www.ladiagonale.net\/index.php\/2023\/01\/19\/saint-gall-toujours-en-course-pour-accueillir-geubbels\/\" \/>\n<meta property=\"og:site_name\" content=\"La Diagonale\" \/>\n<meta property=\"article:published_time\" content=\"2023-01-19T10:02:47+00:00\" \/>\n<meta property=\"article:modified_time\" content=\"2023-01-19T15:22:47+00:00\" \/>\n<meta property=\"og:image\" content=\"https:\/\/www.ladiagonale.net\/wp-content\/uploads\/2022\/11\/geubbels.png\" \/>\n\t<meta property=\"og:image:width\" content=\"1160\" \/>\n\t<meta property=\"og:image:height\" content=\"650\" \/>\n\t<meta property=\"og:image:type\" content=\"image\/png\" \/>\n<meta name=\"author\" content=\"Damien Dellerba\" \/>\n<meta name=\"twitter:card\" content=\"summary_large_image\" \/>\n<meta name=\"twitter:image\" content=\"https:\/\/www.ladiagonale.net\/wp-content\/uploads\/2022\/11\/geubbels.png\" \/>\n<meta name=\"twitter:label1\" content=\"\u00c9crit par\" \/>\n\t<meta name=\"twitter:data1\" content=\"Damien Dellerba\" \/>\n\t<meta name=\"twitter:label2\" content=\"Dur\u00e9e de lecture estim\u00e9e\" \/>\n\t<meta name=\"twitter:data2\" content=\"1 minute\" \/>\n<script type=\"application\/ld+json\" class=\"yoast-schema-graph\">{\"@context\":\"https:\/\/schema.org\",\"@graph\":[{\"@type\":\"WebPage\",\"@id\":\"https:\/\/www.ladiagonale.net\/index.php\/2023\/01\/19\/saint-gall-toujours-en-course-pour-accueillir-geubbels\/\",\"url\":\"https:\/\/www.ladiagonale.net\/index.php\/2023\/01\/19\/saint-gall-toujours-en-course-pour-accueillir-geubbels\/\",\"name\":\"Saint-Gall toujours en course pour accueillir Geubbels - La Diagonale\",\"isPartOf\":{\"@id\":\"https:\/\/www.ladiagonale.net\/#website\"},\"datePublished\":\"2023-01-19T10:02:47+00:00\",\"dateModified\":\"2023-01-19T15:22:47+00:00\",\"author\":{\"@id\":\"https:\/\/www.ladiagonale.net\/#\/schema\/person\/79ff1e7b0853ed01b2aa26e64ad300bf\"},\"breadcrumb\":{\"@id\":\"https:\/\/www.ladiagonale.net\/index.php\/2023\/01\/19\/saint-gall-toujours-en-course-pour-accueillir-geubbels\/#breadcrumb\"},\"inLanguage\":\"fr-FR\",\"potentialAction\":[{\"@type\":\"ReadAction\",\"target\":[\"https:\/\/www.ladiagonale.net\/index.php\/2023\/01\/19\/saint-gall-toujours-en-course-pour-accueillir-geubbels\/\"]}]},{\"@type\":\"BreadcrumbList\",\"@id\":\"https:\/\/www.ladiagonale.net\/index.php\/2023\/01\/19\/saint-gall-toujours-en-course-pour-accueillir-geubbels\/#breadcrumb\",\"itemListElement\":[{\"@type\":\"ListItem\",\"position\":1,\"name\":\"Accueil\",\"item\":\"https:\/\/www.ladiagonale.net\/\"},{\"@type\":\"ListItem\",\"position\":2,\"name\":\"Saint-Gall toujours en course pour accueillir Geubbels\"}]},{\"@type\":\"WebSite\",\"@id\":\"https:\/\/www.ladiagonale.net\/#website\",\"url\":\"https:\/\/www.ladiagonale.net\/\",\"name\":\"La Diagonale\",\"description\":\"Le site des supporters de l&#039;AS Monaco FC\",\"potentialAction\":[{\"@type\":\"SearchAction\",\"target\":{\"@type\":\"EntryPoint\",\"urlTemplate\":\"https:\/\/www.ladiagonale.net\/?s={search_term_string}\"},\"query-input\":\"required name=search_term_string\"}],\"inLanguage\":\"fr-FR\"},{\"@type\":\"Person\",\"@id\":\"https:\/\/www.ladiagonale.net\/#\/schema\/person\/79ff1e7b0853ed01b2aa26e64ad300bf\",\"name\":\"Damien Dellerba\",\"image\":{\"@type\":\"ImageObject\",\"inLanguage\":\"fr-FR\",\"@id\":\"https:\/\/www.ladiagonale.net\/#\/schema\/person\/image\/\",\"url\":\"https:\/\/secure.gravatar.com\/avatar\/c7850e06d3ff63cdbaee88b7fc16e2f0?s=96&d=mm&r=g\",\"contentUrl\":\"https:\/\/secure.gravatar.com\/avatar\/c7850e06d3ff63cdbaee88b7fc16e2f0?s=96&d=mm&r=g\",\"caption\":\"Damien Dellerba\"},\"url\":\"https:\/\/www.ladiagonale.net\/index.php\/author\/damien\/\"}]}<\/script>\n<!-- \/ Yoast SEO plugin. -->","yoast_head_json":{"title":"Saint-Gall toujours en course pour accueillir Geubbels - La Diagonale","robots":{"index":"index","follow":"follow","max-snippet":"max-snippet:-1","max-image-preview":"max-image-preview:large","max-video-preview":"max-video-preview:-1"},"canonical":"https:\/\/www.ladiagonale.net\/index.php\/2023\/01\/19\/saint-gall-toujours-en-course-pour-accueillir-geubbels\/","og_locale":"fr_FR","og_type":"article","og_title":"Saint-Gall toujours en course pour accueillir Geubbels - La Diagonale","og_description":"Willem Geubbels devrait quitter l&rsquo;AS Monaco cet hiver mais sa destination est encore incertaine. Il y a une semaine, Charleroi semblait tenir la corde et des discussions avanc\u00e9es \u00e9taient \u00e9voqu\u00e9es m\u00eame si l&rsquo;entra\u00eeneur des Carolo, Felice Mazz\u00f9, avait nuanc\u00e9 les informations r\u00e9v\u00e9l\u00e9es par L&rsquo;\u00c9quipe et par DHnet.be. Et d&rsquo;apr\u00e8s Foot Mercato, Saint-Gall serait toujours une [...]","og_url":"https:\/\/www.ladiagonale.net\/index.php\/2023\/01\/19\/saint-gall-toujours-en-course-pour-accueillir-geubbels\/","og_site_name":"La Diagonale","article_published_time":"2023-01-19T10:02:47+00:00","article_modified_time":"2023-01-19T15:22:47+00:00","og_image":[{"width":1160,"height":650,"url":"https:\/\/www.ladiagonale.net\/wp-content\/uploads\/2022\/11\/geubbels.png","type":"image\/png"}],"author":"Damien Dellerba","twitter_card":"summary_large_image","twitter_image":"https:\/\/www.ladiagonale.net\/wp-content\/uploads\/2022\/11\/geubbels.png","twitter_misc":{"\u00c9crit par":"Damien Dellerba","Dur\u00e9e de lecture estim\u00e9e":"1 minute"},"schema":{"@context":"https:\/\/schema.org","@graph":[{"@type":"WebPage","@id":"https:\/\/www.ladiagonale.net\/index.php\/2023\/01\/19\/saint-gall-toujours-en-course-pour-accueillir-geubbels\/","url":"https:\/\/www.ladiagonale.net\/index.php\/2023\/01\/19\/saint-gall-toujours-en-course-pour-accueillir-geubbels\/","name":"Saint-Gall toujours en course pour accueillir Geubbels - La Diagonale","isPartOf":{"@id":"https:\/\/www.ladiagonale.net\/#website"},"datePublished":"2023-01-19T10:02:47+00:00","dateModified":"2023-01-19T15:22:47+00:00","author":{"@id":"https:\/\/www.ladiagonale.net\/#\/schema\/person\/79ff1e7b0853ed01b2aa26e64ad300bf"},"breadcrumb":{"@id":"https:\/\/www.ladiagonale.net\/index.php\/2023\/01\/19\/saint-gall-toujours-en-course-pour-accueillir-geubbels\/#breadcrumb"},"inLanguage":"fr-FR","potentialAction":[{"@type":"ReadAction","target":["https:\/\/www.ladiagonale.net\/index.php\/2023\/01\/19\/saint-gall-toujours-en-course-pour-accueillir-geubbels\/"]}]},{"@type":"BreadcrumbList","@id":"https:\/\/www.ladiagonale.net\/index.php\/2023\/01\/19\/saint-gall-toujours-en-course-pour-accueillir-geubbels\/#breadcrumb","itemListElement":[{"@type":"ListItem","position":1,"name":"Accueil","item":"https:\/\/www.ladiagonale.net\/"},{"@type":"ListItem","position":2,"name":"Saint-Gall toujours en course pour accueillir Geubbels"}]},{"@type":"WebSite","@id":"https:\/\/www.ladiagonale.net\/#website","url":"https:\/\/www.ladiagonale.net\/","name":"La Diagonale","description":"Le site des supporters de l&#039;AS Monaco FC","potentialAction":[{"@type":"SearchAction","target":{"@type":"EntryPoint","urlTemplate":"https:\/\/www.ladiagonale.net\/?s={search_term_string}"},"query-input":"required name=search_term_string"}],"inLanguage":"fr-FR"},{"@type":"Person","@id":"https:\/\/www.ladiagonale.net\/#\/schema\/person\/79ff1e7b0853ed01b2aa26e64ad300bf","name":"Damien Dellerba","image":{"@type":"ImageObject","inLanguage":"fr-FR","@id":"https:\/\/www.ladiagonale.net\/#\/schema\/person\/image\/","url":"https:\/\/secure.gravatar.com\/avatar\/c7850e06d3ff63cdbaee88b7fc16e2f0?s=96&d=mm&r=g","contentUrl":"https:\/\/secure.gravatar.com\/avatar\/c7850e06d3ff63cdbaee88b7fc16e2f0?s=96&d=mm&r=g","caption":"Damien Dellerba"},"url":"https:\/\/www.ladiagonale.net\/index.php\/author\/damien\/"}]}},"_links":{"self":[{"href":"https:\/\/www.ladiagonale.net\/index.php\/wp-json\/wp\/v2\/posts\/8697"}],"collection":[{"href":"https:\/\/www.ladiagonale.net\/index.php\/wp-json\/wp\/v2\/posts"}],"about":[{"href":"https:\/\/www.ladiagonale.net\/index.php\/wp-json\/wp\/v2\/types\/post"}],"author":[{"embeddable":true,"href":"https:\/\/www.ladiagonale.net\/index.php\/wp-json\/wp\/v2\/users\/2"}],"replies":[{"embeddable":true,"href":"https:\/\/www.ladiagonale.net\/index.php\/wp-json\/wp\/v2\/comments?post=8697"}],"version-history":[{"count":2,"href":"https:\/\/www.ladiagonale.net\/index.php\/wp-json\/wp\/v2\/posts\/8697\/revisions"}],"predecessor-version":[{"id":8704,"href":"https:\/\/www.ladiagonale.net\/index.php\/wp-json\/wp\/v2\/posts\/8697\/revisions\/8704"}],"wp:attachment":[{"href":"https:\/\/www.ladiagonale.net\/index.php\/wp-json\/wp\/v2\/media?parent=8697"}],"wp:term":[{"taxonomy":"category","embeddable":true,"href":"https:\/\/www.ladiagonale.net\/index.php\/wp-json\/wp\/v2\/categories?post=8697"},{"taxonomy":"post_tag","embeddable":true,"href":"https:\/\/www.ladiagonale.net\/index.php\/wp-json\/wp\/v2\/tags?post=8697"}],"curies":[{"name":"wp","href":"https:\/\/api.w.org\/{rel}","templated":true}]}}