{"id":8700,"date":"2023-01-19T13:22:59","date_gmt":"2023-01-19T12:22:59","guid":{"rendered":"https:\/\/www.ladiagonale.net\/?p=8700"},"modified":"2023-01-19T16:21:26","modified_gmt":"2023-01-19T15:21:26","slug":"mitchell-nous-allons-voir-la-croissance-exponentielle-de-ben-seghir","status":"publish","type":"post","link":"https:\/\/www.ladiagonale.net\/index.php\/2023\/01\/19\/mitchell-nous-allons-voir-la-croissance-exponentielle-de-ben-seghir\/","title":{"rendered":"Mitchell : \u00ab\u00a0Nous allons voir la croissance exponentielle de Ben Seghir\u00a0\u00bb"},"content":{"rendered":"\n\n\n<p>Dans une interview accord\u00e9 \u00e0 <em>getfootballnewsfrance.com<\/em>, Paul Mitchell, le Directeur sportif de l\u2019AS Monaco, a \u00e9voqu\u00e9 la nouvelle p\u00e9pite de l\u2019AS Monaco, Eliesse Ben Seghir, et son profil offensif : \u00ab&nbsp;<em>Je pense que Ben Seghir est un profil offensif moderne. Il fait partie de ces joueurs qui peuvent jouer \u00e0 plusieurs postes. (\u2026) Il n&rsquo;a peur de rien en possession du ballon, ni de prendre des risques, ni d\u2019essayer de passer et de p\u00e9n\u00e9trer. D\u00e9j\u00e0 en tant que jeune homme, il est un peu intr\u00e9pide. Ce que j&rsquo;aime chez lui &#8211; et c&rsquo;est un tr\u00e8s bon signe de ce qui pourrait advenir &#8211; c&rsquo;est que lorsque l&rsquo;\u00e9quipe est sous pression pour trouver des solutions, il est plus qu&rsquo;ouvert pour prendre cette responsabilit\u00e9 \u00e0 l&rsquo;\u00e2ge de dix-sept ans, pour aller dans des zones du dernier tiers qui sont dangereuses et \u00e9troites pour trouver la solution.&nbsp;(\u2026) C\u2019est vraiment tr\u00e8s excitant.<\/em> \u00bb<\/p>\n\n\n\n<p>L\u2019Anglais salue aussi son apport d\u00e9fensif qui a \u00e9t\u00e9 d\u00e9cisif, contre Lorient et Ajaccio : \u00ab\u00a0<em>Nous att\u00e9nuons souvent la responsabilit\u00e9 des joueurs offensifs cr\u00e9atifs lorsqu&rsquo;ils n&rsquo;ont pas la possession du ballon. Ce que vous voyez avec lui, c\u2019est sa r\u00e9action naturelle pour presser ou contre-presser et cr\u00e9er le turnover qui nous permet de marquer.<\/em>\u00a0\u00bb Mais Mitchell sait qu\u2019il faudra aussi g\u00e9rer ce jeune joueur : \u00ab\u00a0 <em>Avec chaque talent, il y a un aspect de gestion. Nous devons faire attention \u00e0 ne pas mettre trop de charges, trop de stress et nous cr\u00e9ons la bonne chronologie, la bonne exposition au bon moment parce qu&rsquo;il y aura des creux, il n&rsquo;a que 17 ans (\u2026). Comme nous l&rsquo;avons fait avec Beno\u00eet (Badiashile) et Aur\u00e9lien (Tchouam\u00e9ni), nous allons voir la croissance exponentielle de Ben Seghir dans les prochaines ann\u00e9es.<\/em>\u00a0\u00bb\u00a0<\/p>\n\n\n\n<h4 class=\"has-vivid-red-color has-text-color\" style=\"font-style:normal;font-weight:400;text-transform:uppercase\">Pr\u00e9parer les jeunes au haut niveau<\/h4>\n\n\n\n<p>Pour Paul Mitchell, il ne fait aucun doute que l\u2019\u00e9closion de Ben Seghir est directement li\u00e9e \u00e0 la cr\u00e9ation du Groupe \u00c9lite, fruit de la r\u00e9flexion de son \u00e9quipe et de sa politique sportive : \u00ab&nbsp;<em>Eliesse est un b\u00e9n\u00e9ficiaire du d\u00e9veloppement du Groupe \u00c9lite. Il s&rsquo;agissait de trouver des opportunit\u00e9s pour avoir plus de points de contact avec la premi\u00e8re \u00e9quipe. Plus le joueur a de points de contact avec l\u2019\u00e9quipe premi\u00e8re, plus il peut accumuler de cr\u00e9dit aupr\u00e8s de l&rsquo;entra\u00eeneur. Cela donne \u00e0 l&rsquo;entra\u00eeneur la confiance n\u00e9cessaire pour l&rsquo;exposer plus r\u00e9guli\u00e8rement, puis pour le faire d\u00e9buter et sortir du banc, ce que nous avons vu Ben Seghir faire en si peu de temps.<\/em>&nbsp;\u00bb<\/p>\n\n\n\n<p>Gr\u00e2ce au Groupe \u00c9lite et son programme flexible et vari\u00e9, Mitchell estime que Ben Seghir et ceux qui pourraient \u00e9clore dans son sillage, seront mieux pr\u00e9par\u00e9s aux exigences du haut niveau : \u00ab&nbsp;<em>Nous voulions d\u00e9velopper un programme de jeu diversifi\u00e9 qui refl\u00e8te les d\u00e9fis du football de premi\u00e8re division. (\u2026) Vous avez un programme de jeu vari\u00e9, contre des \u00e9quipes de plusieurs pays, afin que lorsqu&rsquo;un Ben Seghir arrive en \u00e9quipe premi\u00e8re, il ne voyage pas en Allemagne pour la premi\u00e8re fois, apprenant comment voyager, comment r\u00e9cup\u00e9rer, comment se reposer, comment se pr\u00e9parer pour un match dans un autre pays. Nous voulions armer nos jeunes joueurs avec plus d&rsquo;outils, plus d&rsquo;armes pour qu&rsquo;au moment o\u00f9 ils feront cela en \u00e9quipe premi\u00e8re, ils soient mieux conditionn\u00e9s, mieux inform\u00e9s et mieux pr\u00e9par\u00e9s pour r\u00e9ussir.<\/em>&nbsp;\u00bb&nbsp;<\/p>\n","protected":false},"excerpt":{"rendered":"<p>Dans une interview accord\u00e9 \u00e0 getfootballnewsfrance.com, Paul Mitchell, le Directeur sportif de l\u2019AS Monaco, a \u00e9voqu\u00e9 la nouvelle p\u00e9pite de l\u2019AS Monaco, Eliesse Ben Seghir, et son profil offensif : \u00ab&nbsp;Je pense que Ben Seghir est un profil offensif moderne. Il fait partie de ces joueurs qui peuvent jouer \u00e0 plusieurs postes. (\u2026) Il n&rsquo;a [&#8230;]\n","protected":false},"author":2,"featured_media":0,"comment_status":"open","ping_status":"open","sticky":false,"template":"","format":"standard","meta":[],"categories":[6],"tags":[76,86,286,228,192],"yoast_head":"<!-- This site is optimized with the Yoast SEO plugin v19.8 - https:\/\/yoast.com\/wordpress\/plugins\/seo\/ -->\n<title>Mitchell : \u00ab\u00a0Nous allons voir la croissance exponentielle de Ben Seghir\u00a0\u00bb - La Diagonale<\/title>\n<meta name=\"robots\" content=\"index, follow, max-snippet:-1, max-image-preview:large, max-video-preview:-1\" \/>\n<link rel=\"canonical\" href=\"https:\/\/www.ladiagonale.net\/index.php\/2023\/01\/19\/mitchell-nous-allons-voir-la-croissance-exponentielle-de-ben-seghir\/\" \/>\n<meta property=\"og:locale\" content=\"fr_FR\" \/>\n<meta property=\"og:type\" content=\"article\" \/>\n<meta property=\"og:title\" content=\"Mitchell : \u00ab\u00a0Nous allons voir la croissance exponentielle de Ben Seghir\u00a0\u00bb - La Diagonale\" \/>\n<meta property=\"og:description\" content=\"Dans une interview accord\u00e9 \u00e0 getfootballnewsfrance.com, Paul Mitchell, le Directeur sportif de l\u2019AS Monaco, a \u00e9voqu\u00e9 la nouvelle p\u00e9pite de l\u2019AS Monaco, Eliesse Ben Seghir, et son profil offensif : \u00ab&nbsp;Je pense que Ben Seghir est un profil offensif moderne. Il fait partie de ces joueurs qui peuvent jouer \u00e0 plusieurs postes. (\u2026) Il n&rsquo;a [...]\" \/>\n<meta property=\"og:url\" content=\"https:\/\/www.ladiagonale.net\/index.php\/2023\/01\/19\/mitchell-nous-allons-voir-la-croissance-exponentielle-de-ben-seghir\/\" \/>\n<meta property=\"og:site_name\" content=\"La Diagonale\" \/>\n<meta property=\"article:published_time\" content=\"2023-01-19T12:22:59+00:00\" \/>\n<meta property=\"article:modified_time\" content=\"2023-01-19T15:21:26+00:00\" \/>\n<meta property=\"og:image\" content=\"https:\/\/www.ladiagonale.net\/wp-content\/uploads\/2023\/01\/ben-seghir-mitchell.png\" \/>\n\t<meta property=\"og:image:width\" content=\"1160\" \/>\n\t<meta property=\"og:image:height\" content=\"650\" \/>\n\t<meta property=\"og:image:type\" content=\"image\/png\" \/>\n<meta name=\"author\" content=\"Damien Dellerba\" \/>\n<meta name=\"twitter:card\" content=\"summary_large_image\" \/>\n<meta name=\"twitter:image\" content=\"https:\/\/www.ladiagonale.net\/wp-content\/uploads\/2023\/01\/ben-seghir-mitchell.png\" \/>\n<meta name=\"twitter:label1\" content=\"\u00c9crit par\" \/>\n\t<meta name=\"twitter:data1\" content=\"Damien Dellerba\" \/>\n\t<meta name=\"twitter:label2\" content=\"Dur\u00e9e de lecture estim\u00e9e\" \/>\n\t<meta name=\"twitter:data2\" content=\"3 minutes\" \/>\n<script type=\"application\/ld+json\" class=\"yoast-schema-graph\">{\"@context\":\"https:\/\/schema.org\",\"@graph\":[{\"@type\":\"WebPage\",\"@id\":\"https:\/\/www.ladiagonale.net\/index.php\/2023\/01\/19\/mitchell-nous-allons-voir-la-croissance-exponentielle-de-ben-seghir\/\",\"url\":\"https:\/\/www.ladiagonale.net\/index.php\/2023\/01\/19\/mitchell-nous-allons-voir-la-croissance-exponentielle-de-ben-seghir\/\",\"name\":\"Mitchell : \u00ab\u00a0Nous allons voir la croissance exponentielle de Ben Seghir\u00a0\u00bb - La Diagonale\",\"isPartOf\":{\"@id\":\"https:\/\/www.ladiagonale.net\/#website\"},\"datePublished\":\"2023-01-19T12:22:59+00:00\",\"dateModified\":\"2023-01-19T15:21:26+00:00\",\"author\":{\"@id\":\"https:\/\/www.ladiagonale.net\/#\/schema\/person\/79ff1e7b0853ed01b2aa26e64ad300bf\"},\"breadcrumb\":{\"@id\":\"https:\/\/www.ladiagonale.net\/index.php\/2023\/01\/19\/mitchell-nous-allons-voir-la-croissance-exponentielle-de-ben-seghir\/#breadcrumb\"},\"inLanguage\":\"fr-FR\",\"potentialAction\":[{\"@type\":\"ReadAction\",\"target\":[\"https:\/\/www.ladiagonale.net\/index.php\/2023\/01\/19\/mitchell-nous-allons-voir-la-croissance-exponentielle-de-ben-seghir\/\"]}]},{\"@type\":\"BreadcrumbList\",\"@id\":\"https:\/\/www.ladiagonale.net\/index.php\/2023\/01\/19\/mitchell-nous-allons-voir-la-croissance-exponentielle-de-ben-seghir\/#breadcrumb\",\"itemListElement\":[{\"@type\":\"ListItem\",\"position\":1,\"name\":\"Accueil\",\"item\":\"https:\/\/www.ladiagonale.net\/\"},{\"@type\":\"ListItem\",\"position\":2,\"name\":\"Mitchell : \u00ab\u00a0Nous allons voir la croissance exponentielle de Ben Seghir\u00a0\u00bb\"}]},{\"@type\":\"WebSite\",\"@id\":\"https:\/\/www.ladiagonale.net\/#website\",\"url\":\"https:\/\/www.ladiagonale.net\/\",\"name\":\"La Diagonale\",\"description\":\"Le site des supporters de l&#039;AS Monaco FC\",\"potentialAction\":[{\"@type\":\"SearchAction\",\"target\":{\"@type\":\"EntryPoint\",\"urlTemplate\":\"https:\/\/www.ladiagonale.net\/?s={search_term_string}\"},\"query-input\":\"required name=search_term_string\"}],\"inLanguage\":\"fr-FR\"},{\"@type\":\"Person\",\"@id\":\"https:\/\/www.ladiagonale.net\/#\/schema\/person\/79ff1e7b0853ed01b2aa26e64ad300bf\",\"name\":\"Damien Dellerba\",\"image\":{\"@type\":\"ImageObject\",\"inLanguage\":\"fr-FR\",\"@id\":\"https:\/\/www.ladiagonale.net\/#\/schema\/person\/image\/\",\"url\":\"https:\/\/secure.gravatar.com\/avatar\/c7850e06d3ff63cdbaee88b7fc16e2f0?s=96&d=mm&r=g\",\"contentUrl\":\"https:\/\/secure.gravatar.com\/avatar\/c7850e06d3ff63cdbaee88b7fc16e2f0?s=96&d=mm&r=g\",\"caption\":\"Damien Dellerba\"},\"url\":\"https:\/\/www.ladiagonale.net\/index.php\/author\/damien\/\"}]}<\/script>\n<!-- \/ Yoast SEO plugin. -->","yoast_head_json":{"title":"Mitchell : \u00ab\u00a0Nous allons voir la croissance exponentielle de Ben Seghir\u00a0\u00bb - La Diagonale","robots":{"index":"index","follow":"follow","max-snippet":"max-snippet:-1","max-image-preview":"max-image-preview:large","max-video-preview":"max-video-preview:-1"},"canonical":"https:\/\/www.ladiagonale.net\/index.php\/2023\/01\/19\/mitchell-nous-allons-voir-la-croissance-exponentielle-de-ben-seghir\/","og_locale":"fr_FR","og_type":"article","og_title":"Mitchell : \u00ab\u00a0Nous allons voir la croissance exponentielle de Ben Seghir\u00a0\u00bb - La Diagonale","og_description":"Dans une interview accord\u00e9 \u00e0 getfootballnewsfrance.com, Paul Mitchell, le Directeur sportif de l\u2019AS Monaco, a \u00e9voqu\u00e9 la nouvelle p\u00e9pite de l\u2019AS Monaco, Eliesse Ben Seghir, et son profil offensif : \u00ab&nbsp;Je pense que Ben Seghir est un profil offensif moderne. Il fait partie de ces joueurs qui peuvent jouer \u00e0 plusieurs postes. (\u2026) Il n&rsquo;a [...]","og_url":"https:\/\/www.ladiagonale.net\/index.php\/2023\/01\/19\/mitchell-nous-allons-voir-la-croissance-exponentielle-de-ben-seghir\/","og_site_name":"La Diagonale","article_published_time":"2023-01-19T12:22:59+00:00","article_modified_time":"2023-01-19T15:21:26+00:00","og_image":[{"width":1160,"height":650,"url":"https:\/\/www.ladiagonale.net\/wp-content\/uploads\/2023\/01\/ben-seghir-mitchell.png","type":"image\/png"}],"author":"Damien Dellerba","twitter_card":"summary_large_image","twitter_image":"https:\/\/www.ladiagonale.net\/wp-content\/uploads\/2023\/01\/ben-seghir-mitchell.png","twitter_misc":{"\u00c9crit par":"Damien Dellerba","Dur\u00e9e de lecture estim\u00e9e":"3 minutes"},"schema":{"@context":"https:\/\/schema.org","@graph":[{"@type":"WebPage","@id":"https:\/\/www.ladiagonale.net\/index.php\/2023\/01\/19\/mitchell-nous-allons-voir-la-croissance-exponentielle-de-ben-seghir\/","url":"https:\/\/www.ladiagonale.net\/index.php\/2023\/01\/19\/mitchell-nous-allons-voir-la-croissance-exponentielle-de-ben-seghir\/","name":"Mitchell : \u00ab\u00a0Nous allons voir la croissance exponentielle de Ben Seghir\u00a0\u00bb - La Diagonale","isPartOf":{"@id":"https:\/\/www.ladiagonale.net\/#website"},"datePublished":"2023-01-19T12:22:59+00:00","dateModified":"2023-01-19T15:21:26+00:00","author":{"@id":"https:\/\/www.ladiagonale.net\/#\/schema\/person\/79ff1e7b0853ed01b2aa26e64ad300bf"},"breadcrumb":{"@id":"https:\/\/www.ladiagonale.net\/index.php\/2023\/01\/19\/mitchell-nous-allons-voir-la-croissance-exponentielle-de-ben-seghir\/#breadcrumb"},"inLanguage":"fr-FR","potentialAction":[{"@type":"ReadAction","target":["https:\/\/www.ladiagonale.net\/index.php\/2023\/01\/19\/mitchell-nous-allons-voir-la-croissance-exponentielle-de-ben-seghir\/"]}]},{"@type":"BreadcrumbList","@id":"https:\/\/www.ladiagonale.net\/index.php\/2023\/01\/19\/mitchell-nous-allons-voir-la-croissance-exponentielle-de-ben-seghir\/#breadcrumb","itemListElement":[{"@type":"ListItem","position":1,"name":"Accueil","item":"https:\/\/www.ladiagonale.net\/"},{"@type":"ListItem","position":2,"name":"Mitchell : \u00ab\u00a0Nous allons voir la croissance exponentielle de Ben Seghir\u00a0\u00bb"}]},{"@type":"WebSite","@id":"https:\/\/www.ladiagonale.net\/#website","url":"https:\/\/www.ladiagonale.net\/","name":"La Diagonale","description":"Le site des supporters de l&#039;AS Monaco FC","potentialAction":[{"@type":"SearchAction","target":{"@type":"EntryPoint","urlTemplate":"https:\/\/www.ladiagonale.net\/?s={search_term_string}"},"query-input":"required name=search_term_string"}],"inLanguage":"fr-FR"},{"@type":"Person","@id":"https:\/\/www.ladiagonale.net\/#\/schema\/person\/79ff1e7b0853ed01b2aa26e64ad300bf","name":"Damien Dellerba","image":{"@type":"ImageObject","inLanguage":"fr-FR","@id":"https:\/\/www.ladiagonale.net\/#\/schema\/person\/image\/","url":"https:\/\/secure.gravatar.com\/avatar\/c7850e06d3ff63cdbaee88b7fc16e2f0?s=96&d=mm&r=g","contentUrl":"https:\/\/secure.gravatar.com\/avatar\/c7850e06d3ff63cdbaee88b7fc16e2f0?s=96&d=mm&r=g","caption":"Damien Dellerba"},"url":"https:\/\/www.ladiagonale.net\/index.php\/author\/damien\/"}]}},"_links":{"self":[{"href":"https:\/\/www.ladiagonale.net\/index.php\/wp-json\/wp\/v2\/posts\/8700"}],"collection":[{"href":"https:\/\/www.ladiagonale.net\/index.php\/wp-json\/wp\/v2\/posts"}],"about":[{"href":"https:\/\/www.ladiagonale.net\/index.php\/wp-json\/wp\/v2\/types\/post"}],"author":[{"embeddable":true,"href":"https:\/\/www.ladiagonale.net\/index.php\/wp-json\/wp\/v2\/users\/2"}],"replies":[{"embeddable":true,"href":"https:\/\/www.ladiagonale.net\/index.php\/wp-json\/wp\/v2\/comments?post=8700"}],"version-history":[{"count":2,"href":"https:\/\/www.ladiagonale.net\/index.php\/wp-json\/wp\/v2\/posts\/8700\/revisions"}],"predecessor-version":[{"id":8703,"href":"https:\/\/www.ladiagonale.net\/index.php\/wp-json\/wp\/v2\/posts\/8700\/revisions\/8703"}],"wp:attachment":[{"href":"https:\/\/www.ladiagonale.net\/index.php\/wp-json\/wp\/v2\/media?parent=8700"}],"wp:term":[{"taxonomy":"category","embeddable":true,"href":"https:\/\/www.ladiagonale.net\/index.php\/wp-json\/wp\/v2\/categories?post=8700"},{"taxonomy":"post_tag","embeddable":true,"href":"https:\/\/www.ladiagonale.net\/index.php\/wp-json\/wp\/v2\/tags?post=8700"}],"curies":[{"name":"wp","href":"https:\/\/api.w.org\/{rel}","templated":true}]}}