{"id":8767,"date":"2023-01-22T13:44:25","date_gmt":"2023-01-22T12:44:25","guid":{"rendered":"https:\/\/www.ladiagonale.net\/?p=8767"},"modified":"2023-01-22T13:45:43","modified_gmt":"2023-01-22T12:45:43","slug":"fofana-ne-ferme-pas-la-porte-au-psg","status":"publish","type":"post","link":"https:\/\/www.ladiagonale.net\/index.php\/2023\/01\/22\/fofana-ne-ferme-pas-la-porte-au-psg\/","title":{"rendered":"Fofana ne ferme pas la porte au PSG"},"content":{"rendered":"\n\n\n<p>Dans la nuit de samedi \u00e0 dimanche, Youssouf Fofana a fait l&rsquo;objet d&rsquo;une invitation dans l&rsquo;\u00e9mission <em>Quelle \u00c9poque<\/em> sur <em>France 2<\/em>. Le milieu de terrain de l&rsquo;AS Monaco a notamment \u00e9voqu\u00e9 la d\u00e9ception li\u00e9e \u00e0 la d\u00e9faite en finale de la Coupe du monde en d\u00e9cembre ainsi que son parcours junior et la seconde chance saisie \u00e0 Strasbourg apr\u00e8s l&rsquo;\u00e9chec de Clairefontaine. Mais Fofana a \u00e9galement \u00e9t\u00e9 questionn\u00e9 sur un transfert au PSG, et il n&rsquo;a pas cach\u00e9 que rejoindre Paris serait un peu particulier, m\u00eame s&rsquo;il n&rsquo;en a jamais port\u00e9 le maillot.<\/p>\n\n\n\n<p>\u00ab\u00a0<em>Je viens d\u2019ici, donc ce serait normal de retourner chez moi<\/em>, a-t-il dit, tout pr\u00e9cisant qu&rsquo;il ne s&rsquo;agissait pas d&rsquo;un appel du pied envers le club de la capitale. <em>J\u2019ai dit que \u00e7a me ferait r\u00eaver parce que c\u2019est chez moi mais on est dans le monde du foot. Je prends la meilleure proposition.<\/em> \u00bb Le milieu de terrain as\u00e9miste n&rsquo;estime pas que rejoindre Paris serait pour autant le \u00ab\u00a0Graal\u00a0\u00bb, selon les termes employ\u00e9s par les animateurs de l&rsquo;\u00e9mission : \u00ab <em>Non pas forc\u00e9ment. Pour moi, le Graal ce sont les comp\u00e9titions. Que je sois en France, en Allemagne, en Italie\u2026 tant que je gagne la comp\u00e9tition.<\/em>\u00a0\u00bb<\/p>\n\n\n\n<p>Pour l&rsquo;heure, aucune rumeur ne lie l&rsquo;ancien joueur du RC Strasbourg-Alsace avec le Paris Saint-Germain. Cadre du milieu de terrain, Fofana serait en fin de contrat avec le club de la Principaut\u00e9 jusqu&rsquo;en 2025, selon les informations d\u00e9voil\u00e9es par le journaliste Luke Entwistle, et non pas jusqu&rsquo;en 2024, comme le laissaient supposer les derni\u00e8res officialisations du club. <\/p>\n","protected":false},"excerpt":{"rendered":"<p>Dans la nuit de samedi \u00e0 dimanche, Youssouf Fofana a fait l&rsquo;objet d&rsquo;une invitation dans l&rsquo;\u00e9mission Quelle \u00c9poque sur France 2. Le milieu de terrain de l&rsquo;AS Monaco a notamment \u00e9voqu\u00e9 la d\u00e9ception li\u00e9e \u00e0 la d\u00e9faite en finale de la Coupe du monde en d\u00e9cembre ainsi que son parcours junior et la seconde chance [&#8230;]\n","protected":false},"author":2,"featured_media":0,"comment_status":"open","ping_status":"open","sticky":false,"template":"","format":"standard","meta":[],"categories":[6],"tags":[86,176],"yoast_head":"<!-- This site is optimized with the Yoast SEO plugin v19.8 - https:\/\/yoast.com\/wordpress\/plugins\/seo\/ -->\n<title>Fofana ne ferme pas la porte au PSG - La Diagonale<\/title>\n<meta name=\"robots\" content=\"index, follow, max-snippet:-1, max-image-preview:large, max-video-preview:-1\" \/>\n<link rel=\"canonical\" href=\"https:\/\/www.ladiagonale.net\/index.php\/2023\/01\/22\/fofana-ne-ferme-pas-la-porte-au-psg\/\" \/>\n<meta property=\"og:locale\" content=\"fr_FR\" \/>\n<meta property=\"og:type\" content=\"article\" \/>\n<meta property=\"og:title\" content=\"Fofana ne ferme pas la porte au PSG - La Diagonale\" \/>\n<meta property=\"og:description\" content=\"Dans la nuit de samedi \u00e0 dimanche, Youssouf Fofana a fait l&rsquo;objet d&rsquo;une invitation dans l&rsquo;\u00e9mission Quelle \u00c9poque sur France 2. Le milieu de terrain de l&rsquo;AS Monaco a notamment \u00e9voqu\u00e9 la d\u00e9ception li\u00e9e \u00e0 la d\u00e9faite en finale de la Coupe du monde en d\u00e9cembre ainsi que son parcours junior et la seconde chance [...]\" \/>\n<meta property=\"og:url\" content=\"https:\/\/www.ladiagonale.net\/index.php\/2023\/01\/22\/fofana-ne-ferme-pas-la-porte-au-psg\/\" \/>\n<meta property=\"og:site_name\" content=\"La Diagonale\" \/>\n<meta property=\"article:published_time\" content=\"2023-01-22T12:44:25+00:00\" \/>\n<meta property=\"article:modified_time\" content=\"2023-01-22T12:45:43+00:00\" \/>\n<meta property=\"og:image\" content=\"https:\/\/www.ladiagonale.net\/wp-content\/uploads\/2022\/11\/fofana.png\" \/>\n\t<meta property=\"og:image:width\" content=\"1160\" \/>\n\t<meta property=\"og:image:height\" content=\"650\" \/>\n\t<meta property=\"og:image:type\" content=\"image\/png\" \/>\n<meta name=\"author\" content=\"Damien Dellerba\" \/>\n<meta name=\"twitter:card\" content=\"summary_large_image\" \/>\n<meta name=\"twitter:image\" content=\"https:\/\/www.ladiagonale.net\/wp-content\/uploads\/2022\/11\/fofana.png\" \/>\n<meta name=\"twitter:label1\" content=\"\u00c9crit par\" \/>\n\t<meta name=\"twitter:data1\" content=\"Damien Dellerba\" \/>\n\t<meta name=\"twitter:label2\" content=\"Dur\u00e9e de lecture estim\u00e9e\" \/>\n\t<meta name=\"twitter:data2\" content=\"2 minutes\" \/>\n<script type=\"application\/ld+json\" class=\"yoast-schema-graph\">{\"@context\":\"https:\/\/schema.org\",\"@graph\":[{\"@type\":\"WebPage\",\"@id\":\"https:\/\/www.ladiagonale.net\/index.php\/2023\/01\/22\/fofana-ne-ferme-pas-la-porte-au-psg\/\",\"url\":\"https:\/\/www.ladiagonale.net\/index.php\/2023\/01\/22\/fofana-ne-ferme-pas-la-porte-au-psg\/\",\"name\":\"Fofana ne ferme pas la porte au PSG - La Diagonale\",\"isPartOf\":{\"@id\":\"https:\/\/www.ladiagonale.net\/#website\"},\"datePublished\":\"2023-01-22T12:44:25+00:00\",\"dateModified\":\"2023-01-22T12:45:43+00:00\",\"author\":{\"@id\":\"https:\/\/www.ladiagonale.net\/#\/schema\/person\/79ff1e7b0853ed01b2aa26e64ad300bf\"},\"breadcrumb\":{\"@id\":\"https:\/\/www.ladiagonale.net\/index.php\/2023\/01\/22\/fofana-ne-ferme-pas-la-porte-au-psg\/#breadcrumb\"},\"inLanguage\":\"fr-FR\",\"potentialAction\":[{\"@type\":\"ReadAction\",\"target\":[\"https:\/\/www.ladiagonale.net\/index.php\/2023\/01\/22\/fofana-ne-ferme-pas-la-porte-au-psg\/\"]}]},{\"@type\":\"BreadcrumbList\",\"@id\":\"https:\/\/www.ladiagonale.net\/index.php\/2023\/01\/22\/fofana-ne-ferme-pas-la-porte-au-psg\/#breadcrumb\",\"itemListElement\":[{\"@type\":\"ListItem\",\"position\":1,\"name\":\"Accueil\",\"item\":\"https:\/\/www.ladiagonale.net\/\"},{\"@type\":\"ListItem\",\"position\":2,\"name\":\"Fofana ne ferme pas la porte au PSG\"}]},{\"@type\":\"WebSite\",\"@id\":\"https:\/\/www.ladiagonale.net\/#website\",\"url\":\"https:\/\/www.ladiagonale.net\/\",\"name\":\"La Diagonale\",\"description\":\"Le site des supporters de l&#039;AS Monaco FC\",\"potentialAction\":[{\"@type\":\"SearchAction\",\"target\":{\"@type\":\"EntryPoint\",\"urlTemplate\":\"https:\/\/www.ladiagonale.net\/?s={search_term_string}\"},\"query-input\":\"required name=search_term_string\"}],\"inLanguage\":\"fr-FR\"},{\"@type\":\"Person\",\"@id\":\"https:\/\/www.ladiagonale.net\/#\/schema\/person\/79ff1e7b0853ed01b2aa26e64ad300bf\",\"name\":\"Damien Dellerba\",\"image\":{\"@type\":\"ImageObject\",\"inLanguage\":\"fr-FR\",\"@id\":\"https:\/\/www.ladiagonale.net\/#\/schema\/person\/image\/\",\"url\":\"https:\/\/secure.gravatar.com\/avatar\/c7850e06d3ff63cdbaee88b7fc16e2f0?s=96&d=mm&r=g\",\"contentUrl\":\"https:\/\/secure.gravatar.com\/avatar\/c7850e06d3ff63cdbaee88b7fc16e2f0?s=96&d=mm&r=g\",\"caption\":\"Damien Dellerba\"},\"url\":\"https:\/\/www.ladiagonale.net\/index.php\/author\/damien\/\"}]}<\/script>\n<!-- \/ Yoast SEO plugin. -->","yoast_head_json":{"title":"Fofana ne ferme pas la porte au PSG - La Diagonale","robots":{"index":"index","follow":"follow","max-snippet":"max-snippet:-1","max-image-preview":"max-image-preview:large","max-video-preview":"max-video-preview:-1"},"canonical":"https:\/\/www.ladiagonale.net\/index.php\/2023\/01\/22\/fofana-ne-ferme-pas-la-porte-au-psg\/","og_locale":"fr_FR","og_type":"article","og_title":"Fofana ne ferme pas la porte au PSG - La Diagonale","og_description":"Dans la nuit de samedi \u00e0 dimanche, Youssouf Fofana a fait l&rsquo;objet d&rsquo;une invitation dans l&rsquo;\u00e9mission Quelle \u00c9poque sur France 2. Le milieu de terrain de l&rsquo;AS Monaco a notamment \u00e9voqu\u00e9 la d\u00e9ception li\u00e9e \u00e0 la d\u00e9faite en finale de la Coupe du monde en d\u00e9cembre ainsi que son parcours junior et la seconde chance [...]","og_url":"https:\/\/www.ladiagonale.net\/index.php\/2023\/01\/22\/fofana-ne-ferme-pas-la-porte-au-psg\/","og_site_name":"La Diagonale","article_published_time":"2023-01-22T12:44:25+00:00","article_modified_time":"2023-01-22T12:45:43+00:00","og_image":[{"width":1160,"height":650,"url":"https:\/\/www.ladiagonale.net\/wp-content\/uploads\/2022\/11\/fofana.png","type":"image\/png"}],"author":"Damien Dellerba","twitter_card":"summary_large_image","twitter_image":"https:\/\/www.ladiagonale.net\/wp-content\/uploads\/2022\/11\/fofana.png","twitter_misc":{"\u00c9crit par":"Damien Dellerba","Dur\u00e9e de lecture estim\u00e9e":"2 minutes"},"schema":{"@context":"https:\/\/schema.org","@graph":[{"@type":"WebPage","@id":"https:\/\/www.ladiagonale.net\/index.php\/2023\/01\/22\/fofana-ne-ferme-pas-la-porte-au-psg\/","url":"https:\/\/www.ladiagonale.net\/index.php\/2023\/01\/22\/fofana-ne-ferme-pas-la-porte-au-psg\/","name":"Fofana ne ferme pas la porte au PSG - La Diagonale","isPartOf":{"@id":"https:\/\/www.ladiagonale.net\/#website"},"datePublished":"2023-01-22T12:44:25+00:00","dateModified":"2023-01-22T12:45:43+00:00","author":{"@id":"https:\/\/www.ladiagonale.net\/#\/schema\/person\/79ff1e7b0853ed01b2aa26e64ad300bf"},"breadcrumb":{"@id":"https:\/\/www.ladiagonale.net\/index.php\/2023\/01\/22\/fofana-ne-ferme-pas-la-porte-au-psg\/#breadcrumb"},"inLanguage":"fr-FR","potentialAction":[{"@type":"ReadAction","target":["https:\/\/www.ladiagonale.net\/index.php\/2023\/01\/22\/fofana-ne-ferme-pas-la-porte-au-psg\/"]}]},{"@type":"BreadcrumbList","@id":"https:\/\/www.ladiagonale.net\/index.php\/2023\/01\/22\/fofana-ne-ferme-pas-la-porte-au-psg\/#breadcrumb","itemListElement":[{"@type":"ListItem","position":1,"name":"Accueil","item":"https:\/\/www.ladiagonale.net\/"},{"@type":"ListItem","position":2,"name":"Fofana ne ferme pas la porte au PSG"}]},{"@type":"WebSite","@id":"https:\/\/www.ladiagonale.net\/#website","url":"https:\/\/www.ladiagonale.net\/","name":"La Diagonale","description":"Le site des supporters de l&#039;AS Monaco FC","potentialAction":[{"@type":"SearchAction","target":{"@type":"EntryPoint","urlTemplate":"https:\/\/www.ladiagonale.net\/?s={search_term_string}"},"query-input":"required name=search_term_string"}],"inLanguage":"fr-FR"},{"@type":"Person","@id":"https:\/\/www.ladiagonale.net\/#\/schema\/person\/79ff1e7b0853ed01b2aa26e64ad300bf","name":"Damien Dellerba","image":{"@type":"ImageObject","inLanguage":"fr-FR","@id":"https:\/\/www.ladiagonale.net\/#\/schema\/person\/image\/","url":"https:\/\/secure.gravatar.com\/avatar\/c7850e06d3ff63cdbaee88b7fc16e2f0?s=96&d=mm&r=g","contentUrl":"https:\/\/secure.gravatar.com\/avatar\/c7850e06d3ff63cdbaee88b7fc16e2f0?s=96&d=mm&r=g","caption":"Damien Dellerba"},"url":"https:\/\/www.ladiagonale.net\/index.php\/author\/damien\/"}]}},"_links":{"self":[{"href":"https:\/\/www.ladiagonale.net\/index.php\/wp-json\/wp\/v2\/posts\/8767"}],"collection":[{"href":"https:\/\/www.ladiagonale.net\/index.php\/wp-json\/wp\/v2\/posts"}],"about":[{"href":"https:\/\/www.ladiagonale.net\/index.php\/wp-json\/wp\/v2\/types\/post"}],"author":[{"embeddable":true,"href":"https:\/\/www.ladiagonale.net\/index.php\/wp-json\/wp\/v2\/users\/2"}],"replies":[{"embeddable":true,"href":"https:\/\/www.ladiagonale.net\/index.php\/wp-json\/wp\/v2\/comments?post=8767"}],"version-history":[{"count":4,"href":"https:\/\/www.ladiagonale.net\/index.php\/wp-json\/wp\/v2\/posts\/8767\/revisions"}],"predecessor-version":[{"id":8772,"href":"https:\/\/www.ladiagonale.net\/index.php\/wp-json\/wp\/v2\/posts\/8767\/revisions\/8772"}],"wp:attachment":[{"href":"https:\/\/www.ladiagonale.net\/index.php\/wp-json\/wp\/v2\/media?parent=8767"}],"wp:term":[{"taxonomy":"category","embeddable":true,"href":"https:\/\/www.ladiagonale.net\/index.php\/wp-json\/wp\/v2\/categories?post=8767"},{"taxonomy":"post_tag","embeddable":true,"href":"https:\/\/www.ladiagonale.net\/index.php\/wp-json\/wp\/v2\/tags?post=8767"}],"curies":[{"name":"wp","href":"https:\/\/api.w.org\/{rel}","templated":true}]}}