{"id":8839,"date":"2023-01-24T23:14:23","date_gmt":"2023-01-24T22:14:23","guid":{"rendered":"https:\/\/www.ladiagonale.net\/?p=8839"},"modified":"2023-01-24T23:14:26","modified_gmt":"2023-01-24T22:14:26","slug":"une-situation-frustrante-pour-matazo","status":"publish","type":"post","link":"https:\/\/www.ladiagonale.net\/index.php\/2023\/01\/24\/une-situation-frustrante-pour-matazo\/","title":{"rendered":"Une situation \u00ab\u00a0frustrante\u00a0\u00bb pour Matazo"},"content":{"rendered":"\n\n\n<p>Eliot Matazo n\u2019a pas beaucoup jou\u00e9 cette saison, avec seulement 13 rencontres disput\u00e9es pour 705 minutes de jeu. Barr\u00e9 par le tandem Fofana-Camara, il devrait avoir sa chance samedi contre Marseille (21h), puisque le Malien sera suspendu. Mais la situation n\u2019est pas id\u00e9ale pour le milieu de terrain belge, comme l\u2019a fait savoir son entourage \u00e0 <em>Nice-Matin<\/em>.<\/p>\n\n\n\n<p>\u00ab\u00a0<em>Il a besoin de r\u00e9gularit\u00e9 dans son temps de jeu pour \u00eatre performant. En jouant un match sur trois ou quatre, il n\u2019a pas forc\u00e9ment le rythme pour montrer des choses<\/em>, peut-on lire dans les colonnes du quotidien azur\u00e9en. <em>La situation est complexe, frustrante, mais Eliot ne se plaint pas. C\u2019est un comp\u00e9titeur. Il est d\u00e9termin\u00e9 \u00e0 s\u2019imposer. Il a une bonne relation avec le coach et le staff.<\/em>\u00a0\u00bb<\/p>\n\n\n\n<p>Le joueur de 20 ans, qui tarde \u00e0 confirmer en Principaut\u00e9, fera un point avec l\u2019ASM sur son avenir cet \u00e9t\u00e9, selon journal, alors que son bail court jusqu\u2019en juin 2026. \u00ab\u00a0<em>On est convaincus qu\u2019il va se relancer. On lui rab\u00e2che que ce n\u2019est pas parce qu\u2019il joue moins que ses qualit\u00e9s se sont \u00e9vapor\u00e9es<\/em>\u00a0\u00bb, affirment ses proches. Mais tous ont conscience qu\u2019il peut faire mieux : \u00ab\u00a0<em>Il sait qu\u2019il peut apporter davantage et faire plus.<\/em>\u00a0\u00bb<\/p>\n","protected":false},"excerpt":{"rendered":"<p>Eliot Matazo n\u2019a pas beaucoup jou\u00e9 cette saison, avec seulement 13 rencontres disput\u00e9es pour 705 minutes de jeu. Barr\u00e9 par le tandem Fofana-Camara, il devrait avoir sa chance samedi contre Marseille (21h), puisque le Malien sera suspendu. Mais la situation n\u2019est pas id\u00e9ale pour le milieu de terrain belge, comme l\u2019a fait savoir son entourage [&#8230;]\n","protected":false},"author":2,"featured_media":0,"comment_status":"open","ping_status":"open","sticky":false,"template":"","format":"standard","meta":[],"categories":[6],"tags":[86,145],"yoast_head":"<!-- This site is optimized with the Yoast SEO plugin v19.8 - https:\/\/yoast.com\/wordpress\/plugins\/seo\/ -->\n<title>Une situation \u00ab\u00a0frustrante\u00a0\u00bb pour Matazo - La Diagonale<\/title>\n<meta name=\"robots\" content=\"index, follow, max-snippet:-1, max-image-preview:large, max-video-preview:-1\" \/>\n<link rel=\"canonical\" href=\"https:\/\/www.ladiagonale.net\/index.php\/2023\/01\/24\/une-situation-frustrante-pour-matazo\/\" \/>\n<meta property=\"og:locale\" content=\"fr_FR\" \/>\n<meta property=\"og:type\" content=\"article\" \/>\n<meta property=\"og:title\" content=\"Une situation \u00ab\u00a0frustrante\u00a0\u00bb pour Matazo - La Diagonale\" \/>\n<meta property=\"og:description\" content=\"Eliot Matazo n\u2019a pas beaucoup jou\u00e9 cette saison, avec seulement 13 rencontres disput\u00e9es pour 705 minutes de jeu. Barr\u00e9 par le tandem Fofana-Camara, il devrait avoir sa chance samedi contre Marseille (21h), puisque le Malien sera suspendu. Mais la situation n\u2019est pas id\u00e9ale pour le milieu de terrain belge, comme l\u2019a fait savoir son entourage [...]\" \/>\n<meta property=\"og:url\" content=\"https:\/\/www.ladiagonale.net\/index.php\/2023\/01\/24\/une-situation-frustrante-pour-matazo\/\" \/>\n<meta property=\"og:site_name\" content=\"La Diagonale\" \/>\n<meta property=\"article:published_time\" content=\"2023-01-24T22:14:23+00:00\" \/>\n<meta property=\"article:modified_time\" content=\"2023-01-24T22:14:26+00:00\" \/>\n<meta property=\"og:image\" content=\"https:\/\/www.ladiagonale.net\/wp-content\/uploads\/2023\/01\/Matazo.png\" \/>\n\t<meta property=\"og:image:width\" content=\"1160\" \/>\n\t<meta property=\"og:image:height\" content=\"650\" \/>\n\t<meta property=\"og:image:type\" content=\"image\/png\" \/>\n<meta name=\"author\" content=\"Damien Dellerba\" \/>\n<meta name=\"twitter:card\" content=\"summary_large_image\" \/>\n<meta name=\"twitter:image\" content=\"https:\/\/www.ladiagonale.net\/wp-content\/uploads\/2023\/01\/Matazo.png\" \/>\n<meta name=\"twitter:label1\" content=\"\u00c9crit par\" \/>\n\t<meta name=\"twitter:data1\" content=\"Damien Dellerba\" \/>\n\t<meta name=\"twitter:label2\" content=\"Dur\u00e9e de lecture estim\u00e9e\" \/>\n\t<meta name=\"twitter:data2\" content=\"2 minutes\" \/>\n<script type=\"application\/ld+json\" class=\"yoast-schema-graph\">{\"@context\":\"https:\/\/schema.org\",\"@graph\":[{\"@type\":\"WebPage\",\"@id\":\"https:\/\/www.ladiagonale.net\/index.php\/2023\/01\/24\/une-situation-frustrante-pour-matazo\/\",\"url\":\"https:\/\/www.ladiagonale.net\/index.php\/2023\/01\/24\/une-situation-frustrante-pour-matazo\/\",\"name\":\"Une situation \u00ab\u00a0frustrante\u00a0\u00bb pour Matazo - La Diagonale\",\"isPartOf\":{\"@id\":\"https:\/\/www.ladiagonale.net\/#website\"},\"datePublished\":\"2023-01-24T22:14:23+00:00\",\"dateModified\":\"2023-01-24T22:14:26+00:00\",\"author\":{\"@id\":\"https:\/\/www.ladiagonale.net\/#\/schema\/person\/79ff1e7b0853ed01b2aa26e64ad300bf\"},\"breadcrumb\":{\"@id\":\"https:\/\/www.ladiagonale.net\/index.php\/2023\/01\/24\/une-situation-frustrante-pour-matazo\/#breadcrumb\"},\"inLanguage\":\"fr-FR\",\"potentialAction\":[{\"@type\":\"ReadAction\",\"target\":[\"https:\/\/www.ladiagonale.net\/index.php\/2023\/01\/24\/une-situation-frustrante-pour-matazo\/\"]}]},{\"@type\":\"BreadcrumbList\",\"@id\":\"https:\/\/www.ladiagonale.net\/index.php\/2023\/01\/24\/une-situation-frustrante-pour-matazo\/#breadcrumb\",\"itemListElement\":[{\"@type\":\"ListItem\",\"position\":1,\"name\":\"Accueil\",\"item\":\"https:\/\/www.ladiagonale.net\/\"},{\"@type\":\"ListItem\",\"position\":2,\"name\":\"Une situation \u00ab\u00a0frustrante\u00a0\u00bb pour Matazo\"}]},{\"@type\":\"WebSite\",\"@id\":\"https:\/\/www.ladiagonale.net\/#website\",\"url\":\"https:\/\/www.ladiagonale.net\/\",\"name\":\"La Diagonale\",\"description\":\"Le site des supporters de l&#039;AS Monaco FC\",\"potentialAction\":[{\"@type\":\"SearchAction\",\"target\":{\"@type\":\"EntryPoint\",\"urlTemplate\":\"https:\/\/www.ladiagonale.net\/?s={search_term_string}\"},\"query-input\":\"required name=search_term_string\"}],\"inLanguage\":\"fr-FR\"},{\"@type\":\"Person\",\"@id\":\"https:\/\/www.ladiagonale.net\/#\/schema\/person\/79ff1e7b0853ed01b2aa26e64ad300bf\",\"name\":\"Damien Dellerba\",\"image\":{\"@type\":\"ImageObject\",\"inLanguage\":\"fr-FR\",\"@id\":\"https:\/\/www.ladiagonale.net\/#\/schema\/person\/image\/\",\"url\":\"https:\/\/secure.gravatar.com\/avatar\/c7850e06d3ff63cdbaee88b7fc16e2f0?s=96&d=mm&r=g\",\"contentUrl\":\"https:\/\/secure.gravatar.com\/avatar\/c7850e06d3ff63cdbaee88b7fc16e2f0?s=96&d=mm&r=g\",\"caption\":\"Damien Dellerba\"},\"url\":\"https:\/\/www.ladiagonale.net\/index.php\/author\/damien\/\"}]}<\/script>\n<!-- \/ Yoast SEO plugin. -->","yoast_head_json":{"title":"Une situation \u00ab\u00a0frustrante\u00a0\u00bb pour Matazo - La Diagonale","robots":{"index":"index","follow":"follow","max-snippet":"max-snippet:-1","max-image-preview":"max-image-preview:large","max-video-preview":"max-video-preview:-1"},"canonical":"https:\/\/www.ladiagonale.net\/index.php\/2023\/01\/24\/une-situation-frustrante-pour-matazo\/","og_locale":"fr_FR","og_type":"article","og_title":"Une situation \u00ab\u00a0frustrante\u00a0\u00bb pour Matazo - La Diagonale","og_description":"Eliot Matazo n\u2019a pas beaucoup jou\u00e9 cette saison, avec seulement 13 rencontres disput\u00e9es pour 705 minutes de jeu. Barr\u00e9 par le tandem Fofana-Camara, il devrait avoir sa chance samedi contre Marseille (21h), puisque le Malien sera suspendu. Mais la situation n\u2019est pas id\u00e9ale pour le milieu de terrain belge, comme l\u2019a fait savoir son entourage [...]","og_url":"https:\/\/www.ladiagonale.net\/index.php\/2023\/01\/24\/une-situation-frustrante-pour-matazo\/","og_site_name":"La Diagonale","article_published_time":"2023-01-24T22:14:23+00:00","article_modified_time":"2023-01-24T22:14:26+00:00","og_image":[{"width":1160,"height":650,"url":"https:\/\/www.ladiagonale.net\/wp-content\/uploads\/2023\/01\/Matazo.png","type":"image\/png"}],"author":"Damien Dellerba","twitter_card":"summary_large_image","twitter_image":"https:\/\/www.ladiagonale.net\/wp-content\/uploads\/2023\/01\/Matazo.png","twitter_misc":{"\u00c9crit par":"Damien Dellerba","Dur\u00e9e de lecture estim\u00e9e":"2 minutes"},"schema":{"@context":"https:\/\/schema.org","@graph":[{"@type":"WebPage","@id":"https:\/\/www.ladiagonale.net\/index.php\/2023\/01\/24\/une-situation-frustrante-pour-matazo\/","url":"https:\/\/www.ladiagonale.net\/index.php\/2023\/01\/24\/une-situation-frustrante-pour-matazo\/","name":"Une situation \u00ab\u00a0frustrante\u00a0\u00bb pour Matazo - La Diagonale","isPartOf":{"@id":"https:\/\/www.ladiagonale.net\/#website"},"datePublished":"2023-01-24T22:14:23+00:00","dateModified":"2023-01-24T22:14:26+00:00","author":{"@id":"https:\/\/www.ladiagonale.net\/#\/schema\/person\/79ff1e7b0853ed01b2aa26e64ad300bf"},"breadcrumb":{"@id":"https:\/\/www.ladiagonale.net\/index.php\/2023\/01\/24\/une-situation-frustrante-pour-matazo\/#breadcrumb"},"inLanguage":"fr-FR","potentialAction":[{"@type":"ReadAction","target":["https:\/\/www.ladiagonale.net\/index.php\/2023\/01\/24\/une-situation-frustrante-pour-matazo\/"]}]},{"@type":"BreadcrumbList","@id":"https:\/\/www.ladiagonale.net\/index.php\/2023\/01\/24\/une-situation-frustrante-pour-matazo\/#breadcrumb","itemListElement":[{"@type":"ListItem","position":1,"name":"Accueil","item":"https:\/\/www.ladiagonale.net\/"},{"@type":"ListItem","position":2,"name":"Une situation \u00ab\u00a0frustrante\u00a0\u00bb pour Matazo"}]},{"@type":"WebSite","@id":"https:\/\/www.ladiagonale.net\/#website","url":"https:\/\/www.ladiagonale.net\/","name":"La Diagonale","description":"Le site des supporters de l&#039;AS Monaco FC","potentialAction":[{"@type":"SearchAction","target":{"@type":"EntryPoint","urlTemplate":"https:\/\/www.ladiagonale.net\/?s={search_term_string}"},"query-input":"required name=search_term_string"}],"inLanguage":"fr-FR"},{"@type":"Person","@id":"https:\/\/www.ladiagonale.net\/#\/schema\/person\/79ff1e7b0853ed01b2aa26e64ad300bf","name":"Damien Dellerba","image":{"@type":"ImageObject","inLanguage":"fr-FR","@id":"https:\/\/www.ladiagonale.net\/#\/schema\/person\/image\/","url":"https:\/\/secure.gravatar.com\/avatar\/c7850e06d3ff63cdbaee88b7fc16e2f0?s=96&d=mm&r=g","contentUrl":"https:\/\/secure.gravatar.com\/avatar\/c7850e06d3ff63cdbaee88b7fc16e2f0?s=96&d=mm&r=g","caption":"Damien Dellerba"},"url":"https:\/\/www.ladiagonale.net\/index.php\/author\/damien\/"}]}},"_links":{"self":[{"href":"https:\/\/www.ladiagonale.net\/index.php\/wp-json\/wp\/v2\/posts\/8839"}],"collection":[{"href":"https:\/\/www.ladiagonale.net\/index.php\/wp-json\/wp\/v2\/posts"}],"about":[{"href":"https:\/\/www.ladiagonale.net\/index.php\/wp-json\/wp\/v2\/types\/post"}],"author":[{"embeddable":true,"href":"https:\/\/www.ladiagonale.net\/index.php\/wp-json\/wp\/v2\/users\/2"}],"replies":[{"embeddable":true,"href":"https:\/\/www.ladiagonale.net\/index.php\/wp-json\/wp\/v2\/comments?post=8839"}],"version-history":[{"count":1,"href":"https:\/\/www.ladiagonale.net\/index.php\/wp-json\/wp\/v2\/posts\/8839\/revisions"}],"predecessor-version":[{"id":8841,"href":"https:\/\/www.ladiagonale.net\/index.php\/wp-json\/wp\/v2\/posts\/8839\/revisions\/8841"}],"wp:attachment":[{"href":"https:\/\/www.ladiagonale.net\/index.php\/wp-json\/wp\/v2\/media?parent=8839"}],"wp:term":[{"taxonomy":"category","embeddable":true,"href":"https:\/\/www.ladiagonale.net\/index.php\/wp-json\/wp\/v2\/categories?post=8839"},{"taxonomy":"post_tag","embeddable":true,"href":"https:\/\/www.ladiagonale.net\/index.php\/wp-json\/wp\/v2\/tags?post=8839"}],"curies":[{"name":"wp","href":"https:\/\/api.w.org\/{rel}","templated":true}]}}