{"id":8846,"date":"2023-01-25T13:19:58","date_gmt":"2023-01-25T12:19:58","guid":{"rendered":"https:\/\/www.ladiagonale.net\/?p=8846"},"modified":"2023-01-25T14:11:04","modified_gmt":"2023-01-25T13:11:04","slug":"la-resiliation-de-lecomte-avec-lespanyol-pas-encore-actee","status":"publish","type":"post","link":"https:\/\/www.ladiagonale.net\/index.php\/2023\/01\/25\/la-resiliation-de-lecomte-avec-lespanyol-pas-encore-actee\/","title":{"rendered":"La r\u00e9siliation de Lecomte avec l&rsquo;Espanyol pas encore act\u00e9e"},"content":{"rendered":"\n\n\n<p>Il y a quelques jours, l&rsquo;arriv\u00e9e de Benjamin Lecomte \u00e0 Montpellier semblait imminente mais la r\u00e9solution du dossier prend plus de temps que pr\u00e9vu. En cause, une n\u00e9gociation entre l&rsquo;Espanyol Barcelone et le gardien de 31 ans pour r\u00e9silier le pr\u00eat qui tra\u00eene, selon Joan Cami, journaliste espagnol sur la radio <em>Rac1<\/em>, et qui affirme que le club catalan n&rsquo;acceptera pas de le laisser partir tant qu&rsquo;un accord ne sera pas trouv\u00e9. Celui-ci pr\u00e9cise que l&rsquo;Espanyol n&rsquo;est pas en pourparlers avec Monaco ou Montpellier \u00e0 l&rsquo;heure actuelle.<\/p>\n\n\n\n<p>Le club h\u00e9raultais, qui a vendu Jonas Omlin au Borussia M\u00f6nchegladbach lors de ce mercato, esp\u00e8re obtenir rapidement le retour de Lecomte mais Lorient est \u00e9galement \u00e0 la recherche d&rsquo;un gardien, m\u00eame s&rsquo;il n&rsquo;est pas en pole sur le dossier. Selon certaines sources, dont <em>L&rsquo;\u00c9quipe<\/em>, le portier serait d\u00e9j\u00e0 d&rsquo;accord avec Montpellier. De son c\u00f4t\u00e9, Monaco esp\u00e8re pouvoir transf\u00e9rer d\u00e9finitivement le gardien arriv\u00e9 sur le Rocher en 2019.<\/p>\n","protected":false},"excerpt":{"rendered":"<p>Il y a quelques jours, l&rsquo;arriv\u00e9e de Benjamin Lecomte \u00e0 Montpellier semblait imminente mais la r\u00e9solution du dossier prend plus de temps que pr\u00e9vu. En cause, une n\u00e9gociation entre l&rsquo;Espanyol Barcelone et le gardien de 31 ans pour r\u00e9silier le pr\u00eat qui tra\u00eene, selon Joan Cami, journaliste espagnol sur la radio Rac1, et qui affirme [&#8230;]\n","protected":false},"author":2,"featured_media":0,"comment_status":"open","ping_status":"open","sticky":false,"template":"","format":"standard","meta":[],"categories":[6],"tags":[86,371,111,110],"yoast_head":"<!-- This site is optimized with the Yoast SEO plugin v19.8 - https:\/\/yoast.com\/wordpress\/plugins\/seo\/ -->\n<title>La r\u00e9siliation de Lecomte avec l&#039;Espanyol pas encore act\u00e9e - La Diagonale<\/title>\n<meta name=\"robots\" content=\"index, follow, max-snippet:-1, max-image-preview:large, max-video-preview:-1\" \/>\n<link rel=\"canonical\" href=\"https:\/\/www.ladiagonale.net\/index.php\/2023\/01\/25\/la-resiliation-de-lecomte-avec-lespanyol-pas-encore-actee\/\" \/>\n<meta property=\"og:locale\" content=\"fr_FR\" \/>\n<meta property=\"og:type\" content=\"article\" \/>\n<meta property=\"og:title\" content=\"La r\u00e9siliation de Lecomte avec l&#039;Espanyol pas encore act\u00e9e - La Diagonale\" \/>\n<meta property=\"og:description\" content=\"Il y a quelques jours, l&rsquo;arriv\u00e9e de Benjamin Lecomte \u00e0 Montpellier semblait imminente mais la r\u00e9solution du dossier prend plus de temps que pr\u00e9vu. En cause, une n\u00e9gociation entre l&rsquo;Espanyol Barcelone et le gardien de 31 ans pour r\u00e9silier le pr\u00eat qui tra\u00eene, selon Joan Cami, journaliste espagnol sur la radio Rac1, et qui affirme [...]\" \/>\n<meta property=\"og:url\" content=\"https:\/\/www.ladiagonale.net\/index.php\/2023\/01\/25\/la-resiliation-de-lecomte-avec-lespanyol-pas-encore-actee\/\" \/>\n<meta property=\"og:site_name\" content=\"La Diagonale\" \/>\n<meta property=\"article:published_time\" content=\"2023-01-25T12:19:58+00:00\" \/>\n<meta property=\"article:modified_time\" content=\"2023-01-25T13:11:04+00:00\" \/>\n<meta property=\"og:image\" content=\"https:\/\/www.ladiagonale.net\/wp-content\/uploads\/2022\/11\/lecomte.png\" \/>\n\t<meta property=\"og:image:width\" content=\"1160\" \/>\n\t<meta property=\"og:image:height\" content=\"650\" \/>\n\t<meta property=\"og:image:type\" content=\"image\/png\" \/>\n<meta name=\"author\" content=\"Damien Dellerba\" \/>\n<meta name=\"twitter:card\" content=\"summary_large_image\" \/>\n<meta name=\"twitter:image\" content=\"https:\/\/www.ladiagonale.net\/wp-content\/uploads\/2022\/11\/lecomte.png\" \/>\n<meta name=\"twitter:label1\" content=\"\u00c9crit par\" \/>\n\t<meta name=\"twitter:data1\" content=\"Damien Dellerba\" \/>\n\t<meta name=\"twitter:label2\" content=\"Dur\u00e9e de lecture estim\u00e9e\" \/>\n\t<meta name=\"twitter:data2\" content=\"1 minute\" \/>\n<script type=\"application\/ld+json\" class=\"yoast-schema-graph\">{\"@context\":\"https:\/\/schema.org\",\"@graph\":[{\"@type\":\"WebPage\",\"@id\":\"https:\/\/www.ladiagonale.net\/index.php\/2023\/01\/25\/la-resiliation-de-lecomte-avec-lespanyol-pas-encore-actee\/\",\"url\":\"https:\/\/www.ladiagonale.net\/index.php\/2023\/01\/25\/la-resiliation-de-lecomte-avec-lespanyol-pas-encore-actee\/\",\"name\":\"La r\u00e9siliation de Lecomte avec l'Espanyol pas encore act\u00e9e - La Diagonale\",\"isPartOf\":{\"@id\":\"https:\/\/www.ladiagonale.net\/#website\"},\"datePublished\":\"2023-01-25T12:19:58+00:00\",\"dateModified\":\"2023-01-25T13:11:04+00:00\",\"author\":{\"@id\":\"https:\/\/www.ladiagonale.net\/#\/schema\/person\/79ff1e7b0853ed01b2aa26e64ad300bf\"},\"breadcrumb\":{\"@id\":\"https:\/\/www.ladiagonale.net\/index.php\/2023\/01\/25\/la-resiliation-de-lecomte-avec-lespanyol-pas-encore-actee\/#breadcrumb\"},\"inLanguage\":\"fr-FR\",\"potentialAction\":[{\"@type\":\"ReadAction\",\"target\":[\"https:\/\/www.ladiagonale.net\/index.php\/2023\/01\/25\/la-resiliation-de-lecomte-avec-lespanyol-pas-encore-actee\/\"]}]},{\"@type\":\"BreadcrumbList\",\"@id\":\"https:\/\/www.ladiagonale.net\/index.php\/2023\/01\/25\/la-resiliation-de-lecomte-avec-lespanyol-pas-encore-actee\/#breadcrumb\",\"itemListElement\":[{\"@type\":\"ListItem\",\"position\":1,\"name\":\"Accueil\",\"item\":\"https:\/\/www.ladiagonale.net\/\"},{\"@type\":\"ListItem\",\"position\":2,\"name\":\"La r\u00e9siliation de Lecomte avec l&rsquo;Espanyol pas encore act\u00e9e\"}]},{\"@type\":\"WebSite\",\"@id\":\"https:\/\/www.ladiagonale.net\/#website\",\"url\":\"https:\/\/www.ladiagonale.net\/\",\"name\":\"La Diagonale\",\"description\":\"Le site des supporters de l&#039;AS Monaco FC\",\"potentialAction\":[{\"@type\":\"SearchAction\",\"target\":{\"@type\":\"EntryPoint\",\"urlTemplate\":\"https:\/\/www.ladiagonale.net\/?s={search_term_string}\"},\"query-input\":\"required name=search_term_string\"}],\"inLanguage\":\"fr-FR\"},{\"@type\":\"Person\",\"@id\":\"https:\/\/www.ladiagonale.net\/#\/schema\/person\/79ff1e7b0853ed01b2aa26e64ad300bf\",\"name\":\"Damien Dellerba\",\"image\":{\"@type\":\"ImageObject\",\"inLanguage\":\"fr-FR\",\"@id\":\"https:\/\/www.ladiagonale.net\/#\/schema\/person\/image\/\",\"url\":\"https:\/\/secure.gravatar.com\/avatar\/c7850e06d3ff63cdbaee88b7fc16e2f0?s=96&d=mm&r=g\",\"contentUrl\":\"https:\/\/secure.gravatar.com\/avatar\/c7850e06d3ff63cdbaee88b7fc16e2f0?s=96&d=mm&r=g\",\"caption\":\"Damien Dellerba\"},\"url\":\"https:\/\/www.ladiagonale.net\/index.php\/author\/damien\/\"}]}<\/script>\n<!-- \/ Yoast SEO plugin. -->","yoast_head_json":{"title":"La r\u00e9siliation de Lecomte avec l'Espanyol pas encore act\u00e9e - La Diagonale","robots":{"index":"index","follow":"follow","max-snippet":"max-snippet:-1","max-image-preview":"max-image-preview:large","max-video-preview":"max-video-preview:-1"},"canonical":"https:\/\/www.ladiagonale.net\/index.php\/2023\/01\/25\/la-resiliation-de-lecomte-avec-lespanyol-pas-encore-actee\/","og_locale":"fr_FR","og_type":"article","og_title":"La r\u00e9siliation de Lecomte avec l'Espanyol pas encore act\u00e9e - La Diagonale","og_description":"Il y a quelques jours, l&rsquo;arriv\u00e9e de Benjamin Lecomte \u00e0 Montpellier semblait imminente mais la r\u00e9solution du dossier prend plus de temps que pr\u00e9vu. En cause, une n\u00e9gociation entre l&rsquo;Espanyol Barcelone et le gardien de 31 ans pour r\u00e9silier le pr\u00eat qui tra\u00eene, selon Joan Cami, journaliste espagnol sur la radio Rac1, et qui affirme [...]","og_url":"https:\/\/www.ladiagonale.net\/index.php\/2023\/01\/25\/la-resiliation-de-lecomte-avec-lespanyol-pas-encore-actee\/","og_site_name":"La Diagonale","article_published_time":"2023-01-25T12:19:58+00:00","article_modified_time":"2023-01-25T13:11:04+00:00","og_image":[{"width":1160,"height":650,"url":"https:\/\/www.ladiagonale.net\/wp-content\/uploads\/2022\/11\/lecomte.png","type":"image\/png"}],"author":"Damien Dellerba","twitter_card":"summary_large_image","twitter_image":"https:\/\/www.ladiagonale.net\/wp-content\/uploads\/2022\/11\/lecomte.png","twitter_misc":{"\u00c9crit par":"Damien Dellerba","Dur\u00e9e de lecture estim\u00e9e":"1 minute"},"schema":{"@context":"https:\/\/schema.org","@graph":[{"@type":"WebPage","@id":"https:\/\/www.ladiagonale.net\/index.php\/2023\/01\/25\/la-resiliation-de-lecomte-avec-lespanyol-pas-encore-actee\/","url":"https:\/\/www.ladiagonale.net\/index.php\/2023\/01\/25\/la-resiliation-de-lecomte-avec-lespanyol-pas-encore-actee\/","name":"La r\u00e9siliation de Lecomte avec l'Espanyol pas encore act\u00e9e - La Diagonale","isPartOf":{"@id":"https:\/\/www.ladiagonale.net\/#website"},"datePublished":"2023-01-25T12:19:58+00:00","dateModified":"2023-01-25T13:11:04+00:00","author":{"@id":"https:\/\/www.ladiagonale.net\/#\/schema\/person\/79ff1e7b0853ed01b2aa26e64ad300bf"},"breadcrumb":{"@id":"https:\/\/www.ladiagonale.net\/index.php\/2023\/01\/25\/la-resiliation-de-lecomte-avec-lespanyol-pas-encore-actee\/#breadcrumb"},"inLanguage":"fr-FR","potentialAction":[{"@type":"ReadAction","target":["https:\/\/www.ladiagonale.net\/index.php\/2023\/01\/25\/la-resiliation-de-lecomte-avec-lespanyol-pas-encore-actee\/"]}]},{"@type":"BreadcrumbList","@id":"https:\/\/www.ladiagonale.net\/index.php\/2023\/01\/25\/la-resiliation-de-lecomte-avec-lespanyol-pas-encore-actee\/#breadcrumb","itemListElement":[{"@type":"ListItem","position":1,"name":"Accueil","item":"https:\/\/www.ladiagonale.net\/"},{"@type":"ListItem","position":2,"name":"La r\u00e9siliation de Lecomte avec l&rsquo;Espanyol pas encore act\u00e9e"}]},{"@type":"WebSite","@id":"https:\/\/www.ladiagonale.net\/#website","url":"https:\/\/www.ladiagonale.net\/","name":"La Diagonale","description":"Le site des supporters de l&#039;AS Monaco FC","potentialAction":[{"@type":"SearchAction","target":{"@type":"EntryPoint","urlTemplate":"https:\/\/www.ladiagonale.net\/?s={search_term_string}"},"query-input":"required name=search_term_string"}],"inLanguage":"fr-FR"},{"@type":"Person","@id":"https:\/\/www.ladiagonale.net\/#\/schema\/person\/79ff1e7b0853ed01b2aa26e64ad300bf","name":"Damien Dellerba","image":{"@type":"ImageObject","inLanguage":"fr-FR","@id":"https:\/\/www.ladiagonale.net\/#\/schema\/person\/image\/","url":"https:\/\/secure.gravatar.com\/avatar\/c7850e06d3ff63cdbaee88b7fc16e2f0?s=96&d=mm&r=g","contentUrl":"https:\/\/secure.gravatar.com\/avatar\/c7850e06d3ff63cdbaee88b7fc16e2f0?s=96&d=mm&r=g","caption":"Damien Dellerba"},"url":"https:\/\/www.ladiagonale.net\/index.php\/author\/damien\/"}]}},"_links":{"self":[{"href":"https:\/\/www.ladiagonale.net\/index.php\/wp-json\/wp\/v2\/posts\/8846"}],"collection":[{"href":"https:\/\/www.ladiagonale.net\/index.php\/wp-json\/wp\/v2\/posts"}],"about":[{"href":"https:\/\/www.ladiagonale.net\/index.php\/wp-json\/wp\/v2\/types\/post"}],"author":[{"embeddable":true,"href":"https:\/\/www.ladiagonale.net\/index.php\/wp-json\/wp\/v2\/users\/2"}],"replies":[{"embeddable":true,"href":"https:\/\/www.ladiagonale.net\/index.php\/wp-json\/wp\/v2\/comments?post=8846"}],"version-history":[{"count":3,"href":"https:\/\/www.ladiagonale.net\/index.php\/wp-json\/wp\/v2\/posts\/8846\/revisions"}],"predecessor-version":[{"id":8850,"href":"https:\/\/www.ladiagonale.net\/index.php\/wp-json\/wp\/v2\/posts\/8846\/revisions\/8850"}],"wp:attachment":[{"href":"https:\/\/www.ladiagonale.net\/index.php\/wp-json\/wp\/v2\/media?parent=8846"}],"wp:term":[{"taxonomy":"category","embeddable":true,"href":"https:\/\/www.ladiagonale.net\/index.php\/wp-json\/wp\/v2\/categories?post=8846"},{"taxonomy":"post_tag","embeddable":true,"href":"https:\/\/www.ladiagonale.net\/index.php\/wp-json\/wp\/v2\/tags?post=8846"}],"curies":[{"name":"wp","href":"https:\/\/api.w.org\/{rel}","templated":true}]}}