{"id":8857,"date":"2023-01-25T17:08:25","date_gmt":"2023-01-25T16:08:25","guid":{"rendered":"https:\/\/www.ladiagonale.net\/?p=8857"},"modified":"2023-01-25T17:08:28","modified_gmt":"2023-01-25T16:08:28","slug":"monaco-temporise-pour-jean-lucas","status":"publish","type":"post","link":"https:\/\/www.ladiagonale.net\/index.php\/2023\/01\/25\/monaco-temporise-pour-jean-lucas\/","title":{"rendered":"Monaco \u00ab\u00a0temporise\u00a0\u00bb pour Jean Lucas"},"content":{"rendered":"\n\n\n<p>Le mercato d&rsquo;hiver ferme ses portes dans quelques jours et Jean Lucas n&rsquo;a pas encore trouv\u00e9 de nouveau point de chute. Monaco exigerait entre six et sept millions pour c\u00e9der le milieu de terrain br\u00e9silien mais cette somme semble avoir refroidi Palmeiras, selon le journaliste Saber Desfarges, alors que le club br\u00e9silien avait refus\u00e9 une offre de 13 millions d&rsquo;euros plus le joueur de la part de l&rsquo;ASM pour s&rsquo;attacher les services de Danilo.<\/p>\n\n\n\n<p>Pour l&rsquo;heure, une offre ferme a \u00e9t\u00e9 transmise au club de la Principaut\u00e9 et elle provient de l&rsquo;Espanyol Barcelone, mais il ne s&rsquo;agit que d&rsquo;un pr\u00eat avec option d&rsquo;achat. Le club catalan prendrait notamment le salaire en charge \u00e0 100%. Mais l&rsquo;ASM se donne le temps de la r\u00e9flexion car elle souhaiterait un transfert d\u00e9finitif pour celui qui est sous contrat jusqu&rsquo;en juin 2026.<\/p>\n","protected":false},"excerpt":{"rendered":"<p>Le mercato d&rsquo;hiver ferme ses portes dans quelques jours et Jean Lucas n&rsquo;a pas encore trouv\u00e9 de nouveau point de chute. Monaco exigerait entre six et sept millions pour c\u00e9der le milieu de terrain br\u00e9silien mais cette somme semble avoir refroidi Palmeiras, selon le journaliste Saber Desfarges, alors que le club br\u00e9silien avait refus\u00e9 une [&#8230;]\n","protected":false},"author":2,"featured_media":0,"comment_status":"open","ping_status":"open","sticky":false,"template":"","format":"standard","meta":[],"categories":[6],"tags":[86,262,111,110],"yoast_head":"<!-- This site is optimized with the Yoast SEO plugin v19.8 - https:\/\/yoast.com\/wordpress\/plugins\/seo\/ -->\n<title>Monaco \u00ab\u00a0temporise\u00a0\u00bb pour Jean Lucas - La Diagonale<\/title>\n<meta name=\"robots\" content=\"index, follow, max-snippet:-1, max-image-preview:large, max-video-preview:-1\" \/>\n<link rel=\"canonical\" href=\"https:\/\/www.ladiagonale.net\/index.php\/2023\/01\/25\/monaco-temporise-pour-jean-lucas\/\" \/>\n<meta property=\"og:locale\" content=\"fr_FR\" \/>\n<meta property=\"og:type\" content=\"article\" \/>\n<meta property=\"og:title\" content=\"Monaco \u00ab\u00a0temporise\u00a0\u00bb pour Jean Lucas - La Diagonale\" \/>\n<meta property=\"og:description\" content=\"Le mercato d&rsquo;hiver ferme ses portes dans quelques jours et Jean Lucas n&rsquo;a pas encore trouv\u00e9 de nouveau point de chute. Monaco exigerait entre six et sept millions pour c\u00e9der le milieu de terrain br\u00e9silien mais cette somme semble avoir refroidi Palmeiras, selon le journaliste Saber Desfarges, alors que le club br\u00e9silien avait refus\u00e9 une [...]\" \/>\n<meta property=\"og:url\" content=\"https:\/\/www.ladiagonale.net\/index.php\/2023\/01\/25\/monaco-temporise-pour-jean-lucas\/\" \/>\n<meta property=\"og:site_name\" content=\"La Diagonale\" \/>\n<meta property=\"article:published_time\" content=\"2023-01-25T16:08:25+00:00\" \/>\n<meta property=\"article:modified_time\" content=\"2023-01-25T16:08:28+00:00\" \/>\n<meta property=\"og:image\" content=\"https:\/\/www.ladiagonale.net\/wp-content\/uploads\/2022\/12\/jlucas.png\" \/>\n\t<meta property=\"og:image:width\" content=\"1160\" \/>\n\t<meta property=\"og:image:height\" content=\"650\" \/>\n\t<meta property=\"og:image:type\" content=\"image\/png\" \/>\n<meta name=\"author\" content=\"Damien Dellerba\" \/>\n<meta name=\"twitter:card\" content=\"summary_large_image\" \/>\n<meta name=\"twitter:image\" content=\"https:\/\/www.ladiagonale.net\/wp-content\/uploads\/2022\/12\/jlucas.png\" \/>\n<meta name=\"twitter:label1\" content=\"\u00c9crit par\" \/>\n\t<meta name=\"twitter:data1\" content=\"Damien Dellerba\" \/>\n\t<meta name=\"twitter:label2\" content=\"Dur\u00e9e de lecture estim\u00e9e\" \/>\n\t<meta name=\"twitter:data2\" content=\"1 minute\" \/>\n<script type=\"application\/ld+json\" class=\"yoast-schema-graph\">{\"@context\":\"https:\/\/schema.org\",\"@graph\":[{\"@type\":\"WebPage\",\"@id\":\"https:\/\/www.ladiagonale.net\/index.php\/2023\/01\/25\/monaco-temporise-pour-jean-lucas\/\",\"url\":\"https:\/\/www.ladiagonale.net\/index.php\/2023\/01\/25\/monaco-temporise-pour-jean-lucas\/\",\"name\":\"Monaco \u00ab\u00a0temporise\u00a0\u00bb pour Jean Lucas - La Diagonale\",\"isPartOf\":{\"@id\":\"https:\/\/www.ladiagonale.net\/#website\"},\"datePublished\":\"2023-01-25T16:08:25+00:00\",\"dateModified\":\"2023-01-25T16:08:28+00:00\",\"author\":{\"@id\":\"https:\/\/www.ladiagonale.net\/#\/schema\/person\/79ff1e7b0853ed01b2aa26e64ad300bf\"},\"breadcrumb\":{\"@id\":\"https:\/\/www.ladiagonale.net\/index.php\/2023\/01\/25\/monaco-temporise-pour-jean-lucas\/#breadcrumb\"},\"inLanguage\":\"fr-FR\",\"potentialAction\":[{\"@type\":\"ReadAction\",\"target\":[\"https:\/\/www.ladiagonale.net\/index.php\/2023\/01\/25\/monaco-temporise-pour-jean-lucas\/\"]}]},{\"@type\":\"BreadcrumbList\",\"@id\":\"https:\/\/www.ladiagonale.net\/index.php\/2023\/01\/25\/monaco-temporise-pour-jean-lucas\/#breadcrumb\",\"itemListElement\":[{\"@type\":\"ListItem\",\"position\":1,\"name\":\"Accueil\",\"item\":\"https:\/\/www.ladiagonale.net\/\"},{\"@type\":\"ListItem\",\"position\":2,\"name\":\"Monaco \u00ab\u00a0temporise\u00a0\u00bb pour Jean Lucas\"}]},{\"@type\":\"WebSite\",\"@id\":\"https:\/\/www.ladiagonale.net\/#website\",\"url\":\"https:\/\/www.ladiagonale.net\/\",\"name\":\"La Diagonale\",\"description\":\"Le site des supporters de l&#039;AS Monaco FC\",\"potentialAction\":[{\"@type\":\"SearchAction\",\"target\":{\"@type\":\"EntryPoint\",\"urlTemplate\":\"https:\/\/www.ladiagonale.net\/?s={search_term_string}\"},\"query-input\":\"required name=search_term_string\"}],\"inLanguage\":\"fr-FR\"},{\"@type\":\"Person\",\"@id\":\"https:\/\/www.ladiagonale.net\/#\/schema\/person\/79ff1e7b0853ed01b2aa26e64ad300bf\",\"name\":\"Damien Dellerba\",\"image\":{\"@type\":\"ImageObject\",\"inLanguage\":\"fr-FR\",\"@id\":\"https:\/\/www.ladiagonale.net\/#\/schema\/person\/image\/\",\"url\":\"https:\/\/secure.gravatar.com\/avatar\/c7850e06d3ff63cdbaee88b7fc16e2f0?s=96&d=mm&r=g\",\"contentUrl\":\"https:\/\/secure.gravatar.com\/avatar\/c7850e06d3ff63cdbaee88b7fc16e2f0?s=96&d=mm&r=g\",\"caption\":\"Damien Dellerba\"},\"url\":\"https:\/\/www.ladiagonale.net\/index.php\/author\/damien\/\"}]}<\/script>\n<!-- \/ Yoast SEO plugin. -->","yoast_head_json":{"title":"Monaco \u00ab\u00a0temporise\u00a0\u00bb pour Jean Lucas - La Diagonale","robots":{"index":"index","follow":"follow","max-snippet":"max-snippet:-1","max-image-preview":"max-image-preview:large","max-video-preview":"max-video-preview:-1"},"canonical":"https:\/\/www.ladiagonale.net\/index.php\/2023\/01\/25\/monaco-temporise-pour-jean-lucas\/","og_locale":"fr_FR","og_type":"article","og_title":"Monaco \u00ab\u00a0temporise\u00a0\u00bb pour Jean Lucas - La Diagonale","og_description":"Le mercato d&rsquo;hiver ferme ses portes dans quelques jours et Jean Lucas n&rsquo;a pas encore trouv\u00e9 de nouveau point de chute. Monaco exigerait entre six et sept millions pour c\u00e9der le milieu de terrain br\u00e9silien mais cette somme semble avoir refroidi Palmeiras, selon le journaliste Saber Desfarges, alors que le club br\u00e9silien avait refus\u00e9 une [...]","og_url":"https:\/\/www.ladiagonale.net\/index.php\/2023\/01\/25\/monaco-temporise-pour-jean-lucas\/","og_site_name":"La Diagonale","article_published_time":"2023-01-25T16:08:25+00:00","article_modified_time":"2023-01-25T16:08:28+00:00","og_image":[{"width":1160,"height":650,"url":"https:\/\/www.ladiagonale.net\/wp-content\/uploads\/2022\/12\/jlucas.png","type":"image\/png"}],"author":"Damien Dellerba","twitter_card":"summary_large_image","twitter_image":"https:\/\/www.ladiagonale.net\/wp-content\/uploads\/2022\/12\/jlucas.png","twitter_misc":{"\u00c9crit par":"Damien Dellerba","Dur\u00e9e de lecture estim\u00e9e":"1 minute"},"schema":{"@context":"https:\/\/schema.org","@graph":[{"@type":"WebPage","@id":"https:\/\/www.ladiagonale.net\/index.php\/2023\/01\/25\/monaco-temporise-pour-jean-lucas\/","url":"https:\/\/www.ladiagonale.net\/index.php\/2023\/01\/25\/monaco-temporise-pour-jean-lucas\/","name":"Monaco \u00ab\u00a0temporise\u00a0\u00bb pour Jean Lucas - La Diagonale","isPartOf":{"@id":"https:\/\/www.ladiagonale.net\/#website"},"datePublished":"2023-01-25T16:08:25+00:00","dateModified":"2023-01-25T16:08:28+00:00","author":{"@id":"https:\/\/www.ladiagonale.net\/#\/schema\/person\/79ff1e7b0853ed01b2aa26e64ad300bf"},"breadcrumb":{"@id":"https:\/\/www.ladiagonale.net\/index.php\/2023\/01\/25\/monaco-temporise-pour-jean-lucas\/#breadcrumb"},"inLanguage":"fr-FR","potentialAction":[{"@type":"ReadAction","target":["https:\/\/www.ladiagonale.net\/index.php\/2023\/01\/25\/monaco-temporise-pour-jean-lucas\/"]}]},{"@type":"BreadcrumbList","@id":"https:\/\/www.ladiagonale.net\/index.php\/2023\/01\/25\/monaco-temporise-pour-jean-lucas\/#breadcrumb","itemListElement":[{"@type":"ListItem","position":1,"name":"Accueil","item":"https:\/\/www.ladiagonale.net\/"},{"@type":"ListItem","position":2,"name":"Monaco \u00ab\u00a0temporise\u00a0\u00bb pour Jean Lucas"}]},{"@type":"WebSite","@id":"https:\/\/www.ladiagonale.net\/#website","url":"https:\/\/www.ladiagonale.net\/","name":"La Diagonale","description":"Le site des supporters de l&#039;AS Monaco FC","potentialAction":[{"@type":"SearchAction","target":{"@type":"EntryPoint","urlTemplate":"https:\/\/www.ladiagonale.net\/?s={search_term_string}"},"query-input":"required name=search_term_string"}],"inLanguage":"fr-FR"},{"@type":"Person","@id":"https:\/\/www.ladiagonale.net\/#\/schema\/person\/79ff1e7b0853ed01b2aa26e64ad300bf","name":"Damien Dellerba","image":{"@type":"ImageObject","inLanguage":"fr-FR","@id":"https:\/\/www.ladiagonale.net\/#\/schema\/person\/image\/","url":"https:\/\/secure.gravatar.com\/avatar\/c7850e06d3ff63cdbaee88b7fc16e2f0?s=96&d=mm&r=g","contentUrl":"https:\/\/secure.gravatar.com\/avatar\/c7850e06d3ff63cdbaee88b7fc16e2f0?s=96&d=mm&r=g","caption":"Damien Dellerba"},"url":"https:\/\/www.ladiagonale.net\/index.php\/author\/damien\/"}]}},"_links":{"self":[{"href":"https:\/\/www.ladiagonale.net\/index.php\/wp-json\/wp\/v2\/posts\/8857"}],"collection":[{"href":"https:\/\/www.ladiagonale.net\/index.php\/wp-json\/wp\/v2\/posts"}],"about":[{"href":"https:\/\/www.ladiagonale.net\/index.php\/wp-json\/wp\/v2\/types\/post"}],"author":[{"embeddable":true,"href":"https:\/\/www.ladiagonale.net\/index.php\/wp-json\/wp\/v2\/users\/2"}],"replies":[{"embeddable":true,"href":"https:\/\/www.ladiagonale.net\/index.php\/wp-json\/wp\/v2\/comments?post=8857"}],"version-history":[{"count":1,"href":"https:\/\/www.ladiagonale.net\/index.php\/wp-json\/wp\/v2\/posts\/8857\/revisions"}],"predecessor-version":[{"id":8861,"href":"https:\/\/www.ladiagonale.net\/index.php\/wp-json\/wp\/v2\/posts\/8857\/revisions\/8861"}],"wp:attachment":[{"href":"https:\/\/www.ladiagonale.net\/index.php\/wp-json\/wp\/v2\/media?parent=8857"}],"wp:term":[{"taxonomy":"category","embeddable":true,"href":"https:\/\/www.ladiagonale.net\/index.php\/wp-json\/wp\/v2\/categories?post=8857"},{"taxonomy":"post_tag","embeddable":true,"href":"https:\/\/www.ladiagonale.net\/index.php\/wp-json\/wp\/v2\/tags?post=8857"}],"curies":[{"name":"wp","href":"https:\/\/api.w.org\/{rel}","templated":true}]}}