{"id":8862,"date":"2023-01-25T18:58:11","date_gmt":"2023-01-25T17:58:11","guid":{"rendered":"https:\/\/www.ladiagonale.net\/?p=8862"},"modified":"2023-01-25T18:58:13","modified_gmt":"2023-01-25T17:58:13","slug":"monaco-nice-le-dimanche-26-fevrier","status":"publish","type":"post","link":"https:\/\/www.ladiagonale.net\/index.php\/2023\/01\/25\/monaco-nice-le-dimanche-26-fevrier\/","title":{"rendered":"Monaco-Nice le dimanche 26 f\u00e9vrier"},"content":{"rendered":"\n\n\n<p>Apr\u00e8s avoir d\u00e9voil\u00e9 la programmation TV des 22<sup>e<\/sup> et 23<sup>e<\/sup> journ\u00e9es de L1, la LFP a encha\u00een\u00e9 ce mercredi avec celle de la 25<sup>e<\/sup> journ\u00e9e. Apr\u00e8s un match de barrage retour \u00e0 la maison contre le Bayer Leverkusen le jeudi, Monaco aura un derby \u00e0 jouer et recevra Nice le 26 f\u00e9vrier \u00e0 17h05. La rencontre sera diffus\u00e9e sur <em>Canal+ Foot<\/em> mais \u00e9galement sur <em>Prime Video<\/em>.<\/p>\n\n\n\n<h4 class=\"has-vivid-red-color has-text-color\" style=\"font-style:normal;font-weight:400;text-transform:uppercase\">La programmation compl\u00e8te<\/h4>\n\n\n\n<p><strong>Vendredi 24 f\u00e9vrier 2023 \u00e0 21h00 sur Prime Video<\/strong><\/p>\n\n\n\n<ul><li>LOSC Lille \u2013 Stade Brestois 29<\/li><\/ul>\n\n\n\n<p><br><strong>Samedi 25 f\u00e9vrier 2023 \u00e0 17h00 sur Prime Video<\/strong><\/p>\n\n\n\n<ul><li>Angers SCO \u2013 Olympique Lyonnais<\/li><\/ul>\n\n\n\n<p><br><strong>Samedi 25 f\u00e9vrier 2023 \u00e0 21h00 sur Canal+ Sport 360 et sur Canal+ Foot<\/strong><\/p>\n\n\n\n<ul><li>Montpellier H\u00e9rault SC \u2013 RC Lens<\/li><\/ul>\n\n\n\n<p><br><strong>Dimanche 26 f\u00e9vrier 2023 \u00e0 13h00 sur Prime Video<\/strong><br>FC Lorient \u2013 AJ Auxerre<br><\/p>\n\n\n\n<p><br><strong>Dimanche 26 f\u00e9vrier 2023 \u00e0 15h00 sur Prime Video<\/strong><\/p>\n\n\n\n<ul><li>FC Nantes \u2013 Stade Rennais FC<\/li><li>AC Ajaccio \u2013 ESTAC Troyes<\/li><li>Clermont Foot 63 \u2013 RC Strasbourg Alsace<\/li><li>Stade de Reims \u2013 Toulouse FC<\/li><\/ul>\n\n\n\n<p><br><strong>Dimanche 26 f\u00e9vrier 2023 \u00e0 17h05 sur Canal+ Foot et en co-diffusion sur Prime Video<\/strong><\/p>\n\n\n\n<ul><li><strong>AS Monaco \u2013 OGC Nice<\/strong><\/li><\/ul>\n\n\n\n<p><br><strong>Dimanche 26 f\u00e9vrier 2023 \u00e0 20h45 sur Prime Video<\/strong><\/p>\n\n\n\n<ul><li>Olympique de Marseille \u2013 Paris Saint-Germain<\/li><\/ul>\n","protected":false},"excerpt":{"rendered":"<p>Apr\u00e8s avoir d\u00e9voil\u00e9 la programmation TV des 22e et 23e journ\u00e9es de L1, la LFP a encha\u00een\u00e9 ce mercredi avec celle de la 25e journ\u00e9e. Apr\u00e8s un match de barrage retour \u00e0 la maison contre le Bayer Leverkusen le jeudi, Monaco aura un derby \u00e0 jouer et recevra Nice le 26 f\u00e9vrier \u00e0 17h05. La [&#8230;]\n","protected":false},"author":2,"featured_media":0,"comment_status":"open","ping_status":"open","sticky":false,"template":"","format":"standard","meta":[],"categories":[4,6],"tags":[86,94,172],"yoast_head":"<!-- This site is optimized with the Yoast SEO plugin v19.8 - https:\/\/yoast.com\/wordpress\/plugins\/seo\/ -->\n<title>Monaco-Nice le dimanche 26 f\u00e9vrier - La Diagonale<\/title>\n<meta name=\"robots\" content=\"index, follow, max-snippet:-1, max-image-preview:large, max-video-preview:-1\" \/>\n<link rel=\"canonical\" href=\"https:\/\/www.ladiagonale.net\/index.php\/2023\/01\/25\/monaco-nice-le-dimanche-26-fevrier\/\" \/>\n<meta property=\"og:locale\" content=\"fr_FR\" \/>\n<meta property=\"og:type\" content=\"article\" \/>\n<meta property=\"og:title\" content=\"Monaco-Nice le dimanche 26 f\u00e9vrier - La Diagonale\" \/>\n<meta property=\"og:description\" content=\"Apr\u00e8s avoir d\u00e9voil\u00e9 la programmation TV des 22e et 23e journ\u00e9es de L1, la LFP a encha\u00een\u00e9 ce mercredi avec celle de la 25e journ\u00e9e. Apr\u00e8s un match de barrage retour \u00e0 la maison contre le Bayer Leverkusen le jeudi, Monaco aura un derby \u00e0 jouer et recevra Nice le 26 f\u00e9vrier \u00e0 17h05. La [...]\" \/>\n<meta property=\"og:url\" content=\"https:\/\/www.ladiagonale.net\/index.php\/2023\/01\/25\/monaco-nice-le-dimanche-26-fevrier\/\" \/>\n<meta property=\"og:site_name\" content=\"La Diagonale\" \/>\n<meta property=\"article:published_time\" content=\"2023-01-25T17:58:11+00:00\" \/>\n<meta property=\"article:modified_time\" content=\"2023-01-25T17:58:13+00:00\" \/>\n<meta property=\"og:image\" content=\"https:\/\/www.ladiagonale.net\/wp-content\/uploads\/2022\/10\/ligue1.png\" \/>\n\t<meta property=\"og:image:width\" content=\"1160\" \/>\n\t<meta property=\"og:image:height\" content=\"650\" \/>\n\t<meta property=\"og:image:type\" content=\"image\/png\" \/>\n<meta name=\"author\" content=\"Damien Dellerba\" \/>\n<meta name=\"twitter:card\" content=\"summary_large_image\" \/>\n<meta name=\"twitter:image\" content=\"https:\/\/www.ladiagonale.net\/wp-content\/uploads\/2022\/10\/ligue1.png\" \/>\n<meta name=\"twitter:label1\" content=\"\u00c9crit par\" \/>\n\t<meta name=\"twitter:data1\" content=\"Damien Dellerba\" \/>\n\t<meta name=\"twitter:label2\" content=\"Dur\u00e9e de lecture estim\u00e9e\" \/>\n\t<meta name=\"twitter:data2\" content=\"1 minute\" \/>\n<script type=\"application\/ld+json\" class=\"yoast-schema-graph\">{\"@context\":\"https:\/\/schema.org\",\"@graph\":[{\"@type\":\"WebPage\",\"@id\":\"https:\/\/www.ladiagonale.net\/index.php\/2023\/01\/25\/monaco-nice-le-dimanche-26-fevrier\/\",\"url\":\"https:\/\/www.ladiagonale.net\/index.php\/2023\/01\/25\/monaco-nice-le-dimanche-26-fevrier\/\",\"name\":\"Monaco-Nice le dimanche 26 f\u00e9vrier - La Diagonale\",\"isPartOf\":{\"@id\":\"https:\/\/www.ladiagonale.net\/#website\"},\"datePublished\":\"2023-01-25T17:58:11+00:00\",\"dateModified\":\"2023-01-25T17:58:13+00:00\",\"author\":{\"@id\":\"https:\/\/www.ladiagonale.net\/#\/schema\/person\/79ff1e7b0853ed01b2aa26e64ad300bf\"},\"breadcrumb\":{\"@id\":\"https:\/\/www.ladiagonale.net\/index.php\/2023\/01\/25\/monaco-nice-le-dimanche-26-fevrier\/#breadcrumb\"},\"inLanguage\":\"fr-FR\",\"potentialAction\":[{\"@type\":\"ReadAction\",\"target\":[\"https:\/\/www.ladiagonale.net\/index.php\/2023\/01\/25\/monaco-nice-le-dimanche-26-fevrier\/\"]}]},{\"@type\":\"BreadcrumbList\",\"@id\":\"https:\/\/www.ladiagonale.net\/index.php\/2023\/01\/25\/monaco-nice-le-dimanche-26-fevrier\/#breadcrumb\",\"itemListElement\":[{\"@type\":\"ListItem\",\"position\":1,\"name\":\"Accueil\",\"item\":\"https:\/\/www.ladiagonale.net\/\"},{\"@type\":\"ListItem\",\"position\":2,\"name\":\"Monaco-Nice le dimanche 26 f\u00e9vrier\"}]},{\"@type\":\"WebSite\",\"@id\":\"https:\/\/www.ladiagonale.net\/#website\",\"url\":\"https:\/\/www.ladiagonale.net\/\",\"name\":\"La Diagonale\",\"description\":\"Le site des supporters de l&#039;AS Monaco FC\",\"potentialAction\":[{\"@type\":\"SearchAction\",\"target\":{\"@type\":\"EntryPoint\",\"urlTemplate\":\"https:\/\/www.ladiagonale.net\/?s={search_term_string}\"},\"query-input\":\"required name=search_term_string\"}],\"inLanguage\":\"fr-FR\"},{\"@type\":\"Person\",\"@id\":\"https:\/\/www.ladiagonale.net\/#\/schema\/person\/79ff1e7b0853ed01b2aa26e64ad300bf\",\"name\":\"Damien Dellerba\",\"image\":{\"@type\":\"ImageObject\",\"inLanguage\":\"fr-FR\",\"@id\":\"https:\/\/www.ladiagonale.net\/#\/schema\/person\/image\/\",\"url\":\"https:\/\/secure.gravatar.com\/avatar\/c7850e06d3ff63cdbaee88b7fc16e2f0?s=96&d=mm&r=g\",\"contentUrl\":\"https:\/\/secure.gravatar.com\/avatar\/c7850e06d3ff63cdbaee88b7fc16e2f0?s=96&d=mm&r=g\",\"caption\":\"Damien Dellerba\"},\"url\":\"https:\/\/www.ladiagonale.net\/index.php\/author\/damien\/\"}]}<\/script>\n<!-- \/ Yoast SEO plugin. -->","yoast_head_json":{"title":"Monaco-Nice le dimanche 26 f\u00e9vrier - La Diagonale","robots":{"index":"index","follow":"follow","max-snippet":"max-snippet:-1","max-image-preview":"max-image-preview:large","max-video-preview":"max-video-preview:-1"},"canonical":"https:\/\/www.ladiagonale.net\/index.php\/2023\/01\/25\/monaco-nice-le-dimanche-26-fevrier\/","og_locale":"fr_FR","og_type":"article","og_title":"Monaco-Nice le dimanche 26 f\u00e9vrier - La Diagonale","og_description":"Apr\u00e8s avoir d\u00e9voil\u00e9 la programmation TV des 22e et 23e journ\u00e9es de L1, la LFP a encha\u00een\u00e9 ce mercredi avec celle de la 25e journ\u00e9e. Apr\u00e8s un match de barrage retour \u00e0 la maison contre le Bayer Leverkusen le jeudi, Monaco aura un derby \u00e0 jouer et recevra Nice le 26 f\u00e9vrier \u00e0 17h05. La [...]","og_url":"https:\/\/www.ladiagonale.net\/index.php\/2023\/01\/25\/monaco-nice-le-dimanche-26-fevrier\/","og_site_name":"La Diagonale","article_published_time":"2023-01-25T17:58:11+00:00","article_modified_time":"2023-01-25T17:58:13+00:00","og_image":[{"width":1160,"height":650,"url":"https:\/\/www.ladiagonale.net\/wp-content\/uploads\/2022\/10\/ligue1.png","type":"image\/png"}],"author":"Damien Dellerba","twitter_card":"summary_large_image","twitter_image":"https:\/\/www.ladiagonale.net\/wp-content\/uploads\/2022\/10\/ligue1.png","twitter_misc":{"\u00c9crit par":"Damien Dellerba","Dur\u00e9e de lecture estim\u00e9e":"1 minute"},"schema":{"@context":"https:\/\/schema.org","@graph":[{"@type":"WebPage","@id":"https:\/\/www.ladiagonale.net\/index.php\/2023\/01\/25\/monaco-nice-le-dimanche-26-fevrier\/","url":"https:\/\/www.ladiagonale.net\/index.php\/2023\/01\/25\/monaco-nice-le-dimanche-26-fevrier\/","name":"Monaco-Nice le dimanche 26 f\u00e9vrier - La Diagonale","isPartOf":{"@id":"https:\/\/www.ladiagonale.net\/#website"},"datePublished":"2023-01-25T17:58:11+00:00","dateModified":"2023-01-25T17:58:13+00:00","author":{"@id":"https:\/\/www.ladiagonale.net\/#\/schema\/person\/79ff1e7b0853ed01b2aa26e64ad300bf"},"breadcrumb":{"@id":"https:\/\/www.ladiagonale.net\/index.php\/2023\/01\/25\/monaco-nice-le-dimanche-26-fevrier\/#breadcrumb"},"inLanguage":"fr-FR","potentialAction":[{"@type":"ReadAction","target":["https:\/\/www.ladiagonale.net\/index.php\/2023\/01\/25\/monaco-nice-le-dimanche-26-fevrier\/"]}]},{"@type":"BreadcrumbList","@id":"https:\/\/www.ladiagonale.net\/index.php\/2023\/01\/25\/monaco-nice-le-dimanche-26-fevrier\/#breadcrumb","itemListElement":[{"@type":"ListItem","position":1,"name":"Accueil","item":"https:\/\/www.ladiagonale.net\/"},{"@type":"ListItem","position":2,"name":"Monaco-Nice le dimanche 26 f\u00e9vrier"}]},{"@type":"WebSite","@id":"https:\/\/www.ladiagonale.net\/#website","url":"https:\/\/www.ladiagonale.net\/","name":"La Diagonale","description":"Le site des supporters de l&#039;AS Monaco FC","potentialAction":[{"@type":"SearchAction","target":{"@type":"EntryPoint","urlTemplate":"https:\/\/www.ladiagonale.net\/?s={search_term_string}"},"query-input":"required name=search_term_string"}],"inLanguage":"fr-FR"},{"@type":"Person","@id":"https:\/\/www.ladiagonale.net\/#\/schema\/person\/79ff1e7b0853ed01b2aa26e64ad300bf","name":"Damien Dellerba","image":{"@type":"ImageObject","inLanguage":"fr-FR","@id":"https:\/\/www.ladiagonale.net\/#\/schema\/person\/image\/","url":"https:\/\/secure.gravatar.com\/avatar\/c7850e06d3ff63cdbaee88b7fc16e2f0?s=96&d=mm&r=g","contentUrl":"https:\/\/secure.gravatar.com\/avatar\/c7850e06d3ff63cdbaee88b7fc16e2f0?s=96&d=mm&r=g","caption":"Damien Dellerba"},"url":"https:\/\/www.ladiagonale.net\/index.php\/author\/damien\/"}]}},"_links":{"self":[{"href":"https:\/\/www.ladiagonale.net\/index.php\/wp-json\/wp\/v2\/posts\/8862"}],"collection":[{"href":"https:\/\/www.ladiagonale.net\/index.php\/wp-json\/wp\/v2\/posts"}],"about":[{"href":"https:\/\/www.ladiagonale.net\/index.php\/wp-json\/wp\/v2\/types\/post"}],"author":[{"embeddable":true,"href":"https:\/\/www.ladiagonale.net\/index.php\/wp-json\/wp\/v2\/users\/2"}],"replies":[{"embeddable":true,"href":"https:\/\/www.ladiagonale.net\/index.php\/wp-json\/wp\/v2\/comments?post=8862"}],"version-history":[{"count":1,"href":"https:\/\/www.ladiagonale.net\/index.php\/wp-json\/wp\/v2\/posts\/8862\/revisions"}],"predecessor-version":[{"id":8863,"href":"https:\/\/www.ladiagonale.net\/index.php\/wp-json\/wp\/v2\/posts\/8862\/revisions\/8863"}],"wp:attachment":[{"href":"https:\/\/www.ladiagonale.net\/index.php\/wp-json\/wp\/v2\/media?parent=8862"}],"wp:term":[{"taxonomy":"category","embeddable":true,"href":"https:\/\/www.ladiagonale.net\/index.php\/wp-json\/wp\/v2\/categories?post=8862"},{"taxonomy":"post_tag","embeddable":true,"href":"https:\/\/www.ladiagonale.net\/index.php\/wp-json\/wp\/v2\/tags?post=8862"}],"curies":[{"name":"wp","href":"https:\/\/api.w.org\/{rel}","templated":true}]}}