{"id":8873,"date":"2023-01-26T07:03:00","date_gmt":"2023-01-26T06:03:00","guid":{"rendered":"https:\/\/www.ladiagonale.net\/?p=8873"},"modified":"2023-01-26T02:04:25","modified_gmt":"2023-01-26T01:04:25","slug":"diffusion-tv-monaco-risque-lecran-noir-a-cause-de-son-sponsor","status":"publish","type":"post","link":"https:\/\/www.ladiagonale.net\/index.php\/2023\/01\/26\/diffusion-tv-monaco-risque-lecran-noir-a-cause-de-son-sponsor\/","title":{"rendered":"Diffusion TV : Monaco risque l&rsquo;\u00e9cran noir \u00e0 cause de son sponsor"},"content":{"rendered":"\n\n\n<p>L&rsquo;AS Monaco pourrait-elle \u00eatre priv\u00e9e de diffusion TV dans un avenir plus ou moins proche ? La question se pose s\u00e9rieusement depuis que la rencontre de <em>Serie A<\/em> entre l\u2019Atalanta Bergame et la Juventus Turin, initialement pr\u00e9vue sur <em>beIN Sports<\/em> dimanche dernier, n\u2019a pas \u00e9t\u00e9 diffus\u00e9e. La raison tient au sponsor de l\u2019Atalanta, <em>Plus500<\/em>, qui a valu au diffuseur qatarien d\u2019\u00eatre mis en demeure par la DGCCRF (Direction g\u00e9n\u00e9rale de la concurrence, de la consommation et de la r\u00e9pression des fraudes) et a eu pour cons\u00e9quence de faire reculer la cha\u00eene sous peine d&rsquo;une amende sal\u00e9e.<\/p>\n\n\n<div class=\"wp-block-image\">\n<figure class=\"aligncenter size-full is-resized\"><img loading=\"lazy\" src=\"https:\/\/www.ladiagonale.net\/wp-content\/uploads\/2023\/01\/Fm6w3E5XkAEXt91.jpg\" alt=\"\" class=\"wp-image-8874\" width=\"480\" height=\"270\"\/><figcaption><strong><em><sup>Message diffus\u00e9 par beIN Sports expliquant la non-diffusion du match<\/sup><\/em><\/strong><\/figcaption><\/figure><\/div>\n\n\n<p>L\u2019instance fran\u00e7aise m\u00e8ne la chasse aux publicit\u00e9s qui \u00ab&nbsp;<em>portent sur des contrats financiers risqu\u00e9s et des actifs num\u00e9riques (cryptomonnaie entre autres) ainsi que sur des offres au public de jetons (tokens)<\/em> \u00bb, peut-on lire dans l\u2019article du quotidien <em>L\u2019\u00c9quipe<\/em>, et qui contreviennent au code de la consommation. Hors, <em>eToro<\/em>, le sponsor-titre de l\u2019AS Monaco depuis la saison derni\u00e8re, pourrait potentiellement se retrouver dans l\u2019\u0153il du cyclone puisqu\u2019il s\u2019agit d\u2019une plateforme de trading d\u2019actifs num\u00e9riques et de cryptomonnaies.<\/p>\n\n\n\n<p>Contact\u00e9 par <em>L\u2019\u00c9quipe<\/em> pour \u00e9voquer le cas de l\u2019ASM, la DGCCRF n\u2019a pas voulu apporter de r\u00e9ponse d\u00e9finitive : \u00ab&nbsp;<em>Nous ne pouvons communiquer d&rsquo;\u00e9l\u00e9ments concernant des entreprises sp\u00e9cifiquement identifi\u00e9es<\/em>&nbsp;\u00bb, ont-ils r\u00e9pondu, pr\u00e9cisant que \u00ab&nbsp;<em>seules des informations en lien avec l&rsquo;aboutissement de proc\u00e9dures peuvent \u00eatre communiqu\u00e9es<\/em>&nbsp;\u00bb. Le quotidien sportif a aussi pris contact avec les diffuseurs de la Ligue 1 et l\u2019ASM qui n\u2019ont pas, \u00e0 ce jour, re\u00e7u la moindre information sur une potentielle instruction.<\/p>\n\n\n\n<p>Toutefois, <em>L\u2019\u00c9quipe<\/em> pr\u00e9cise que la question de la retransmission pourrait se poser pour le barrage de Ligue Europa que Monaco doit jouer contre le Bayern Leverkusen (les 16 et 23 f\u00e9vrier). Depuis cette saison, le partenariat entre le club de la Principaut\u00e9 et <em>eToro<\/em> a \u00e9t\u00e9 \u00e9galement \u00e9tendu aux joutes europ\u00e9ennes. Selon un article du quotidien paru le 12 janvier, <em>eToro<\/em> paie cinq millions d&rsquo;euros pour b\u00e9n\u00e9ficier de cet emplacement de choix sur le maillot as\u00e9miste. <\/p>\n\n\n\n<p>Ce ne serait pas la premi\u00e8re fois que l&rsquo;AS Monaco rencontre des probl\u00e8mes avec son sponsor-titre. En 2003, la justice mon\u00e9gasque avait men\u00e9 une enqu\u00eate sur l&rsquo;origine des fonds de la soci\u00e9t\u00e9 <em>Fedcominvest<\/em>, alors que les Renseignements g\u00e9n\u00e9raux fran\u00e7ais la soup\u00e7onnaient d&rsquo;\u00eatre une \u00ab\u00a0<em>vitrine l\u00e9gale de la criminalit\u00e9 organis\u00e9e d\u2019Europe orientale<\/em>\u00a0\u00bb. Quelques ann\u00e9es plus tard, en septembre 2006, la gendarmerie fran\u00e7aise avait proc\u00e9d\u00e9 \u00e0 l&rsquo;interpellation des dirigeants de la soci\u00e9t\u00e9 de paris sportifs <em>Bwin<\/em> au centre d&rsquo;entra\u00eenement de La Turbie et Monaco s&rsquo;\u00e9tait alors retrouv\u00e9 sans sponsor.<\/p>\n","protected":false},"excerpt":{"rendered":"<p>L&rsquo;AS Monaco pourrait-elle \u00eatre priv\u00e9e de diffusion TV dans un avenir plus ou moins proche ? La question se pose s\u00e9rieusement depuis que la rencontre de Serie A entre l\u2019Atalanta Bergame et la Juventus Turin, initialement pr\u00e9vue sur beIN Sports dimanche dernier, n\u2019a pas \u00e9t\u00e9 diffus\u00e9e. La raison tient au sponsor de l\u2019Atalanta, Plus500, qui [&#8230;]\n","protected":false},"author":2,"featured_media":0,"comment_status":"open","ping_status":"open","sticky":false,"template":"","format":"standard","meta":[],"categories":[6],"tags":[86,235,387,386],"yoast_head":"<!-- This site is optimized with the Yoast SEO plugin v19.8 - https:\/\/yoast.com\/wordpress\/plugins\/seo\/ -->\n<title>Diffusion TV : Monaco risque l&#039;\u00e9cran noir \u00e0 cause de son sponsor - La Diagonale<\/title>\n<meta name=\"robots\" content=\"index, follow, max-snippet:-1, max-image-preview:large, max-video-preview:-1\" \/>\n<link rel=\"canonical\" href=\"https:\/\/www.ladiagonale.net\/index.php\/2023\/01\/26\/diffusion-tv-monaco-risque-lecran-noir-a-cause-de-son-sponsor\/\" \/>\n<meta property=\"og:locale\" content=\"fr_FR\" \/>\n<meta property=\"og:type\" content=\"article\" \/>\n<meta property=\"og:title\" content=\"Diffusion TV : Monaco risque l&#039;\u00e9cran noir \u00e0 cause de son sponsor - La Diagonale\" \/>\n<meta property=\"og:description\" content=\"L&rsquo;AS Monaco pourrait-elle \u00eatre priv\u00e9e de diffusion TV dans un avenir plus ou moins proche ? La question se pose s\u00e9rieusement depuis que la rencontre de Serie A entre l\u2019Atalanta Bergame et la Juventus Turin, initialement pr\u00e9vue sur beIN Sports dimanche dernier, n\u2019a pas \u00e9t\u00e9 diffus\u00e9e. La raison tient au sponsor de l\u2019Atalanta, Plus500, qui [...]\" \/>\n<meta property=\"og:url\" content=\"https:\/\/www.ladiagonale.net\/index.php\/2023\/01\/26\/diffusion-tv-monaco-risque-lecran-noir-a-cause-de-son-sponsor\/\" \/>\n<meta property=\"og:site_name\" content=\"La Diagonale\" \/>\n<meta property=\"article:published_time\" content=\"2023-01-26T06:03:00+00:00\" \/>\n<meta property=\"article:modified_time\" content=\"2023-01-26T01:04:25+00:00\" \/>\n<meta property=\"og:image\" content=\"https:\/\/www.ladiagonale.net\/wp-content\/uploads\/2023\/01\/etoro.png\" \/>\n\t<meta property=\"og:image:width\" content=\"1160\" \/>\n\t<meta property=\"og:image:height\" content=\"650\" \/>\n\t<meta property=\"og:image:type\" content=\"image\/png\" \/>\n<meta name=\"author\" content=\"Damien Dellerba\" \/>\n<meta name=\"twitter:card\" content=\"summary_large_image\" \/>\n<meta name=\"twitter:image\" content=\"https:\/\/www.ladiagonale.net\/wp-content\/uploads\/2023\/01\/etoro.png\" \/>\n<meta name=\"twitter:label1\" content=\"\u00c9crit par\" \/>\n\t<meta name=\"twitter:data1\" content=\"Damien Dellerba\" \/>\n\t<meta name=\"twitter:label2\" content=\"Dur\u00e9e de lecture estim\u00e9e\" \/>\n\t<meta name=\"twitter:data2\" content=\"3 minutes\" \/>\n<script type=\"application\/ld+json\" class=\"yoast-schema-graph\">{\"@context\":\"https:\/\/schema.org\",\"@graph\":[{\"@type\":\"WebPage\",\"@id\":\"https:\/\/www.ladiagonale.net\/index.php\/2023\/01\/26\/diffusion-tv-monaco-risque-lecran-noir-a-cause-de-son-sponsor\/\",\"url\":\"https:\/\/www.ladiagonale.net\/index.php\/2023\/01\/26\/diffusion-tv-monaco-risque-lecran-noir-a-cause-de-son-sponsor\/\",\"name\":\"Diffusion TV : Monaco risque l'\u00e9cran noir \u00e0 cause de son sponsor - La Diagonale\",\"isPartOf\":{\"@id\":\"https:\/\/www.ladiagonale.net\/#website\"},\"datePublished\":\"2023-01-26T06:03:00+00:00\",\"dateModified\":\"2023-01-26T01:04:25+00:00\",\"author\":{\"@id\":\"https:\/\/www.ladiagonale.net\/#\/schema\/person\/79ff1e7b0853ed01b2aa26e64ad300bf\"},\"breadcrumb\":{\"@id\":\"https:\/\/www.ladiagonale.net\/index.php\/2023\/01\/26\/diffusion-tv-monaco-risque-lecran-noir-a-cause-de-son-sponsor\/#breadcrumb\"},\"inLanguage\":\"fr-FR\",\"potentialAction\":[{\"@type\":\"ReadAction\",\"target\":[\"https:\/\/www.ladiagonale.net\/index.php\/2023\/01\/26\/diffusion-tv-monaco-risque-lecran-noir-a-cause-de-son-sponsor\/\"]}]},{\"@type\":\"BreadcrumbList\",\"@id\":\"https:\/\/www.ladiagonale.net\/index.php\/2023\/01\/26\/diffusion-tv-monaco-risque-lecran-noir-a-cause-de-son-sponsor\/#breadcrumb\",\"itemListElement\":[{\"@type\":\"ListItem\",\"position\":1,\"name\":\"Accueil\",\"item\":\"https:\/\/www.ladiagonale.net\/\"},{\"@type\":\"ListItem\",\"position\":2,\"name\":\"Diffusion TV : Monaco risque l&rsquo;\u00e9cran noir \u00e0 cause de son sponsor\"}]},{\"@type\":\"WebSite\",\"@id\":\"https:\/\/www.ladiagonale.net\/#website\",\"url\":\"https:\/\/www.ladiagonale.net\/\",\"name\":\"La Diagonale\",\"description\":\"Le site des supporters de l&#039;AS Monaco FC\",\"potentialAction\":[{\"@type\":\"SearchAction\",\"target\":{\"@type\":\"EntryPoint\",\"urlTemplate\":\"https:\/\/www.ladiagonale.net\/?s={search_term_string}\"},\"query-input\":\"required name=search_term_string\"}],\"inLanguage\":\"fr-FR\"},{\"@type\":\"Person\",\"@id\":\"https:\/\/www.ladiagonale.net\/#\/schema\/person\/79ff1e7b0853ed01b2aa26e64ad300bf\",\"name\":\"Damien Dellerba\",\"image\":{\"@type\":\"ImageObject\",\"inLanguage\":\"fr-FR\",\"@id\":\"https:\/\/www.ladiagonale.net\/#\/schema\/person\/image\/\",\"url\":\"https:\/\/secure.gravatar.com\/avatar\/c7850e06d3ff63cdbaee88b7fc16e2f0?s=96&d=mm&r=g\",\"contentUrl\":\"https:\/\/secure.gravatar.com\/avatar\/c7850e06d3ff63cdbaee88b7fc16e2f0?s=96&d=mm&r=g\",\"caption\":\"Damien Dellerba\"},\"url\":\"https:\/\/www.ladiagonale.net\/index.php\/author\/damien\/\"}]}<\/script>\n<!-- \/ Yoast SEO plugin. -->","yoast_head_json":{"title":"Diffusion TV : Monaco risque l'\u00e9cran noir \u00e0 cause de son sponsor - La Diagonale","robots":{"index":"index","follow":"follow","max-snippet":"max-snippet:-1","max-image-preview":"max-image-preview:large","max-video-preview":"max-video-preview:-1"},"canonical":"https:\/\/www.ladiagonale.net\/index.php\/2023\/01\/26\/diffusion-tv-monaco-risque-lecran-noir-a-cause-de-son-sponsor\/","og_locale":"fr_FR","og_type":"article","og_title":"Diffusion TV : Monaco risque l'\u00e9cran noir \u00e0 cause de son sponsor - La Diagonale","og_description":"L&rsquo;AS Monaco pourrait-elle \u00eatre priv\u00e9e de diffusion TV dans un avenir plus ou moins proche ? La question se pose s\u00e9rieusement depuis que la rencontre de Serie A entre l\u2019Atalanta Bergame et la Juventus Turin, initialement pr\u00e9vue sur beIN Sports dimanche dernier, n\u2019a pas \u00e9t\u00e9 diffus\u00e9e. La raison tient au sponsor de l\u2019Atalanta, Plus500, qui [...]","og_url":"https:\/\/www.ladiagonale.net\/index.php\/2023\/01\/26\/diffusion-tv-monaco-risque-lecran-noir-a-cause-de-son-sponsor\/","og_site_name":"La Diagonale","article_published_time":"2023-01-26T06:03:00+00:00","article_modified_time":"2023-01-26T01:04:25+00:00","og_image":[{"width":1160,"height":650,"url":"https:\/\/www.ladiagonale.net\/wp-content\/uploads\/2023\/01\/etoro.png","type":"image\/png"}],"author":"Damien Dellerba","twitter_card":"summary_large_image","twitter_image":"https:\/\/www.ladiagonale.net\/wp-content\/uploads\/2023\/01\/etoro.png","twitter_misc":{"\u00c9crit par":"Damien Dellerba","Dur\u00e9e de lecture estim\u00e9e":"3 minutes"},"schema":{"@context":"https:\/\/schema.org","@graph":[{"@type":"WebPage","@id":"https:\/\/www.ladiagonale.net\/index.php\/2023\/01\/26\/diffusion-tv-monaco-risque-lecran-noir-a-cause-de-son-sponsor\/","url":"https:\/\/www.ladiagonale.net\/index.php\/2023\/01\/26\/diffusion-tv-monaco-risque-lecran-noir-a-cause-de-son-sponsor\/","name":"Diffusion TV : Monaco risque l'\u00e9cran noir \u00e0 cause de son sponsor - La Diagonale","isPartOf":{"@id":"https:\/\/www.ladiagonale.net\/#website"},"datePublished":"2023-01-26T06:03:00+00:00","dateModified":"2023-01-26T01:04:25+00:00","author":{"@id":"https:\/\/www.ladiagonale.net\/#\/schema\/person\/79ff1e7b0853ed01b2aa26e64ad300bf"},"breadcrumb":{"@id":"https:\/\/www.ladiagonale.net\/index.php\/2023\/01\/26\/diffusion-tv-monaco-risque-lecran-noir-a-cause-de-son-sponsor\/#breadcrumb"},"inLanguage":"fr-FR","potentialAction":[{"@type":"ReadAction","target":["https:\/\/www.ladiagonale.net\/index.php\/2023\/01\/26\/diffusion-tv-monaco-risque-lecran-noir-a-cause-de-son-sponsor\/"]}]},{"@type":"BreadcrumbList","@id":"https:\/\/www.ladiagonale.net\/index.php\/2023\/01\/26\/diffusion-tv-monaco-risque-lecran-noir-a-cause-de-son-sponsor\/#breadcrumb","itemListElement":[{"@type":"ListItem","position":1,"name":"Accueil","item":"https:\/\/www.ladiagonale.net\/"},{"@type":"ListItem","position":2,"name":"Diffusion TV : Monaco risque l&rsquo;\u00e9cran noir \u00e0 cause de son sponsor"}]},{"@type":"WebSite","@id":"https:\/\/www.ladiagonale.net\/#website","url":"https:\/\/www.ladiagonale.net\/","name":"La Diagonale","description":"Le site des supporters de l&#039;AS Monaco FC","potentialAction":[{"@type":"SearchAction","target":{"@type":"EntryPoint","urlTemplate":"https:\/\/www.ladiagonale.net\/?s={search_term_string}"},"query-input":"required name=search_term_string"}],"inLanguage":"fr-FR"},{"@type":"Person","@id":"https:\/\/www.ladiagonale.net\/#\/schema\/person\/79ff1e7b0853ed01b2aa26e64ad300bf","name":"Damien Dellerba","image":{"@type":"ImageObject","inLanguage":"fr-FR","@id":"https:\/\/www.ladiagonale.net\/#\/schema\/person\/image\/","url":"https:\/\/secure.gravatar.com\/avatar\/c7850e06d3ff63cdbaee88b7fc16e2f0?s=96&d=mm&r=g","contentUrl":"https:\/\/secure.gravatar.com\/avatar\/c7850e06d3ff63cdbaee88b7fc16e2f0?s=96&d=mm&r=g","caption":"Damien Dellerba"},"url":"https:\/\/www.ladiagonale.net\/index.php\/author\/damien\/"}]}},"_links":{"self":[{"href":"https:\/\/www.ladiagonale.net\/index.php\/wp-json\/wp\/v2\/posts\/8873"}],"collection":[{"href":"https:\/\/www.ladiagonale.net\/index.php\/wp-json\/wp\/v2\/posts"}],"about":[{"href":"https:\/\/www.ladiagonale.net\/index.php\/wp-json\/wp\/v2\/types\/post"}],"author":[{"embeddable":true,"href":"https:\/\/www.ladiagonale.net\/index.php\/wp-json\/wp\/v2\/users\/2"}],"replies":[{"embeddable":true,"href":"https:\/\/www.ladiagonale.net\/index.php\/wp-json\/wp\/v2\/comments?post=8873"}],"version-history":[{"count":7,"href":"https:\/\/www.ladiagonale.net\/index.php\/wp-json\/wp\/v2\/posts\/8873\/revisions"}],"predecessor-version":[{"id":8884,"href":"https:\/\/www.ladiagonale.net\/index.php\/wp-json\/wp\/v2\/posts\/8873\/revisions\/8884"}],"wp:attachment":[{"href":"https:\/\/www.ladiagonale.net\/index.php\/wp-json\/wp\/v2\/media?parent=8873"}],"wp:term":[{"taxonomy":"category","embeddable":true,"href":"https:\/\/www.ladiagonale.net\/index.php\/wp-json\/wp\/v2\/categories?post=8873"},{"taxonomy":"post_tag","embeddable":true,"href":"https:\/\/www.ladiagonale.net\/index.php\/wp-json\/wp\/v2\/tags?post=8873"}],"curies":[{"name":"wp","href":"https:\/\/api.w.org\/{rel}","templated":true}]}}