{"id":8885,"date":"2023-01-26T12:19:42","date_gmt":"2023-01-26T11:19:42","guid":{"rendered":"https:\/\/www.ladiagonale.net\/?p=8885"},"modified":"2023-01-26T12:19:45","modified_gmt":"2023-01-26T11:19:45","slug":"lecomte-a-passe-sa-visite-medicale-a-montpellier","status":"publish","type":"post","link":"https:\/\/www.ladiagonale.net\/index.php\/2023\/01\/26\/lecomte-a-passe-sa-visite-medicale-a-montpellier\/","title":{"rendered":"Lecomte a pass\u00e9 sa visite m\u00e9dicale \u00e0 Montpellier"},"content":{"rendered":"\n\n\n<p>Benjamin Lecomte ne s&rsquo;est toujours pas engag\u00e9 avec Montpellier mais le dossier semble se d\u00e9canter doucement. Selon le journaliste de <em>France Bleu H\u00e9rault<\/em> Bertrand Queneutte, Benjamin Lecomte a pass\u00e9 sa visite m\u00e9dicale avec le club montpelli\u00e9rain ce jeudi matin. Cela ne signifie pas pour autant qu&rsquo;un accord a \u00e9t\u00e9 trouv\u00e9 avec l&rsquo;Espanyol Barcelone, et aux dires de Bertrand Queneutte, les n\u00e9gociations sont toujours en cours.<\/p>\n\n\n\n<p>Des informations corrobor\u00e9es par celles de Joan Cami, journaliste espagnol de la radio Rac1. Pour l&rsquo;heure, le club catalan a autoris\u00e9 Lecomte \u00e0 se rendre en France afin de \u00ab\u00a0<em>r\u00e9soudre son avenir<\/em>\u00a0\u00bb m\u00eame s&rsquo;il maintient qu&rsquo;il n&rsquo;existe pas encore d&rsquo;accord pour la r\u00e9siliation du pr\u00eat du gardien de 31 ans. <\/p>\n\n\n\n<figure class=\"wp-block-embed is-type-rich is-provider-twitter wp-block-embed-twitter\"><div class=\"wp-block-embed__wrapper\">\n<blockquote class=\"twitter-tweet\" data-width=\"550\" data-dnt=\"true\"><p lang=\"ca\" dir=\"ltr\">\u2708\ufe0f L&#39;Espanyol dona perm\u00eds a Benjamin Lecomte per buscar-se una sortida. El porter franc\u00e8s viatjar\u00e0 aquests dies a Fran\u00e7a per resoldre el seu futur. Encara no hi ha acord per a la rescissi\u00f3 del contracte <a href=\"https:\/\/twitter.com\/EsportsRAC1?ref_src=twsrc%5Etfw\">@EsportsRAC1<\/a> <a href=\"https:\/\/twitter.com\/hashtag\/RCDE?src=hash&amp;ref_src=twsrc%5Etfw\">#RCDE<\/a><\/p>&mdash; Joan Cam\u00ed (@JoanCami) <a href=\"https:\/\/twitter.com\/JoanCami\/status\/1618298706276806656?ref_src=twsrc%5Etfw\">January 25, 2023<\/a><\/blockquote><script async src=\"https:\/\/platform.twitter.com\/widgets.js\" charset=\"utf-8\"><\/script>\n<\/div><\/figure>\n","protected":false},"excerpt":{"rendered":"<p>Benjamin Lecomte ne s&rsquo;est toujours pas engag\u00e9 avec Montpellier mais le dossier semble se d\u00e9canter doucement. Selon le journaliste de France Bleu H\u00e9rault Bertrand Queneutte, Benjamin Lecomte a pass\u00e9 sa visite m\u00e9dicale avec le club montpelli\u00e9rain ce jeudi matin. Cela ne signifie pas pour autant qu&rsquo;un accord a \u00e9t\u00e9 trouv\u00e9 avec l&rsquo;Espanyol Barcelone, et aux [&#8230;]\n","protected":false},"author":2,"featured_media":0,"comment_status":"open","ping_status":"open","sticky":false,"template":"","format":"standard","meta":[],"categories":[6],"tags":[86,371,111,110],"yoast_head":"<!-- This site is optimized with the Yoast SEO plugin v19.8 - https:\/\/yoast.com\/wordpress\/plugins\/seo\/ -->\n<title>Lecomte a pass\u00e9 sa visite m\u00e9dicale \u00e0 Montpellier - La Diagonale<\/title>\n<meta name=\"robots\" content=\"index, follow, max-snippet:-1, max-image-preview:large, max-video-preview:-1\" \/>\n<link rel=\"canonical\" href=\"https:\/\/www.ladiagonale.net\/index.php\/2023\/01\/26\/lecomte-a-passe-sa-visite-medicale-a-montpellier\/\" \/>\n<meta property=\"og:locale\" content=\"fr_FR\" \/>\n<meta property=\"og:type\" content=\"article\" \/>\n<meta property=\"og:title\" content=\"Lecomte a pass\u00e9 sa visite m\u00e9dicale \u00e0 Montpellier - La Diagonale\" \/>\n<meta property=\"og:description\" content=\"Benjamin Lecomte ne s&rsquo;est toujours pas engag\u00e9 avec Montpellier mais le dossier semble se d\u00e9canter doucement. Selon le journaliste de France Bleu H\u00e9rault Bertrand Queneutte, Benjamin Lecomte a pass\u00e9 sa visite m\u00e9dicale avec le club montpelli\u00e9rain ce jeudi matin. Cela ne signifie pas pour autant qu&rsquo;un accord a \u00e9t\u00e9 trouv\u00e9 avec l&rsquo;Espanyol Barcelone, et aux [...]\" \/>\n<meta property=\"og:url\" content=\"https:\/\/www.ladiagonale.net\/index.php\/2023\/01\/26\/lecomte-a-passe-sa-visite-medicale-a-montpellier\/\" \/>\n<meta property=\"og:site_name\" content=\"La Diagonale\" \/>\n<meta property=\"article:published_time\" content=\"2023-01-26T11:19:42+00:00\" \/>\n<meta property=\"article:modified_time\" content=\"2023-01-26T11:19:45+00:00\" \/>\n<meta property=\"og:image\" content=\"https:\/\/www.ladiagonale.net\/wp-content\/uploads\/2022\/11\/lecomte.png\" \/>\n\t<meta property=\"og:image:width\" content=\"1160\" \/>\n\t<meta property=\"og:image:height\" content=\"650\" \/>\n\t<meta property=\"og:image:type\" content=\"image\/png\" \/>\n<meta name=\"author\" content=\"Damien Dellerba\" \/>\n<meta name=\"twitter:card\" content=\"summary_large_image\" \/>\n<meta name=\"twitter:image\" content=\"https:\/\/www.ladiagonale.net\/wp-content\/uploads\/2022\/11\/lecomte.png\" \/>\n<meta name=\"twitter:label1\" content=\"\u00c9crit par\" \/>\n\t<meta name=\"twitter:data1\" content=\"Damien Dellerba\" \/>\n\t<meta name=\"twitter:label2\" content=\"Dur\u00e9e de lecture estim\u00e9e\" \/>\n\t<meta name=\"twitter:data2\" content=\"1 minute\" \/>\n<script type=\"application\/ld+json\" class=\"yoast-schema-graph\">{\"@context\":\"https:\/\/schema.org\",\"@graph\":[{\"@type\":\"WebPage\",\"@id\":\"https:\/\/www.ladiagonale.net\/index.php\/2023\/01\/26\/lecomte-a-passe-sa-visite-medicale-a-montpellier\/\",\"url\":\"https:\/\/www.ladiagonale.net\/index.php\/2023\/01\/26\/lecomte-a-passe-sa-visite-medicale-a-montpellier\/\",\"name\":\"Lecomte a pass\u00e9 sa visite m\u00e9dicale \u00e0 Montpellier - La Diagonale\",\"isPartOf\":{\"@id\":\"https:\/\/www.ladiagonale.net\/#website\"},\"datePublished\":\"2023-01-26T11:19:42+00:00\",\"dateModified\":\"2023-01-26T11:19:45+00:00\",\"author\":{\"@id\":\"https:\/\/www.ladiagonale.net\/#\/schema\/person\/79ff1e7b0853ed01b2aa26e64ad300bf\"},\"breadcrumb\":{\"@id\":\"https:\/\/www.ladiagonale.net\/index.php\/2023\/01\/26\/lecomte-a-passe-sa-visite-medicale-a-montpellier\/#breadcrumb\"},\"inLanguage\":\"fr-FR\",\"potentialAction\":[{\"@type\":\"ReadAction\",\"target\":[\"https:\/\/www.ladiagonale.net\/index.php\/2023\/01\/26\/lecomte-a-passe-sa-visite-medicale-a-montpellier\/\"]}]},{\"@type\":\"BreadcrumbList\",\"@id\":\"https:\/\/www.ladiagonale.net\/index.php\/2023\/01\/26\/lecomte-a-passe-sa-visite-medicale-a-montpellier\/#breadcrumb\",\"itemListElement\":[{\"@type\":\"ListItem\",\"position\":1,\"name\":\"Accueil\",\"item\":\"https:\/\/www.ladiagonale.net\/\"},{\"@type\":\"ListItem\",\"position\":2,\"name\":\"Lecomte a pass\u00e9 sa visite m\u00e9dicale \u00e0 Montpellier\"}]},{\"@type\":\"WebSite\",\"@id\":\"https:\/\/www.ladiagonale.net\/#website\",\"url\":\"https:\/\/www.ladiagonale.net\/\",\"name\":\"La Diagonale\",\"description\":\"Le site des supporters de l&#039;AS Monaco FC\",\"potentialAction\":[{\"@type\":\"SearchAction\",\"target\":{\"@type\":\"EntryPoint\",\"urlTemplate\":\"https:\/\/www.ladiagonale.net\/?s={search_term_string}\"},\"query-input\":\"required name=search_term_string\"}],\"inLanguage\":\"fr-FR\"},{\"@type\":\"Person\",\"@id\":\"https:\/\/www.ladiagonale.net\/#\/schema\/person\/79ff1e7b0853ed01b2aa26e64ad300bf\",\"name\":\"Damien Dellerba\",\"image\":{\"@type\":\"ImageObject\",\"inLanguage\":\"fr-FR\",\"@id\":\"https:\/\/www.ladiagonale.net\/#\/schema\/person\/image\/\",\"url\":\"https:\/\/secure.gravatar.com\/avatar\/c7850e06d3ff63cdbaee88b7fc16e2f0?s=96&d=mm&r=g\",\"contentUrl\":\"https:\/\/secure.gravatar.com\/avatar\/c7850e06d3ff63cdbaee88b7fc16e2f0?s=96&d=mm&r=g\",\"caption\":\"Damien Dellerba\"},\"url\":\"https:\/\/www.ladiagonale.net\/index.php\/author\/damien\/\"}]}<\/script>\n<!-- \/ Yoast SEO plugin. -->","yoast_head_json":{"title":"Lecomte a pass\u00e9 sa visite m\u00e9dicale \u00e0 Montpellier - La Diagonale","robots":{"index":"index","follow":"follow","max-snippet":"max-snippet:-1","max-image-preview":"max-image-preview:large","max-video-preview":"max-video-preview:-1"},"canonical":"https:\/\/www.ladiagonale.net\/index.php\/2023\/01\/26\/lecomte-a-passe-sa-visite-medicale-a-montpellier\/","og_locale":"fr_FR","og_type":"article","og_title":"Lecomte a pass\u00e9 sa visite m\u00e9dicale \u00e0 Montpellier - La Diagonale","og_description":"Benjamin Lecomte ne s&rsquo;est toujours pas engag\u00e9 avec Montpellier mais le dossier semble se d\u00e9canter doucement. Selon le journaliste de France Bleu H\u00e9rault Bertrand Queneutte, Benjamin Lecomte a pass\u00e9 sa visite m\u00e9dicale avec le club montpelli\u00e9rain ce jeudi matin. Cela ne signifie pas pour autant qu&rsquo;un accord a \u00e9t\u00e9 trouv\u00e9 avec l&rsquo;Espanyol Barcelone, et aux [...]","og_url":"https:\/\/www.ladiagonale.net\/index.php\/2023\/01\/26\/lecomte-a-passe-sa-visite-medicale-a-montpellier\/","og_site_name":"La Diagonale","article_published_time":"2023-01-26T11:19:42+00:00","article_modified_time":"2023-01-26T11:19:45+00:00","og_image":[{"width":1160,"height":650,"url":"https:\/\/www.ladiagonale.net\/wp-content\/uploads\/2022\/11\/lecomte.png","type":"image\/png"}],"author":"Damien Dellerba","twitter_card":"summary_large_image","twitter_image":"https:\/\/www.ladiagonale.net\/wp-content\/uploads\/2022\/11\/lecomte.png","twitter_misc":{"\u00c9crit par":"Damien Dellerba","Dur\u00e9e de lecture estim\u00e9e":"1 minute"},"schema":{"@context":"https:\/\/schema.org","@graph":[{"@type":"WebPage","@id":"https:\/\/www.ladiagonale.net\/index.php\/2023\/01\/26\/lecomte-a-passe-sa-visite-medicale-a-montpellier\/","url":"https:\/\/www.ladiagonale.net\/index.php\/2023\/01\/26\/lecomte-a-passe-sa-visite-medicale-a-montpellier\/","name":"Lecomte a pass\u00e9 sa visite m\u00e9dicale \u00e0 Montpellier - La Diagonale","isPartOf":{"@id":"https:\/\/www.ladiagonale.net\/#website"},"datePublished":"2023-01-26T11:19:42+00:00","dateModified":"2023-01-26T11:19:45+00:00","author":{"@id":"https:\/\/www.ladiagonale.net\/#\/schema\/person\/79ff1e7b0853ed01b2aa26e64ad300bf"},"breadcrumb":{"@id":"https:\/\/www.ladiagonale.net\/index.php\/2023\/01\/26\/lecomte-a-passe-sa-visite-medicale-a-montpellier\/#breadcrumb"},"inLanguage":"fr-FR","potentialAction":[{"@type":"ReadAction","target":["https:\/\/www.ladiagonale.net\/index.php\/2023\/01\/26\/lecomte-a-passe-sa-visite-medicale-a-montpellier\/"]}]},{"@type":"BreadcrumbList","@id":"https:\/\/www.ladiagonale.net\/index.php\/2023\/01\/26\/lecomte-a-passe-sa-visite-medicale-a-montpellier\/#breadcrumb","itemListElement":[{"@type":"ListItem","position":1,"name":"Accueil","item":"https:\/\/www.ladiagonale.net\/"},{"@type":"ListItem","position":2,"name":"Lecomte a pass\u00e9 sa visite m\u00e9dicale \u00e0 Montpellier"}]},{"@type":"WebSite","@id":"https:\/\/www.ladiagonale.net\/#website","url":"https:\/\/www.ladiagonale.net\/","name":"La Diagonale","description":"Le site des supporters de l&#039;AS Monaco FC","potentialAction":[{"@type":"SearchAction","target":{"@type":"EntryPoint","urlTemplate":"https:\/\/www.ladiagonale.net\/?s={search_term_string}"},"query-input":"required name=search_term_string"}],"inLanguage":"fr-FR"},{"@type":"Person","@id":"https:\/\/www.ladiagonale.net\/#\/schema\/person\/79ff1e7b0853ed01b2aa26e64ad300bf","name":"Damien Dellerba","image":{"@type":"ImageObject","inLanguage":"fr-FR","@id":"https:\/\/www.ladiagonale.net\/#\/schema\/person\/image\/","url":"https:\/\/secure.gravatar.com\/avatar\/c7850e06d3ff63cdbaee88b7fc16e2f0?s=96&d=mm&r=g","contentUrl":"https:\/\/secure.gravatar.com\/avatar\/c7850e06d3ff63cdbaee88b7fc16e2f0?s=96&d=mm&r=g","caption":"Damien Dellerba"},"url":"https:\/\/www.ladiagonale.net\/index.php\/author\/damien\/"}]}},"_links":{"self":[{"href":"https:\/\/www.ladiagonale.net\/index.php\/wp-json\/wp\/v2\/posts\/8885"}],"collection":[{"href":"https:\/\/www.ladiagonale.net\/index.php\/wp-json\/wp\/v2\/posts"}],"about":[{"href":"https:\/\/www.ladiagonale.net\/index.php\/wp-json\/wp\/v2\/types\/post"}],"author":[{"embeddable":true,"href":"https:\/\/www.ladiagonale.net\/index.php\/wp-json\/wp\/v2\/users\/2"}],"replies":[{"embeddable":true,"href":"https:\/\/www.ladiagonale.net\/index.php\/wp-json\/wp\/v2\/comments?post=8885"}],"version-history":[{"count":1,"href":"https:\/\/www.ladiagonale.net\/index.php\/wp-json\/wp\/v2\/posts\/8885\/revisions"}],"predecessor-version":[{"id":8886,"href":"https:\/\/www.ladiagonale.net\/index.php\/wp-json\/wp\/v2\/posts\/8885\/revisions\/8886"}],"wp:attachment":[{"href":"https:\/\/www.ladiagonale.net\/index.php\/wp-json\/wp\/v2\/media?parent=8885"}],"wp:term":[{"taxonomy":"category","embeddable":true,"href":"https:\/\/www.ladiagonale.net\/index.php\/wp-json\/wp\/v2\/categories?post=8885"},{"taxonomy":"post_tag","embeddable":true,"href":"https:\/\/www.ladiagonale.net\/index.php\/wp-json\/wp\/v2\/tags?post=8885"}],"curies":[{"name":"wp","href":"https:\/\/api.w.org\/{rel}","templated":true}]}}