{"id":8910,"date":"2023-01-26T22:09:34","date_gmt":"2023-01-26T21:09:34","guid":{"rendered":"https:\/\/www.ladiagonale.net\/?p=8910"},"modified":"2023-01-26T22:09:37","modified_gmt":"2023-01-26T21:09:37","slug":"officiel-benjamin-lecomte-signe-a-montpellier","status":"publish","type":"post","link":"https:\/\/www.ladiagonale.net\/index.php\/2023\/01\/26\/officiel-benjamin-lecomte-signe-a-montpellier\/","title":{"rendered":"Officiel : Benjamin Lecomte signe \u00e0 Montpellier"},"content":{"rendered":"\n<p>Benjamin Lecomte n\u2019est plus un joueur de l\u2019AS Monaco. Le gardien de 31 ans s\u2019est officiellement engag\u00e9 avec Montpellier ce jeudi. Le montant du transfert serait inf\u00e9rieur \u00e0 trois millions d\u2019euros et comporterait des bonus, selon les informations de <em>Foot Mercato<\/em>. Pour le portier fran\u00e7ais, il s&rsquo;agit donc d&rsquo;un retour puisqu&rsquo;il venait d\u00e9j\u00e0 de Montpellier lorsqu&rsquo;il a pos\u00e9 ses valises sur le Rocher \u00e0 l&rsquo;\u00e9t\u00e9 2019.<\/p>\n\n\n\n<p>Arriv\u00e9 contre 13,5 millions d\u2019euros, Lecomte a disput\u00e9 deux saisons et 60 rencontres dans la peau d\u2019un gardien titulaire \u00e0 l\u2019AS Monaco sans jamais pleinement convaincre. La saison pass\u00e9e, il \u00e9tait rempla\u00e7ant \u00e0 l\u2019Atl\u00e9tico de Madrid et n\u2019a pas jou\u00e9 le moindre match. Depuis le d\u00e9but de la saison, il \u00e9tait pr\u00eat\u00e9 \u00e0 l\u2019Espanyol Barcelone mais son exp\u00e9rience ne s\u2019est pas r\u00e9v\u00e9l\u00e9e tr\u00e8s concluante.<\/p>\n\n\n\n<figure class=\"wp-block-embed is-type-rich is-provider-twitter wp-block-embed-twitter\"><div class=\"wp-block-embed__wrapper\">\n<blockquote class=\"twitter-tweet\" data-width=\"550\" data-dnt=\"true\"><p lang=\"fr\" dir=\"ltr\">\ud835\udc70\ud835\udc8d \ud835\udc86\ud835\udc94\ud835\udc95 \ud835\udc85\ud835\udc86 \ud835\udc93\ud835\udc86\ud835\udc95\ud835\udc90\ud835\udc96\ud835\udc93 \ud83e\udde4<br>\u00a0<br>Benjamin Lecomte retrouve le MHSC et son num\u00e9ro 4\u20e30\u20e3<br><br>\u27a1\ufe0f <a href=\"https:\/\/t.co\/PNRYmQnUSh\">https:\/\/t.co\/PNRYmQnUSh<\/a> <a href=\"https:\/\/t.co\/dIEjTh3p2k\">pic.twitter.com\/dIEjTh3p2k<\/a><\/p>&mdash; MHSC (@MontpellierHSC) <a href=\"https:\/\/twitter.com\/MontpellierHSC\/status\/1618715670249897984?ref_src=twsrc%5Etfw\">January 26, 2023<\/a><\/blockquote><script async src=\"https:\/\/platform.twitter.com\/widgets.js\" charset=\"utf-8\"><\/script>\n<\/div><\/figure>\n","protected":false},"excerpt":{"rendered":"<p>Benjamin Lecomte n\u2019est plus un joueur de l\u2019AS Monaco. Le gardien de 31 ans s\u2019est officiellement engag\u00e9 avec Montpellier ce jeudi. Le montant du transfert serait inf\u00e9rieur \u00e0 trois millions d\u2019euros et comporterait des bonus, selon les informations de Foot Mercato. Pour le portier fran\u00e7ais, il s&rsquo;agit donc d&rsquo;un retour puisqu&rsquo;il venait d\u00e9j\u00e0 de Montpellier [&#8230;]\n","protected":false},"author":2,"featured_media":0,"comment_status":"open","ping_status":"open","sticky":false,"template":"","format":"standard","meta":[],"categories":[4,6],"tags":[86,371,111,110],"yoast_head":"<!-- This site is optimized with the Yoast SEO plugin v19.8 - https:\/\/yoast.com\/wordpress\/plugins\/seo\/ -->\n<title>Officiel : Benjamin Lecomte signe \u00e0 Montpellier - La Diagonale<\/title>\n<meta name=\"robots\" content=\"index, follow, max-snippet:-1, max-image-preview:large, max-video-preview:-1\" \/>\n<link rel=\"canonical\" href=\"https:\/\/www.ladiagonale.net\/index.php\/2023\/01\/26\/officiel-benjamin-lecomte-signe-a-montpellier\/\" \/>\n<meta property=\"og:locale\" content=\"fr_FR\" \/>\n<meta property=\"og:type\" content=\"article\" \/>\n<meta property=\"og:title\" content=\"Officiel : Benjamin Lecomte signe \u00e0 Montpellier - La Diagonale\" \/>\n<meta property=\"og:description\" content=\"Benjamin Lecomte n\u2019est plus un joueur de l\u2019AS Monaco. Le gardien de 31 ans s\u2019est officiellement engag\u00e9 avec Montpellier ce jeudi. Le montant du transfert serait inf\u00e9rieur \u00e0 trois millions d\u2019euros et comporterait des bonus, selon les informations de Foot Mercato. Pour le portier fran\u00e7ais, il s&rsquo;agit donc d&rsquo;un retour puisqu&rsquo;il venait d\u00e9j\u00e0 de Montpellier [...]\" \/>\n<meta property=\"og:url\" content=\"https:\/\/www.ladiagonale.net\/index.php\/2023\/01\/26\/officiel-benjamin-lecomte-signe-a-montpellier\/\" \/>\n<meta property=\"og:site_name\" content=\"La Diagonale\" \/>\n<meta property=\"article:published_time\" content=\"2023-01-26T21:09:34+00:00\" \/>\n<meta property=\"article:modified_time\" content=\"2023-01-26T21:09:37+00:00\" \/>\n<meta property=\"og:image\" content=\"https:\/\/www.ladiagonale.net\/wp-content\/uploads\/2023\/01\/lecomte2.png\" \/>\n\t<meta property=\"og:image:width\" content=\"1160\" \/>\n\t<meta property=\"og:image:height\" content=\"650\" \/>\n\t<meta property=\"og:image:type\" content=\"image\/png\" \/>\n<meta name=\"author\" content=\"Damien Dellerba\" \/>\n<meta name=\"twitter:card\" content=\"summary_large_image\" \/>\n<meta name=\"twitter:image\" content=\"https:\/\/www.ladiagonale.net\/wp-content\/uploads\/2023\/01\/lecomte2.png\" \/>\n<meta name=\"twitter:label1\" content=\"\u00c9crit par\" \/>\n\t<meta name=\"twitter:data1\" content=\"Damien Dellerba\" \/>\n\t<meta name=\"twitter:label2\" content=\"Dur\u00e9e de lecture estim\u00e9e\" \/>\n\t<meta name=\"twitter:data2\" content=\"1 minute\" \/>\n<script type=\"application\/ld+json\" class=\"yoast-schema-graph\">{\"@context\":\"https:\/\/schema.org\",\"@graph\":[{\"@type\":\"WebPage\",\"@id\":\"https:\/\/www.ladiagonale.net\/index.php\/2023\/01\/26\/officiel-benjamin-lecomte-signe-a-montpellier\/\",\"url\":\"https:\/\/www.ladiagonale.net\/index.php\/2023\/01\/26\/officiel-benjamin-lecomte-signe-a-montpellier\/\",\"name\":\"Officiel : Benjamin Lecomte signe \u00e0 Montpellier - La Diagonale\",\"isPartOf\":{\"@id\":\"https:\/\/www.ladiagonale.net\/#website\"},\"datePublished\":\"2023-01-26T21:09:34+00:00\",\"dateModified\":\"2023-01-26T21:09:37+00:00\",\"author\":{\"@id\":\"https:\/\/www.ladiagonale.net\/#\/schema\/person\/79ff1e7b0853ed01b2aa26e64ad300bf\"},\"breadcrumb\":{\"@id\":\"https:\/\/www.ladiagonale.net\/index.php\/2023\/01\/26\/officiel-benjamin-lecomte-signe-a-montpellier\/#breadcrumb\"},\"inLanguage\":\"fr-FR\",\"potentialAction\":[{\"@type\":\"ReadAction\",\"target\":[\"https:\/\/www.ladiagonale.net\/index.php\/2023\/01\/26\/officiel-benjamin-lecomte-signe-a-montpellier\/\"]}]},{\"@type\":\"BreadcrumbList\",\"@id\":\"https:\/\/www.ladiagonale.net\/index.php\/2023\/01\/26\/officiel-benjamin-lecomte-signe-a-montpellier\/#breadcrumb\",\"itemListElement\":[{\"@type\":\"ListItem\",\"position\":1,\"name\":\"Accueil\",\"item\":\"https:\/\/www.ladiagonale.net\/\"},{\"@type\":\"ListItem\",\"position\":2,\"name\":\"Officiel : Benjamin Lecomte signe \u00e0 Montpellier\"}]},{\"@type\":\"WebSite\",\"@id\":\"https:\/\/www.ladiagonale.net\/#website\",\"url\":\"https:\/\/www.ladiagonale.net\/\",\"name\":\"La Diagonale\",\"description\":\"Le site des supporters de l&#039;AS Monaco FC\",\"potentialAction\":[{\"@type\":\"SearchAction\",\"target\":{\"@type\":\"EntryPoint\",\"urlTemplate\":\"https:\/\/www.ladiagonale.net\/?s={search_term_string}\"},\"query-input\":\"required name=search_term_string\"}],\"inLanguage\":\"fr-FR\"},{\"@type\":\"Person\",\"@id\":\"https:\/\/www.ladiagonale.net\/#\/schema\/person\/79ff1e7b0853ed01b2aa26e64ad300bf\",\"name\":\"Damien Dellerba\",\"image\":{\"@type\":\"ImageObject\",\"inLanguage\":\"fr-FR\",\"@id\":\"https:\/\/www.ladiagonale.net\/#\/schema\/person\/image\/\",\"url\":\"https:\/\/secure.gravatar.com\/avatar\/c7850e06d3ff63cdbaee88b7fc16e2f0?s=96&d=mm&r=g\",\"contentUrl\":\"https:\/\/secure.gravatar.com\/avatar\/c7850e06d3ff63cdbaee88b7fc16e2f0?s=96&d=mm&r=g\",\"caption\":\"Damien Dellerba\"},\"url\":\"https:\/\/www.ladiagonale.net\/index.php\/author\/damien\/\"}]}<\/script>\n<!-- \/ Yoast SEO plugin. -->","yoast_head_json":{"title":"Officiel : Benjamin Lecomte signe \u00e0 Montpellier - La Diagonale","robots":{"index":"index","follow":"follow","max-snippet":"max-snippet:-1","max-image-preview":"max-image-preview:large","max-video-preview":"max-video-preview:-1"},"canonical":"https:\/\/www.ladiagonale.net\/index.php\/2023\/01\/26\/officiel-benjamin-lecomte-signe-a-montpellier\/","og_locale":"fr_FR","og_type":"article","og_title":"Officiel : Benjamin Lecomte signe \u00e0 Montpellier - La Diagonale","og_description":"Benjamin Lecomte n\u2019est plus un joueur de l\u2019AS Monaco. Le gardien de 31 ans s\u2019est officiellement engag\u00e9 avec Montpellier ce jeudi. Le montant du transfert serait inf\u00e9rieur \u00e0 trois millions d\u2019euros et comporterait des bonus, selon les informations de Foot Mercato. Pour le portier fran\u00e7ais, il s&rsquo;agit donc d&rsquo;un retour puisqu&rsquo;il venait d\u00e9j\u00e0 de Montpellier [...]","og_url":"https:\/\/www.ladiagonale.net\/index.php\/2023\/01\/26\/officiel-benjamin-lecomte-signe-a-montpellier\/","og_site_name":"La Diagonale","article_published_time":"2023-01-26T21:09:34+00:00","article_modified_time":"2023-01-26T21:09:37+00:00","og_image":[{"width":1160,"height":650,"url":"https:\/\/www.ladiagonale.net\/wp-content\/uploads\/2023\/01\/lecomte2.png","type":"image\/png"}],"author":"Damien Dellerba","twitter_card":"summary_large_image","twitter_image":"https:\/\/www.ladiagonale.net\/wp-content\/uploads\/2023\/01\/lecomte2.png","twitter_misc":{"\u00c9crit par":"Damien Dellerba","Dur\u00e9e de lecture estim\u00e9e":"1 minute"},"schema":{"@context":"https:\/\/schema.org","@graph":[{"@type":"WebPage","@id":"https:\/\/www.ladiagonale.net\/index.php\/2023\/01\/26\/officiel-benjamin-lecomte-signe-a-montpellier\/","url":"https:\/\/www.ladiagonale.net\/index.php\/2023\/01\/26\/officiel-benjamin-lecomte-signe-a-montpellier\/","name":"Officiel : Benjamin Lecomte signe \u00e0 Montpellier - La Diagonale","isPartOf":{"@id":"https:\/\/www.ladiagonale.net\/#website"},"datePublished":"2023-01-26T21:09:34+00:00","dateModified":"2023-01-26T21:09:37+00:00","author":{"@id":"https:\/\/www.ladiagonale.net\/#\/schema\/person\/79ff1e7b0853ed01b2aa26e64ad300bf"},"breadcrumb":{"@id":"https:\/\/www.ladiagonale.net\/index.php\/2023\/01\/26\/officiel-benjamin-lecomte-signe-a-montpellier\/#breadcrumb"},"inLanguage":"fr-FR","potentialAction":[{"@type":"ReadAction","target":["https:\/\/www.ladiagonale.net\/index.php\/2023\/01\/26\/officiel-benjamin-lecomte-signe-a-montpellier\/"]}]},{"@type":"BreadcrumbList","@id":"https:\/\/www.ladiagonale.net\/index.php\/2023\/01\/26\/officiel-benjamin-lecomte-signe-a-montpellier\/#breadcrumb","itemListElement":[{"@type":"ListItem","position":1,"name":"Accueil","item":"https:\/\/www.ladiagonale.net\/"},{"@type":"ListItem","position":2,"name":"Officiel : Benjamin Lecomte signe \u00e0 Montpellier"}]},{"@type":"WebSite","@id":"https:\/\/www.ladiagonale.net\/#website","url":"https:\/\/www.ladiagonale.net\/","name":"La Diagonale","description":"Le site des supporters de l&#039;AS Monaco FC","potentialAction":[{"@type":"SearchAction","target":{"@type":"EntryPoint","urlTemplate":"https:\/\/www.ladiagonale.net\/?s={search_term_string}"},"query-input":"required name=search_term_string"}],"inLanguage":"fr-FR"},{"@type":"Person","@id":"https:\/\/www.ladiagonale.net\/#\/schema\/person\/79ff1e7b0853ed01b2aa26e64ad300bf","name":"Damien Dellerba","image":{"@type":"ImageObject","inLanguage":"fr-FR","@id":"https:\/\/www.ladiagonale.net\/#\/schema\/person\/image\/","url":"https:\/\/secure.gravatar.com\/avatar\/c7850e06d3ff63cdbaee88b7fc16e2f0?s=96&d=mm&r=g","contentUrl":"https:\/\/secure.gravatar.com\/avatar\/c7850e06d3ff63cdbaee88b7fc16e2f0?s=96&d=mm&r=g","caption":"Damien Dellerba"},"url":"https:\/\/www.ladiagonale.net\/index.php\/author\/damien\/"}]}},"_links":{"self":[{"href":"https:\/\/www.ladiagonale.net\/index.php\/wp-json\/wp\/v2\/posts\/8910"}],"collection":[{"href":"https:\/\/www.ladiagonale.net\/index.php\/wp-json\/wp\/v2\/posts"}],"about":[{"href":"https:\/\/www.ladiagonale.net\/index.php\/wp-json\/wp\/v2\/types\/post"}],"author":[{"embeddable":true,"href":"https:\/\/www.ladiagonale.net\/index.php\/wp-json\/wp\/v2\/users\/2"}],"replies":[{"embeddable":true,"href":"https:\/\/www.ladiagonale.net\/index.php\/wp-json\/wp\/v2\/comments?post=8910"}],"version-history":[{"count":1,"href":"https:\/\/www.ladiagonale.net\/index.php\/wp-json\/wp\/v2\/posts\/8910\/revisions"}],"predecessor-version":[{"id":8912,"href":"https:\/\/www.ladiagonale.net\/index.php\/wp-json\/wp\/v2\/posts\/8910\/revisions\/8912"}],"wp:attachment":[{"href":"https:\/\/www.ladiagonale.net\/index.php\/wp-json\/wp\/v2\/media?parent=8910"}],"wp:term":[{"taxonomy":"category","embeddable":true,"href":"https:\/\/www.ladiagonale.net\/index.php\/wp-json\/wp\/v2\/categories?post=8910"},{"taxonomy":"post_tag","embeddable":true,"href":"https:\/\/www.ladiagonale.net\/index.php\/wp-json\/wp\/v2\/tags?post=8910"}],"curies":[{"name":"wp","href":"https:\/\/api.w.org\/{rel}","templated":true}]}}